{"id":2288,"date":"2016-05-23T22:00:05","date_gmt":"2016-05-23T22:00:05","guid":{"rendered":"http:\/\/historiografija.hr\/?p=2288"},"modified":"2016-05-23T22:00:05","modified_gmt":"2016-05-23T22:00:05","slug":"the-many-faces-of-late-socialism-the-individual-in-the-eastern-bloc-1953-1988","status":"publish","type":"post","link":"https:\/\/historiografija.hr\/?p=2288","title":{"rendered":"The Many Faces of Late Socialism. The Individual in the \u2018Eastern Bloc\u2019, 1953 \u2013 1988"},"content":{"rendered":"<p align=\"justify\"><font  size=\"3\">  <br \/><\/font><\/p>\n<p align=\"justify\" style=\"margin: 0cm 0cm 10pt;\"><b style=\"mso-bidi-font-weight: normal;\"><font face=\"Calibri\" size=\"3\">K\u00f6ln<\/font><\/b><\/p>\n<p align=\"justify\"><font  size=\"3\">  <br \/><\/font><\/p>\n<p align=\"justify\" style=\"margin: 0cm 0cm 10pt;\"><font face=\"Calibri\" size=\"3\">&nbsp;<\/font><\/p>\n<p align=\"justify\"><font  size=\"3\">  <br \/><\/font><\/p>\n<p align=\"justify\" style=\"margin: 0cm 0cm 10pt;\"><font face=\"Calibri\" size=\"3\">Department for Eastern European History, Aachener Str. 197-199<\/font><\/p>\n<p align=\"justify\"><font  size=\"3\">  <br \/><\/font><\/p>\n<p align=\"justify\" style=\"margin: 0cm 0cm 10pt;\"><font face=\"Calibri\" size=\"3\">&nbsp;<\/font><\/p>\n<p align=\"justify\"><font  size=\"3\">  <br \/><\/font><\/p>\n<p align=\"justify\" style=\"margin: 0cm 0cm 10pt;\"><b style=\"mso-bidi-font-weight: normal;\"><font face=\"Calibri\" size=\"3\">The Many Faces of Late Socialism. The Individual in the &#8216;Eastern Bloc&#8217;; UoC Advanced Postdoc Grant Project <\/font><\/b><\/p>\n<p align=\"justify\"><font  size=\"3\">  <br \/><\/font><\/p>\n<p align=\"justify\" style=\"margin: 0cm 0cm 10pt;\"><font face=\"Calibri\" size=\"3\">&nbsp;<\/font><\/p>\n<p align=\"justify\"><font  size=\"3\">  <br \/><\/font><\/p>\n<p align=\"justify\" style=\"margin: 0cm 0cm 10pt;\"><font face=\"Calibri\" size=\"3\">26.05.2016 &#8211; 28.05.2016 <\/font><\/p>\n<p align=\"justify\"><font  size=\"3\">  <br \/><\/font><\/p>\n<p align=\"justify\" style=\"margin: 0cm 0cm 10pt;\"><font face=\"Calibri\" size=\"3\">&nbsp;<\/font><\/p>\n<p align=\"justify\"><font  size=\"3\">  <br \/><\/font><\/p>\n<p align=\"justify\" style=\"margin: 0cm 0cm 10pt;\"><font face=\"Calibri\" size=\"3\">http:\/\/osteuropa.phil-fak.uni-koeln.de\/1134.html<\/font><\/p>\n<p align=\"justify\"><font  size=\"3\">  <br \/><\/font><\/p>\n<p align=\"justify\" style=\"margin: 0cm 0cm 10pt;\"><font face=\"Calibri\" size=\"3\">&nbsp;<\/font><\/p>\n<p align=\"justify\"><font  size=\"3\">  <br \/><\/font><\/p>\n<p align=\"justify\" style=\"margin: 0cm 0cm 10pt;\"><font face=\"Calibri\" size=\"3\">&nbsp;<\/font><\/p>\n<p align=\"justify\"><font  size=\"3\">  <br \/><\/font><\/p>\n<p align=\"justify\" style=\"margin: 0cm 0cm 10pt;\"><font face=\"Calibri\" size=\"3\">We are pleased to announce the program of this year\u2019s workshop on \u2018The Many Faces of Late Socialism. The Individual in the Eastern Bloc\u2019 to be held at the University of Cologne ffrom May 26th through May 28th, 2016<\/font><\/p>\n<p align=\"justify\"><font  size=\"3\">  <br \/><\/font><\/p>\n<p align=\"justify\" style=\"margin: 0cm 0cm 10pt;\"><font face=\"Calibri\" size=\"3\">&nbsp;<\/font><\/p>\n<p align=\"justify\"><font  size=\"3\">  <br \/><\/font><\/p>\n<p align=\"justify\" style=\"margin: 12pt 0cm 10pt;\"><b style=\"mso-bidi-font-weight: normal;\"><font face=\"Calibri\" size=\"3\">Programm<\/font><\/b><\/p>\n<p align=\"justify\"><font  size=\"3\">  <br \/><\/font><\/p>\n<p align=\"justify\" style=\"margin: 12pt 0cm 10pt;\"><font face=\"Calibri\" size=\"3\">Thursday, May, 26th <\/font><\/p>\n<p align=\"justify\"><font  size=\"3\">  <br \/><\/font><\/p>\n<p align=\"justify\" style=\"margin: 12pt 0cm 10pt;\"><font face=\"Calibri\" size=\"3\">1:00 pm: Registration<\/font><\/p>\n<p align=\"justify\"><font  size=\"3\">  <br \/><\/font><\/p>\n<p align=\"justify\" style=\"margin: 12pt 0cm 10pt;\"><font face=\"Calibri\" size=\"3\">1:30 pm: Welcome &amp; Introduction<\/font><\/p>\n<p align=\"justify\"><font  size=\"3\">  <br \/><\/font><\/p>\n<p align=\"justify\" style=\"margin: 12pt 0cm 10pt;\"><font face=\"Calibri\" size=\"3\">The Many Faces of Late Socialism (Maike Lehmann)<\/font><\/p>\n<p align=\"justify\"><font  size=\"3\">  <br \/><\/font><\/p>\n<p align=\"justify\" style=\"margin: 12pt 0cm 10pt;\"><font face=\"Calibri\" size=\"3\">&nbsp;<\/font><\/p>\n<p align=\"justify\"><font  size=\"3\">  <br \/><\/font><\/p>\n<p align=\"justify\" style=\"margin: 12pt 0cm 10pt;\"><b style=\"mso-bidi-font-weight: normal;\"><font face=\"Calibri\" size=\"3\">Ascriptions &#8211; Conceptualizations \u2013 Negotiations. Defining the Role of the \u2018Individual\u2019 under Late Socialism <\/font><\/b><\/p>\n<p align=\"justify\"><font  size=\"3\">  <br \/><\/font><\/p>\n<p align=\"justify\" style=\"margin: 12pt 0cm 10pt;\"><b style=\"mso-bidi-font-weight: normal;\"><font face=\"Calibri\" size=\"3\">&nbsp;<\/font><\/b><\/p>\n<p align=\"justify\"><font  size=\"3\">  <br \/><\/font><\/p>\n<p align=\"justify\" style=\"margin: 12pt 0cm 10pt;\"><font face=\"Calibri\" size=\"3\">2:00 \u2013 3:10 pm <\/font><\/p>\n<p align=\"justify\"><font  size=\"3\">  <br \/><\/font><\/p>\n<p align=\"justify\" style=\"margin: 12pt 0cm 10pt;\"><font face=\"Calibri\" size=\"3\">Chair: Philine Apenburg (University of Cologne) <\/font><\/p>\n<p align=\"justify\"><font  size=\"3\">  <br \/><\/font><\/p>\n<p align=\"justify\" style=\"margin: 12pt 0cm 10pt;\"><font face=\"Calibri\" size=\"3\">Anatoly Pinksy (European University, St. Petersburg):<\/font><\/p>\n<p align=\"justify\"><font  size=\"3\">  <br \/><\/font><\/p>\n<p align=\"justify\" style=\"margin: 12pt 0cm 10pt;\"><font face=\"Calibri\" size=\"3\">&#8220;The Leader Will Wither Away. Or: The Ideal of Individuality, 1953-1955&#8221;<\/font><\/p>\n<p align=\"justify\"><font  size=\"3\">  <br \/><\/font><\/p>\n<p align=\"justify\" style=\"margin: 12pt 0cm 10pt;\"><font face=\"Calibri\" size=\"3\">Kyrill Kunakhovich (William &amp; Mary):<\/font><\/p>\n<p align=\"justify\"><font  size=\"3\">  <br \/><\/font><\/p>\n<p align=\"justify\" style=\"margin: 12pt 0cm 10pt;\"><font face=\"Calibri\" size=\"3\">&#8220;Socialism\u2019s Cultural Revolution. Art and Public Opinion in the Soviet Bloc&#8221;<\/font><\/p>\n<p align=\"justify\"><font  size=\"3\">  <br \/><\/font><\/p>\n<p align=\"justify\" style=\"margin: 12pt 0cm 10pt;\"><font face=\"Calibri\" size=\"3\">Discussants: Simon Huxtable (Loughborough University) &amp; Jarom\u00edr Mr\u0148ka (Graduate School for East and Southeast European Studies Munich) <\/font><\/p>\n<p align=\"justify\"><font  size=\"3\">  <br \/><\/font><\/p>\n<p align=\"justify\" style=\"margin: 12pt 0cm 10pt;\"><font face=\"Calibri\" size=\"3\">3:40 \u2013 4:50 pm<\/font><\/p>\n<p align=\"justify\"><font  size=\"3\">  <br \/><\/font><\/p>\n<p align=\"justify\" style=\"margin: 12pt 0cm 10pt;\"><font face=\"Calibri\" size=\"3\">Chair: Philine Apenburg (University of Cologne) <\/font><\/p>\n<p align=\"justify\"><font  size=\"3\">  <br \/><\/font><\/p>\n<p align=\"justify\" style=\"margin: 12pt 0cm 10pt;\"><font face=\"Calibri\" size=\"3\">Alexander Bikbov (Lomonossov Moscow State University):<\/font><\/p>\n<p align=\"justify\"><font  size=\"3\">  <br \/><\/font><\/p>\n<p align=\"justify\" style=\"margin: 12pt 0cm 10pt;\"><font face=\"Calibri\" size=\"3\">&#8220;Origins of the Late Socialist Personhood: an (Un)controlled Result of Governmental Reforms&#8221;<\/font><\/p>\n<p align=\"justify\"><font  size=\"3\">  <br \/><\/font><\/p>\n<p align=\"justify\" style=\"margin: 12pt 0cm 10pt;\"><font face=\"Calibri\" size=\"3\">Esther Wahlen (European University Institute, Florence):<\/font><\/p>\n<p align=\"justify\"><font  size=\"3\">  <br \/><\/font><\/p>\n<p align=\"justify\" style=\"margin: 12pt 0cm 10pt;\"><font face=\"Calibri\" size=\"3\">\u201c&#8217;Self-control&#8217; and &#8216;Self-knowledge&#8217;: Fashioning Consumer Subjectivities in Late Socialist Romania<\/font><\/p>\n<p align=\"justify\"><font  size=\"3\">  <br \/><\/font><\/p>\n<p align=\"justify\" style=\"margin: 12pt 0cm 10pt;\"><font face=\"Calibri\" size=\"3\">Discussants: Juliane F\u00fcrst (University of Bristol) &amp; Jarom\u00edr Mr\u0148ka (Graduate School for East and Southeast European Studies Munich)<\/font><\/p>\n<p align=\"justify\"><font  size=\"3\">  <br \/><\/font><\/p>\n<p align=\"justify\" style=\"margin: 12pt 0cm 10pt;\"><font face=\"Calibri\" size=\"3\">&nbsp;<\/font><\/p>\n<p align=\"justify\"><font  size=\"3\">  <br \/><\/font><\/p>\n<p align=\"justify\" style=\"margin: 12pt 0cm 10pt;\"><b style=\"mso-bidi-font-weight: normal;\"><font face=\"Calibri\" size=\"3\">Mediating the \u2018Individual\u2019 and the Collective<\/font><\/b><\/p>\n<p align=\"justify\"><font  size=\"3\">  <br \/><\/font><\/p>\n<p align=\"justify\" style=\"margin: 12pt 0cm 10pt;\"><b style=\"mso-bidi-font-weight: normal;\"><font face=\"Calibri\" size=\"3\">&nbsp;<\/font><\/b><\/p>\n<p align=\"justify\"><font  size=\"3\">  <br \/><\/font><\/p>\n<p align=\"justify\" style=\"margin: 12pt 0cm 10pt;\"><font face=\"Calibri\" size=\"3\">5:20 \u2013 6:40 pm <\/font><\/p>\n<p align=\"justify\"><font  size=\"3\">  <br \/><\/font><\/p>\n<p align=\"justify\" style=\"margin: 12pt 0cm 10pt;\"><font face=\"Calibri\" size=\"3\">Chair: Volker Benkert (Arizona State University)<\/font><\/p>\n<p align=\"justify\"><font  size=\"3\">  <br \/><\/font><\/p>\n<p align=\"justify\" style=\"margin: 12pt 0cm 10pt;\"><font face=\"Calibri\" size=\"3\">Polly Jones (University College, Oxford):<\/font><\/p>\n<p align=\"justify\"><font  size=\"3\">  <br \/><\/font><\/p>\n<p align=\"justify\" style=\"margin: 12pt 0cm 10pt;\"><font face=\"Calibri\" size=\"3\">&#8220;The Problem of lichnost\u2019 in Late Soviet Biography&#8221;<\/font><\/p>\n<p align=\"justify\"><font  size=\"3\">  <br \/><\/font><\/p>\n<p align=\"justify\" style=\"margin: 12pt 0cm 10pt;\"><font face=\"Calibri\" size=\"3\">Adela H\u00eencu (CEU, Budapest):<\/font><\/p>\n<p align=\"justify\"><font  size=\"3\">  <br \/><\/font><\/p>\n<p align=\"justify\" style=\"margin: 12pt 0cm 10pt;\"><font face=\"Calibri\" size=\"3\">&#8220;Narrowing Down on the Individual in Late-Socialist Romania: Transnational Analytical Concerns in the Sociological Sciences&#8221;<\/font><\/p>\n<p align=\"justify\"><font  size=\"3\">  <br \/><\/font><\/p>\n<p align=\"justify\" style=\"margin: 12pt 0cm 10pt;\"><font face=\"Calibri\" size=\"3\">Moritz Florin (University Erlangen-N\u00fcrnberg):<\/font><\/p>\n<p align=\"justify\"><font  size=\"3\">  <br \/><\/font><\/p>\n<p align=\"justify\" style=\"margin: 12pt 0cm 10pt;\"><font face=\"Calibri\" size=\"3\">&#8220;Traitors, turncoats, prostitutes. Chyngyz Aitmatov and the Scandal of Individuality in Soviet Central Asian Literature&#8221;<\/font><\/p>\n<p align=\"justify\"><font  size=\"3\">  <br \/><\/font><\/p>\n<p align=\"justify\" style=\"margin: 12pt 0cm 10pt;\"><font face=\"Calibri\" size=\"3\">Discussants: Maike Lehmann (University of Cologne) &amp; Uku Lember (New Europe College, Bukarest\/Upsala University)<\/font><\/p>\n<p align=\"justify\"><font  size=\"3\">  <br \/><\/font><\/p>\n<p align=\"justify\" style=\"margin: 12pt 0cm 10pt;\"><font face=\"Calibri\" size=\"3\">&nbsp;<\/font><\/p>\n<p align=\"justify\"><font  size=\"3\">  <br \/><\/font><\/p>\n<p align=\"justify\" style=\"margin: 12pt 0cm 10pt;\"><font face=\"Calibri\" size=\"3\">Friday, May 27th <\/font><\/p>\n<p align=\"justify\"><font  size=\"3\">  <br \/><\/font><\/p>\n<p align=\"justify\" style=\"margin: 12pt 0cm 10pt;\"><font face=\"Calibri\" size=\"3\">&nbsp;<\/font><\/p>\n<p align=\"justify\"><font  size=\"3\">  <br \/><\/font><\/p>\n<p align=\"justify\" style=\"margin: 12pt 0cm 10pt;\"><b style=\"mso-bidi-font-weight: normal;\"><font face=\"Calibri\" size=\"3\">Late Socialist Milieus \u2013 Community, Cohesion and Pluralism<\/font><\/b><\/p>\n<p align=\"justify\"><font  size=\"3\">  <br \/><\/font><\/p>\n<p align=\"justify\" style=\"margin: 12pt 0cm 10pt;\"><b style=\"mso-bidi-font-weight: normal;\"><font face=\"Calibri\" size=\"3\">&nbsp;<\/font><\/b><\/p>\n<p align=\"justify\"><font  size=\"3\">  <br \/><\/font><\/p>\n<p align=\"justify\" style=\"margin: 12pt 0cm 10pt;\"><font face=\"Calibri\" size=\"3\">09:00 \u2013 10:10 am<\/font><\/p>\n<p align=\"justify\"><font  size=\"3\">  <br \/><\/font><\/p>\n<p align=\"justify\" style=\"margin: 12pt 0cm 10pt;\"><font face=\"Calibri\" size=\"3\">Chair: Sebastian Lambertz (University of Cologne)<\/font><\/p>\n<p align=\"justify\"><font  size=\"3\">  <br \/><\/font><\/p>\n<p align=\"justify\" style=\"margin: 12pt 0cm 10pt;\"><font face=\"Calibri\" size=\"3\">Alfrid Bustanov (European University, St.Petersburg):<\/font><\/p>\n<p align=\"justify\"><font  size=\"3\">  <br \/><\/font><\/p>\n<p align=\"justify\" style=\"margin: 12pt 0cm 10pt;\"><font face=\"Calibri\" size=\"3\">&#8220;Bridging Socialism and Shari\u2018a. The Languages of Textual and Visual Self-Representation&#8221;<\/font><\/p>\n<p align=\"justify\"><font  size=\"3\">  <br \/><\/font><\/p>\n<p align=\"justify\" style=\"margin: 12pt 0cm 10pt;\"><font face=\"Calibri\" size=\"3\">L\u00e1szl\u00f3 K\u00fcrti (University of Miskolc):<\/font><\/p>\n<p align=\"justify\"><font  size=\"3\">  <br \/><\/font><\/p>\n<p align=\"justify\" style=\"margin: 12pt 0cm 10pt;\"><font face=\"Calibri\" size=\"3\">&#8220;Citizens and Party Secretaries: Trust and the Workings of Grievance Committees in Hungary in the 1970s&#8221;<\/font><\/p>\n<p align=\"justify\"><font  size=\"3\">  <br \/><\/font><\/p>\n<p align=\"justify\" style=\"margin: 12pt 0cm 10pt;\"><font face=\"Calibri\" size=\"3\">Discussants: Gregor Feindt (University of Bremen) &amp; Walter Sperling (LMU Munich)<\/font><\/p>\n<p align=\"justify\"><font  size=\"3\">  <br \/><\/font><\/p>\n<p align=\"justify\" style=\"margin: 12pt 0cm 10pt;\"><font face=\"Calibri\" size=\"3\">10:40-11:50 am<\/font><\/p>\n<p align=\"justify\"><font  size=\"3\">  <br \/><\/font><\/p>\n<p align=\"justify\" style=\"margin: 12pt 0cm 10pt;\"><font face=\"Calibri\" size=\"3\">Chair: Sebastian Lambertz (University of Cologne)<\/font><\/p>\n<p align=\"justify\"><font  size=\"3\">  <br \/><\/font><\/p>\n<p align=\"justify\" style=\"margin: 12pt 0cm 10pt;\"><font face=\"Calibri\" size=\"3\">Thuc Linh Nguyen Vu (European University Institute, Florence):<\/font><\/p>\n<p align=\"justify\"><font  size=\"3\">  <br \/><\/font><\/p>\n<p align=\"justify\" style=\"margin: 12pt 0cm 10pt;\"><font face=\"Calibri\" size=\"3\">&#8220;Affective Community: Jacek Kuro\u0144\u2019s Political Milieu in Late-Socialist Poland&#8221;<\/font><\/p>\n<p align=\"justify\"><font  size=\"3\">  <br \/><\/font><\/p>\n<p align=\"justify\" style=\"margin: 12pt 0cm 10pt;\"><font face=\"Calibri\" size=\"3\">Roman Abramov (Higher School of Economics, Moscow):<\/font><\/p>\n<p align=\"justify\"><font  size=\"3\">  <br \/><\/font><\/p>\n<p align=\"justify\" style=\"margin: 12pt 0cm 10pt;\"><font face=\"Calibri\" size=\"3\">&#8220;The Milieu of the Provincial Soviet Intelligentsia: The Case of Penza\u2019s District \u201cZapadnaya Poliana\u201d, 1960-1980&#8221;<\/font><\/p>\n<p align=\"justify\"><font  size=\"3\">  <br \/><\/font><\/p>\n<p align=\"justify\" style=\"margin: 12pt 0cm 10pt;\"><font face=\"Calibri\" size=\"3\">Discussants: Gregor Feindt (University of Bremen) &amp; Alissa Klots (Rutgers University) <\/font><\/p>\n<p align=\"justify\"><font  size=\"3\">  <br \/><\/font><\/p>\n<p align=\"justify\" style=\"margin: 12pt 0cm 10pt;\"><font face=\"Calibri\" size=\"3\">&nbsp;<\/font><\/p>\n<p align=\"justify\"><font  size=\"3\">  <br \/><\/font><\/p>\n<p align=\"justify\" style=\"margin: 12pt 0cm 10pt;\"><b style=\"mso-bidi-font-weight: normal;\"><font face=\"Calibri\" size=\"3\">Of a Certain Generation \u2013 Individual Perspectives on Age and Ideology <\/font><\/b><\/p>\n<p align=\"justify\"><font  size=\"3\">  <br \/><\/font><\/p>\n<p align=\"justify\" style=\"margin: 12pt 0cm 10pt;\"><b style=\"mso-bidi-font-weight: normal;\"><font face=\"Calibri\" size=\"3\">&nbsp;<\/font><\/b><\/p>\n<p align=\"justify\"><font  size=\"3\">  <br \/><\/font><\/p>\n<p align=\"justify\" style=\"margin: 12pt 0cm 10pt;\"><font face=\"Calibri\" size=\"3\">1:30pm \u2013 2:40 pm<\/font><\/p>\n<p align=\"justify\"><font  size=\"3\">  <br \/><\/font><\/p>\n<p align=\"justify\" style=\"margin: 12pt 0cm 10pt;\"><font face=\"Calibri\" size=\"3\">Chair: Rebecca Gro\u00dfmann (University of Cologne)<\/font><\/p>\n<p align=\"justify\"><font  size=\"3\">  <br \/><\/font><\/p>\n<p align=\"justify\" style=\"margin: 12pt 0cm 10pt;\"><font face=\"Calibri\" size=\"3\">Volker Benkert (Arizona State University):<\/font><\/p>\n<p align=\"justify\"><font  size=\"3\">  <br \/><\/font><\/p>\n<p align=\"justify\" style=\"margin: 12pt 0cm 10pt;\"><font face=\"Calibri\" size=\"3\">&#8220;Negotiated Spaces &#8211; Negotiated Careers \u2013 Negotiated Lives: Young East Germans and Late Socialism&#8221;<\/font><\/p>\n<p align=\"justify\"><font  size=\"3\">  <br \/><\/font><\/p>\n<p align=\"justify\" style=\"margin: 12pt 0cm 10pt;\"><font face=\"Calibri\" size=\"3\">Natasha Wilson (UCL, London):<\/font><\/p>\n<p align=\"justify\"><font  size=\"3\">  <br \/><\/font><\/p>\n<p align=\"justify\" style=\"margin: 12pt 0cm 10pt;\"><font face=\"Calibri\" size=\"3\">&#8220;&#8216;Room 242, Lomonosov Prospekt&#8217;: The Dissident Experience of the Young Socialists within Moscow State University and IMEMO&#8221;<\/font><\/p>\n<p align=\"justify\"><font  size=\"3\">  <br \/><\/font><\/p>\n<p align=\"justify\" style=\"margin: 12pt 0cm 10pt;\"><font face=\"Calibri\" size=\"3\">Discussants: Alexandra Oberl\u00e4nder (Research Center for East European Studies Bremen) &amp; Rory Archer (University of Graz)<\/font><\/p>\n<p align=\"justify\"><font  size=\"3\">  <br \/><\/font><\/p>\n<p align=\"justify\" style=\"margin: 12pt 0cm 10pt;\"><font face=\"Calibri\" size=\"3\">3:10 \u2013 4:30 pm<\/font><\/p>\n<p align=\"justify\"><font  size=\"3\">  <br \/><\/font><\/p>\n<p align=\"justify\" style=\"margin: 12pt 0cm 10pt;\"><font face=\"Calibri\" size=\"3\">Chair: Rebecca Gro\u00dfmann (University of Cologne)<\/font><\/p>\n<p align=\"justify\"><font  size=\"3\">  <br \/><\/font><\/p>\n<p align=\"justify\" style=\"margin: 12pt 0cm 10pt;\"><font face=\"Calibri\" size=\"3\">P\u00e9ter Vukman (University of Szeged):<\/font><\/p>\n<p align=\"justify\"><font  size=\"3\">  <br \/><\/font><\/p>\n<p align=\"justify\" style=\"margin: 12pt 0cm 10pt;\"><font face=\"Calibri\" size=\"3\">&#8220;The Political Views, Strategies and Self-understanding of Obrad Doroslova\u010dki, Yugoslav Political Emigrant in Hungary&#8221;<\/font><\/p>\n<p align=\"justify\"><font  size=\"3\">  <br \/><\/font><\/p>\n<p align=\"justify\" style=\"margin: 12pt 0cm 10pt;\"><font face=\"Calibri\" size=\"3\">Alissa Klots (Rutgers University) &amp; Maria Romashova (Perm University):<\/font><\/p>\n<p align=\"justify\"><font  size=\"3\">  <br \/><\/font><\/p>\n<p align=\"justify\" style=\"margin: 12pt 0cm 10pt;\"><font face=\"Calibri\" size=\"3\">&#8220;Lenin\u2019s Cohort: The First Mass Generation of Soviet Pensioners and Public Activism of the Khrushchev\u2019s Era&#8221;<\/font><\/p>\n<p align=\"justify\"><font  size=\"3\">  <br \/><\/font><\/p>\n<p align=\"justify\" style=\"margin: 12pt 0cm 10pt;\"><font face=\"Calibri\" size=\"3\">Discussants: Galina Goncharova (Sofia University) &amp; Anatoly Pinsky (European University, St. Petersburg)<\/font><\/p>\n<p align=\"justify\"><font  size=\"3\">  <br \/><\/font><\/p>\n<p align=\"justify\" style=\"margin: 12pt 0cm 10pt;\"><font face=\"Calibri\" size=\"3\">&nbsp;<\/font><\/p>\n<p align=\"justify\"><font  size=\"3\">  <br \/><\/font><\/p>\n<p align=\"justify\" style=\"margin: 12pt 0cm 10pt;\"><b style=\"mso-bidi-font-weight: normal;\"><font face=\"Calibri\" size=\"3\">Be\/longing under Late Socialism <\/font><\/b><\/p>\n<p align=\"justify\"><font  size=\"3\">  <br \/><\/font><\/p>\n<p align=\"justify\" style=\"margin: 12pt 0cm 10pt;\"><font face=\"Calibri\" size=\"3\">&nbsp;<\/font><\/p>\n<p align=\"justify\"><font  size=\"3\">  <br \/><\/font><\/p>\n<p align=\"justify\" style=\"margin: 12pt 0cm 10pt;\"><font face=\"Calibri\" size=\"3\">5:00 \u2013 6:10 pm<\/font><\/p>\n<p align=\"justify\"><font  size=\"3\">  <br \/><\/font><\/p>\n<p align=\"justify\" style=\"margin: 12pt 0cm 10pt;\"><font face=\"Calibri\" size=\"3\">Chair: Alfrid Bustanov (European University, St.Petersburg)<\/font><\/p>\n<p align=\"justify\"><font  size=\"3\">  <br \/><\/font><\/p>\n<p align=\"justify\" style=\"margin: 12pt 0cm 10pt;\"><font face=\"Calibri\" size=\"3\">Uku Lember (New Europe College, Bukarest\/Upsala University): <\/font><\/p>\n<p align=\"justify\"><font  size=\"3\">  <br \/><\/font><\/p>\n<p align=\"justify\" style=\"margin: 12pt 0cm 10pt;\"><font face=\"Calibri\" size=\"3\">&#8220;Ethnicity, Ideology and Belonging in Russian-Estonian Mixed Families in Soviet Estonia during Late Socialism&#8221;<\/font><\/p>\n<p align=\"justify\"><font  size=\"3\">  <br \/><\/font><\/p>\n<p align=\"justify\" style=\"margin: 12pt 0cm 10pt;\"><font face=\"Calibri\" size=\"3\">Galina Goncharova (Sofia University):<\/font><\/p>\n<p align=\"justify\"><font  size=\"3\">  <br \/><\/font><\/p>\n<p align=\"justify\" style=\"margin: 12pt 0cm 10pt;\"><font face=\"Calibri\" size=\"3\">&#8220;Love Stories from the Times of the &#8216;Mature Socialism&#8217;: The Case of the Female Admirers of the Bulgarian Young Poet Kalin Yanakiev&#8221;<\/font><\/p>\n<p align=\"justify\"><font  size=\"3\">  <br \/><\/font><\/p>\n<p align=\"justify\" style=\"margin: 12pt 0cm 10pt;\"><font face=\"Calibri\" size=\"3\">Discussants: Kyrill Kunakhovich (William &amp; Mary) &amp; Alexandra Oberl\u00e4nder (Research Center for East European Studies Bremen)<\/font><\/p>\n<p align=\"justify\"><font  size=\"3\">  <br \/><\/font><\/p>\n<p align=\"justify\" style=\"margin: 12pt 0cm 10pt;\"><font face=\"Calibri\" size=\"3\">&nbsp;<\/font><\/p>\n<p align=\"justify\"><font  size=\"3\">  <br \/><\/font><\/p>\n<p align=\"justify\" style=\"margin: 12pt 0cm 10pt;\"><font face=\"Calibri\"><font size=\"3\">Saturday, May 28<\/font><sup><font size=\"2\">th<\/font><\/sup><\/font><\/p>\n<p align=\"justify\"><font  size=\"3\">  <br \/><\/font><\/p>\n<p align=\"justify\" style=\"margin: 12pt 0cm 10pt;\"><font face=\"Calibri\" size=\"3\">&nbsp;<\/font><\/p>\n<p align=\"justify\"><font  size=\"3\">  <br \/><\/font><\/p>\n<p align=\"justify\" style=\"margin: 12pt 0cm 10pt;\"><b style=\"mso-bidi-font-weight: normal;\"><font face=\"Calibri\" size=\"3\">Be\/longing under Late Socialism \u2013 continued<\/font><\/b><\/p>\n<p align=\"justify\"><font  size=\"3\">  <br \/><\/font><\/p>\n<p align=\"justify\" style=\"margin: 12pt 0cm 10pt;\"><font face=\"Calibri\" size=\"3\">&nbsp;<\/font><\/p>\n<p align=\"justify\"><font  size=\"3\">  <br \/><\/font><\/p>\n<p align=\"justify\" style=\"margin: 12pt 0cm 10pt;\"><font face=\"Calibri\" size=\"3\">09:00 \u2013 10:10 am<\/font><\/p>\n<p align=\"justify\"><font  size=\"3\">  <br \/><\/font><\/p>\n<p align=\"justify\" style=\"margin: 12pt 0cm 10pt;\"><font face=\"Calibri\" size=\"3\">Chair: Alfrid Bustanov (European University, St.Petersburg)<\/font><\/p>\n<p align=\"justify\"><font  size=\"3\">  <br \/><\/font><\/p>\n<p align=\"justify\" style=\"margin: 12pt 0cm 10pt;\"><font face=\"Calibri\" size=\"3\">Nadezhda Galabova (Center for Advanced Studies, Sofia):<\/font><\/p>\n<p align=\"justify\"><font  size=\"3\">  <br \/><\/font><\/p>\n<p align=\"justify\" style=\"margin: 12pt 0cm 10pt;\"><font face=\"Calibri\" size=\"3\">&#8220;A Married Couple In A Boat (To Say Nothing Of The Socialist Ideology): The Maritime Stories Of\/ About Doncho and Julia Papazovs&#8221;<\/font><\/p>\n<p align=\"justify\"><font  size=\"3\">  <br \/><\/font><\/p>\n<p align=\"justify\" style=\"margin: 12pt 0cm 10pt;\"><font face=\"Calibri\" size=\"3\">Galina Zelenina (RGGU, Moscow):<\/font><\/p>\n<p align=\"justify\"><font  size=\"3\">  <br \/><\/font><\/p>\n<p align=\"justify\" style=\"margin: 12pt 0cm 10pt;\"><font face=\"Calibri\" size=\"3\">&#8220;&#8216;We had nothing to do with melukha&#8217; vs &#8216;we knew how to live&#8217;: Late-Soviet Jews and the System: between defiance and collaboration&#8221;<\/font><\/p>\n<p align=\"justify\"><font  size=\"3\">  <br \/><\/font><\/p>\n<p align=\"justify\" style=\"margin: 12pt 0cm 10pt;\"><font face=\"Calibri\" size=\"3\">Discussants: Juliane F\u00fcrst (University of Bristol) &amp; Sebastian Lambertz (University of Cologne)<\/font><\/p>\n<p align=\"justify\"><font  size=\"3\">  <br \/><\/font><\/p>\n<p align=\"justify\" style=\"margin: 12pt 0cm 10pt;\"><font face=\"Calibri\" size=\"3\">&nbsp;<\/font><\/p>\n<p align=\"justify\"><font  size=\"3\">  <br \/><\/font><\/p>\n<p align=\"justify\" style=\"margin: 12pt 0cm 10pt;\"><b style=\"mso-bidi-font-weight: normal;\"><font face=\"Calibri\" size=\"3\">Institutionalized Practices and Individuals\u2019 Understandings of Late Socialism<\/font><\/b><\/p>\n<p align=\"justify\"><font  size=\"3\">  <br \/><\/font><\/p>\n<p align=\"justify\" style=\"margin: 12pt 0cm 10pt;\"><font face=\"Calibri\" size=\"3\">&nbsp;<\/font><\/p>\n<p align=\"justify\"><font  size=\"3\">  <br \/><\/font><\/p>\n<p align=\"justify\" style=\"margin: 12pt 0cm 10pt;\"><font face=\"Calibri\" size=\"3\">10.40 \u2013 12:00 pm<\/font><\/p>\n<p align=\"justify\"><font  size=\"3\">  <br \/><\/font><\/p>\n<p align=\"justify\" style=\"margin: 12pt 0cm 10pt;\"><font face=\"Calibri\" size=\"3\">Chair: Natasha Wilson (University College London)<\/font><\/p>\n<p align=\"justify\"><font  size=\"3\">  <br \/><\/font><\/p>\n<p align=\"justify\" style=\"margin: 12pt 0cm 10pt;\"><font face=\"Calibri\" size=\"3\">Rory Archer (University of Graz): <\/font><\/p>\n<p align=\"justify\"><font  size=\"3\">  <br \/><\/font><\/p>\n<p align=\"justify\" style=\"margin: 12pt 0cm 10pt;\"><font face=\"Calibri\" size=\"3\">&#8220;Workers\u2019 Understandings of Self-managing Institutions and Hierarchies in the Yugoslav Late Socialist Workplace&#8221;<\/font><\/p>\n<p align=\"justify\"><font  size=\"3\">  <br \/><\/font><\/p>\n<p align=\"justify\" style=\"margin: 12pt 0cm 10pt;\"><font face=\"Calibri\" size=\"3\">Miwako Okabe-Suzuki (Helsinki University):<\/font><\/p>\n<p align=\"justify\"><font  size=\"3\">  <br \/><\/font><\/p>\n<p align=\"justify\" style=\"margin: 12pt 0cm 10pt;\"><font face=\"Calibri\" size=\"3\">&#8220;Envisioning Socialism in Late Socialism: Student Cabaret Group &#8216;Rat der Sp\u00f6tter&#8217; and the SED\/FDJ in Leipzig, 1958-1962&#8221;<\/font><\/p>\n<p align=\"justify\"><font  size=\"3\">  <br \/><\/font><\/p>\n<p align=\"justify\" style=\"margin: 12pt 0cm 10pt;\"><font face=\"Calibri\" size=\"3\">Courtney Doucette (Rutgers University):<\/font><\/p>\n<p align=\"justify\"><font  size=\"3\">  <br \/><\/font><\/p>\n<p align=\"justify\" style=\"margin: 12pt 0cm 10pt;\"><font face=\"Calibri\" size=\"3\">&#8220;Glasnost and the Individual during Perestroika, 1985-1988&#8221;<\/font><\/p>\n<p align=\"justify\"><font  size=\"3\">  <br \/><\/font><\/p>\n<p align=\"justify\" style=\"margin: 12pt 0cm 10pt;\"><font face=\"Calibri\" size=\"3\">Discussants: Simon Huxtable (Loughborough University) &amp; Volker Benkert (Arizona State University) <\/font><\/p>\n<p align=\"justify\"><font  size=\"3\">  <br \/><\/font><\/p>\n<p align=\"justify\" style=\"margin: 12pt 0cm 10pt;\"><font face=\"Calibri\" size=\"3\">12:00 pm Lunch &amp; concluding remarks<\/font><\/p>\n<p align=\"justify\"><font  size=\"3\">  <br \/><\/font><\/p>\n<p align=\"justify\" style=\"margin: 12pt 0cm 10pt;\"><font face=\"Calibri\" size=\"3\">&nbsp;<\/font><\/p>\n<p align=\"justify\"><font  size=\"3\">  <br \/><\/font><\/p>\n<p align=\"justify\" style=\"margin: 0cm 0cm 10pt;\"><font face=\"Calibri\" size=\"3\">http:\/\/www.hsozkult.de\/<\/font><\/p>\n<p align=\"justify\"><font  size=\"3\">  <br \/><\/font><\/p>\n<p align=\"justify\" style=\"margin: 0cm 0cm 10pt;\"><font face=\"Calibri\" size=\"3\">&nbsp;<\/font><\/p>\n<p align=\"justify\"><font  size=\"3\">  <br \/><\/font><\/p>\n","protected":false},"excerpt":{"rendered":"","protected":false},"author":1,"featured_media":0,"comment_status":"open","ping_status":"open","sticky":false,"template":"","format":"standard","meta":{"_acf_changed":false,"jetpack_post_was_ever_published":false,"_jetpack_newsletter_access":"","_jetpack_dont_email_post_to_subs":false,"_jetpack_newsletter_tier_id":0,"_jetpack_memberships_contains_paywalled_content":false,"_jetpack_memberships_contains_paid_content":false,"footnotes":"","jetpack_publicize_message":"","jetpack_publicize_feature_enabled":true,"jetpack_social_post_already_shared":false,"jetpack_social_options":{"image_generator_settings":{"template":"highway","default_image_id":0,"font":"","enabled":false},"version":2}},"categories":[3],"tags":[],"class_list":["post-2288","post","type-post","status-publish","format-standard","hentry","category-novosti"],"acf":{"facebook_opis":""},"jetpack_publicize_connections":[],"jetpack_featured_media_url":"","jetpack_sharing_enabled":true,"jetpack-related-posts":[{"id":52516,"url":"https:\/\/historiografija.hr\/?p=52516","url_meta":{"origin":2288,"position":0},"title":"Marko Grde\u0161i\u0107, Mislav \u017ditko, \u201eSocialist Economics in Yugoslavia: A Critical History\u201c","author":"Branimir Jankovi\u0107","date":"17. travnja 2026.","format":false,"excerpt":"This book presents a critical history of Yugoslav socialist economics, from its inception in the late 1940s to its dissolution in the late 1980s. After the dramatic break with the Soviet Union in 1948, Yugoslavia found itself in urgent need of a third way: A socialist trajectory which would not\u2026","rel":"","context":"U &quot;Knjige&quot;","block_context":{"text":"Knjige","link":"https:\/\/historiografija.hr\/?cat=8"},"img":{"alt_text":"","src":"https:\/\/i0.wp.com\/historiografija.hr\/wp-content\/uploads\/2026\/04\/Zitko_Grdesic.jpg?fit=350%2C535&ssl=1&resize=350%2C200","width":350,"height":200},"classes":[]},{"id":52643,"url":"https:\/\/historiografija.hr\/?p=52643","url_meta":{"origin":2288,"position":1},"title":"BRACEWELL TRAVELLING SCHOLARSHIP\u202fFOR PHD STUDENTS (DEADLINE: 30TH APRIL 2026)","author":"Branimir Jankovi\u0107","date":"24. travnja 2026.","format":false,"excerpt":"The Bracewell Travelling Scholarship\u202fis funded by a gift from SSEES Emeritus Professor of History Wendy Bracewell, whose research examines South Slav history, and travel writing in eastern Europe. The Scholarship honours the long tradition of mutual curiosity between the UK and eastern, central and southeastern Europe by supporting PhD students\u2026","rel":"","context":"U &quot;Novosti&quot;","block_context":{"text":"Novosti","link":"https:\/\/historiografija.hr\/?cat=3"},"img":{"alt_text":"","src":"https:\/\/i0.wp.com\/historiografija.hr\/wp-content\/uploads\/2026\/04\/Bracewell-Travelling-Scholarship-.webp?fit=980%2C700&ssl=1&resize=350%2C200","width":350,"height":200,"srcset":"https:\/\/i0.wp.com\/historiografija.hr\/wp-content\/uploads\/2026\/04\/Bracewell-Travelling-Scholarship-.webp?fit=980%2C700&ssl=1&resize=350%2C200 1x, https:\/\/i0.wp.com\/historiografija.hr\/wp-content\/uploads\/2026\/04\/Bracewell-Travelling-Scholarship-.webp?fit=980%2C700&ssl=1&resize=525%2C300 1.5x, https:\/\/i0.wp.com\/historiografija.hr\/wp-content\/uploads\/2026\/04\/Bracewell-Travelling-Scholarship-.webp?fit=980%2C700&ssl=1&resize=700%2C400 2x"},"classes":[]},{"id":52679,"url":"https:\/\/historiografija.hr\/?p=52679","url_meta":{"origin":2288,"position":2},"title":"CfP: CHOSEN NATION(S): HISTORICAL AND CULTURAL INTERPRETATIONS OF EXCEPTIONALISM, BUDAPEST, 10TH\u201311TH JUNE 2026 (DEADLINE: 1ST MAY 2026)","author":"Branimir Jankovi\u0107","date":"27. travnja 2026.","format":false,"excerpt":"The Ludovika University of Public Service (NKE) and the Jewish Theological Seminary \u2013 University of Jewish Studies (OR-ZSE) are pleased to announce a joint academic conference on \u201cChosen Nation(s): Historical and Cultural Interpretations of Exceptionalism\u201d, to be held in Budapest, Hungary. Chosen Nation(s): Historical and Cultural Interpretations of Exceptionalism Keynote\u2026","rel":"","context":"U &quot;Novosti&quot;","block_context":{"text":"Novosti","link":"https:\/\/historiografija.hr\/?cat=3"},"img":{"alt_text":"","src":"https:\/\/i0.wp.com\/historiografija.hr\/wp-content\/uploads\/2017\/10\/hsozkult.png?fit=1006%2C241&ssl=1&resize=350%2C200","width":350,"height":200,"srcset":"https:\/\/i0.wp.com\/historiografija.hr\/wp-content\/uploads\/2017\/10\/hsozkult.png?fit=1006%2C241&ssl=1&resize=350%2C200 1x, https:\/\/i0.wp.com\/historiografija.hr\/wp-content\/uploads\/2017\/10\/hsozkult.png?fit=1006%2C241&ssl=1&resize=525%2C300 1.5x, https:\/\/i0.wp.com\/historiografija.hr\/wp-content\/uploads\/2017\/10\/hsozkult.png?fit=1006%2C241&ssl=1&resize=700%2C400 2x"},"classes":[]},{"id":52586,"url":"https:\/\/historiografija.hr\/?p=52586","url_meta":{"origin":2288,"position":3},"title":"Aur\u00e9lie Daher, \u201eHezbollah: Mobilisation and Power\u201c","author":"Branimir Jankovi\u0107","date":"22. travnja 2026.","format":false,"excerpt":"Morning Star \u2018Book of the Year\u2019 Social movement, liberation party or terrorist group? With Hezbollah\u2019s growing involvement in the war in Syria, this study of its impact on Lebanon, drawing heavily on first-hand interviews, could not be more timely. Description Almost forty years after its foundation, Hezbollah remains an enigma.\u2026","rel":"","context":"U &quot;Knjige&quot;","block_context":{"text":"Knjige","link":"https:\/\/historiografija.hr\/?cat=8"},"img":{"alt_text":"","src":"https:\/\/i0.wp.com\/historiografija.hr\/wp-content\/uploads\/2026\/04\/Daher-Hezbollah.jpg?fit=600%2C931&ssl=1&resize=350%2C200","width":350,"height":200,"srcset":"https:\/\/i0.wp.com\/historiografija.hr\/wp-content\/uploads\/2026\/04\/Daher-Hezbollah.jpg?fit=600%2C931&ssl=1&resize=350%2C200 1x, https:\/\/i0.wp.com\/historiografija.hr\/wp-content\/uploads\/2026\/04\/Daher-Hezbollah.jpg?fit=600%2C931&ssl=1&resize=525%2C300 1.5x"},"classes":[]},{"id":52688,"url":"https:\/\/historiografija.hr\/?p=52688","url_meta":{"origin":2288,"position":4},"title":"Eleonora Naxidou and Yura Konstantinova \u201eBalkan Perspectives of Europe: Between East and West\u201c","author":"Filip \u0160imunjak","date":"28. travnja 2026.","format":false,"excerpt":"Through the lens of the Balkan nations, this volume makes a valuable and significant contribution to the fields of European and Southeast European studies by reconsidering the East\/West dichotomy \u2013 both in terms of the Orient\u2013Occident divide and the Eastern\u2013Western Europe binary. Balkan Perspectives of Europe focuses on concepts of\u2026","rel":"","context":"U &quot;Knjige&quot;","block_context":{"text":"Knjige","link":"https:\/\/historiografija.hr\/?cat=8"},"img":{"alt_text":"","src":"https:\/\/i0.wp.com\/historiografija.hr\/wp-content\/uploads\/2026\/04\/Balkan-Perspectives-of-Europe-Between-East-and-West.jpg?fit=350%2C525&ssl=1&resize=350%2C200","width":350,"height":200},"classes":[]},{"id":52625,"url":"https:\/\/historiografija.hr\/?p=52625","url_meta":{"origin":2288,"position":5},"title":"Omer Bartov, \u201eIsrael: What Went Wrong?\u201c","author":"Branimir Jankovi\u0107","date":"23. travnja 2026.","format":false,"excerpt":"Professor Omer Bartov was born on a kibbutz, grew up in Tel Aviv and served in the Israel Defence Forces during the Yom Kippur War. He went on to become an expert on the German army and the Holocaust, before turning his attention to his native country.In Israel: What Went\u2026","rel":"","context":"U &quot;Knjige&quot;","block_context":{"text":"Knjige","link":"https:\/\/historiografija.hr\/?cat=8"},"img":{"alt_text":"","src":"https:\/\/i0.wp.com\/historiografija.hr\/wp-content\/uploads\/2026\/04\/Bartov.jpeg?fit=320%2C500&ssl=1&resize=350%2C200","width":350,"height":200},"classes":[]}],"_links":{"self":[{"href":"https:\/\/historiografija.hr\/index.php?rest_route=\/wp\/v2\/posts\/2288","targetHints":{"allow":["GET"]}}],"collection":[{"href":"https:\/\/historiografija.hr\/index.php?rest_route=\/wp\/v2\/posts"}],"about":[{"href":"https:\/\/historiografija.hr\/index.php?rest_route=\/wp\/v2\/types\/post"}],"author":[{"embeddable":true,"href":"https:\/\/historiografija.hr\/index.php?rest_route=\/wp\/v2\/users\/1"}],"replies":[{"embeddable":true,"href":"https:\/\/historiografija.hr\/index.php?rest_route=%2Fwp%2Fv2%2Fcomments&post=2288"}],"version-history":[{"count":0,"href":"https:\/\/historiografija.hr\/index.php?rest_route=\/wp\/v2\/posts\/2288\/revisions"}],"wp:attachment":[{"href":"https:\/\/historiografija.hr\/index.php?rest_route=%2Fwp%2Fv2%2Fmedia&parent=2288"}],"wp:term":[{"taxonomy":"category","embeddable":true,"href":"https:\/\/historiografija.hr\/index.php?rest_route=%2Fwp%2Fv2%2Fcategories&post=2288"},{"taxonomy":"post_tag","embeddable":true,"href":"https:\/\/historiografija.hr\/index.php?rest_route=%2Fwp%2Fv2%2Ftags&post=2288"}],"curies":[{"name":"wp","href":"https:\/\/api.w.org\/{rel}","templated":true}]}}