{"id":22803,"date":"2020-09-25T17:19:49","date_gmt":"2020-09-25T17:19:49","guid":{"rendered":"http:\/\/historiografija.hr\/?p=22803"},"modified":"2020-09-25T17:21:03","modified_gmt":"2020-09-25T17:21:03","slug":"strip-serijal-jugurta","status":"publish","type":"post","link":"https:\/\/historiografija.hr\/?p=22803","title":{"rendered":"Strip serijal \u201cJugurta\u201d"},"content":{"rendered":"\n<p>Nakladnik Frontispis zapo\u010deo je 2020. objavljivanje hrvatskog izdanja strip serijala &#8220;Jugurta&#8221; koji je po\u010deo izlaziti u belgijskom \u010dasopisu Tintin 1968. godine. Inspiriran je djelom &#8220;Ratovi protiv Jugurte&#8221; rimskog povjesni\u010dara Gaja Salustija Krispa i usmenim legendama o pobuni numidskog kralja protiv najmo\u0107nijeg carstva antike.<\/p>\n\n\n\n<p>&#8212;<\/p>\n\n\n\n<p><strong>JUGURTA (1. KNJIGA)<\/strong><\/p>\n\n\n\n<p>Inspiriran povijesnim djelom Gaja Salustija Krispa i usmenim legendama o pobuni numidskog kralja protiv najmo\u0107nijeg carstva antike, ovaj serijal scenarista Jean-Luca Vernala (1944. \u2013 2017.) specifi\u010dan je po tome \u0161to su ga crtala dva ponajbolja Tintinova crta\u010da, Hermann Huppen (r. 1938.) i Franz Drappier (1948. \u2013 2003.).<\/p>\n\n\n\n<p>Ova knjiga sadr\u017ei tri nastavka:<\/p>\n\n\n\n<p><strong>Pustinjski lavi\u0107<\/strong><\/p>\n\n\n\n<p>Jugurta, ne\u0107ak kralja Micipse, vladara Numidije, satelitske dr\u017eave Rimske Republike, svojim vrlinama izaziva ljubomoru prijestolonasljednika Hijempsala i Adherbala, koji ga spletkama \u0161alju u pogibeljnu misiju. Ovjen\u010dan slavom svojih ratni\u010dkih podviga, Jugurtine ambicije rastu i \u017eeli vladati sam. Nakon Hijempsalove vi\u0161e-manje slu\u010dajne smrti, Rimljani dijele Numidiju popola.<\/p>\n\n\n\n<p><strong>Keltiberska kaciga<\/strong><\/p>\n\n\n\n<p>Mir izme\u0111u dvaju prin\u010deva ne traje dugo. Adherbalovo masovno trovanje stanovni\u0161tva izaziva Jugurtinu odmazdu i opsadu Cirte, grada pod rimskom za\u0161titom. Republika jo\u0161 pamti karta\u0161kog neprijatelja i ne mo\u017ee tolerirati takvog despota na svojim granicama, te \u0161alje svoje legije na afri\u010dke obale. Gerilski rat i mito put su do novog mira, no Rim sumnja u Jugurtinu iskrenost.<\/p>\n\n\n\n<p><strong>No\u0107 \u0161korpiona<\/strong><\/p>\n\n\n\n<p>Pro\u0161le su godine&#8230; Jugurtu nalazimo u zatvoru Tulijanumu, gdje je dospio nakon izdaje najbli\u017eeg saveznika. Rimskim du\u017enosnicima je i pora\u017eeni neprijatelj opasnost, pa ga se odlu\u010duju rije\u0161iti isceniranim ubojstvom. Na scenu stupa pas bez gospodara, Habrija, koji \u0107e u\u010diniti sve da skrati muke svom nekada\u0161njem neprijatelju&#8230;<\/p>\n\n\n\n<p>&#8212;<\/p>\n\n\n\n<p><strong>JUGURTA 2. KNJIGA<\/strong><\/p>\n\n\n\n<p>Nakon uspje\u0161nog obnavljanja serijala, scenarist Jean-Luc Vernal i Franz Drappier stvaraju nove nastavke ritmom od jednog ili dva godi\u0161nje. Isprva svaki od njih tvori zasebnu pri\u010du, no, kad se glavnom junaku pridru\u017ei Vanija,radnja po\u010dinje te\u0107i kontinuirano.<\/p>\n\n\n\n<p>Ova knjiga sadr\u017ei tri nastavka:<\/p>\n\n\n\n<h5 class=\"wp-block-heading\">OTOK USKRSNU\u0106A<\/h5>\n\n\n\n<p>Pobjegav\u0161i iz rimskog ropstva, Jugurta okuplja numidske izbjeglice i bretonske Gale u potrazi zanovom domovinom. Iskrcav\u0161i se na pusti otok, stvaraju utopijsko dru\u0161tvo koje brzo dosadi Habriji. Prilikom jednog izleta u udaljeniji kraj, on otkriva davno napu\u0161teni grad. Idilu \u0107e naru\u0161iti invazija do\u0161ljaka sa sjevera koji sa sobom nose tajnu iz pro\u0161losti otoka\u2026<\/p>\n\n\n\n<h5 class=\"wp-block-heading\">RAT SEDAM BRE\u017dULJAKA<\/h5>\n\n\n\n<p>Galijom haraju rimske legije i odvode stanovni\u0161tvo u ropstvo. Impulzivni poglavica Amnorikspokre\u0107e pohod kojem je cilj kona\u010dno uni\u0161tenje Vje\u010dnoga grada. Jugurta se udru\u017euje s Amnoriksovim protivnicima, Brentom i Luernom, i okuplja drugu galsku vojsku, oja\u010danu vojnicima iz Utopije.U ru\u0161evinama spaljene Placencije, Jugurta spa\u0161ava djevojku s darom vidovitosti, Vaniju\u2026<\/p>\n\n\n\n<h5 class=\"wp-block-heading\">STEPSKI VUKOVI<\/h5>\n\n\n\n<p>Jugurta i Vanija padaju u zarobljeni\u0161tvo kretskih pirata i bivaju odvedeni na Crno more, u Pontsko kraljevstvo, kojim vlada beskrupulozni vladar \u017eeljan mo\u0107i, Mitridat VI. Vanija slijedi svoju sudbinui odlazi prema izlaze\u0107em suncu, a Jugurta svladava mnoge prepreke kako bi joj se pridru\u017eio. Putuju\u0107i sibirskom stepom sti\u017eu na drugi kraj svijeta \u2013 pred veliki zid.<\/p>\n\n\n\n<p>Izvor i dodatne informacije:<\/p>\n\n\n\n<figure class=\"wp-block-embed-wordpress wp-block-embed is-type-wp-embed is-provider-frontispis\"><div class=\"wp-block-embed__wrapper\">\n<blockquote class=\"wp-embedded-content\" data-secret=\"xSTRLZKwFw\"><a href=\"https:\/\/frontispis.com\/strip\/strip-jugurta-1\/\">Jugurta 1<\/a><\/blockquote><iframe loading=\"lazy\" class=\"wp-embedded-content\" sandbox=\"allow-scripts\" security=\"restricted\" style=\"position: absolute; clip: rect(1px, 1px, 1px, 1px);\" title=\"&#8220;Jugurta 1&#8221; &#8212; Frontispis\" src=\"https:\/\/frontispis.com\/strip\/strip-jugurta-1\/embed\/#?secret=xSTRLZKwFw\" data-secret=\"xSTRLZKwFw\" width=\"600\" height=\"338\" frameborder=\"0\" marginwidth=\"0\" marginheight=\"0\" scrolling=\"no\"><\/iframe>\n<\/div><\/figure>\n\n\n\n<figure class=\"wp-block-embed-wordpress wp-block-embed is-type-wp-embed is-provider-frontispis\"><div class=\"wp-block-embed__wrapper\">\n<blockquote class=\"wp-embedded-content\" data-secret=\"D9WjcjyG52\"><a href=\"https:\/\/frontispis.com\/strip\/jugurta-2\/\">Jugurta 2<\/a><\/blockquote><iframe loading=\"lazy\" class=\"wp-embedded-content\" sandbox=\"allow-scripts\" security=\"restricted\" style=\"position: absolute; clip: rect(1px, 1px, 1px, 1px);\" title=\"&#8220;Jugurta 2&#8221; &#8212; Frontispis\" src=\"https:\/\/frontispis.com\/strip\/jugurta-2\/embed\/#?secret=D9WjcjyG52\" data-secret=\"D9WjcjyG52\" width=\"600\" height=\"338\" frameborder=\"0\" marginwidth=\"0\" marginheight=\"0\" scrolling=\"no\"><\/iframe>\n<\/div><\/figure>\n\n\n\n<p><a href=\"https:\/\/www.culturenet.hr\/default.aspx?id=99932\">https:\/\/www.culturenet.hr\/default.aspx?id=99932<\/a><\/p>\n\n\n\n<hr class=\"wp-block-separator\"\/>\n","protected":false},"excerpt":{"rendered":"","protected":false},"author":2,"featured_media":22804,"comment_status":"open","ping_status":"open","sticky":false,"template":"","format":"standard","meta":{"_acf_changed":false,"jetpack_post_was_ever_published":false,"_jetpack_newsletter_access":"","_jetpack_dont_email_post_to_subs":false,"_jetpack_newsletter_tier_id":0,"_jetpack_memberships_contains_paywalled_content":false,"_jetpack_memberships_contains_paid_content":false,"footnotes":"","jetpack_publicize_message":"","jetpack_publicize_feature_enabled":true,"jetpack_social_post_already_shared":true,"jetpack_social_options":{"image_generator_settings":{"template":"highway","default_image_id":0,"font":"","enabled":false},"version":2}},"categories":[3,12],"tags":[],"class_list":["post-22803","post","type-post","status-publish","format-standard","has-post-thumbnail","hentry","category-novosti","category-knjizevnost"],"acf":{"facebook_opis":""},"jetpack_publicize_connections":[],"jetpack_featured_media_url":"https:\/\/i0.wp.com\/historiografija.hr\/wp-content\/uploads\/2020\/09\/JUGURTA-01.jpg?fit=884%2C1230&ssl=1","jetpack_sharing_enabled":true,"jetpack-related-posts":[{"id":52589,"url":"https:\/\/historiografija.hr\/?p=52589","url_meta":{"origin":22803,"position":0},"title":"Predstavljena knjiga Miomira \u017du\u017eula &#8220;Dayton: Diplomacija &#8211; druga strana rata&#8221;","author":"Branimir Jankovi\u0107","date":"22. travnja 2026.","format":false,"excerpt":"Knjiga Miomira \u017du\u017eula \u201eDayton: Diplomacija \u2013 druga strana rata\u201d predstavljena je u srijedu, 22. travnja 2026. godine u foajeu Hrvatskoga narodnog kazali\u0161ta u Zagrebu. Op\u0161irnije: https:\/\/vijesti.hrt.hr\/hrvatska\/predstavljena-knjiga-miomira-zuzula-dayton-diplomacija-druga-strana-rata-12683259 https:\/\/www.vecernji.ba\/amp\/vijesti\/zuzulova-knjiga-o-daytonu-predstavljena-u-zagrebu-diplomacija-kao-druga-strana-rata-1953700 https:\/\/www.tportal.hr\/vijesti\/clanak\/bivsi-sanaderov-ministar-odrzao-promociju-evo-tko-je-sve-dosao-na-predstavljanje-knjige-miomira-zuzula-foto-20260422 https:\/\/direktno.hr\/zivot\/kultura\/zuzul-otkrio-sve-o-drugoj-strani-rata-za-hrvatsku-se-nije-libio-povuci-nekoga-i-za-kosu-395042 https:\/\/www.24sata.hr\/news\/miomir-zuzul-predstavio-je-knjigu-o-daytonu-diplomacija-je-bila-druga-strana-rata-1123152 https:\/\/www.vecernji.hr\/kultura\/kolinda-grabar-kitarovic-otvoreno-miomir-zuzul-nije-vukao-samo-za-rukav-nego-i-za-kosu-1953722 https:\/\/www.vecernji.hr\/kultura\/i-papa-lav-xiv-eksplicitno-je-daytonski-sporazum-istaknuo-kao-primjer-uspjesna-rjesavanja-sukoba-1952215","rel":"","context":"U &quot;Novosti&quot;","block_context":{"text":"Novosti","link":"https:\/\/historiografija.hr\/?cat=3"},"img":{"alt_text":"","src":"https:\/\/i0.wp.com\/historiografija.hr\/wp-content\/uploads\/2026\/04\/Dayton.jpg?fit=1024%2C683&ssl=1&resize=350%2C200","width":350,"height":200,"srcset":"https:\/\/i0.wp.com\/historiografija.hr\/wp-content\/uploads\/2026\/04\/Dayton.jpg?fit=1024%2C683&ssl=1&resize=350%2C200 1x, https:\/\/i0.wp.com\/historiografija.hr\/wp-content\/uploads\/2026\/04\/Dayton.jpg?fit=1024%2C683&ssl=1&resize=525%2C300 1.5x, https:\/\/i0.wp.com\/historiografija.hr\/wp-content\/uploads\/2026\/04\/Dayton.jpg?fit=1024%2C683&ssl=1&resize=700%2C400 2x"},"classes":[]},{"id":52666,"url":"https:\/\/historiografija.hr\/?p=52666","url_meta":{"origin":22803,"position":1},"title":"Najava programa Festivala povijesti Kliofest (5-8. V. 2026)","author":"Branimir Jankovi\u0107","date":"24. travnja 2026.","format":false,"excerpt":"Po trinaesti put odr\u017eava se Festival povijesti Kliofest! Do petka \u0107emo odr\u017eati osam okruglih stolova i dva kolokvija te niz predstavljanja knjiga i projekata razli\u010dite tematike, od antike do suvremenosti. Bit \u0107e predstavljeno i nekoliko izlo\u017ebi te odr\u017ean jedan povijesni kviz. Prikazat \u0107emo i jedan film \u2013 o generalu Boroevi\u0107u.\u2026","rel":"","context":"U &quot;Novosti&quot;","block_context":{"text":"Novosti","link":"https:\/\/historiografija.hr\/?cat=3"},"img":{"alt_text":"","src":"https:\/\/i0.wp.com\/historiografija.hr\/wp-content\/uploads\/2026\/04\/Kliofest-2026.jpg?fit=526%2C526&ssl=1&resize=350%2C200","width":350,"height":200,"srcset":"https:\/\/i0.wp.com\/historiografija.hr\/wp-content\/uploads\/2026\/04\/Kliofest-2026.jpg?fit=526%2C526&ssl=1&resize=350%2C200 1x, https:\/\/i0.wp.com\/historiografija.hr\/wp-content\/uploads\/2026\/04\/Kliofest-2026.jpg?fit=526%2C526&ssl=1&resize=525%2C300 1.5x"},"classes":[]},{"id":52733,"url":"https:\/\/historiografija.hr\/?p=52733","url_meta":{"origin":22803,"position":2},"title":"Vlado Raji\u0107 \u201eGranica na kraju stolje\u0107a\u201c","author":"Filip \u0160imunjak","date":"29. travnja 2026.","format":false,"excerpt":"U suizdanju Durieuxa i Beletre objavljena je 2025. godine knjiga Granica na kraju stolje\u0107a autora Vlade Raji\u0107a.\u00a0 O knjizi\u00a0 Romansirana biografija Vladimira Iblera mnogo je vi\u0161e od zanimljive pri\u010de o privatnom \u017eivotu i impresivnoj profesionalnoj karijeri istaknutog stru\u010dnjaka za me\u0111unarodno pravo i dugo\u00adgodi\u0161njeg profesora na zagreba\u010dkom Pravnom fakultetu, akademika, koji\u2026","rel":"","context":"U &quot;Knjige&quot;","block_context":{"text":"Knjige","link":"https:\/\/historiografija.hr\/?cat=8"},"img":{"alt_text":"","src":"https:\/\/i0.wp.com\/historiografija.hr\/wp-content\/uploads\/2026\/04\/VLADO-RAJIC-GRANICA-NA-KRAJU-STOLJECA.jpg?fit=450%2C650&ssl=1&resize=350%2C200","width":350,"height":200},"classes":[]},{"id":52528,"url":"https:\/\/historiografija.hr\/?p=52528","url_meta":{"origin":22803,"position":3},"title":"[Promocija knjige] Banja Luka u ratu: Etnopolitika i svakodnevica (1990\u20131995) (ActiveLab, YugoLab)","author":"Branimir Jankovi\u0107","date":"17. travnja 2026.","format":false,"excerpt":"Institut za filozofiju i dru\u0161tvenu teoriju i O\u0161tra Nula organizuju promociju knjige Banja Luka u ratu: Etnopolitika i svakodnevica (1990\u20131995) autorke Armine Galija\u0161, koja \u0107e se odr\u017eati 20. aprila 2026. u 12.00 sati u prostorijama Instituta (Kraljice Natalije 45, Beograd). Re\u010d je o prvom nau\u010dno utemeljenom i sistematskom radu koji\u2026","rel":"","context":"U &quot;Novosti&quot;","block_context":{"text":"Novosti","link":"https:\/\/historiografija.hr\/?cat=3"},"img":{"alt_text":"","src":"https:\/\/i0.wp.com\/historiografija.hr\/wp-content\/uploads\/2026\/04\/20-april-RS.jpg?fit=1200%2C675&ssl=1&resize=350%2C200","width":350,"height":200,"srcset":"https:\/\/i0.wp.com\/historiografija.hr\/wp-content\/uploads\/2026\/04\/20-april-RS.jpg?fit=1200%2C675&ssl=1&resize=350%2C200 1x, https:\/\/i0.wp.com\/historiografija.hr\/wp-content\/uploads\/2026\/04\/20-april-RS.jpg?fit=1200%2C675&ssl=1&resize=525%2C300 1.5x, https:\/\/i0.wp.com\/historiografija.hr\/wp-content\/uploads\/2026\/04\/20-april-RS.jpg?fit=1200%2C675&ssl=1&resize=700%2C400 2x, https:\/\/i0.wp.com\/historiografija.hr\/wp-content\/uploads\/2026\/04\/20-april-RS.jpg?fit=1200%2C675&ssl=1&resize=1050%2C600 3x"},"classes":[]},{"id":52539,"url":"https:\/\/historiografija.hr\/?p=52539","url_meta":{"origin":22803,"position":4},"title":"Drugi po redu studentski simpozij &#8220;In fonte veritas&#8221;","author":"Branimir Jankovi\u0107","date":"20. travnja 2026.","format":false,"excerpt":"U srijedu, 22. travnja 2026. godine, u dvorani C 0.4 na Hrvatskom katoli\u010dkom sveu\u010dili\u0161tu odr\u017eat \u0107e se drugi studentski simpozij \u201eIn fonte veritas\". Ovogodi\u0161nja sredi\u0161nja tema simpozija je Papinstvo. Kroz istra\u017eiva\u010dko suo\u010davanje s povijesnim izvorima deset \u0107e studenata predstaviti rezultate svojih istra\u017eivanja o instituciji koja je stolje\u0107ima oblikovala europsku i\u2026","rel":"","context":"U &quot;Novosti&quot;","block_context":{"text":"Novosti","link":"https:\/\/historiografija.hr\/?cat=3"},"img":{"alt_text":"","src":"https:\/\/i0.wp.com\/historiografija.hr\/wp-content\/uploads\/2026\/04\/Papinstvo.png?fit=1024%2C500&ssl=1&resize=350%2C200","width":350,"height":200,"srcset":"https:\/\/i0.wp.com\/historiografija.hr\/wp-content\/uploads\/2026\/04\/Papinstvo.png?fit=1024%2C500&ssl=1&resize=350%2C200 1x, https:\/\/i0.wp.com\/historiografija.hr\/wp-content\/uploads\/2026\/04\/Papinstvo.png?fit=1024%2C500&ssl=1&resize=525%2C300 1.5x, https:\/\/i0.wp.com\/historiografija.hr\/wp-content\/uploads\/2026\/04\/Papinstvo.png?fit=1024%2C500&ssl=1&resize=700%2C400 2x"},"classes":[]},{"id":52536,"url":"https:\/\/historiografija.hr\/?p=52536","url_meta":{"origin":22803,"position":5},"title":"Kader Abdolah, \u201ePrije nego \u0161to bude kasno\u201c","author":"Branimir Jankovi\u0107","date":"20. travnja 2026.","format":false,"excerpt":"Kader Abdolah \u017eeli se vratiti ku\u0107i. Ali povratak je nemogu\u0107: u Iranu bi bio uhap\u0161en. Pod la\u017enim imenom i s krivotvorenim paso\u0161em ipak uspijeva u\u0107i u domovinu i sti\u017ee do roditeljske ku\u0107e, visoko u planinama. Majka ga ne prepoznaje, otac je mrtav, a sve \u0161to je tra\u017eio izmi\u010de mu pred\u2026","rel":"","context":"U &quot;Novosti&quot;","block_context":{"text":"Novosti","link":"https:\/\/historiografija.hr\/?cat=3"},"img":{"alt_text":"","src":"https:\/\/i0.wp.com\/historiografija.hr\/wp-content\/uploads\/2026\/04\/Prije-nego-sto-bude-kasno.webp?fit=566%2C872&ssl=1&resize=350%2C200","width":350,"height":200,"srcset":"https:\/\/i0.wp.com\/historiografija.hr\/wp-content\/uploads\/2026\/04\/Prije-nego-sto-bude-kasno.webp?fit=566%2C872&ssl=1&resize=350%2C200 1x, https:\/\/i0.wp.com\/historiografija.hr\/wp-content\/uploads\/2026\/04\/Prije-nego-sto-bude-kasno.webp?fit=566%2C872&ssl=1&resize=525%2C300 1.5x"},"classes":[]}],"_links":{"self":[{"href":"https:\/\/historiografija.hr\/index.php?rest_route=\/wp\/v2\/posts\/22803","targetHints":{"allow":["GET"]}}],"collection":[{"href":"https:\/\/historiografija.hr\/index.php?rest_route=\/wp\/v2\/posts"}],"about":[{"href":"https:\/\/historiografija.hr\/index.php?rest_route=\/wp\/v2\/types\/post"}],"author":[{"embeddable":true,"href":"https:\/\/historiografija.hr\/index.php?rest_route=\/wp\/v2\/users\/2"}],"replies":[{"embeddable":true,"href":"https:\/\/historiografija.hr\/index.php?rest_route=%2Fwp%2Fv2%2Fcomments&post=22803"}],"version-history":[{"count":2,"href":"https:\/\/historiografija.hr\/index.php?rest_route=\/wp\/v2\/posts\/22803\/revisions"}],"predecessor-version":[{"id":22806,"href":"https:\/\/historiografija.hr\/index.php?rest_route=\/wp\/v2\/posts\/22803\/revisions\/22806"}],"wp:featuredmedia":[{"embeddable":true,"href":"https:\/\/historiografija.hr\/index.php?rest_route=\/wp\/v2\/media\/22804"}],"wp:attachment":[{"href":"https:\/\/historiografija.hr\/index.php?rest_route=%2Fwp%2Fv2%2Fmedia&parent=22803"}],"wp:term":[{"taxonomy":"category","embeddable":true,"href":"https:\/\/historiografija.hr\/index.php?rest_route=%2Fwp%2Fv2%2Fcategories&post=22803"},{"taxonomy":"post_tag","embeddable":true,"href":"https:\/\/historiografija.hr\/index.php?rest_route=%2Fwp%2Fv2%2Ftags&post=22803"}],"curies":[{"name":"wp","href":"https:\/\/api.w.org\/{rel}","templated":true}]}}