{"id":2280,"date":"2016-05-20T22:00:05","date_gmt":"2016-05-20T22:00:05","guid":{"rendered":"http:\/\/historiografija.hr\/?p=2280"},"modified":"2016-05-20T22:00:05","modified_gmt":"2016-05-20T22:00:05","slug":"jewish-soldiers-in-the-collective-memory-of-central-europe-the-remembrance-of-world-war-i-from-a-jewish-perspective","status":"publish","type":"post","link":"https:\/\/historiografija.hr\/?p=2280","title":{"rendered":"Jewish Soldiers in the Collective Memory of Central Europe. The Remembrance of World War I from a Jewish Perspective"},"content":{"rendered":"<p align=\"justify\"><font  size=\"3\">  <br \/><\/font><\/p>\n<p align=\"justify\" style=\"background: white; margin: 0cm 0cm 14.4pt; line-height: normal;\"><span lang=\"DE\" style=\"color: black; font-family: &quot;Times New Roman&quot;,&quot;serif&quot;; font-size: 12pt; mso-fareast-font-family: &quot;Times New Roman&quot;; mso-fareast-language: EN-GB; mso-ansi-language: DE;\">Meerscheinschl\u00f6\u00dfl, Mozartgasse 3, 8010 Graz<\/span><\/p>\n<p align=\"justify\"><font  size=\"3\">  <br \/><\/font><\/p>\n<p align=\"justify\" style=\"background: white; margin: 0cm 0cm 14.4pt; line-height: normal;\"><span lang=\"DE\" style=\"color: black; font-family: &quot;Times New Roman&quot;,&quot;serif&quot;; font-size: 12pt; mso-fareast-font-family: &quot;Times New Roman&quot;; mso-fareast-language: EN-GB; mso-ansi-language: DE;\">&nbsp;<\/span><\/p>\n<p align=\"justify\"><font  size=\"3\">  <br \/><\/font><\/p>\n<p align=\"justify\" style=\"background: white; margin: 0cm 0cm 14.4pt; line-height: normal;\"><span lang=\"DE\" style=\"color: black; font-family: &quot;Times New Roman&quot;,&quot;serif&quot;; font-size: 12pt; mso-fareast-font-family: &quot;Times New Roman&quot;; mso-fareast-language: EN-GB; mso-ansi-language: DE;\">Centrum f\u00fcr J\u00fcdische Studien der Karl-Franzens-Universit\u00e4t Graz <\/span><\/p>\n<p align=\"justify\"><font  size=\"3\">  <br \/><\/font><\/p>\n<p align=\"justify\" style=\"background: white; margin: 0cm 0cm 14.4pt; line-height: normal;\"><span lang=\"DE\" style=\"color: black; font-family: &quot;Times New Roman&quot;,&quot;serif&quot;; font-size: 12pt; mso-fareast-font-family: &quot;Times New Roman&quot;; mso-fareast-language: EN-GB; mso-ansi-language: DE;\">&nbsp;<\/span><\/p>\n<p align=\"justify\"><font  size=\"3\">  <br \/><\/font><\/p>\n<p align=\"justify\" style=\"background: white; margin: 0cm 0cm 14.4pt; line-height: normal;\"><span lang=\"DE\" style=\"color: black; font-family: &quot;Times New Roman&quot;,&quot;serif&quot;; font-size: 12pt; mso-fareast-font-family: &quot;Times New Roman&quot;; mso-fareast-language: EN-GB; mso-ansi-language: DE;\">23.05.2016 &#8211; 25.05.2016 <\/span><\/p>\n<p align=\"justify\"><font  size=\"3\">  <br \/><\/font><\/p>\n<p align=\"justify\" style=\"background: white; margin: 0cm 0cm 14.4pt; line-height: normal;\"><span lang=\"DE\" style=\"color: black; font-family: &quot;Times New Roman&quot;,&quot;serif&quot;; font-size: 12pt; mso-fareast-font-family: &quot;Times New Roman&quot;; mso-fareast-language: EN-GB; mso-ansi-language: DE;\">&nbsp;<\/span><\/p>\n<p align=\"justify\"><font  size=\"3\">  <br \/><\/font><\/p>\n<p align=\"justify\" style=\"background: white; margin: 0cm 0cm 14.4pt; line-height: normal;\"><span lang=\"DE\" style=\"font-family: &quot;Times New Roman&quot;,&quot;serif&quot;; font-size: 12pt; mso-fareast-font-family: &quot;Times New Roman&quot;; mso-fareast-language: EN-GB; mso-ansi-language: DE;\"><a href=\"https:\/\/juedischestudien.uni-graz.at\/\"><span style=\"color: windowtext;\">https:\/\/juedischestudien.uni-graz.at\/<\/span><\/a><\/span><\/p>\n<p align=\"justify\"><font  size=\"3\">  <br \/><\/font><\/p>\n<p align=\"justify\" style=\"background: white; margin: 0cm 0cm 14.4pt; line-height: normal;\"><span lang=\"DE\" style=\"color: black; font-family: &quot;Times New Roman&quot;,&quot;serif&quot;; font-size: 12pt; mso-fareast-font-family: &quot;Times New Roman&quot;; mso-fareast-language: EN-GB; mso-ansi-language: DE;\">&nbsp;<\/span><\/p>\n<p align=\"justify\"><font  size=\"3\">  <br \/><\/font><\/p>\n<p align=\"justify\" style=\"background: white; margin: 0cm 0cm 14.4pt; line-height: normal;\"><span lang=\"DE\" style=\"color: black; font-family: &quot;Times New Roman&quot;,&quot;serif&quot;; font-size: 12pt; mso-fareast-font-family: &quot;Times New Roman&quot;; mso-fareast-language: EN-GB; mso-ansi-language: DE;\">World War I marks a huge break in Central European Jewish history. Not only had the violent wartime events destroyed Jewish life and especially the living space of the Eastern European Jewish people, but the impacts of war, the geopolitical change and a radicalization of anti-Semitism also led to a crisis of Jewish identity. Furthermore, during the process of national self-discovery and the establishing of new states the societal position of the Jews and their relationship to the state had to be redefined. These partially violent processes, which were always accompanied by anti-Semitism, evoked Jewish and Gentile debates, in which questions about Jewish loyalty to the old and\/or new states as well as concepts of Jewish identity under the new political circumstances were negotiated. In this context, one central and contested field of discussion was the question of Jewish military service, Jewish loyalty, and the Jewish attitude towards warfare. Many Jews in all belligerent countries expected to prove their patriotism and loyalty to the state with their military service. <\/span><\/p>\n<p align=\"justify\"><font  size=\"3\">  <br \/><\/font><\/p>\n<p align=\"justify\" style=\"background: white; margin: 0cm 0cm 14.4pt; line-height: normal;\"><span lang=\"DE\" style=\"color: black; font-family: &quot;Times New Roman&quot;,&quot;serif&quot;; font-size: 12pt; mso-fareast-font-family: &quot;Times New Roman&quot;; mso-fareast-language: EN-GB; mso-ansi-language: DE;\"><br \/> About as many as 900.000 Jewish soldiers fought in the armies of the Russian Empire, Germany and the Austrian-Hungarian Monarchy, and about 100.000 of them died on various battlefields. Jews as individuals and Jewish communities tried to make sense of the deaths of Jewish soldiers as well as the manifold physical and psychological injuries that had been inflicted upon them during and after the war. They did this in terms of media discourses, in public and private practices of commemoration, by erecting memorials, and in religious rituals.<\/span><\/p>\n<p align=\"justify\"><font  size=\"3\">  <br \/><\/font><\/p>\n<p align=\"justify\" style=\"background: white; margin: 0cm 0cm 14.4pt; line-height: normal;\"><span lang=\"DE\" style=\"color: black; font-family: &quot;Times New Roman&quot;,&quot;serif&quot;; font-size: 12pt; mso-fareast-font-family: &quot;Times New Roman&quot;; mso-fareast-language: EN-GB; mso-ansi-language: DE;\"><br \/> Commemorating the war has always been a public and political act of creating meaning and justifying the existence of the political unit, the state, the nation, for which the soldiers had died. After the collapse of the Romanov Empire and the Habsburg Monarchy as well as the transition of Germany from monarchy to a democratic republic, references to the no longer existing states became problematic. Furthermore, in Central Europe, a region of structural heterogeneity, the new states were attempting to establish homogeneous nation states. The process of making political meaning of the multitude of deaths in the war thus had to be adapted to the new political realities after 1918. <\/span><\/p>\n<p align=\"justify\"><font  size=\"3\">  <br \/><\/font><\/p>\n<p align=\"justify\" style=\"background: white; margin: 0cm 0cm 14.4pt; line-height: normal;\"><span lang=\"DE\" style=\"color: black; font-family: &quot;Times New Roman&quot;,&quot;serif&quot;; font-size: 12pt; mso-fareast-font-family: &quot;Times New Roman&quot;; mso-fareast-language: EN-GB; mso-ansi-language: DE;\"><br \/> Therefore, commemorating the war was always a place where social and national belonging and unity were negotiated. <\/span><\/p>\n<p align=\"justify\"><font  size=\"3\">  <br \/><\/font><\/p>\n<p align=\"justify\" style=\"background: white; margin: 0cm 0cm 14.4pt; line-height: normal;\"><span lang=\"DE\" style=\"color: black; font-family: &quot;Times New Roman&quot;,&quot;serif&quot;; font-size: 12pt; mso-fareast-font-family: &quot;Times New Roman&quot;; mso-fareast-language: EN-GB; mso-ansi-language: DE;\"><br \/> The Conference \u201cJewish Soldiers in the Collective Memory of Central Europe\u201d opens up discussions about Jewish military service in its various forms (soldiers, prisoners of war, refugees, forced laborer, war welfare, \u2026) and war memories in their multifaceted formations during and after World War I. Central Europe is understood as the German Empire, the Austria-Hungarian Monarchy, the western parts of the Russian Empire, and all the successor states of these empires. <\/span><\/p>\n<p align=\"justify\"><font  size=\"3\">  <br \/><\/font><\/p>\n<p align=\"justify\" style=\"background: white; margin: 12pt 0cm 6pt; line-height: normal; mso-outline-level: 4;\"><b><span lang=\"DE\" style=\"color: black; font-family: &quot;Times New Roman&quot;,&quot;serif&quot;; font-size: 12pt; mso-fareast-font-family: &quot;Times New Roman&quot;; mso-fareast-language: EN-GB; mso-ansi-language: DE;\">Programm<\/span><\/b><\/p>\n<p align=\"justify\"><font  size=\"3\">  <br \/><\/font><\/p>\n<p align=\"justify\" style=\"background: white; margin: 0cm 0cm 14.4pt; line-height: normal;\"><span lang=\"DE\" style=\"color: black; font-family: &quot;Times New Roman&quot;,&quot;serif&quot;; font-size: 12pt; mso-fareast-font-family: &quot;Times New Roman&quot;; mso-fareast-language: EN-GB; mso-ansi-language: DE;\">Monday May 23th, 2016 festival room, Meerscheinschl\u00f6ssl, Mozartgasse 3, 8010 Graz<\/span><\/p>\n<p align=\"justify\"><font  size=\"3\">  <br \/><\/font><\/p>\n<p align=\"justify\" style=\"background: white; margin: 0cm 0cm 14.4pt; line-height: normal;\"><span lang=\"DE\" style=\"color: black; font-family: &quot;Times New Roman&quot;,&quot;serif&quot;; font-size: 12pt; mso-fareast-font-family: &quot;Times New Roman&quot;; mso-fareast-language: EN-GB; mso-ansi-language: DE;\">9.00: Registration<\/span><\/p>\n<p align=\"justify\"><font  size=\"3\">  <br \/><\/font><\/p>\n<p align=\"justify\" style=\"background: white; margin: 0cm 0cm 14.4pt; line-height: normal;\"><span lang=\"DE\" style=\"color: black; font-family: &quot;Times New Roman&quot;,&quot;serif&quot;; font-size: 12pt; mso-fareast-font-family: &quot;Times New Roman&quot;; mso-fareast-language: EN-GB; mso-ansi-language: DE;\">10.00: Conference Opening and Introduction <br \/> Begr\u00fc\u00dfung: Univ.-Prof. Dr. Arne Ziegler (Forschungsdekan der Geisteswissenschaftlichen Fakult\u00e4t der Karl-Franzens-Universit\u00e4t Graz) <\/span><\/p>\n<p align=\"justify\"><font  size=\"3\">  <br \/><\/font><\/p>\n<p align=\"justify\" style=\"background: white; margin: 0cm 0cm 14.4pt; line-height: normal;\"><span lang=\"DE\" style=\"color: black; font-family: &quot;Times New Roman&quot;,&quot;serif&quot;; font-size: 12pt; mso-fareast-font-family: &quot;Times New Roman&quot;; mso-fareast-language: EN-GB; mso-ansi-language: DE;\">Einf\u00fchrung: Gerald Lamprecht (Graz) J\u00fcdische Soldaten im kollektiven Ged\u00e4chtnis Zentraleuropas<\/span><\/p>\n<p align=\"justify\"><font  size=\"3\">  <br \/><\/font><\/p>\n<p align=\"justify\" style=\"background: white; margin: 0cm 0cm 14.4pt; line-height: normal;\"><span lang=\"DE\" style=\"color: black; font-family: &quot;Times New Roman&quot;,&quot;serif&quot;; font-size: 12pt; mso-fareast-font-family: &quot;Times New Roman&quot;; mso-fareast-language: EN-GB; mso-ansi-language: DE;\">10.30: War Experiences<br \/> Chair: Dieter J. Hecht (Graz\/Wien)<\/span><\/p>\n<p align=\"justify\"><font  size=\"3\">  <br \/><\/font><\/p>\n<p align=\"justify\" style=\"background: white; margin: 0cm 0cm 14.4pt; line-height: normal;\"><span lang=\"DE\" style=\"color: black; font-family: &quot;Times New Roman&quot;,&quot;serif&quot;; font-size: 12pt; mso-fareast-font-family: &quot;Times New Roman&quot;; mso-fareast-language: EN-GB; mso-ansi-language: DE;\">Katalin Fenyves (Budapest): Erfahrungen und Loyalit\u00e4tskonflikte ungarischer Juden in und nach dem Ersten Weltkrieg <\/span><\/p>\n<p align=\"justify\"><font  size=\"3\">  <br \/><\/font><\/p>\n<p align=\"justify\" style=\"background: white; margin: 0cm 0cm 14.4pt; line-height: normal;\"><span lang=\"DE\" style=\"color: black; font-family: &quot;Times New Roman&quot;,&quot;serif&quot;; font-size: 12pt; mso-fareast-font-family: &quot;Times New Roman&quot;; mso-fareast-language: EN-GB; mso-ansi-language: DE;\">Olaf Terpitz (Wien): Shimon Anskis \u201etogbukh fun khurbm\u201c \u2013 Literarische Aufzeichnungen und historisches Dokument <\/span><\/p>\n<p align=\"justify\"><font  size=\"3\">  <br \/><\/font><\/p>\n<p align=\"justify\" style=\"background: white; margin: 0cm 0cm 14.4pt; line-height: normal;\"><span lang=\"DE\" style=\"color: black; font-family: &quot;Times New Roman&quot;,&quot;serif&quot;; font-size: 12pt; mso-fareast-font-family: &quot;Times New Roman&quot;; mso-fareast-language: EN-GB; mso-ansi-language: DE;\">Jason Crouthamel: (Allendale, Michigan) Mutual Perceptions of \u201eComradeship\u201c between Gentile and German-Jewish Front Soldiers during the First World War<\/span><\/p>\n<p align=\"justify\"><font  size=\"3\">  <br \/><\/font><\/p>\n<p align=\"justify\" style=\"background: white; margin: 0cm 0cm 14.4pt; line-height: normal;\"><span lang=\"DE\" style=\"color: black; font-family: &quot;Times New Roman&quot;,&quot;serif&quot;; font-size: 12pt; mso-fareast-font-family: &quot;Times New Roman&quot;; mso-fareast-language: EN-GB; mso-ansi-language: DE;\">12.00: Coffee Break<\/span><\/p>\n<p align=\"justify\"><font  size=\"3\">  <br \/><\/font><\/p>\n<p align=\"justify\" style=\"background: white; margin: 0cm 0cm 14.4pt; line-height: normal;\"><span lang=\"DE\" style=\"color: black; font-family: &quot;Times New Roman&quot;,&quot;serif&quot;; font-size: 12pt; mso-fareast-font-family: &quot;Times New Roman&quot;; mso-fareast-language: EN-GB; mso-ansi-language: DE;\">12.30: Rabbis and War<br \/> Chair: Frank Stern (Graz\/Wien) <\/span><\/p>\n<p align=\"justify\"><font  size=\"3\">  <br \/><\/font><\/p>\n<p align=\"justify\" style=\"background: white; margin: 0cm 0cm 14.4pt; line-height: normal;\"><span lang=\"DE\" style=\"color: black; font-family: &quot;Times New Roman&quot;,&quot;serif&quot;; font-size: 12pt; mso-fareast-font-family: &quot;Times New Roman&quot;; mso-fareast-language: EN-GB; mso-ansi-language: DE;\">G\u00e1bor Schweitzer (Budapest): Hungarian Neolog\/Progressive Rabbis during the \u201eGreat War\u201c (1914\u20131918) <\/span><\/p>\n<p align=\"justify\"><font  size=\"3\">  <br \/><\/font><\/p>\n<p align=\"justify\" style=\"background: white; margin: 0cm 0cm 14.4pt; line-height: normal;\"><span lang=\"DE\" style=\"color: black; font-family: &quot;Times New Roman&quot;,&quot;serif&quot;; font-size: 12pt; mso-fareast-font-family: &quot;Times New Roman&quot;; mso-fareast-language: EN-GB; mso-ansi-language: DE;\">Dieter J. Hecht (Wien): War Memoirs of Jewish Military Chaplains in the Austro-Hungarian Army Autobiographical Writings, Postcards, Photographs<\/span><\/p>\n<p align=\"justify\"><font  size=\"3\">  <br \/><\/font><\/p>\n<p align=\"justify\" style=\"background: white; margin: 0cm 0cm 14.4pt; line-height: normal;\"><span lang=\"DE\" style=\"color: black; font-family: &quot;Times New Roman&quot;,&quot;serif&quot;; font-size: 12pt; mso-fareast-font-family: &quot;Times New Roman&quot;; mso-fareast-language: EN-GB; mso-ansi-language: DE;\">13.30: Lunch<\/span><\/p>\n<p align=\"justify\"><font  size=\"3\">  <br \/><\/font><\/p>\n<p align=\"justify\" style=\"background: white; margin: 0cm 0cm 14.4pt; line-height: normal;\"><span lang=\"DE\" style=\"color: black; font-family: &quot;Times New Roman&quot;,&quot;serif&quot;; font-size: 12pt; mso-fareast-font-family: &quot;Times New Roman&quot;; mso-fareast-language: EN-GB; mso-ansi-language: DE;\">15.00: Jewish Intellectuals at War<br \/> Chair: Eleonore Lappin-Eppel (Graz\/Wien)<\/span><\/p>\n<p align=\"justify\"><font  size=\"3\">  <br \/><\/font><\/p>\n<p align=\"justify\" style=\"background: white; margin: 0cm 0cm 14.4pt; line-height: normal;\"><span lang=\"DE\" style=\"color: black; font-family: &quot;Times New Roman&quot;,&quot;serif&quot;; font-size: 12pt; mso-fareast-font-family: &quot;Times New Roman&quot;; mso-fareast-language: EN-GB; mso-ansi-language: DE;\">Barbara Breysach (Berlin): Sigmund Freud: Kriegskritiker und stolzer Vater zweier Soldaten <\/span><\/p>\n<p align=\"justify\"><font  size=\"3\">  <br \/><\/font><\/p>\n<p align=\"justify\" style=\"background: white; margin: 0cm 0cm 14.4pt; line-height: normal;\"><span lang=\"DE\" style=\"color: black; font-family: &quot;Times New Roman&quot;,&quot;serif&quot;; font-size: 12pt; mso-fareast-font-family: &quot;Times New Roman&quot;; mso-fareast-language: EN-GB; mso-ansi-language: DE;\">Frank Stern (Wien\/Graz): \u201eDie Gegens\u00e4tze werden jetzt ausgek\u00e4mpft und bleiben bestehen\u2026\u201c Reichszusammenbr\u00fcche, Islam und europ\u00e4ische Staatsidee im Wirken Franz Rosenzweigs w\u00e4hrend und nach dem Gro\u00dfen Krieg <\/span><\/p>\n<p align=\"justify\"><font  size=\"3\">  <br \/><\/font><\/p>\n<p align=\"justify\" style=\"background: white; margin: 0cm 0cm 14.4pt; line-height: normal;\"><span lang=\"DE\" style=\"color: black; font-family: &quot;Times New Roman&quot;,&quot;serif&quot;; font-size: 12pt; mso-fareast-font-family: &quot;Times New Roman&quot;; mso-fareast-language: EN-GB; mso-ansi-language: DE;\">Eszter Bal\u00e1zs (Budapest): The image of the Jewish Soldier-Intellectual in the Hungarian-Jewish Review M\u00falt \u00e9s J\u00f6v\u0151 (1914-1918)<\/span><\/p>\n<p align=\"justify\"><font  size=\"3\">  <br \/><\/font><\/p>\n<p align=\"justify\" style=\"background: white; margin: 0cm 0cm 14.4pt; line-height: normal;\"><span lang=\"DE\" style=\"color: black; font-family: &quot;Times New Roman&quot;,&quot;serif&quot;; font-size: 12pt; mso-fareast-font-family: &quot;Times New Roman&quot;; mso-fareast-language: EN-GB; mso-ansi-language: DE;\">16.30: Coffee Break<\/span><\/p>\n<p align=\"justify\"><font  size=\"3\">  <br \/><\/font><\/p>\n<p align=\"justify\" style=\"background: white; margin: 0cm 0cm 14.4pt; line-height: normal;\"><span lang=\"DE\" style=\"color: black; font-family: &quot;Times New Roman&quot;,&quot;serif&quot;; font-size: 12pt; mso-fareast-font-family: &quot;Times New Roman&quot;; mso-fareast-language: EN-GB; mso-ansi-language: DE;\">17.00: Jewish Refugees<br \/> Chair: Ursula Mindler-Steiner (Graz\/Budapest) <\/span><\/p>\n<p align=\"justify\"><font  size=\"3\">  <br \/><\/font><\/p>\n<p align=\"justify\" style=\"background: white; margin: 0cm 0cm 14.4pt; line-height: normal;\"><span lang=\"DE\" style=\"color: black; font-family: &quot;Times New Roman&quot;,&quot;serif&quot;; font-size: 12pt; mso-fareast-font-family: &quot;Times New Roman&quot;; mso-fareast-language: EN-GB; mso-ansi-language: DE;\">Ines Koeltzsch (Prag): Familiar Strangers? East European Jewish Refugees in Czech Jewish Cultural Memory during and after the War <\/span><\/p>\n<p align=\"justify\"><font  size=\"3\">  <br \/><\/font><\/p>\n<p align=\"justify\" style=\"background: white; margin: 0cm 0cm 14.4pt; line-height: normal;\"><span lang=\"DE\" style=\"color: black; font-family: &quot;Times New Roman&quot;,&quot;serif&quot;; font-size: 12pt; mso-fareast-font-family: &quot;Times New Roman&quot;; mso-fareast-language: EN-GB; mso-ansi-language: DE;\">Gintar\u0117 Malinauskait\u0117 (Berlin): Wandering Lithuanian Jewish Refugees during the First World War \u2013 Hirsz Abramowicz and His \u201eParticipant Observation\u201c <\/span><\/p>\n<p align=\"justify\"><font  size=\"3\">  <br \/><\/font><\/p>\n<p align=\"justify\" style=\"background: white; margin: 0cm 0cm 14.4pt; line-height: normal;\"><span lang=\"DE\" style=\"color: black; font-family: &quot;Times New Roman&quot;,&quot;serif&quot;; font-size: 12pt; mso-fareast-font-family: &quot;Times New Roman&quot;; mso-fareast-language: EN-GB; mso-ansi-language: DE;\">18.30: Keynote <br \/> Hillel Kieval (St. Louis, Missouri): Shatter Zones. The Trauma of War and the Reconfiguration of Jewish Identities in Central Europe<\/span><\/p>\n<p align=\"justify\"><font  size=\"3\">  <br \/><\/font><\/p>\n<p align=\"justify\" style=\"background: white; margin: 0cm 0cm 14.4pt; line-height: normal;\"><span lang=\"DE\" style=\"color: black; font-family: &quot;Times New Roman&quot;,&quot;serif&quot;; font-size: 12pt; mso-fareast-font-family: &quot;Times New Roman&quot;; mso-fareast-language: EN-GB; mso-ansi-language: DE;\">Tuesday May 24th, 2016 festival room, Meerscheinschl\u00f6ssl, Mozartgasse 3, 8010 Graz<\/span><\/p>\n<p align=\"justify\"><font  size=\"3\">  <br \/><\/font><\/p>\n<p align=\"justify\" style=\"background: white; margin: 0cm 0cm 14.4pt; line-height: normal;\"><span lang=\"DE\" style=\"color: black; font-family: &quot;Times New Roman&quot;,&quot;serif&quot;; font-size: 12pt; mso-fareast-font-family: &quot;Times New Roman&quot;; mso-fareast-language: EN-GB; mso-ansi-language: DE;\">9.00: Anti-Semitism I<br \/> Chair: Werner Bergmann (Berlin) <\/span><\/p>\n<p align=\"justify\"><font  size=\"3\">  <br \/><\/font><\/p>\n<p align=\"justify\" style=\"background: white; margin: 0cm 0cm 14.4pt; line-height: normal;\"><span lang=\"DE\" style=\"color: black; font-family: &quot;Times New Roman&quot;,&quot;serif&quot;; font-size: 12pt; mso-fareast-font-family: &quot;Times New Roman&quot;; mso-fareast-language: EN-GB; mso-ansi-language: DE;\">Michal Frankl (Prag): \u201eProvocation\u201c Narratives of anti-Jewish Violence in Bohemia (1917\u20131918) <\/span><\/p>\n<p align=\"justify\"><font  size=\"3\">  <br \/><\/font><\/p>\n<p align=\"justify\" style=\"background: white; margin: 0cm 0cm 14.4pt; line-height: normal;\"><span lang=\"DE\" style=\"color: black; font-family: &quot;Times New Roman&quot;,&quot;serif&quot;; font-size: 12pt; mso-fareast-font-family: &quot;Times New Roman&quot;; mso-fareast-language: EN-GB; mso-ansi-language: DE;\">Miloslav Szab\u00f3 (Bratislava): \u201eJ\u00fcdische Schreckensherrschaft\u201c? Kampagnen gegen j\u00fcdische Soldaten in der Slowakei nach dem Ersten Weltkrieg <\/span><\/p>\n<p align=\"justify\"><font  size=\"3\">  <br \/><\/font><\/p>\n<p align=\"justify\" style=\"background: white; margin: 0cm 0cm 14.4pt; line-height: normal;\"><span lang=\"DE\" style=\"color: black; font-family: &quot;Times New Roman&quot;,&quot;serif&quot;; font-size: 12pt; mso-fareast-font-family: &quot;Times New Roman&quot;; mso-fareast-language: EN-GB; mso-ansi-language: DE;\">Thomas Stoppacher (Graz): Die j\u00fcdischen Soldaten \u00d6sterreich-Ungarns im politischen Diskurs der Kriegs- und Nachkriegsjahre (1917\u20131920)<\/span><\/p>\n<p align=\"justify\"><font  size=\"3\">  <br \/><\/font><\/p>\n<p align=\"justify\" style=\"background: white; margin: 0cm 0cm 14.4pt; line-height: normal;\"><span lang=\"DE\" style=\"color: black; font-family: &quot;Times New Roman&quot;,&quot;serif&quot;; font-size: 12pt; mso-fareast-font-family: &quot;Times New Roman&quot;; mso-fareast-language: EN-GB; mso-ansi-language: DE;\">10.30: Coffee Break<\/span><\/p>\n<p align=\"justify\"><font  size=\"3\">  <br \/><\/font><\/p>\n<p align=\"justify\" style=\"background: white; margin: 0cm 0cm 14.4pt; line-height: normal;\"><span lang=\"DE\" style=\"color: black; font-family: &quot;Times New Roman&quot;,&quot;serif&quot;; font-size: 12pt; mso-fareast-font-family: &quot;Times New Roman&quot;; mso-fareast-language: EN-GB; mso-ansi-language: DE;\">11:00: Anti-Semitism II<br \/> Chair: Ulrich Wyrwa (Berlin) <\/span><\/p>\n<p align=\"justify\"><font  size=\"3\">  <br \/><\/font><\/p>\n<p align=\"justify\" style=\"background: white; margin: 0cm 0cm 14.4pt; line-height: normal;\"><span lang=\"DE\" style=\"color: black; font-family: &quot;Times New Roman&quot;,&quot;serif&quot;; font-size: 12pt; mso-fareast-font-family: &quot;Times New Roman&quot;; mso-fareast-language: EN-GB; mso-ansi-language: DE;\">Tullia Catalan (Triest): Anti-Semitism and Anti-Slavism in Trieste and Italy during WWI <\/span><\/p>\n<p align=\"justify\"><font  size=\"3\">  <br \/><\/font><\/p>\n<p align=\"justify\" style=\"background: white; margin: 0cm 0cm 14.4pt; line-height: normal;\"><span lang=\"DE\" style=\"color: black; font-family: &quot;Times New Roman&quot;,&quot;serif&quot;; font-size: 12pt; mso-fareast-font-family: &quot;Times New Roman&quot;; mso-fareast-language: EN-GB; mso-ansi-language: DE;\">Raul C\u00e2rstocea (Flensburg): The Turning of the Tide Jewish Emancipation and Anti-Semitism in Romania (1918\u20131923) <\/span><\/p>\n<p align=\"justify\"><font  size=\"3\">  <br \/><\/font><\/p>\n<p align=\"justify\" style=\"background: white; margin: 0cm 0cm 14.4pt; line-height: normal;\"><span lang=\"DE\" style=\"color: black; font-family: &quot;Times New Roman&quot;,&quot;serif&quot;; font-size: 12pt; mso-fareast-font-family: &quot;Times New Roman&quot;; mso-fareast-language: EN-GB; mso-ansi-language: DE;\">Nicole Grom (N\u00fcrnberg): Memoria als Kampf. Die Zeitschrift \u201aDer Schild\u2018 als Spiegel antisemitischer Entwicklungen in Deutschland nach dem Ersten Weltkrieg<\/span><\/p>\n<p align=\"justify\"><font  size=\"3\">  <br \/><\/font><\/p>\n<p align=\"justify\" style=\"background: white; margin: 0cm 0cm 14.4pt; line-height: normal;\"><span lang=\"DE\" style=\"color: black; font-family: &quot;Times New Roman&quot;,&quot;serif&quot;; font-size: 12pt; mso-fareast-font-family: &quot;Times New Roman&quot;; mso-fareast-language: EN-GB; mso-ansi-language: DE;\">12.30: Lunch<\/span><\/p>\n<p align=\"justify\"><font  size=\"3\">  <br \/><\/font><\/p>\n<p align=\"justify\" style=\"background: white; margin: 0cm 0cm 14.4pt; line-height: normal;\"><span lang=\"DE\" style=\"color: black; font-family: &quot;Times New Roman&quot;,&quot;serif&quot;; font-size: 12pt; mso-fareast-font-family: &quot;Times New Roman&quot;; mso-fareast-language: EN-GB; mso-ansi-language: DE;\">14.00: Memory \u2013 Discourses<br \/> Chair: Werner Suppanz (Graz) <\/span><\/p>\n<p align=\"justify\"><font  size=\"3\">  <br \/><\/font><\/p>\n<p align=\"justify\" style=\"background: white; margin: 0cm 0cm 14.4pt; line-height: normal;\"><span lang=\"DE\" style=\"color: black; font-family: &quot;Times New Roman&quot;,&quot;serif&quot;; font-size: 12pt; mso-fareast-font-family: &quot;Times New Roman&quot;; mso-fareast-language: EN-GB; mso-ansi-language: DE;\">Rebekah Klein-Pej\u0161ov\u00e1 (West Lafayette, Indiana): Commemorating the 10.000 <\/span><\/p>\n<p align=\"justify\"><font  size=\"3\">  <br \/><\/font><\/p>\n<p align=\"justify\" style=\"background: white; margin: 0cm 0cm 14.4pt; line-height: normal;\"><span lang=\"DE\" style=\"color: black; font-family: &quot;Times New Roman&quot;,&quot;serif&quot;; font-size: 12pt; mso-fareast-font-family: &quot;Times New Roman&quot;; mso-fareast-language: EN-GB; mso-ansi-language: DE;\">Andrea A. Sinn (Berkeley, California): Remembering War Jewish Women and the German Home Front during World War I<\/span><\/p>\n<p align=\"justify\"><font  size=\"3\">  <br \/><\/font><\/p>\n<p align=\"justify\" style=\"background: white; margin: 0cm 0cm 14.4pt; line-height: normal;\"><span lang=\"DE\" style=\"color: black; font-family: &quot;Times New Roman&quot;,&quot;serif&quot;; font-size: 12pt; mso-fareast-font-family: &quot;Times New Roman&quot;; mso-fareast-language: EN-GB; mso-ansi-language: DE;\">15.30: Coffee Break<\/span><\/p>\n<p align=\"justify\"><font  size=\"3\">  <br \/><\/font><\/p>\n<p align=\"justify\" style=\"background: white; margin: 0cm 0cm 14.4pt; line-height: normal;\"><span lang=\"DE\" style=\"color: black; font-family: &quot;Times New Roman&quot;,&quot;serif&quot;; font-size: 12pt; mso-fareast-font-family: &quot;Times New Roman&quot;; mso-fareast-language: EN-GB; mso-ansi-language: DE;\">16.00: Art and Literature<br \/> Chair: Olaf Terpitz (Wien) <\/span><\/p>\n<p align=\"justify\"><font  size=\"3\">  <br \/><\/font><\/p>\n<p align=\"justify\" style=\"background: white; margin: 0cm 0cm 14.4pt; line-height: normal;\"><span lang=\"DE\" style=\"color: black; font-family: &quot;Times New Roman&quot;,&quot;serif&quot;; font-size: 12pt; mso-fareast-font-family: &quot;Times New Roman&quot;; mso-fareast-language: EN-GB; mso-ansi-language: DE;\">Andrei Corbea-Hoisie (Iasi): Itzik Strul, der Deserteur. J\u00fcdische Soldaten in der rum\u00e4nischen Armee im 1. Weltkrieg \u2013 im Wehrdienst f\u00fcr eine unwirtliche Heimat<\/span><\/p>\n<p align=\"justify\"><font  size=\"3\">  <br \/><\/font><\/p>\n<p align=\"justify\" style=\"background: white; margin: 0cm 0cm 14.4pt; line-height: normal;\"><span lang=\"DE\" style=\"color: black; font-family: &quot;Times New Roman&quot;,&quot;serif&quot;; font-size: 12pt; mso-fareast-font-family: &quot;Times New Roman&quot;; mso-fareast-language: EN-GB; mso-ansi-language: DE;\">Daniel Hoffmann (D\u00fcsseldorf): In \u201eGottes Krieg\u201c. Uriel Birnbaums j\u00fcdisch-katholischer Blick auf den Ersten Weltkrieg <\/span><\/p>\n<p align=\"justify\"><font  size=\"3\">  <br \/><\/font><\/p>\n<p align=\"justify\" style=\"background: white; margin: 0cm 0cm 14.4pt; line-height: normal;\"><span lang=\"DE\" style=\"color: black; font-family: &quot;Times New Roman&quot;,&quot;serif&quot;; font-size: 12pt; mso-fareast-font-family: &quot;Times New Roman&quot;; mso-fareast-language: EN-GB; mso-ansi-language: DE;\">Hildegard Fr\u00fcbis (Berlin\/Graz): Den M\u00fcttern der Zw\u00f6lftausend 1924. Max Liebermann und die Erinnerung an die j\u00fcdischen Frontsoldaten im Ersten Weltkrieg<\/span><\/p>\n<p align=\"justify\"><font  size=\"3\">  <br \/><\/font><\/p>\n<p align=\"justify\" style=\"background: white; margin: 0cm 0cm 14.4pt; line-height: normal;\"><span lang=\"DE\" style=\"color: black; font-family: &quot;Times New Roman&quot;,&quot;serif&quot;; font-size: 12pt; mso-fareast-font-family: &quot;Times New Roman&quot;; mso-fareast-language: EN-GB; mso-ansi-language: DE;\">Wednesday, May 25th, 2016, festival room, Meerscheinschl\u00f6ssl, Mozartgasse 3, 8010 Graz<\/span><\/p>\n<p align=\"justify\"><font  size=\"3\">  <br \/><\/font><\/p>\n<p align=\"justify\" style=\"background: white; margin: 0cm 0cm 14.4pt; line-height: normal;\"><span lang=\"DE\" style=\"color: black; font-family: &quot;Times New Roman&quot;,&quot;serif&quot;; font-size: 12pt; mso-fareast-font-family: &quot;Times New Roman&quot;; mso-fareast-language: EN-GB; mso-ansi-language: DE;\">9.00: Commemoration<br \/> Chair: Gerald Lamprecht (Graz) <\/span><\/p>\n<p align=\"justify\"><font  size=\"3\">  <br \/><\/font><\/p>\n<p align=\"justify\" style=\"background: white; margin: 0cm 0cm 14.4pt; line-height: normal;\"><span lang=\"DE\" style=\"color: black; font-family: &quot;Times New Roman&quot;,&quot;serif&quot;; font-size: 12pt; mso-fareast-font-family: &quot;Times New Roman&quot;; mso-fareast-language: EN-GB; mso-ansi-language: DE;\">Ljiljana Dobrov\u0161ak (Zagreb): \u201eForgotten Heroes\u201c. Jewish Soldiers in Croatia during the First World War <\/span><\/p>\n<p align=\"justify\"><font  size=\"3\">  <br \/><\/font><\/p>\n<p align=\"justify\" style=\"background: white; margin: 0cm 0cm 14.4pt; line-height: normal;\"><span lang=\"DE\" style=\"color: black; font-family: &quot;Times New Roman&quot;,&quot;serif&quot;; font-size: 12pt; mso-fareast-font-family: &quot;Times New Roman&quot;; mso-fareast-language: EN-GB; mso-ansi-language: DE;\">Veronika Szeghy-Gayer (Budapest): Jewish War Memory as a Local Community Building Project \u2013 the Heroes\u2019 Memorial of Pre\u0161ov <\/span><\/p>\n<p align=\"justify\"><font  size=\"3\">  <br \/><\/font><\/p>\n<p align=\"justify\" style=\"background: white; margin: 0cm 0cm 14.4pt; line-height: normal;\"><span lang=\"DE\" style=\"color: black; font-family: &quot;Times New Roman&quot;,&quot;serif&quot;; font-size: 12pt; mso-fareast-font-family: &quot;Times New Roman&quot;; mso-fareast-language: EN-GB; mso-ansi-language: DE;\">Kamil Ruszala (Krakow): Jewish War Cemeteries as Sites of Memory in Galicia during the First World War<\/span><\/p>\n<p align=\"justify\"><font  size=\"3\">  <br \/><\/font><\/p>\n<p align=\"justify\" style=\"background: white; margin: 0cm 0cm 14.4pt; line-height: normal;\"><span lang=\"DE\" style=\"color: black; font-family: &quot;Times New Roman&quot;,&quot;serif&quot;; font-size: 12pt; mso-fareast-font-family: &quot;Times New Roman&quot;; mso-fareast-language: EN-GB; mso-ansi-language: DE;\">10.30: Coffee Break<\/span><\/p>\n<p align=\"justify\"><font  size=\"3\">  <br \/><\/font><\/p>\n<p align=\"justify\" style=\"background: white; margin: 0cm 0cm 14.4pt; line-height: normal;\"><span lang=\"DE\" style=\"color: black; font-family: &quot;Times New Roman&quot;,&quot;serif&quot;; font-size: 12pt; mso-fareast-font-family: &quot;Times New Roman&quot;; mso-fareast-language: EN-GB; mso-ansi-language: DE;\">11:00. Conflicts in Transition from War to Postwar<br \/> Chair: Helmut Konrad (Graz) <\/span><\/p>\n<p align=\"justify\"><font  size=\"3\">  <br \/><\/font><\/p>\n<p align=\"justify\" style=\"background: white; margin: 0cm 0cm 14.4pt; line-height: normal;\"><span lang=\"DE\" style=\"color: black; font-family: &quot;Times New Roman&quot;,&quot;serif&quot;; font-size: 12pt; mso-fareast-font-family: &quot;Times New Roman&quot;; mso-fareast-language: EN-GB; mso-ansi-language: DE;\">Nino Gude (Wien): Vereint mit allen Kr\u00e4ften. Die j\u00fcdischen Soldaten in der Ukrainisch-Galizischen Armee 1918\/19 <\/span><\/p>\n<p align=\"justify\"><font  size=\"3\">  <br \/><\/font><\/p>\n<p align=\"justify\" style=\"background: white; margin: 0cm 0cm 14.4pt; line-height: normal;\"><span lang=\"DE\" style=\"color: black; font-family: &quot;Times New Roman&quot;,&quot;serif&quot;; font-size: 12pt; mso-fareast-font-family: &quot;Times New Roman&quot;; mso-fareast-language: EN-GB; mso-ansi-language: DE;\">Andr\u00e1s Zima\/Norbert Gl\u00e4sser (Budapest): Changing Frames and National Self-interpretations among Jewish Groups in the Carpathian Basin around the Great War<\/span><\/p>\n<p align=\"justify\"><font  size=\"3\">  <br \/><\/font><\/p>\n<p align=\"justify\" style=\"background: white; margin: 0cm 0cm 14.4pt; line-height: normal;\"><span lang=\"DE\" style=\"color: black; font-family: &quot;Times New Roman&quot;,&quot;serif&quot;; font-size: 12pt; mso-fareast-font-family: &quot;Times New Roman&quot;; mso-fareast-language: EN-GB; mso-ansi-language: DE;\">Ana \u0106iri\u0107 Pavlovi\u0107 (Budapest): Yugoslavs of the Mosaic Faith? Public Discourse about Jewish Loyalty in the Kingdom of Yugoslavia (1918-1941)<\/span><\/p>\n<p align=\"justify\"><font  size=\"3\">  <br \/><\/font><\/p>\n<p align=\"justify\" style=\"background: white; margin: 0cm 0cm 14.4pt; line-height: normal;\"><span lang=\"DE\" style=\"color: black; font-family: &quot;Times New Roman&quot;,&quot;serif&quot;; font-size: 12pt; mso-fareast-font-family: &quot;Times New Roman&quot;; mso-fareast-language: EN-GB; mso-ansi-language: DE;\">12.30: Final Commentary<br \/> Chair: Helmut Konrad (Graz) <\/span><\/p>\n<p align=\"justify\"><font  size=\"3\">  <br \/><\/font><\/p>\n<p align=\"justify\" style=\"background: white; margin: 0cm 0cm 14.4pt; line-height: normal;\"><span lang=\"DE\" style=\"color: black; font-family: &quot;Times New Roman&quot;,&quot;serif&quot;; font-size: 12pt; mso-fareast-font-family: &quot;Times New Roman&quot;; mso-fareast-language: EN-GB; mso-ansi-language: DE;\">Jay Winter (Newhaven, Connecticut)<\/span><\/p>\n<p align=\"justify\"><font  size=\"3\">  <br \/><\/font><\/p>\n<p align=\"justify\" style=\"background: white; margin: 0cm 0cm 14.4pt; line-height: normal;\"><span lang=\"DE\" style=\"color: black; font-family: &quot;Times New Roman&quot;,&quot;serif&quot;; font-size: 12pt; mso-fareast-font-family: &quot;Times New Roman&quot;; mso-fareast-language: EN-GB; mso-ansi-language: DE;\">&nbsp;<\/span><\/p>\n<p align=\"justify\"><font  size=\"3\">  <br \/><\/font><\/p>\n<p align=\"justify\" style=\"margin: 0cm 0cm 10pt;\"><a href=\"http:\/\/www.hsozkult.de\/event\/id\/termine-31003\"><span lang=\"DE\" style=\"color: windowtext; line-height: 115%; font-family: &quot;Times New Roman&quot;,&quot;serif&quot;; font-size: 12pt; mso-ansi-language: DE;\">http:\/\/www.hsozkult.de\/event\/id\/termine-31003<\/span><\/a><\/p>\n<p align=\"justify\"><font  size=\"3\">  <br \/><\/font><\/p>\n<p align=\"justify\" style=\"margin: 0cm 0cm 10pt;\"><span lang=\"DE\" style=\"line-height: 115%; font-family: &quot;Times New Roman&quot;,&quot;serif&quot;; font-size: 12pt; mso-ansi-language: DE;\">&nbsp;<\/span><\/p>\n<p align=\"justify\"><font  size=\"3\">  <br \/><\/font><\/p>\n<p align=\"justify\" style=\"margin: 0cm 0cm 10pt;\"><\/p>\n<p align=\"justify\"><font  size=\"3\">  <br \/><\/font><\/p>\n<p align=\"justify\" style=\"margin: 0cm 0cm 10pt;\"><span lang=\"DE\" style=\"line-height: 115%; font-family: &quot;Times New Roman&quot;,&quot;serif&quot;; font-size: 12pt; mso-ansi-language: DE;\">&nbsp;<\/span><\/p>\n<p align=\"justify\"><font  size=\"3\">  <br \/><\/font><\/p>\n<p align=\"justify\" style=\"margin: 0cm 0cm 10pt;\"><span lang=\"DE\" style=\"line-height: 115%; font-family: &quot;Times New Roman&quot;,&quot;serif&quot;; font-size: 12pt; mso-ansi-language: DE;\">&nbsp;<\/span><\/p>\n<p align=\"justify\"><font  size=\"3\">  <br \/><\/font><\/p>\n<p align=\"justify\" style=\"margin: 0cm 0cm 10pt;\"><span lang=\"DE\" style=\"line-height: 115%; font-family: &quot;Times New Roman&quot;,&quot;serif&quot;; font-size: 12pt; mso-ansi-language: DE;\">&nbsp;<\/span><\/p>\n<p align=\"justify\"><font  size=\"3\">  <br \/><\/font><\/p>\n","protected":false},"excerpt":{"rendered":"","protected":false},"author":1,"featured_media":0,"comment_status":"open","ping_status":"open","sticky":false,"template":"","format":"standard","meta":{"_acf_changed":false,"jetpack_post_was_ever_published":false,"_jetpack_newsletter_access":"","_jetpack_dont_email_post_to_subs":false,"_jetpack_newsletter_tier_id":0,"_jetpack_memberships_contains_paywalled_content":false,"_jetpack_memberships_contains_paid_content":false,"footnotes":"","jetpack_publicize_message":"","jetpack_publicize_feature_enabled":true,"jetpack_social_post_already_shared":false,"jetpack_social_options":{"image_generator_settings":{"template":"highway","default_image_id":0,"font":"","enabled":false},"version":2}},"categories":[3],"tags":[],"class_list":["post-2280","post","type-post","status-publish","format-standard","hentry","category-novosti"],"acf":{"facebook_opis":""},"jetpack_publicize_connections":[],"jetpack_featured_media_url":"","jetpack_sharing_enabled":true,"jetpack-related-posts":[{"id":52625,"url":"https:\/\/historiografija.hr\/?p=52625","url_meta":{"origin":2280,"position":0},"title":"Omer Bartov, \u201eIsrael: What Went Wrong?\u201c","author":"Branimir Jankovi\u0107","date":"23. travnja 2026.","format":false,"excerpt":"Professor Omer Bartov was born on a kibbutz, grew up in Tel Aviv and served in the Israel Defence Forces during the Yom Kippur War. He went on to become an expert on the German army and the Holocaust, before turning his attention to his native country.In Israel: What Went\u2026","rel":"","context":"U &quot;Knjige&quot;","block_context":{"text":"Knjige","link":"https:\/\/historiografija.hr\/?cat=8"},"img":{"alt_text":"","src":"https:\/\/i0.wp.com\/historiografija.hr\/wp-content\/uploads\/2026\/04\/Bartov.jpeg?fit=320%2C500&ssl=1&resize=350%2C200","width":350,"height":200},"classes":[]},{"id":52679,"url":"https:\/\/historiografija.hr\/?p=52679","url_meta":{"origin":2280,"position":1},"title":"CfP: CHOSEN NATION(S): HISTORICAL AND CULTURAL INTERPRETATIONS OF EXCEPTIONALISM, BUDAPEST, 10TH\u201311TH JUNE 2026 (DEADLINE: 1ST MAY 2026)","author":"Branimir Jankovi\u0107","date":"27. travnja 2026.","format":false,"excerpt":"The Ludovika University of Public Service (NKE) and the Jewish Theological Seminary \u2013 University of Jewish Studies (OR-ZSE) are pleased to announce a joint academic conference on \u201cChosen Nation(s): Historical and Cultural Interpretations of Exceptionalism\u201d, to be held in Budapest, Hungary. Chosen Nation(s): Historical and Cultural Interpretations of Exceptionalism Keynote\u2026","rel":"","context":"U &quot;Novosti&quot;","block_context":{"text":"Novosti","link":"https:\/\/historiografija.hr\/?cat=3"},"img":{"alt_text":"","src":"https:\/\/i0.wp.com\/historiografija.hr\/wp-content\/uploads\/2017\/10\/hsozkult.png?fit=1006%2C241&ssl=1&resize=350%2C200","width":350,"height":200,"srcset":"https:\/\/i0.wp.com\/historiografija.hr\/wp-content\/uploads\/2017\/10\/hsozkult.png?fit=1006%2C241&ssl=1&resize=350%2C200 1x, https:\/\/i0.wp.com\/historiografija.hr\/wp-content\/uploads\/2017\/10\/hsozkult.png?fit=1006%2C241&ssl=1&resize=525%2C300 1.5x, https:\/\/i0.wp.com\/historiografija.hr\/wp-content\/uploads\/2017\/10\/hsozkult.png?fit=1006%2C241&ssl=1&resize=700%2C400 2x"},"classes":[]}],"_links":{"self":[{"href":"https:\/\/historiografija.hr\/index.php?rest_route=\/wp\/v2\/posts\/2280","targetHints":{"allow":["GET"]}}],"collection":[{"href":"https:\/\/historiografija.hr\/index.php?rest_route=\/wp\/v2\/posts"}],"about":[{"href":"https:\/\/historiografija.hr\/index.php?rest_route=\/wp\/v2\/types\/post"}],"author":[{"embeddable":true,"href":"https:\/\/historiografija.hr\/index.php?rest_route=\/wp\/v2\/users\/1"}],"replies":[{"embeddable":true,"href":"https:\/\/historiografija.hr\/index.php?rest_route=%2Fwp%2Fv2%2Fcomments&post=2280"}],"version-history":[{"count":0,"href":"https:\/\/historiografija.hr\/index.php?rest_route=\/wp\/v2\/posts\/2280\/revisions"}],"wp:attachment":[{"href":"https:\/\/historiografija.hr\/index.php?rest_route=%2Fwp%2Fv2%2Fmedia&parent=2280"}],"wp:term":[{"taxonomy":"category","embeddable":true,"href":"https:\/\/historiografija.hr\/index.php?rest_route=%2Fwp%2Fv2%2Fcategories&post=2280"},{"taxonomy":"post_tag","embeddable":true,"href":"https:\/\/historiografija.hr\/index.php?rest_route=%2Fwp%2Fv2%2Ftags&post=2280"}],"curies":[{"name":"wp","href":"https:\/\/api.w.org\/{rel}","templated":true}]}}