{"id":22725,"date":"2020-09-18T19:08:10","date_gmt":"2020-09-18T19:08:10","guid":{"rendered":"http:\/\/historiografija.hr\/?p=22725"},"modified":"2020-09-18T19:08:57","modified_gmt":"2020-09-18T19:08:57","slug":"dan-carlin-kraj-je-uvijek-blizu","status":"publish","type":"post","link":"https:\/\/historiografija.hr\/?p=22725","title":{"rendered":"Dan Carlin, \u201eKraj je uvijek blizu\u201c"},"content":{"rendered":"\n<p>Tvorac nevjerojatno popularnog podcasta \u201eHardcore History\u201c u ovoj nam jedinstvenoj knjizi donosi pogled na apokalipti\u010dne trenutke iz povijesti kako bi nam pomogao razmi\u0161ljati o izazovima budu\u0107nosti.<\/p>\n\n\n\n<p>Ra\u0111aju li te\u0161ka vremena \u017eilavije ljude? Mo\u017ee li se ljudska vrsta nositi sa snagom svojega oru\u017eja, a da se ne uni\u0161ti? Ho\u0107e li tehnologija ikada do\u0107i do svojega vrhunca, ili \u0107e nazadovati? Nitko ne zna odgovore na ta pitanja, no nitko ih ne postavlja na tako zanimljiv na\u010din kao \u0161to to \u010dini Dan Carlin.<\/p>\n\n\n\n<p>Dan Carlin u ovoj knjizi razmatra pitanja i povijesne doga\u0111aje koji nas tjeraju da se zamislimo oko mogu\u0107nosti koja nam zvu\u010di gotovo nevjerojatno: da \u0107emo mo\u017eda do\u017eivjeti sudbinu svih prethodnih era. Ho\u0107e li se na\u0161 svijet ikada pretvoriti u ru\u0161evinu koju \u0107e iskapati arheolozi u budu\u0107nosti? Pitanja su duboko filozofska, no istodobno nas podsje\u0107aju na ne\u0161to iz Zone sumraka.<\/p>\n\n\n\n<p>Carlin povezuje svoju poznatu vje\u0161tinu pripovijedanja s povije\u0161\u0107u i njezinim neobi\u010dnostima te tako na fascinantan na\u010din spaja pro\u0161lost i budu\u0107nost. Istodobno, pitanja koja nam postavlja uklju\u010duju najva\u017eniji problem koji mo\u017eemo zamisliti \u2013 pre\u017eivljavanje ljudske vrste. Od propasti Bron\u010danoga doba do izazova nuklearnoga razdoblja, to pitanje visi nad ljudskom vrstom poput Damoklova ma\u010da.<\/p>\n\n\n\n<p>Inspirirana podcastom, knjiga Kraj je uvijek blizu natjerat \u0107e vas da dobro razmislite o pro\u0161losti i o samima sebi. U ovoj zbirci Carlin se bavi potpuno novim pri\u010dama koje \u0107e o\u010darati \u010ditatelje. Izuzetno svojstvena i prepuna znanja, neuobi\u010dajena i duboka, ova se knjiga bavi pitanjima koja rijetko postavljamo, no zbog njih povijest postaje nevjerojatno relevantna za na\u0161u turbulentnu sada\u0161njost.<\/p>\n\n\n\n<hr class=\"wp-block-separator\"\/>\n\n\n\n<p>\u201eDan Carlin vrhunaravni je pripovjeda\u010d koji pomo\u0107u \u017eivopisnih detalja i intuitivne empatije zami\u0161lja kako bi bilo pre\u017eivjeti kraj svijeta\u2026 Carlinov pristupa\u010dan stil poziva nas da razmi\u0161ljamo o usponu i padu civilizacija i upitamo se u kojem smjeru idemo. Kraj svijeta nije samo katastrofa koja nas \u010deka na kraju puta; to je duh koji opsjeda mjesta na kojima smo ve\u0107 bili.\u201c Mike Duncan, autor bestselera New York Timesa \u201eThe Storm Before the Storm\u201c<\/p>\n\n\n\n<p>\u201eOvo je savr\u0161eni misaoni eksperiment za sve one koji vjeruju da je svijet osu\u0111en na propast, ako ni zbog \u010dega, a onda da ih podsjeti na jednu klju\u010dnu \u010dinjenicu: oduvijek se \u010dinilo da je svijet osu\u0111en na propast\u2026 neobi\u010dno je opisati knjigu o barbarima, epidemijama gripe i moralnosti nuklearnoga rata kao \u201ezabavnu\u201c, no to je najbolja rije\u010d koju mogu upotrijebiti za Kraj je uvijek blizu. Ovo je apokalipti\u010dna diskoteka.\u201c Chuck Klosterman, autor knjige \u201eBut What If We\u2019re Wrong?\u201c<\/p>\n\n\n\n<p>\u201eCarlin je savr\u0161en primjer osobe koja je u stanju promi\u0161ljeno i sebi svojstveno raspravljati o mnogobrojnim problemima.\u201c Los Angeles Times<\/p>\n\n\n\n<p>\u201eObo\u017eavatelji njegova podcasta svaku novu epizodu do\u017eivljavaju poput finala ameri\u010dkog nogometa\u2026 Dan Carlin, biv\u0161i radijski voditelj, s mnogo strasti i vje\u0161tine donosi povijesne pri\u010de prepune napetosti i intenziteta.\u201c AV Club<\/p>\n\n\n\n<p>\u201eCarlinove se pri\u010de usredoto\u010duju na najnasilnije i najdramati\u010dnije trenutke u ljudskoj povijesti. Te pri\u010de sigurno nikada niste \u010duli u srednjoj \u0161koli.\u201c Time<\/p>\n\n\n\n<p>\u201eOperacija Barbarossa, njema\u010dki napad na Moskvu, Bitka za Staljingrad \u2013 kroz sve nas te stra\u0161ne pri\u010de Carlin vodi poput kakva \u017eivopisna, znati\u017eeljnog vodi\u010da.\u201c Slate<\/p>\n\n\n\n<hr class=\"wp-block-separator\"\/>\n\n\n\n<p>Iz autorova predgovora knjizi:<\/p>\n\n\n\n<p>\u201cRazmi\u0161ljate li katkad o tome da \u0107e se moderna civilizacija uru\u0161iti i da \u0107e se na\u0161i gradovi pretvoriti u ru\u0161evine?<\/p>\n\n\n\n<p>Ta pomisao zvu\u010di poput kakve pre\u010desto kori\u0161tene teme iz znanstvene fantastike. Arheolozi budu\u0107nosti pa\u017eljivo \u0107e kopati po hr\u0111avim kosturima nebodera, podzemnih \u017eeljeznica ili kanalizacija u New Yorku, Londonu ili Tokiju; izvla\u010dit \u0107e na\u0161e mrtve iz njihovih grobova, prou\u010davat \u0107e ih onako kako mi danas prou\u010davamo drevne egipatske mumije; poku\u0161avat \u0107e de\u0161ifrirati na\u0161 jezik i na\u0161e pismo i shvatiti tko smo bili. Mo\u017eda je te\u0161ko zamisliti da se na\u0161e grobnice, gra\u0111evine i pokojnici tretiraju onako kako mi danas tretiramo drevne arheolo\u0161ke nalaze, ali gotovo je sigurno da si to nije mogla zamisliti ni mumija koju smo upravo iskopali.<\/p>\n\n\n\n<p>Naravno, nema pravog odgovora na ovakvo pitanje. Mnoga pitanja kojima \u0107emo se baviti u ovoj knjizi tako\u0111er ne\u0107e imati odgovora. Mo\u017eda su ba\u0161 zato toliko zanimljiva.<\/p>\n\n\n\n<p>Ekstrapolacija dokaza iz pro\u0161losti na doga\u0111aje iz budu\u0107nosti lako prelazi u \u010disto naga\u0111anje. \u010cim zamislimo da se pro\u0161li doga\u0111aji mogu ponoviti u budu\u0107nosti zna\u010di da se ve\u0107 bavimo znanstvenom fantastikom. Tanka je linija izme\u0111u \u010dinjeni\u010dne povijesti i nedokazive, spekulativne fantastike. Trenutak u kojemu \u017eivimo to\u010dka je u kojoj se te dvije stvari \u2013 \u010dvrsta kronologija zabilje\u017eenih imena i datuma te naga\u0111anja i alternativne stvarnosti mogu\u0107ih budu\u0107nosti \u2013 susre\u0107u. Zami\u0161ljanje da svijet dvadeset i prvog stolje\u0107a poga\u0111a smrtonosna epidemija nalik na pandemije koje su se doga\u0111ale u pro\u0161losti pripada svijetu fantazije, a istodobno je takav doga\u0111aj uistinu mogu\u0107 i mnogo se puta dogodio. Gdje je poveznica izme\u0111u \u010dinjeni\u010dne povijesti i spekulativne budu\u0107nosti?<\/p>\n\n\n\n<p>Re\u010deno mi je da bi sve konvencionalne knjige trebale odgovarati na pitanja, ili barem imati \u010dvrstu jezgru argumenata. Ako je tome tako, ovo ne\u0107e biti konvencionalna knjiga. Ovdje je rije\u010d o zbirci labavo povezanih vinjeta. Ni\u0161ta ne poku\u0161avam dokazati, \u0161to je u skladu i sa na\u0161im pristupom podcastu. Povijesti pristupam kao nestru\u010dnjak, \u0161to je ono \u0161to ja i jesam. Povjesni\u010dari, politolozi, geografi, fizi\u010dari, sociolozi, filozofi, spisatelji i op\u0107enito intelektualci stolje\u0107ima su razmatrali pitanja kojima se bavimo u ovoj knjizi, a svaki im je pristupio pomo\u0107u vlastitih metoda i promatrao ih kroz prizmu vlastitoga doba, stru\u010dnosti i kulture.\u201d<\/p>\n\n\n\n<hr class=\"wp-block-separator\"\/>\n\n\n\n<p>PREVODITELJ: Ana Bri\u0161ki \u0110ur\u0111evac<\/p>\n\n\n\n<p>GODINA IZDANJA: 2020<\/p>\n\n\n\n<p>JEZIK IZDANJA: Hrvatski<\/p>\n\n\n\n<p>NAKLADNIK: KONCEPT IZDAVA\u0160TVO J.D.O.O.<\/p>\n\n\n\n<p>BROJ STRANICA\u00a0: 300 stranica<\/p>\n\n\n\n<hr class=\"wp-block-separator\"\/>\n\n\n\n<p>Izvor: \u00a0<a href=\"https:\/\/znanje.hr\/product\/kraj-je-uvijek-blizu\/406466\">https:\/\/znanje.hr\/product\/kraj-je-uvijek-blizu\/406466<\/a><\/p>\n\n\n\n<hr class=\"wp-block-separator\"\/>\n","protected":false},"excerpt":{"rendered":"","protected":false},"author":2,"featured_media":22726,"comment_status":"open","ping_status":"open","sticky":false,"template":"","format":"standard","meta":{"_acf_changed":false,"jetpack_post_was_ever_published":false,"_jetpack_newsletter_access":"","_jetpack_dont_email_post_to_subs":false,"_jetpack_newsletter_tier_id":0,"_jetpack_memberships_contains_paywalled_content":false,"_jetpack_memberships_contains_paid_content":false,"footnotes":"","jetpack_publicize_message":"","jetpack_publicize_feature_enabled":true,"jetpack_social_post_already_shared":true,"jetpack_social_options":{"image_generator_settings":{"template":"highway","default_image_id":0,"font":"","enabled":false},"version":2}},"categories":[8,3],"tags":[],"class_list":["post-22725","post","type-post","status-publish","format-standard","has-post-thumbnail","hentry","category-knjige","category-novosti"],"acf":{"facebook_opis":""},"jetpack_publicize_connections":[],"jetpack_featured_media_url":"https:\/\/i0.wp.com\/historiografija.hr\/wp-content\/uploads\/2020\/09\/Kraj.jpg?fit=360%2C552&ssl=1","jetpack_sharing_enabled":true,"jetpack-related-posts":[{"id":52520,"url":"https:\/\/historiografija.hr\/?p=52520","url_meta":{"origin":22725,"position":0},"title":"Predstavljanje knjige &#8220;Socialist Economics in Yugoslavia: A Critical History&#8221; u Zagrebu","author":"Branimir Jankovi\u0107","date":"17. travnja 2026.","format":false,"excerpt":"Pozivamo vas na predstavljanje knjige \"Socialist Economics in Yugoslavia: A Critical History\", autora Mislava \u00a0\u017ditka i Marka Grde\u0161i\u0107a (Routledge, 2026). Na predstavljanju \u0107e govoriti Branko Milanovi\u0107 (CUNY), Milica Uvali\u0107 (EUI), Zdravko Petak (FPZG) te autori.\u00a0 Predstavljanje \u0107e se odr\u017eati u srijedu 22. travnja u 16:00 sati na Fakultetu politi\u010dkih znanosti\u2026","rel":"","context":"U &quot;Novosti&quot;","block_context":{"text":"Novosti","link":"https:\/\/historiografija.hr\/?cat=3"},"img":{"alt_text":"","src":"https:\/\/i0.wp.com\/historiografija.hr\/wp-content\/uploads\/2026\/04\/Poziv-na-predstavljanje.png?fit=800%2C652&ssl=1&resize=350%2C200","width":350,"height":200,"srcset":"https:\/\/i0.wp.com\/historiografija.hr\/wp-content\/uploads\/2026\/04\/Poziv-na-predstavljanje.png?fit=800%2C652&ssl=1&resize=350%2C200 1x, https:\/\/i0.wp.com\/historiografija.hr\/wp-content\/uploads\/2026\/04\/Poziv-na-predstavljanje.png?fit=800%2C652&ssl=1&resize=525%2C300 1.5x, https:\/\/i0.wp.com\/historiografija.hr\/wp-content\/uploads\/2026\/04\/Poziv-na-predstavljanje.png?fit=800%2C652&ssl=1&resize=700%2C400 2x"},"classes":[]},{"id":52633,"url":"https:\/\/historiografija.hr\/?p=52633","url_meta":{"origin":22725,"position":1},"title":"POVIJEST TRE\u0160NJEVA\u010cKE GLAZBE: prikupljanje virtualnog fundusa Muzeja susjedstva Tre\u0161njevka","author":"Branimir Jankovi\u0107","date":"23. travnja 2026.","format":false,"excerpt":"utorak 28. 4. 2026. 14 - 18 h Nova BAZA, Nova cesta 66, Zagreb Prvi su dani ljeta 1957. godine. Bo\u017eica Kalafati\u0107 poha\u0111a drugi razred Osnovne \u0161kole Bratstvo i jedinstvo, danas kralja Tomislava, a ide i na muzi\u010dke satove u Mo\u0161\u0107eni\u010dkoj ulici. Na fotografiji s harmonikom u rukama stoji u\u2026","rel":"","context":"U &quot;Novosti&quot;","block_context":{"text":"Novosti","link":"https:\/\/historiografija.hr\/?cat=3"},"img":{"alt_text":"","src":"https:\/\/i0.wp.com\/historiografija.hr\/wp-content\/uploads\/2026\/04\/MST_prikupljanje.jpg?fit=380%2C475&ssl=1&resize=350%2C200","width":350,"height":200},"classes":[]},{"id":52675,"url":"https:\/\/historiografija.hr\/?p=52675","url_meta":{"origin":22725,"position":2},"title":"Predstavljanje knjige Luke Peji\u0107a &#8220;U taboru anarhista: \u017divot Ivana Zeppa&#8221; u Osijeku","author":"Branimir Jankovi\u0107","date":"27. travnja 2026.","format":false,"excerpt":"U \u010detvrtak, 30. travnja 2026.\u00a0u\u00a019.00 sati\u00a0u Klubu knji\u017eare Nova\u00a0(Trg Ante Star\u010devi\u0107a 4, Osijek) odr\u017eat \u0107e se predstavljanje nove knjige Luke Peji\u0107a U taboru anarhista: \u017divot Ivana Zeppa (DAF, 2025.). Uz autora o knjizi \u0107e govoriti recenzent i povjesni\u010dar Nikola Toma\u0161egovi\u0107 te povjesni\u010darka Ana Rajkovi\u0107 Peji\u0107. Razgovor \u0107e moderirati doktorandica\u00a0Valentina Kezi\u0107.\u2026","rel":"","context":"U &quot;Novosti&quot;","block_context":{"text":"Novosti","link":"https:\/\/historiografija.hr\/?cat=3"},"img":{"alt_text":"","src":"https:\/\/i0.wp.com\/historiografija.hr\/wp-content\/uploads\/2025\/11\/Pejic.jpg?fit=574%2C790&ssl=1&resize=350%2C200","width":350,"height":200,"srcset":"https:\/\/i0.wp.com\/historiografija.hr\/wp-content\/uploads\/2025\/11\/Pejic.jpg?fit=574%2C790&ssl=1&resize=350%2C200 1x, https:\/\/i0.wp.com\/historiografija.hr\/wp-content\/uploads\/2025\/11\/Pejic.jpg?fit=574%2C790&ssl=1&resize=525%2C300 1.5x"},"classes":[]},{"id":52631,"url":"https:\/\/historiografija.hr\/?p=52631","url_meta":{"origin":22725,"position":3},"title":"Predavanje Ivana Tepe\u0161a: Djelovanje hrvatske politi\u010dke emigracije","author":"Branimir Jankovi\u0107","date":"23. travnja 2026.","format":false,"excerpt":"Odjel za me\u0111unarodnu suradnju i iseljeni\u0161tvo Matice hrvatske Predavanje Ivana Tepe\u0161a: Djelovanje hrvatske politi\u010dke emigracije Utorak, 28. travnja 2026. u 18:00 sati, Dvorana Ljudevita Jonkea (Mala dvorana MH), Strossmayerov trg 4, Zagreb dr. sc. Ivan Tepe\u0161, Institut za istra\u017eivanje migracija Hrvatska politi\u010dka emigracija obilje\u017eila je polustoljetnu hrvatsku povijest u drugoj\u2026","rel":"","context":"U &quot;Novosti&quot;","block_context":{"text":"Novosti","link":"https:\/\/historiografija.hr\/?cat=3"},"img":{"alt_text":"","src":"","width":0,"height":0},"classes":[]},{"id":52543,"url":"https:\/\/historiografija.hr\/?p=52543","url_meta":{"origin":22725,"position":4},"title":"Znanstveno-stru\u010dni skup \u201eOto\u010dne pu\u010dke pobo\u017enosti: kontinuiteti i transformacije\u201c","author":"Branimir Jankovi\u0107","date":"20. travnja 2026.","format":false,"excerpt":"Najavljujemo\u00a0znanstveno-stru\u010dni skup \u201eOto\u010dne pu\u010dke pobo\u017enosti: kontinuiteti i transformacije\u201c,\u00a0koji \u0107e se odr\u017eati\u00a0u Rabu od 24. do 26. travnja 2026.,\u00a0u organizaciji i uz potporu\u00a0Instituta za etnologiju i folkloristiku, Zagreb, \u00a0Grada Raba, Pu\u010dkog otvorenog u\u010dili\u0161ta Rab i Centra za istra\u017eivanje srednjovjekovne ba\u0161tine Jadrana RIMAH. Skup okuplja vode\u0107e doma\u0107e stru\u010dnjake koji \u0107e kroz niz\u2026","rel":"","context":"U &quot;Novosti&quot;","block_context":{"text":"Novosti","link":"https:\/\/historiografija.hr\/?cat=3"},"img":{"alt_text":"","src":"https:\/\/i0.wp.com\/historiografija.hr\/wp-content\/uploads\/2026\/04\/Skup_Rab.jpg?fit=848%2C1200&ssl=1&resize=350%2C200","width":350,"height":200,"srcset":"https:\/\/i0.wp.com\/historiografija.hr\/wp-content\/uploads\/2026\/04\/Skup_Rab.jpg?fit=848%2C1200&ssl=1&resize=350%2C200 1x, https:\/\/i0.wp.com\/historiografija.hr\/wp-content\/uploads\/2026\/04\/Skup_Rab.jpg?fit=848%2C1200&ssl=1&resize=525%2C300 1.5x, https:\/\/i0.wp.com\/historiografija.hr\/wp-content\/uploads\/2026\/04\/Skup_Rab.jpg?fit=848%2C1200&ssl=1&resize=700%2C400 2x"},"classes":[]},{"id":52569,"url":"https:\/\/historiografija.hr\/?p=52569","url_meta":{"origin":22725,"position":5},"title":"[Predavanje] Ne \u010dekaju\u0107i inspiraciju \u2013 anga\u017eovane intelektualne, kulturalne i umetni\u010dke prakse u me\u0111uratnom periodu: teorija i praksa kriti\u010dke levice u jugoslovenskoj kulturi (YugoLab)","author":"Branimir Jankovi\u0107","date":"21. travnja 2026.","format":false,"excerpt":"U vreme agresivnog ja\u010danja globalne desnice, (pro)fa\u0161isti\u010dkih, rasisti\u010dkih i imperijalisti\u010dkih politika, dok je istovremeno globalna levica izrazito slaba, a progresivni pokreti atomizirani i fragmentisani, va\u017eno je iz savremene perspektive vratiti se revolucionarnim i emancipatorskim zbivanjima u jugoslovenskom (ali i s njima u vezi internacionalnim de\u0161avanjima), kao i dru\u0161tvenoj ulozi kulturalnih\u2026","rel":"","context":"U &quot;Novosti&quot;","block_context":{"text":"Novosti","link":"https:\/\/historiografija.hr\/?cat=3"},"img":{"alt_text":"","src":"","width":0,"height":0},"classes":[]}],"_links":{"self":[{"href":"https:\/\/historiografija.hr\/index.php?rest_route=\/wp\/v2\/posts\/22725","targetHints":{"allow":["GET"]}}],"collection":[{"href":"https:\/\/historiografija.hr\/index.php?rest_route=\/wp\/v2\/posts"}],"about":[{"href":"https:\/\/historiografija.hr\/index.php?rest_route=\/wp\/v2\/types\/post"}],"author":[{"embeddable":true,"href":"https:\/\/historiografija.hr\/index.php?rest_route=\/wp\/v2\/users\/2"}],"replies":[{"embeddable":true,"href":"https:\/\/historiografija.hr\/index.php?rest_route=%2Fwp%2Fv2%2Fcomments&post=22725"}],"version-history":[{"count":2,"href":"https:\/\/historiografija.hr\/index.php?rest_route=\/wp\/v2\/posts\/22725\/revisions"}],"predecessor-version":[{"id":22728,"href":"https:\/\/historiografija.hr\/index.php?rest_route=\/wp\/v2\/posts\/22725\/revisions\/22728"}],"wp:featuredmedia":[{"embeddable":true,"href":"https:\/\/historiografija.hr\/index.php?rest_route=\/wp\/v2\/media\/22726"}],"wp:attachment":[{"href":"https:\/\/historiografija.hr\/index.php?rest_route=%2Fwp%2Fv2%2Fmedia&parent=22725"}],"wp:term":[{"taxonomy":"category","embeddable":true,"href":"https:\/\/historiografija.hr\/index.php?rest_route=%2Fwp%2Fv2%2Fcategories&post=22725"},{"taxonomy":"post_tag","embeddable":true,"href":"https:\/\/historiografija.hr\/index.php?rest_route=%2Fwp%2Fv2%2Ftags&post=22725"}],"curies":[{"name":"wp","href":"https:\/\/api.w.org\/{rel}","templated":true}]}}