{"id":22702,"date":"2020-09-17T20:09:16","date_gmt":"2020-09-17T20:09:16","guid":{"rendered":"http:\/\/historiografija.hr\/?p=22702"},"modified":"2020-09-17T20:09:16","modified_gmt":"2020-09-17T20:09:16","slug":"strucni-skup-tragom-jankovica","status":"publish","type":"post","link":"https:\/\/historiografija.hr\/?p=22702","title":{"rendered":"Stru\u010dni skup \u201eTragom Jankovi\u0107a\u201c"},"content":{"rendered":"\n<p>U Pakracu \u0107e se <strong>18. rujna 2020. godine <\/strong>u <strong>kuriji Jankovi\u0107 <\/strong>odr\u017eati stru\u010dni skup pod nazivom \u201eTragom Jankovi\u0107a\u201c, posve\u0107en&nbsp; Jankovi\u0107ima daruvarskim \u2013 plemi\u0107koj obitelji \u010diji su \u010dlanovi od sredine 18. do sredine 19. stolje\u0107a&nbsp; bili vlasnici pakra\u010dkog vlastelinstva i neizmjerno su va\u017eni za razvoj ovog prostora. Unato\u010d njihovom izuzetnom povijesnom zna\u010daju, jo\u0161 uvijek je povijest ove obitelji u Hrvatskoj nedovoljno istra\u017eena i vrlo slabo valorizirana i prezentirana. Stoga nam je \u017eelja rasvijetliti odre\u0111ene \u010dinjenice, saznati neke nove te ih prezentirati javnosti i na taj na\u010din ukazati na veliki zna\u010daj i ulogu koju je ova obitelj nekada imala.<\/p>\n\n\n\n<p>Stru\u010dni skup \u0107e okupiti vi\u0161e stru\u010dnjaka koji \u0107e po prvi put izlagati o temama usko vezanim uz povijest i vrijeme obitavanja obitelji Jankovi\u0107 na na\u0161em prostoru. Sve radove planiramo, nakon stru\u010dnog skupa, objaviti u obliku e-publikacije, a idu\u0107e godine mogu\u0107e i tiskati kao Zbornik. Skup \u0107e se ove godine odr\u017eati po prvi put zahvaljuju\u0107i pokroviteljstvu Grada Pakraca, a \u017eelja nam je da postane tradicionalan i iz godine u godinu nas oboga\u0107uje novim stru\u010dnim saznanjima.<\/p>\n\n\n\n<p><strong>Stru\u010dni skup, Tragom Jankovi\u0107a, 18.9.2020.<\/strong><\/p>\n\n\n\n<p><strong>Program:<\/strong><\/p>\n\n\n\n<p><strong>11.00<\/strong><\/p>\n\n\n\n<p><strong>Pozdravni uvodni govori<\/strong><\/p>\n\n\n\n<p>Alfreda Petani Grafina, prof. \u2013 ravnateljica Osnovne glazbene \u0161kole Pakrac<\/p>\n\n\n\n<p>Jelena Hihlik, dipl.pov.umj. \u2013&nbsp; ravnateljica Muzeja grada Pakraca<\/p>\n\n\n\n<p><strong>&nbsp;11.20 \u2013 12.00<\/strong><\/p>\n\n\n\n<p>Ivana Domanovi\u0107, mag.educ.hist., Gradski muzej Po\u017eega<\/p>\n\n\n\n<p><strong><em>Ostav\u0161tina obitelji Jankovi\u0107 u Gradskom muzeju u Po\u017eegi<\/em><\/strong><strong>, <\/strong>izlaganje<\/p>\n\n\n\n<p><strong><em>Julije Jankovi\u0107<\/em><\/strong><strong>, <\/strong>izlaganje<\/p>\n\n\n\n<p><strong>&nbsp;12.00 \u2013 12.30<\/strong><\/p>\n\n\n\n<p>Jelena Hihlik, dipl.pov.umj., Muzej grada Pakraca<\/p>\n\n\n\n<p><strong><em>Doprinos \u010dlanova obitelji Jankovi\u0107 razvoju pakra\u010dkog vlastelinstva od sredine 18. do sredine 19.stolje\u0107a<\/em><\/strong><strong>, <\/strong>izlaganje<\/p>\n\n\n\n<p><strong>&nbsp;12.30 \u2013 13.00<\/strong><\/p>\n\n\n\n<p>izv.prof.dr.sc. Katarina Nina Simon\u010di\u010d, Tekstilno-tehnolo\u0161ki fakultet, Zagreb<\/p>\n\n\n\n<p><strong><em>Portreti obitelji Jankovi\u0107\u2013 tragovi odjevno stilskih utjecaja<\/em><\/strong><strong>, izlaganje<\/strong><\/p>\n\n\n\n<p><strong>&nbsp;13.00 \u2013 13.30<\/strong><\/p>\n\n\n\n<p>Ivan Roth, mag. hist. art., Muzej likovnih umjetnosti, Osijek<\/p>\n\n\n\n<p>dr. sc. Ana \u0160itina, Odjel za povijest umjetnosti, Zadar<\/p>\n\n\n\n<p><strong><em>Jankovi\u0107i kao naru\u010ditelji i donatori u Stra\u017eemanu i Bi\u0161kupcima<\/em><\/strong><strong>, izlaganje<\/strong><\/p>\n\n\n\n<p><strong>&nbsp;13.30 \u2013 14.00<\/strong><\/p>\n\n\n\n<p>Zdenko Samar\u017eija, prof.<\/p>\n\n\n\n<p><strong><em>Rat je bolji od mira: pomo\u0107ne prostorije u kasnobaroknim i klasicisti\u010dkim dvorcima Slavonije<\/em><\/strong><strong>, izlaganje<\/strong><\/p>\n\n\n\n<p>Izvor: <a href=\"https:\/\/www.muzej-pakrac.hr\/povijest-grada-pakraca\/strucni-skup-pod-nazivom-tragom-jankovica-u-pakracu-18-rujna-2020-godine\/\">https:\/\/www.muzej-pakrac.hr\/povijest-grada-pakraca\/strucni-skup-pod-nazivom-tragom-jankovica-u-pakracu-18-rujna-2020-godine\/<\/a><\/p>\n\n\n\n<hr class=\"wp-block-separator\"\/>\n","protected":false},"excerpt":{"rendered":"","protected":false},"author":2,"featured_media":22703,"comment_status":"open","ping_status":"open","sticky":false,"template":"","format":"standard","meta":{"_acf_changed":false,"jetpack_post_was_ever_published":false,"_jetpack_newsletter_access":"","_jetpack_dont_email_post_to_subs":false,"_jetpack_newsletter_tier_id":0,"_jetpack_memberships_contains_paywalled_content":false,"_jetpack_memberships_contains_paid_content":false,"footnotes":"","jetpack_publicize_message":"","jetpack_publicize_feature_enabled":true,"jetpack_social_post_already_shared":true,"jetpack_social_options":{"image_generator_settings":{"template":"highway","default_image_id":0,"font":"","enabled":false},"version":2}},"categories":[3,9],"tags":[],"class_list":["post-22702","post","type-post","status-publish","format-standard","has-post-thumbnail","hentry","category-novosti","category-skupovi"],"acf":{"facebook_opis":""},"jetpack_publicize_connections":[],"jetpack_featured_media_url":"https:\/\/i0.wp.com\/historiografija.hr\/wp-content\/uploads\/2020\/09\/plakat-Tragom-Jankovica.jpg?fit=1000%2C1407&ssl=1","jetpack_sharing_enabled":true,"jetpack-related-posts":[{"id":52543,"url":"https:\/\/historiografija.hr\/?p=52543","url_meta":{"origin":22702,"position":0},"title":"Znanstveno-stru\u010dni skup \u201eOto\u010dne pu\u010dke pobo\u017enosti: kontinuiteti i transformacije\u201c","author":"Branimir Jankovi\u0107","date":"20. travnja 2026.","format":false,"excerpt":"Najavljujemo\u00a0znanstveno-stru\u010dni skup \u201eOto\u010dne pu\u010dke pobo\u017enosti: kontinuiteti i transformacije\u201c,\u00a0koji \u0107e se odr\u017eati\u00a0u Rabu od 24. do 26. travnja 2026.,\u00a0u organizaciji i uz potporu\u00a0Instituta za etnologiju i folkloristiku, Zagreb, \u00a0Grada Raba, Pu\u010dkog otvorenog u\u010dili\u0161ta Rab i Centra za istra\u017eivanje srednjovjekovne ba\u0161tine Jadrana RIMAH. Skup okuplja vode\u0107e doma\u0107e stru\u010dnjake koji \u0107e kroz niz\u2026","rel":"","context":"U &quot;Novosti&quot;","block_context":{"text":"Novosti","link":"https:\/\/historiografija.hr\/?cat=3"},"img":{"alt_text":"","src":"https:\/\/i0.wp.com\/historiografija.hr\/wp-content\/uploads\/2026\/04\/Skup_Rab.jpg?fit=848%2C1200&ssl=1&resize=350%2C200","width":350,"height":200,"srcset":"https:\/\/i0.wp.com\/historiografija.hr\/wp-content\/uploads\/2026\/04\/Skup_Rab.jpg?fit=848%2C1200&ssl=1&resize=350%2C200 1x, https:\/\/i0.wp.com\/historiografija.hr\/wp-content\/uploads\/2026\/04\/Skup_Rab.jpg?fit=848%2C1200&ssl=1&resize=525%2C300 1.5x, https:\/\/i0.wp.com\/historiografija.hr\/wp-content\/uploads\/2026\/04\/Skup_Rab.jpg?fit=848%2C1200&ssl=1&resize=700%2C400 2x"},"classes":[]},{"id":52578,"url":"https:\/\/historiografija.hr\/?p=52578","url_meta":{"origin":22702,"position":1},"title":"Poziv za sudjelovanje: XXII. Dani Julija Bene\u0161i\u0107a u Iloku","author":"Branimir Jankovi\u0107","date":"21. travnja 2026.","format":false,"excerpt":"Zavod za lingvisti\u010dka istra\u017eivanja Hrvatske akademije znanosti i umjetnosti, zajedno s Muzejom grada Iloka, organizira XXII. Dane Julija Bene\u0161i\u0107a, koji \u0107e se odr\u017eati od 28. do 30. listopada 2026. u Iloku.\u00a0Teme ovogodi\u0161njih Dana podijeljene su u dvije cjeline: Knji\u017eevno-jezikoslovni d\u00ecv\u0101n s Bene\u0161i\u0107em te Ilok i Srijem u povijesnim stalnicama i\u2026","rel":"","context":"U &quot;Novosti&quot;","block_context":{"text":"Novosti","link":"https:\/\/historiografija.hr\/?cat=3"},"img":{"alt_text":"","src":"https:\/\/i0.wp.com\/historiografija.hr\/wp-content\/uploads\/2019\/10\/HE2_Benesic.jpg?fit=413%2C591&ssl=1&resize=350%2C200","width":350,"height":200},"classes":[]},{"id":52496,"url":"https:\/\/historiografija.hr\/?p=52496","url_meta":{"origin":22702,"position":2},"title":"30 godina Podru\u017enice \u2013 Javno predavanje Matea \u010calu\u0161i\u0107a \u201eSlavonski Brod u Domovinskom ratu\u201c","author":"Branimir Jankovi\u0107","date":"17. travnja 2026.","format":false,"excerpt":"U 2026. navr\u0161ava se trideset godina od osnutka Podru\u017enice za povijest Slavonije, Srijema i Baranje Hrvatskoga instituta za povijest. Obilje\u017eavanje ove zna\u010dajne obljetnice zapo\u010dinje ciklusom javnih povijesnih predavanja znanstvenika Instituta. Tre\u0107e po redu je predavanje Matea \u010calu\u0161i\u0107a \u2013 \u201eSLAVONSKI BROD U DOMOVINSKOM RATU\u201c. Predavanje \u0107e se odr\u017eati 21. travnja 2026.\u2026","rel":"","context":"U &quot;Novosti&quot;","block_context":{"text":"Novosti","link":"https:\/\/historiografija.hr\/?cat=3"},"img":{"alt_text":"","src":"https:\/\/i0.wp.com\/historiografija.hr\/wp-content\/uploads\/2026\/04\/Predavanje-Calusic.png?fit=860%2C1200&ssl=1&resize=350%2C200","width":350,"height":200,"srcset":"https:\/\/i0.wp.com\/historiografija.hr\/wp-content\/uploads\/2026\/04\/Predavanje-Calusic.png?fit=860%2C1200&ssl=1&resize=350%2C200 1x, https:\/\/i0.wp.com\/historiografija.hr\/wp-content\/uploads\/2026\/04\/Predavanje-Calusic.png?fit=860%2C1200&ssl=1&resize=525%2C300 1.5x, https:\/\/i0.wp.com\/historiografija.hr\/wp-content\/uploads\/2026\/04\/Predavanje-Calusic.png?fit=860%2C1200&ssl=1&resize=700%2C400 2x"},"classes":[]},{"id":52573,"url":"https:\/\/historiografija.hr\/?p=52573","url_meta":{"origin":22702,"position":3},"title":"Znanstvena konferencija &#8220;Filozofija odgoja: povijest, praksa, perspektive&#8221;","author":"Branimir Jankovi\u0107","date":"21. travnja 2026.","format":false,"excerpt":"Znanstvena konferencija \"Filozofija odgoja: povijest, praksa, perspektive\" odr\u017eat \u0107e se 23. i 24. travnja 2026. u Konferencijskoj dvorani Knji\u017enice Filozofskog fakulteta u Zagrebu (2. kat).\u00a0Konferencija je organizirana u okviru projekta\u00a0SUMKOS (voditeljica prof. dr. sc. Ivana Zagorac, financiran\u00a0sredstvima NextGenerationEU), uz potporu Odsjeka za filozofiju.\u00a0 Uz izlaga\u010dki dio, konferencija obuhva\u0107a i izlo\u017ebu\u2026","rel":"","context":"U &quot;Novosti&quot;","block_context":{"text":"Novosti","link":"https:\/\/historiografija.hr\/?cat=3"},"img":{"alt_text":"","src":"","width":0,"height":0},"classes":[]},{"id":52539,"url":"https:\/\/historiografija.hr\/?p=52539","url_meta":{"origin":22702,"position":4},"title":"Drugi po redu studentski simpozij &#8220;In fonte veritas&#8221;","author":"Branimir Jankovi\u0107","date":"20. travnja 2026.","format":false,"excerpt":"U srijedu, 22. travnja 2026. godine, u dvorani C 0.4 na Hrvatskom katoli\u010dkom sveu\u010dili\u0161tu odr\u017eat \u0107e se drugi studentski simpozij \u201eIn fonte veritas\". Ovogodi\u0161nja sredi\u0161nja tema simpozija je Papinstvo. Kroz istra\u017eiva\u010dko suo\u010davanje s povijesnim izvorima deset \u0107e studenata predstaviti rezultate svojih istra\u017eivanja o instituciji koja je stolje\u0107ima oblikovala europsku i\u2026","rel":"","context":"U &quot;Novosti&quot;","block_context":{"text":"Novosti","link":"https:\/\/historiografija.hr\/?cat=3"},"img":{"alt_text":"","src":"https:\/\/i0.wp.com\/historiografija.hr\/wp-content\/uploads\/2026\/04\/Papinstvo.png?fit=1024%2C500&ssl=1&resize=350%2C200","width":350,"height":200,"srcset":"https:\/\/i0.wp.com\/historiografija.hr\/wp-content\/uploads\/2026\/04\/Papinstvo.png?fit=1024%2C500&ssl=1&resize=350%2C200 1x, https:\/\/i0.wp.com\/historiografija.hr\/wp-content\/uploads\/2026\/04\/Papinstvo.png?fit=1024%2C500&ssl=1&resize=525%2C300 1.5x, https:\/\/i0.wp.com\/historiografija.hr\/wp-content\/uploads\/2026\/04\/Papinstvo.png?fit=1024%2C500&ssl=1&resize=700%2C400 2x"},"classes":[]},{"id":52633,"url":"https:\/\/historiografija.hr\/?p=52633","url_meta":{"origin":22702,"position":5},"title":"POVIJEST TRE\u0160NJEVA\u010cKE GLAZBE: prikupljanje virtualnog fundusa Muzeja susjedstva Tre\u0161njevka","author":"Branimir Jankovi\u0107","date":"23. travnja 2026.","format":false,"excerpt":"utorak 28. 4. 2026. 14 - 18 h Nova BAZA, Nova cesta 66, Zagreb Prvi su dani ljeta 1957. godine. Bo\u017eica Kalafati\u0107 poha\u0111a drugi razred Osnovne \u0161kole Bratstvo i jedinstvo, danas kralja Tomislava, a ide i na muzi\u010dke satove u Mo\u0161\u0107eni\u010dkoj ulici. Na fotografiji s harmonikom u rukama stoji u\u2026","rel":"","context":"U &quot;Novosti&quot;","block_context":{"text":"Novosti","link":"https:\/\/historiografija.hr\/?cat=3"},"img":{"alt_text":"","src":"https:\/\/i0.wp.com\/historiografija.hr\/wp-content\/uploads\/2026\/04\/MST_prikupljanje.jpg?fit=380%2C475&ssl=1&resize=350%2C200","width":350,"height":200},"classes":[]}],"_links":{"self":[{"href":"https:\/\/historiografija.hr\/index.php?rest_route=\/wp\/v2\/posts\/22702","targetHints":{"allow":["GET"]}}],"collection":[{"href":"https:\/\/historiografija.hr\/index.php?rest_route=\/wp\/v2\/posts"}],"about":[{"href":"https:\/\/historiografija.hr\/index.php?rest_route=\/wp\/v2\/types\/post"}],"author":[{"embeddable":true,"href":"https:\/\/historiografija.hr\/index.php?rest_route=\/wp\/v2\/users\/2"}],"replies":[{"embeddable":true,"href":"https:\/\/historiografija.hr\/index.php?rest_route=%2Fwp%2Fv2%2Fcomments&post=22702"}],"version-history":[{"count":1,"href":"https:\/\/historiografija.hr\/index.php?rest_route=\/wp\/v2\/posts\/22702\/revisions"}],"predecessor-version":[{"id":22704,"href":"https:\/\/historiografija.hr\/index.php?rest_route=\/wp\/v2\/posts\/22702\/revisions\/22704"}],"wp:featuredmedia":[{"embeddable":true,"href":"https:\/\/historiografija.hr\/index.php?rest_route=\/wp\/v2\/media\/22703"}],"wp:attachment":[{"href":"https:\/\/historiografija.hr\/index.php?rest_route=%2Fwp%2Fv2%2Fmedia&parent=22702"}],"wp:term":[{"taxonomy":"category","embeddable":true,"href":"https:\/\/historiografija.hr\/index.php?rest_route=%2Fwp%2Fv2%2Fcategories&post=22702"},{"taxonomy":"post_tag","embeddable":true,"href":"https:\/\/historiografija.hr\/index.php?rest_route=%2Fwp%2Fv2%2Ftags&post=22702"}],"curies":[{"name":"wp","href":"https:\/\/api.w.org\/{rel}","templated":true}]}}