{"id":22624,"date":"2020-09-11T11:53:52","date_gmt":"2020-09-11T11:53:52","guid":{"rendered":"http:\/\/historiografija.hr\/?p=22624"},"modified":"2020-09-11T11:53:52","modified_gmt":"2020-09-11T11:53:52","slug":"medunarodni-znanstveni-skup-hrvatski-ban-nikola-vii-zrinski-zivot-i-djelo-1620-1664-povodom-400-obljetnice-rodenja","status":"publish","type":"post","link":"https:\/\/historiografija.hr\/?p=22624","title":{"rendered":"Me\u0111unarodni znanstveni skup \u201cHrvatski ban Nikola VII. Zrinski: \u017divot i djelo (1620. &#8211; 1664.), povodom 400. obljetnice ro\u0111enja\u201d"},"content":{"rendered":"\n<p>Vrijeme doga\u0111anja: subota, 12. rujna 2020., 10 \u2013 13 h<br>Mjesto doga\u0111anja: Muzejsko-informativni centar MIC, Muzej Me\u0111imurja \u010cakovec<br>Pokrovitelj: Me\u0111imurska \u017eupanija<br>Glavni organizator: Dru\u017eba \u201eBra\u0107a Hrvatskog Zmaja\u201c \u2013 Zmajski stol \u010cakovec<br>Suorganizatori: Muzej Me\u0111imurja \u010cakovec, Hrvatska akademija znanosti i umjetnosti HAZU, Znanstveni zavod Hrvata u Ma\u0111arskoj, Hrvatski institut za povijest, Ogranak Matice hrvatske u \u010cakovcu, Zrinska garda \u010cakovec, Zrinski konjanici \u010cakovec<\/p>\n\n\n\n<p>Tijekom \u010ditave 2020. godine obilje\u017eavamo 400. obljetnicu ro\u0111enja Nikole VII. Zrinskog \u010cakove\u010dkog. Jedno od glavnih doga\u0111anja je znanstveni skup na temu lika i djela ovog hrvatskog bana, vojskovo\u0111e, knji\u017eevnika i humaniste prepoznatog i hvaljenog na svim europskim dvorovima svoga vremena.<\/p>\n\n\n\n<p>S obzirom na epidemiolo\u0161ku situaciju vezanu uz koronavirus i pridr\u017eavaju\u0107i se mjera epidemiologa Zavoda za javno zdravstvo Me\u0111imurske \u017eupanije, skup \u0107e biti ograni\u010den na 20 osoba. Na skupu \u0107e biti prisutni samo izlaga\u010di i organizatori te na kratko i mediji. Umjesto predvi\u0111enih dva dana, skup \u0107e se odr\u017eati samo jedan dan, u subotu 12. rujna 2020.<\/p>\n\n\n\n<p>Za zainteresirane uz tekst prila\u017eemo bro\u0161uru skupa u <a href=\"https:\/\/mmc.hr\/vijesti\/v20200909\/nikola_zrinski_znanstveni_skup_brosura.pdf\" target=\"_blank\" rel=\"noreferrer noopener\">pdf formatu<\/a> sa sa\u017eecima predvi\u0111enih predavanja. Naknadno \u0107e biti tiskana i knjiga s cijelim znanstvenim i stru\u010dnim tekstovima sa skupa, tako da publika ne\u0107e biti zakinuta.<\/p>\n\n\n\n<p>Popis prijavljenih izlaganja:<\/p>\n\n\n\n<ol class=\"wp-block-list\" type=\"1\"><li>Prof. dr. sc. Hrvoje Petri\u0107, <em>O Nikoli VII. Zrinskom i njegovom dobu<\/em><\/li><li>Prof. dr. sc. mons. Juraj Kolari\u0107, <em>Crkvene prilike u Hrvatskoj u XVII. stolje\u0107u<\/em><\/li><li>Akademik Dragutin Feletar, <em>Nikola VII. <\/em><em>Zrinski i Legrad<\/em><\/li><li>Dr. sc. prof. em. Stjepan Hranjec, <em>Ban u stihu<\/em><\/li><li>Doc. dr. sc. An\u0111elko Vla\u0161i\u0107, <em>Nikola VII. Zrinski u autografu Putopisa Evlije \u010celebija<\/em><\/li><li>Prof. dr. sc. Petar Feletar, <em>Sustav obrane na Muri u doba Nikole VII. Zrinskog<\/em><\/li><li>Dr. sc. prof. em. Alojz Jembrih, <em>Nikola VII. Zrinski u njema\u010dkom romanu (1799.) i kajkavskom izdanju (1833.)<\/em><\/li><li>Mr. sc. Marijan Kalapuri\u0107, <em>Va\u0161varski mir u dr\u017eavnom arhivu Austrije<\/em><\/li><li>Mr. sc. Ivan Zvonar, <em>Post St. Gotthard 1664. \u2013 Transformacija isto\u010dno\u0161tajerskih legendi o Babjem klanjcu u Povjesticama Stanka Vraza<\/em><\/li><li>Mr. sc. Nikola Cik, <em>Spomenici Nikole VII. Zrinskog<\/em><\/li><li>Mr. sc. Markus Pili\u0107, <em>Nikola VII. Zrinski: vojskovo\u0111a i utemeljitelj vojne znanosti u Hrvatskoj i Ugarskoj<\/em><\/li><li>Mr. sc. Vladimir Kal\u0161an, <em>Nikola VII. Zrinski \u010cakove\u010dki \u2013 vitez zlatnog runa<\/em><\/li><li>Mag. educ. hist. Magdalena Vrbanec, <em>Suvremena prezentacija ba\u0161tine Zrinskih u Muzeju Me\u0111imurja \u010cakovec<\/em><\/li><li>Mr. sc. Niko Maras, <em>Nikola VII. Zrinski u ud\u017ebenicima povijesti<\/em><\/li><li>Prof. dr. Pad\u00e1nyi J\u00f3zsef, <em>Po tragovima naoru\u017eanja Zrinskih<\/em><\/li><li>Dr. Vegh Ferenc, <em>Sudjelovanje Nikole Zrinskog u Tridestogodi\u0161njem ratu (1618 \u20131648)<\/em><\/li><li>Prof. dr. Szabolcs Varga, <em>Uni\u0161tenje Sulejmanovog mosta na Dravi 1664, to\u010dnije: Zimska kampanja 1664<\/em><\/li><li>Dr. sc. L\u00e1szl\u00f3 V\u00e1ndor, <em>Sada\u0161nji rezultati arheolo\u0161kih istra\u017eivanja Novog Zrina \u2013 istra\u017eivanje dvorca Weilhof<\/em><\/li><li>G\u00e1bor Hausner, <em>Zrinski u narodima Austro-Ugarske Monarhije na po\u010detku 20. stolje\u0107a<\/em><\/li><\/ol>\n\n\n\n<p>Izvor: <a href=\"https:\/\/mmc.hr\/vijesti\/v20200909.html\">https:\/\/mmc.hr\/vijesti\/v20200909.html<\/a><\/p>\n\n\n\n<hr class=\"wp-block-separator\"\/>\n","protected":false},"excerpt":{"rendered":"","protected":false},"author":2,"featured_media":22625,"comment_status":"open","ping_status":"open","sticky":false,"template":"","format":"standard","meta":{"_acf_changed":false,"jetpack_post_was_ever_published":false,"_jetpack_newsletter_access":"","_jetpack_dont_email_post_to_subs":false,"_jetpack_newsletter_tier_id":0,"_jetpack_memberships_contains_paywalled_content":false,"_jetpack_memberships_contains_paid_content":false,"footnotes":"","jetpack_publicize_message":"","jetpack_publicize_feature_enabled":true,"jetpack_social_post_already_shared":true,"jetpack_social_options":{"image_generator_settings":{"template":"highway","default_image_id":0,"font":"","enabled":false},"version":2}},"categories":[3,9],"tags":[],"class_list":["post-22624","post","type-post","status-publish","format-standard","has-post-thumbnail","hentry","category-novosti","category-skupovi"],"acf":{"facebook_opis":""},"jetpack_publicize_connections":[],"jetpack_featured_media_url":"https:\/\/i0.wp.com\/historiografija.hr\/wp-content\/uploads\/2020\/09\/Zrinski.jpg?fit=999%2C434&ssl=1","jetpack_sharing_enabled":true,"jetpack-related-posts":[{"id":52578,"url":"https:\/\/historiografija.hr\/?p=52578","url_meta":{"origin":22624,"position":0},"title":"Poziv za sudjelovanje: XXII. Dani Julija Bene\u0161i\u0107a u Iloku","author":"Branimir Jankovi\u0107","date":"21. travnja 2026.","format":false,"excerpt":"Zavod za lingvisti\u010dka istra\u017eivanja Hrvatske akademije znanosti i umjetnosti, zajedno s Muzejom grada Iloka, organizira XXII. Dane Julija Bene\u0161i\u0107a, koji \u0107e se odr\u017eati od 28. do 30. listopada 2026. u Iloku.\u00a0Teme ovogodi\u0161njih Dana podijeljene su u dvije cjeline: Knji\u017eevno-jezikoslovni d\u00ecv\u0101n s Bene\u0161i\u0107em te Ilok i Srijem u povijesnim stalnicama i\u2026","rel":"","context":"U &quot;Novosti&quot;","block_context":{"text":"Novosti","link":"https:\/\/historiografija.hr\/?cat=3"},"img":{"alt_text":"","src":"https:\/\/i0.wp.com\/historiografija.hr\/wp-content\/uploads\/2019\/10\/HE2_Benesic.jpg?fit=413%2C591&ssl=1&resize=350%2C200","width":350,"height":200},"classes":[]},{"id":52502,"url":"https:\/\/historiografija.hr\/?p=52502","url_meta":{"origin":22624,"position":1},"title":"Novi znanstveni projekt Hrvatskog instituta za povijest: \u201c\u017drtve ratova i dr\u017eavnog\/politi\u010dkog nasilja u hrvatskoj povijesti 20. stolje\u0107a\u201d","author":"Branimir Jankovi\u0107","date":"17. travnja 2026.","format":false,"excerpt":"Na redovitoj sjednici Vlade RH, 16. travnja 2026., donijet je Zaklju\u010dak kojim se pokre\u0107e znanstveni projekt \u201c\u017drtve ratova i dr\u017eavnog\/politi\u010dkog nasilja u hrvatskoj povijesti 20. stolje\u0107a\u201d. Projekt \u0107e provoditi i koordinirati Hrvatski institut za povijest u razdoblju trajanja projekta od pet godina. Zakljucak Vlade RH Iz teksta projektnog prijedloga: Problematika\u2026","rel":"","context":"U &quot;Novosti&quot;","block_context":{"text":"Novosti","link":"https:\/\/historiografija.hr\/?cat=3"},"img":{"alt_text":"","src":"https:\/\/i0.wp.com\/historiografija.hr\/wp-content\/uploads\/2026\/04\/Vlada-RH.jpg?fit=1200%2C557&ssl=1&resize=350%2C200","width":350,"height":200,"srcset":"https:\/\/i0.wp.com\/historiografija.hr\/wp-content\/uploads\/2026\/04\/Vlada-RH.jpg?fit=1200%2C557&ssl=1&resize=350%2C200 1x, https:\/\/i0.wp.com\/historiografija.hr\/wp-content\/uploads\/2026\/04\/Vlada-RH.jpg?fit=1200%2C557&ssl=1&resize=525%2C300 1.5x, https:\/\/i0.wp.com\/historiografija.hr\/wp-content\/uploads\/2026\/04\/Vlada-RH.jpg?fit=1200%2C557&ssl=1&resize=700%2C400 2x, https:\/\/i0.wp.com\/historiografija.hr\/wp-content\/uploads\/2026\/04\/Vlada-RH.jpg?fit=1200%2C557&ssl=1&resize=1050%2C600 3x"},"classes":[]},{"id":52559,"url":"https:\/\/historiografija.hr\/?p=52559","url_meta":{"origin":22624,"position":2},"title":"Dobitnici dr\u017eavne nagrade za znanost za 2024. godinu","author":"Branimir Jankovi\u0107","date":"20. travnja 2026.","format":false,"excerpt":"Na sjednici Odbora za podjelu dr\u017eavnih nagrada za znanost odr\u017eanoj 16. travnja 2026. godine donesena je Odluka o dodjeli dr\u017eavnih nagrada za znanost za 2024. godinu. Godi\u0161njom nagradom za popularizaciju i promid\u017ebu znanosti nagra\u0111eni su u podru\u010dju humanisti\u010dkih znanosti znanstveni suradnici dr. sc. Josip Mihaljevi\u0107 i dr. sc. Gordan Ravan\u010di\u0107,\u2026","rel":"","context":"U &quot;Novosti&quot;","block_context":{"text":"Novosti","link":"https:\/\/historiografija.hr\/?cat=3"},"img":{"alt_text":"","src":"https:\/\/i0.wp.com\/historiografija.hr\/wp-content\/uploads\/2021\/12\/povijesne-kontroverze.jpg?fit=1200%2C675&ssl=1&resize=350%2C200","width":350,"height":200,"srcset":"https:\/\/i0.wp.com\/historiografija.hr\/wp-content\/uploads\/2021\/12\/povijesne-kontroverze.jpg?fit=1200%2C675&ssl=1&resize=350%2C200 1x, https:\/\/i0.wp.com\/historiografija.hr\/wp-content\/uploads\/2021\/12\/povijesne-kontroverze.jpg?fit=1200%2C675&ssl=1&resize=525%2C300 1.5x, https:\/\/i0.wp.com\/historiografija.hr\/wp-content\/uploads\/2021\/12\/povijesne-kontroverze.jpg?fit=1200%2C675&ssl=1&resize=700%2C400 2x, https:\/\/i0.wp.com\/historiografija.hr\/wp-content\/uploads\/2021\/12\/povijesne-kontroverze.jpg?fit=1200%2C675&ssl=1&resize=1050%2C600 3x"},"classes":[]},{"id":52660,"url":"https:\/\/historiografija.hr\/?p=52660","url_meta":{"origin":22624,"position":3},"title":"Medijski odjeci \u010dlanka Steve \u0110ura\u0161kovi\u0107a \u201e\u017dupanovljeva ne\u017eeljena djeca: ideolo\u0161ko pribli\u017eavanje neoliberala i kr\u0161\u0107anske radikalne desnice u Hrvatskoj\u201c","author":"Branimir Jankovi\u0107","date":"24. travnja 2026.","format":false,"excerpt":"U sklopu projekta \u201eIzazovi intelektualne povijesti: recepcije, preobrazbe i upotrebe politi\u010dkih ideja\u201c objavljen je polemi\u010dki \u010dlanak Steve \u0110ura\u0161kovi\u0107a \u201e\u017dupanovljeva ne\u017eeljena djeca: ideolo\u0161ko pribli\u017eavanje neoliberala i kr\u0161\u0107anske radikalne desnice u Hrvatskoj\u201c, koji je izazvao odre\u0111ene medijske reakcije. Stevo \u0110ura\u0161kovi\u0107 \u017dupanovljeva ne\u017eeljena djeca: ideolo\u0161ko pribli\u017eavanje neoliberala i kr\u0161\u0107anske radikalne desnice u Hrvatskoj\u2026","rel":"","context":"U &quot;Novosti&quot;","block_context":{"text":"Novosti","link":"https:\/\/historiografija.hr\/?cat=3"},"img":{"alt_text":"","src":"https:\/\/i0.wp.com\/historiografija.hr\/wp-content\/uploads\/2026\/04\/SD.png?fit=809%2C821&ssl=1&resize=350%2C200","width":350,"height":200,"srcset":"https:\/\/i0.wp.com\/historiografija.hr\/wp-content\/uploads\/2026\/04\/SD.png?fit=809%2C821&ssl=1&resize=350%2C200 1x, https:\/\/i0.wp.com\/historiografija.hr\/wp-content\/uploads\/2026\/04\/SD.png?fit=809%2C821&ssl=1&resize=525%2C300 1.5x, https:\/\/i0.wp.com\/historiografija.hr\/wp-content\/uploads\/2026\/04\/SD.png?fit=809%2C821&ssl=1&resize=700%2C400 2x"},"classes":[]},{"id":52592,"url":"https:\/\/historiografija.hr\/?p=52592","url_meta":{"origin":22624,"position":4},"title":"Predstavljanje knjige &#8220;Turska ku\u0107a u Rijeci&#8221; u Zagrebu","author":"Branimir Jankovi\u0107","date":"22. travnja 2026.","format":false,"excerpt":"U prostorijama Turskog kulturnog centra Yunus Emre u Zagrebu, u utorak 21. travnja 2026. godine, odr\u017eano je sve\u010dano predstavljanje dopunjenog izdanja knjige Turska ku\u0107a u Rijeci, u organizaciji Hrvatsko-turskog dru\u0161tva Rijeka i partnerstvu sa Skupinom prijateljstva Hrvatska-Turska Hrvatskog sabora, Veleposlanstvom Republike Turske u Republici Hrvatskoj te Turskim kulturnim centrom Yunus\u2026","rel":"","context":"U &quot;Novosti&quot;","block_context":{"text":"Novosti","link":"https:\/\/historiografija.hr\/?cat=3"},"img":{"alt_text":"","src":"https:\/\/i0.wp.com\/historiografija.hr\/wp-content\/uploads\/2026\/04\/Turska-kuca-ZG.jpg?fit=1200%2C800&ssl=1&resize=350%2C200","width":350,"height":200,"srcset":"https:\/\/i0.wp.com\/historiografija.hr\/wp-content\/uploads\/2026\/04\/Turska-kuca-ZG.jpg?fit=1200%2C800&ssl=1&resize=350%2C200 1x, https:\/\/i0.wp.com\/historiografija.hr\/wp-content\/uploads\/2026\/04\/Turska-kuca-ZG.jpg?fit=1200%2C800&ssl=1&resize=525%2C300 1.5x, https:\/\/i0.wp.com\/historiografija.hr\/wp-content\/uploads\/2026\/04\/Turska-kuca-ZG.jpg?fit=1200%2C800&ssl=1&resize=700%2C400 2x, https:\/\/i0.wp.com\/historiografija.hr\/wp-content\/uploads\/2026\/04\/Turska-kuca-ZG.jpg?fit=1200%2C800&ssl=1&resize=1050%2C600 3x"},"classes":[]},{"id":52666,"url":"https:\/\/historiografija.hr\/?p=52666","url_meta":{"origin":22624,"position":5},"title":"Najava programa Festivala povijesti Kliofest (5-8. V. 2026)","author":"Branimir Jankovi\u0107","date":"24. travnja 2026.","format":false,"excerpt":"Po trinaesti put odr\u017eava se Festival povijesti Kliofest! Do petka \u0107emo odr\u017eati osam okruglih stolova i dva kolokvija te niz predstavljanja knjiga i projekata razli\u010dite tematike, od antike do suvremenosti. Bit \u0107e predstavljeno i nekoliko izlo\u017ebi te odr\u017ean jedan povijesni kviz. Prikazat \u0107emo i jedan film \u2013 o generalu Boroevi\u0107u.\u2026","rel":"","context":"U &quot;Novosti&quot;","block_context":{"text":"Novosti","link":"https:\/\/historiografija.hr\/?cat=3"},"img":{"alt_text":"","src":"https:\/\/i0.wp.com\/historiografija.hr\/wp-content\/uploads\/2026\/04\/Kliofest-2026.jpg?fit=526%2C526&ssl=1&resize=350%2C200","width":350,"height":200,"srcset":"https:\/\/i0.wp.com\/historiografija.hr\/wp-content\/uploads\/2026\/04\/Kliofest-2026.jpg?fit=526%2C526&ssl=1&resize=350%2C200 1x, https:\/\/i0.wp.com\/historiografija.hr\/wp-content\/uploads\/2026\/04\/Kliofest-2026.jpg?fit=526%2C526&ssl=1&resize=525%2C300 1.5x"},"classes":[]}],"_links":{"self":[{"href":"https:\/\/historiografija.hr\/index.php?rest_route=\/wp\/v2\/posts\/22624","targetHints":{"allow":["GET"]}}],"collection":[{"href":"https:\/\/historiografija.hr\/index.php?rest_route=\/wp\/v2\/posts"}],"about":[{"href":"https:\/\/historiografija.hr\/index.php?rest_route=\/wp\/v2\/types\/post"}],"author":[{"embeddable":true,"href":"https:\/\/historiografija.hr\/index.php?rest_route=\/wp\/v2\/users\/2"}],"replies":[{"embeddable":true,"href":"https:\/\/historiografija.hr\/index.php?rest_route=%2Fwp%2Fv2%2Fcomments&post=22624"}],"version-history":[{"count":1,"href":"https:\/\/historiografija.hr\/index.php?rest_route=\/wp\/v2\/posts\/22624\/revisions"}],"predecessor-version":[{"id":22626,"href":"https:\/\/historiografija.hr\/index.php?rest_route=\/wp\/v2\/posts\/22624\/revisions\/22626"}],"wp:featuredmedia":[{"embeddable":true,"href":"https:\/\/historiografija.hr\/index.php?rest_route=\/wp\/v2\/media\/22625"}],"wp:attachment":[{"href":"https:\/\/historiografija.hr\/index.php?rest_route=%2Fwp%2Fv2%2Fmedia&parent=22624"}],"wp:term":[{"taxonomy":"category","embeddable":true,"href":"https:\/\/historiografija.hr\/index.php?rest_route=%2Fwp%2Fv2%2Fcategories&post=22624"},{"taxonomy":"post_tag","embeddable":true,"href":"https:\/\/historiografija.hr\/index.php?rest_route=%2Fwp%2Fv2%2Ftags&post=22624"}],"curies":[{"name":"wp","href":"https:\/\/api.w.org\/{rel}","templated":true}]}}