{"id":2261,"date":"2016-05-17T22:00:05","date_gmt":"2016-05-17T22:00:05","guid":{"rendered":"http:\/\/historiografija.hr\/?p=2261"},"modified":"2022-09-19T13:45:32","modified_gmt":"2022-09-19T13:45:32","slug":"virtualna-izlozba-objesili-su-smerdjakova","status":"publish","type":"post","link":"https:\/\/historiografija.hr\/?p=2261","title":{"rendered":"Virtualna izlo\u017eba &#8220;Objesili su Smerdjakova&#8221;"},"content":{"rendered":"<h4 align=\"justify\">Hrvatski povijesni muzej u Zagrebu<\/h4>\n<h4 align=\"justify\"><span style=\"font-weight:normal;mso-bidi-font-weight:bold\">&nbsp;<\/span><\/h4>\n<h4 align=\"justify\"><span style=\"font-weight:normal;mso-bidi-font-weight:bold\">&#8220;Objesili su Smerdjakova&#8221;<\/span><\/h4>\n<h4 align=\"justify\"><span style=\"font-weight:normal;mso-bidi-font-weight:bold\">&nbsp;<\/span><\/h4>\n<h4 align=\"justify\"><a href=\"http:\/\/www.hismus.hr\/hr\/izlozbe\/virtualne-izlozbe\/objesili-su-smerdjakova\/\">http:\/\/www.hismus.hr\/hr\/izlozbe\/virtualne-izlozbe\/objesili-su-smerdjakova\/<\/a><\/h4>\n<h4 align=\"justify\">&nbsp;<\/h4>\n<h4 align=\"justify\">\u201eA \u0161to su vam o\u010di po\u017eutjele, Ivane Fjodorovi\u010du? Mu\u010dite se jako? Velim vam da se ni\u010deg ne bojite. Ni\u0161ta ne\u0107u protiv vas iskazati. Gle, kako vam ruke dr\u0161\u0107u. Za\u0161to vam prsti tako igraju? Pa niste vi ubili. A\u2026 ba\u0161 ste vi ubili!\u201c<\/h4>\n<p class=\"MsoNormal\" style=\"mso-margin-top-alt:auto;mso-margin-bottom-alt:auto; line-height:normal\" align=\"justify\"><span style=\"font-size:12.0pt;font-family:\" times=\"\" new=\"\" roman\",\"serif\";=\"\" mso-fareast-font-family:\"times=\"\" roman\";mso-fareast-language:hr\"=\"\">Reski, sarkasti\u010dni, dijaboli\u010dni glas kojim je Janko Raku\u0161a u ulozi Smerdjakova to govorio, kao i mr\u017enja s kojom je gledao Ivana \u2013 sve je to uzdiglo znamenitu scenu iz \u201eBra\u0107e Karamazovih\u201c Dostojevskog na rang posljednjeg suda i gledali\u0161te je sjedilo satrveno.<\/span><\/p>\n<p class=\"MsoNormal\" style=\"mso-margin-top-alt:auto;mso-margin-bottom-alt:auto; line-height:normal\" align=\"justify\"><span style=\"font-size:12.0pt;font-family:\" times=\"\" new=\"\" roman\",\"serif\";=\"\" mso-fareast-font-family:\"times=\"\" roman\";mso-fareast-language:hr\"=\"\"><br \/>\n<\/span><\/p>\n<p class=\"MsoNormal\" style=\"mso-margin-top-alt:auto;mso-margin-bottom-alt:auto; line-height:normal\" align=\"justify\"><span style=\"font-size:12.0pt;font-family:\" times=\"\" new=\"\" roman\",\"serif\";=\"\" mso-fareast-font-family:\"times=\"\" roman\";mso-fareast-language:hr\"=\"\"> Mnogi su na\u0161i daroviti glumci igrali Smerdjakova prije i poslije Raku\u0161e, ali kad su ga nekoliko godina nakon te predstave usta\u0161e objesile, kroz Zagreb je protutnjalo: \u201eObjesili su Smerdjakova.&#8221;<\/span><\/p>\n<p class=\"MsoNormal\" style=\"mso-margin-top-alt:auto;mso-margin-bottom-alt:auto; line-height:normal\" align=\"justify\"><span style=\"font-size:12.0pt;font-family:\" times=\"\" new=\"\" roman\",\"serif\";=\"\" mso-fareast-font-family:\"times=\"\" roman\";mso-fareast-language:hr\"=\"\"><br \/>\nJanko Raku\u0161a je bio anga\u017eiran u Hrvatskom narodnom kazali\u0161tu u Zagrebu od 1934. sve do smrti, u velja\u010di 1945. Kao osvjedo\u010deni antifa\u0161ist i marksist bio je od prvih dana NDH aktivist NOP-a. Prvi put je uhap\u0161en 1. travnja 1942., uo\u010di proslave prve godi\u0161njice NDH u kazali\u0161tu, a drugo hap\u0161enje dogodilo se na Badnjak, 24. prosinca 1944. Zajedno s jo\u0161 29 talaca obje\u0161en je 10. velja\u010de 1945., na stup pored ceste izme\u0111u Remetinca i Savskog mosta (glumac Joso Martin\u010devi\u0107 do\u0107i \u0107e izbezumljen u Kazali\u0161te kazuju\u0107i okupljenima kako je vidio obje\u0161enog kolegu). Dana 21. prosinca 1945. sahranjen je u zajedni\u010dku grobnicu na zagreba\u010dkom Mirogoju, a u Folnegovi\u0107evom naselju u Zagrebu postoji i danas ulica koja nosi njegovo ime. Posljednji nastup Raku\u0161a je imao 17. prosinca 1944. u komediji Kalmana Mesari\u0107a \u201eGospodsko dijete\u201c.<\/span><\/p>\n<p class=\"MsoNormal\" style=\"mso-margin-top-alt:auto;mso-margin-bottom-alt:auto; line-height:normal\" align=\"justify\"><span style=\"font-size:12.0pt;font-family:\" times=\"\" new=\"\" roman\",\"serif\";=\"\" mso-fareast-font-family:\"times=\"\" roman\";mso-fareast-language:hr\"=\"\"><br \/>\nRo\u0111en je 15. svibnja 1901. u Mihalovcima kod Ormo\u017ea. U tre\u0107oj godini \u017eivota umire mu majka te postaje siro\u010de i op\u0107insko dijete. Nakon osnovne \u0161kole u Ormo\u017eu, odlazi u sjemeni\u0161te u Ljubljani i poha\u0111a gimnaziju. S napunjenih 18 godina odlazi iz sjemeni\u0161ta. Dvije godne provodi kao \u010dlan ljubljanske Drame (1919.-1921.) i zavr\u0161ava gluma\u010dku \u0161kolu. Nakon Ljubljane slijede anga\u017emani u Sarajevu, Skoplju, Mariboru, Beogradu, Osijeku, Vara\u017edinu i Splitu da bi 1934. kao jedan od dramskih prvaka dobio stalni anga\u017eman u HNK u Zagrebu gdje ostaje sve do smrti.<\/span><\/p>\n<p class=\"MsoNormal\" style=\"mso-margin-top-alt:auto;mso-margin-bottom-alt:auto; line-height:normal\" align=\"justify\"><span style=\"font-size:12.0pt;font-family:\" times=\"\" new=\"\" roman\",\"serif\";=\"\" mso-fareast-font-family:\"times=\"\" roman\";mso-fareast-language:hr\"=\"\"><br \/>\nZa njegovog neprekidnog desetogodi\u0161njeg djelovanja u HNK u Zagrebu bilo mu je povjereno preko stotinu glavnih uloga (npr. Raskoljnikov u \u201eZlo\u010dinu i kazni\u201c Dostojevskog, Knez od Aragona u \u201eMleta\u010dkom trgovcu\u201c Shakespearea, Stebalce u Cankarovoj drami \u201eZa dobro naroda\u201c, Ananasov u \u201eMilijun muka\u201c Katajeva, nenadma\u0161ivi Mefisto u Goetheovom \u201eFaustu\u201c te ve\u0107 spomenuti nezaboravni Smerdjakov u \u201eBra\u0107i Karamazovima\u201c). Osim brojnih kazali\u0161nih uloga, glumio je i u prvom hrvatskom dugometra\u017enom igranom filmu \u201eLisinski\u201c iz 1944. godine i nikad finaliziranom, posljednjem filmu NDH \u201eRadium \u2013 izvor zraka\u201c (1944.\/45.).<\/span><\/p>\n<p class=\"MsoNormal\" style=\"mso-margin-top-alt:auto;mso-margin-bottom-alt:auto; line-height:normal\" align=\"justify\"><span style=\"font-size:12.0pt;font-family:\" times=\"\" new=\"\" roman\",\"serif\";=\"\" mso-fareast-font-family:\"times=\"\" roman\";mso-fareast-language:hr\"=\"\"><br \/>\nHrvatski povijesni muzej je u o\u017eujku ove godine otvorio izlo\u017ebu \u201e&#8217;45.\u201c, na kojoj je unutar podcjelina <i>Kazali\u0161te<\/i> i <i>Film <\/i>prezentirana pri\u010da o Janku Raku\u0161i. Par dana nakon otvorenja, izlo\u017ebu je posjetio Denis Bav\u010devi\u0107, ne\u0107ak Jerke Raku\u0161e (supruge Janka Raku\u0161e), koji je nedugo zatim Muzeju posudio raznovrsne predmete koji su pripadali Janku Raku\u0161i, a koje je sve do svoje smrti (po\u010detkom 21. stolje\u0107a) \u010duvala Jankova udovica Jerka.<\/span><\/p>\n<p class=\"MsoNormal\" style=\"mso-margin-top-alt:auto;mso-margin-bottom-alt:auto; line-height:normal\" align=\"justify\"><span style=\"font-size:12.0pt;font-family:\" times=\"\" new=\"\" roman\",\"serif\";=\"\" mso-fareast-font-family:\"times=\"\" roman\";mso-fareast-language:hr\"=\"\"><br \/>\n<\/span><\/p>\n<p class=\"MsoNormal\" style=\"mso-margin-top-alt:auto;mso-margin-bottom-alt:auto; line-height:normal\" align=\"justify\"><span style=\"font-size:12.0pt;font-family:\" times=\"\" new=\"\" roman\",\"serif\";=\"\" mso-fareast-font-family:\"times=\"\" roman\";mso-fareast-language:hr\"=\"\"> Ovom virtualom izlo\u017ebom, koja je nastala zahvaljuju\u0107i suradnji s obitelji Bav\u010devi\u0107, a povodom obilje\u017eavanja 115 godina od ro\u0111enja Janka Raku\u0161e, Muzej javnosti prvi put prezentira predmete koji, uz to \u0161to su vrijedno svjedo\u010danstvo jednog turbulentnog vremena, prvenstveno svjedo\u010de o \u017eivotu i tragi\u010dnoj sudbini jednog velikog glumca.<\/span><\/p>\n<p class=\"MsoNormal\" style=\"mso-margin-top-alt:auto;mso-margin-bottom-alt:auto; line-height:normal\" align=\"justify\"><span style=\"font-size:12.0pt;font-family:\" times=\"\" new=\"\" roman\",\"serif\";=\"\" mso-fareast-font-family:\"times=\"\" roman\";mso-fareast-language:hr\"=\"\"><br \/>\n<\/span><\/p>\n<p class=\"MsoNormal\" style=\"mso-margin-top-alt:auto;mso-margin-bottom-alt:auto; line-height:normal;mso-outline-level:6\" align=\"justify\"><b><span style=\"font-size:7.5pt; font-family:\" times=\"\" new=\"\" roman\",\"serif\";mso-fareast-font-family:\"times=\"\" roman\";=\"\" mso-fareast-language:hr\"=\"\"><br \/>\nLiteratura:<\/span><\/b><\/p>\n<p><b> Banovi\u0107, Snje\u017eana. Dr\u017eava i njezino kazali\u0161te : Hrvatsko dr\u017eavno kazali\u0161te u Zagrebu 1941. \u2013 1945. Zagreb : Profil knjiga, 2012.<\/p>\n<p>Duj\u0161in, Dubravko. Smrt Janka Raku\u0161e. \/\/ Novi svijet : popularni tjednik za svakoga, br. 1. Zagreb : Konzorcij novinara, 8. studenog 1945. 7-8<\/p>\n<p>Hrvatski slikopis : \u010dasopis za slikopisnu umjetnost, br. 11, god. II. Zagreb, 1. studenog 1943.<\/p>\n<p>Ivanu\u0161a, Vilko. Janko Raku\u0161a. \/\/ Glas rada : organ Jedinstvenih sindikata radnika i namje\u0161tenika Jugoslavije za Hrvatsku, br. 6. Zagreb : Zemaljski Akcioni odbor Jedinstvenih sindikata radnika i namje\u0161tenika za Hrvatsku, 8. velja\u010de 1946.<\/p>\n<p>Ivanu\u0161a, Vilko. \u010covjek i umjetnik : Janko Raku\u0161a. \/\/ Kazali\u0161te : informativni list Hrvatskog narodnog kazali\u0161ta u Osijeku, br. 22-25. Osijek : HNK-Informativni centar, svibanj &#8211; listopad 1968. 7-9<\/p>\n<p>Ivanu\u0161a, Vilko. Ono \u0161to se ne zaboravlja : Janko Raku\u0161a. \/\/ Kazali\u0161te : informativni list Hrvatskog narodnog kazali\u0161ta u Osijeku. Osijek : HNK-Informativni centar, 16. \u2013 31. listopada 1975. 5<\/p>\n<p>Ivanu\u0161a, Vilko. Janko Raku\u0161a : kazali\u0161ni umjetnik. \/\/ \u201eStra\u017ea\u201c \u2013 Danas, br. 2. 1978.<\/p>\n<p>Petri\u010devi\u0107, Jozo. Deset tisu\u0107a veli\u010danstvenih : borba zagreba\u010dke partijeke organizacije u okupiranom gradu : Intervju Lutve Ahmetovi\u0107a specijalno za \u201eZagreba\u010dku panoramu\u201c. \/\/ Zagreba\u010dka panorama. Zagreb : Privreda, 1978.<\/p>\n<p>Radium \u2013 izvor zraka : novo djelo hrvatske slikopisne proizvodnje. \/\/ Hrvatski slikopis : \u010dasopis za slikopisnu umjetnost, br. 8, god. III. Zagreb, 1. kolovoza 1944. 3-4<\/p>\n<p>Radium : novi uspjeh hrvatske slikopisne proizvodnje. \/\/ Sve za Hrvatsku : slikovni \u010dasopis hrvatskog borca, br. 5, god. II. Zagreb : Odgojni odjel Ministarstva oru\u017eanih snaga, o\u017eujak 1945.<\/p>\n<p>Rafaeli\u0107, Daniel. Kinematografija u NDH. Zagreb : Naklada Ljevak, 2013.<\/p>\n<p>U spomen Janku Raku\u0161i : od njegovih drugova, suradnika u N.O.P. \/\/ Kazali\u0161ni list : tjednik Hrvatskog narodnog kazali\u0161ta u Zagrebu, br. 22, god. 1045.\/46. Zagreb ; HNK, 9 velja\u010de 1946. 4-8<\/p>\n<p>Ungaro, Draga. Posljednja uloga Janka Raku\u0161e : heroji u sje\u0107anju svojih najdra\u017eih. \/\/ Nedjeljni Vjesnik, br. 12. 25.\/26. svibnja 1975.<\/p>\n<p><\/b><b> \u017di\u017ei\u0107, \u017deljko. \u017divotna uloga Janka Raku\u0161e. \/\/ Arena, br. 897. Zagreb ; Arena, 9. o\u017eujka 1982. 30-31<\/b><\/p>\n<p class=\"MsoNormal\" align=\"justify\">&nbsp;<\/p>\n","protected":false},"excerpt":{"rendered":"","protected":false},"author":1,"featured_media":0,"comment_status":"open","ping_status":"open","sticky":false,"template":"","format":"standard","meta":{"_acf_changed":false,"jetpack_post_was_ever_published":false,"_jetpack_newsletter_access":"","_jetpack_dont_email_post_to_subs":false,"_jetpack_newsletter_tier_id":0,"_jetpack_memberships_contains_paywalled_content":false,"_jetpack_memberships_contains_paid_content":false,"footnotes":"","jetpack_publicize_message":"","jetpack_publicize_feature_enabled":true,"jetpack_social_post_already_shared":false,"jetpack_social_options":{"image_generator_settings":{"template":"highway","default_image_id":0,"font":"","enabled":false},"version":2}},"categories":[22,3],"tags":[],"class_list":["post-2261","post","type-post","status-publish","format-standard","hentry","category-kazalisne-predstave","category-novosti"],"acf":{"facebook_opis":""},"jetpack_publicize_connections":[],"jetpack_featured_media_url":"","jetpack_sharing_enabled":true,"jetpack-related-posts":[{"id":52511,"url":"https:\/\/historiografija.hr\/?p=52511","url_meta":{"origin":2261,"position":0},"title":"Izlo\u017eba &#8220;Lica Sljemena&#8221;","author":"Branimir Jankovi\u0107","date":"17. travnja 2026.","format":false,"excerpt":"Srda\u010dno vas pozivamo na otvorenje izlo\u017ebe Lica Sljemena koje \u0107e se odr\u017eati u srijedu 22. travnja 2026. u 18 h ispred Muzeja Prigorja (Trg Dragutina Domjani\u0107a 5, Sesvete). Izlo\u017eba proizlazi iz istra\u017eivanja Nevene \u0160krbi\u0107 Alempijevi\u0107, Petre Kelemen i Sanje Potkonjak te intervjua sa Sljemena\u0161icama i Sljemena\u0161ima, koji su provedeni u\u2026","rel":"","context":"U &quot;Izlo\u017ebe&quot;","block_context":{"text":"Izlo\u017ebe","link":"https:\/\/historiografija.hr\/?cat=10"},"img":{"alt_text":"","src":"https:\/\/i0.wp.com\/historiografija.hr\/wp-content\/uploads\/2026\/04\/Izlozba-Lica-Sljemena.png?fit=1080%2C686&ssl=1&resize=350%2C200","width":350,"height":200,"srcset":"https:\/\/i0.wp.com\/historiografija.hr\/wp-content\/uploads\/2026\/04\/Izlozba-Lica-Sljemena.png?fit=1080%2C686&ssl=1&resize=350%2C200 1x, https:\/\/i0.wp.com\/historiografija.hr\/wp-content\/uploads\/2026\/04\/Izlozba-Lica-Sljemena.png?fit=1080%2C686&ssl=1&resize=525%2C300 1.5x, https:\/\/i0.wp.com\/historiografija.hr\/wp-content\/uploads\/2026\/04\/Izlozba-Lica-Sljemena.png?fit=1080%2C686&ssl=1&resize=700%2C400 2x, https:\/\/i0.wp.com\/historiografija.hr\/wp-content\/uploads\/2026\/04\/Izlozba-Lica-Sljemena.png?fit=1080%2C686&ssl=1&resize=1050%2C600 3x"},"classes":[]},{"id":52573,"url":"https:\/\/historiografija.hr\/?p=52573","url_meta":{"origin":2261,"position":1},"title":"Znanstvena konferencija &#8220;Filozofija odgoja: povijest, praksa, perspektive&#8221;","author":"Branimir Jankovi\u0107","date":"21. travnja 2026.","format":false,"excerpt":"Znanstvena konferencija \"Filozofija odgoja: povijest, praksa, perspektive\" odr\u017eat \u0107e se 23. i 24. travnja 2026. u Konferencijskoj dvorani Knji\u017enice Filozofskog fakulteta u Zagrebu (2. kat).\u00a0Konferencija je organizirana u okviru projekta\u00a0SUMKOS (voditeljica prof. dr. sc. Ivana Zagorac, financiran\u00a0sredstvima NextGenerationEU), uz potporu Odsjeka za filozofiju.\u00a0 Uz izlaga\u010dki dio, konferencija obuhva\u0107a i izlo\u017ebu\u2026","rel":"","context":"U &quot;Novosti&quot;","block_context":{"text":"Novosti","link":"https:\/\/historiografija.hr\/?cat=3"},"img":{"alt_text":"","src":"","width":0,"height":0},"classes":[]},{"id":52569,"url":"https:\/\/historiografija.hr\/?p=52569","url_meta":{"origin":2261,"position":2},"title":"[Predavanje] Ne \u010dekaju\u0107i inspiraciju \u2013 anga\u017eovane intelektualne, kulturalne i umetni\u010dke prakse u me\u0111uratnom periodu: teorija i praksa kriti\u010dke levice u jugoslovenskoj kulturi (YugoLab)","author":"Branimir Jankovi\u0107","date":"21. travnja 2026.","format":false,"excerpt":"U vreme agresivnog ja\u010danja globalne desnice, (pro)fa\u0161isti\u010dkih, rasisti\u010dkih i imperijalisti\u010dkih politika, dok je istovremeno globalna levica izrazito slaba, a progresivni pokreti atomizirani i fragmentisani, va\u017eno je iz savremene perspektive vratiti se revolucionarnim i emancipatorskim zbivanjima u jugoslovenskom (ali i s njima u vezi internacionalnim de\u0161avanjima), kao i dru\u0161tvenoj ulozi kulturalnih\u2026","rel":"","context":"U &quot;Novosti&quot;","block_context":{"text":"Novosti","link":"https:\/\/historiografija.hr\/?cat=3"},"img":{"alt_text":"","src":"","width":0,"height":0},"classes":[]},{"id":52505,"url":"https:\/\/historiografija.hr\/?p=52505","url_meta":{"origin":2261,"position":3},"title":"Izlo\u017eba &#8220;Eschenstock \/ Jasenov prut&#8221;","author":"Branimir Jankovi\u0107","date":"17. travnja 2026.","format":false,"excerpt":"Srpsko narodno vije\u0107e (SNV) i Vizura aperta postavljaju izlo\u017ebu \u0161vicarskog slikara Velimira Ili\u0161evi\u0107a: Eschenstock \/ Jasenov prut. Izlo\u017eba se uz prisustvo autora otvara povodom 81. godi\u0161njice proboja logora\u0161a iz usta\u0161kog logora smrti Jasenovac 22. aprila 2026. u 19 sati u Srpskom kulturnom centru (SKC) u Preradovi\u0107evoj ulici 21 u Zagrebu.\u2026","rel":"","context":"U &quot;Izlo\u017ebe&quot;","block_context":{"text":"Izlo\u017ebe","link":"https:\/\/historiografija.hr\/?cat=10"},"img":{"alt_text":"","src":"https:\/\/i0.wp.com\/historiografija.hr\/wp-content\/uploads\/2026\/04\/Jasenov_prut.jpg?fit=1024%2C640&ssl=1&resize=350%2C200","width":350,"height":200,"srcset":"https:\/\/i0.wp.com\/historiografija.hr\/wp-content\/uploads\/2026\/04\/Jasenov_prut.jpg?fit=1024%2C640&ssl=1&resize=350%2C200 1x, https:\/\/i0.wp.com\/historiografija.hr\/wp-content\/uploads\/2026\/04\/Jasenov_prut.jpg?fit=1024%2C640&ssl=1&resize=525%2C300 1.5x, https:\/\/i0.wp.com\/historiografija.hr\/wp-content\/uploads\/2026\/04\/Jasenov_prut.jpg?fit=1024%2C640&ssl=1&resize=700%2C400 2x"},"classes":[]},{"id":52552,"url":"https:\/\/historiografija.hr\/?p=52552","url_meta":{"origin":2261,"position":4},"title":"Besplatni glazbeni antikvarijat","author":"Branimir Jankovi\u0107","date":"20. travnja 2026.","format":false,"excerpt":"Muzi\u010dka akademija Sveu\u010dili\u0161ta u Zagrebu 23. travnja 2026. od 10 do 17 sati Pozivamo Vas na Besplatni glazbeni antikvarijat, koji u sklopu manifestacije No\u0107 knjige 2026. organizira Hrvatska udruga muzi\u010dkih knji\u017enica, arhiva i dokumentacijskih centara (HUMKAD). Antikvarijat \u0107e se odr\u017eati na Svjetski dan knjige \u2013 u \u010detvrtak 23. travnja 2026.\u2026","rel":"","context":"U &quot;Novosti&quot;","block_context":{"text":"Novosti","link":"https:\/\/historiografija.hr\/?cat=3"},"img":{"alt_text":"","src":"https:\/\/i0.wp.com\/historiografija.hr\/wp-content\/uploads\/2026\/04\/Besplatni-glazbeni-antikvarijat-23.-4.-2026.jpg?fit=1200%2C848&ssl=1&resize=350%2C200","width":350,"height":200,"srcset":"https:\/\/i0.wp.com\/historiografija.hr\/wp-content\/uploads\/2026\/04\/Besplatni-glazbeni-antikvarijat-23.-4.-2026.jpg?fit=1200%2C848&ssl=1&resize=350%2C200 1x, https:\/\/i0.wp.com\/historiografija.hr\/wp-content\/uploads\/2026\/04\/Besplatni-glazbeni-antikvarijat-23.-4.-2026.jpg?fit=1200%2C848&ssl=1&resize=525%2C300 1.5x, https:\/\/i0.wp.com\/historiografija.hr\/wp-content\/uploads\/2026\/04\/Besplatni-glazbeni-antikvarijat-23.-4.-2026.jpg?fit=1200%2C848&ssl=1&resize=700%2C400 2x, https:\/\/i0.wp.com\/historiografija.hr\/wp-content\/uploads\/2026\/04\/Besplatni-glazbeni-antikvarijat-23.-4.-2026.jpg?fit=1200%2C848&ssl=1&resize=1050%2C600 3x"},"classes":[]},{"id":52575,"url":"https:\/\/historiografija.hr\/?p=52575","url_meta":{"origin":2261,"position":5},"title":"Izlo\u017eba dje\u010djih radova \u201cU po\u010detku bija\u0161e crte\u017e\u2026\u201d","author":"Branimir Jankovi\u0107","date":"21. travnja 2026.","format":false,"excerpt":"U subotu, 25. travnja 2026. u 11 sati u Galeriji Klovi\u0107evi dvori sve\u010dano otvaramo izlo\u017ebu dje\u010djih radova pod nazivom U po\u010detku bija\u0161e crte\u017e\u2026 Radovi su nastali u sklopu likovnih radionica uz izlo\u017ebu U po\u010detku bija\u0161e kraljevstvo \u2013 izlo\u017eba povodom 1100 godina Hrvatskoga Kraljevstva. Na brojnim likovnim radionicama, uz \u0161kolsku djecu,\u2026","rel":"","context":"U &quot;Izlo\u017ebe&quot;","block_context":{"text":"Izlo\u017ebe","link":"https:\/\/historiografija.hr\/?cat=10"},"img":{"alt_text":"","src":"https:\/\/i0.wp.com\/historiografija.hr\/wp-content\/uploads\/2025\/10\/Klovicevi_sluzbeni-plakat.png?fit=840%2C1200&ssl=1&resize=350%2C200","width":350,"height":200,"srcset":"https:\/\/i0.wp.com\/historiografija.hr\/wp-content\/uploads\/2025\/10\/Klovicevi_sluzbeni-plakat.png?fit=840%2C1200&ssl=1&resize=350%2C200 1x, https:\/\/i0.wp.com\/historiografija.hr\/wp-content\/uploads\/2025\/10\/Klovicevi_sluzbeni-plakat.png?fit=840%2C1200&ssl=1&resize=525%2C300 1.5x, https:\/\/i0.wp.com\/historiografija.hr\/wp-content\/uploads\/2025\/10\/Klovicevi_sluzbeni-plakat.png?fit=840%2C1200&ssl=1&resize=700%2C400 2x"},"classes":[]}],"_links":{"self":[{"href":"https:\/\/historiografija.hr\/index.php?rest_route=\/wp\/v2\/posts\/2261","targetHints":{"allow":["GET"]}}],"collection":[{"href":"https:\/\/historiografija.hr\/index.php?rest_route=\/wp\/v2\/posts"}],"about":[{"href":"https:\/\/historiografija.hr\/index.php?rest_route=\/wp\/v2\/types\/post"}],"author":[{"embeddable":true,"href":"https:\/\/historiografija.hr\/index.php?rest_route=\/wp\/v2\/users\/1"}],"replies":[{"embeddable":true,"href":"https:\/\/historiografija.hr\/index.php?rest_route=%2Fwp%2Fv2%2Fcomments&post=2261"}],"version-history":[{"count":1,"href":"https:\/\/historiografija.hr\/index.php?rest_route=\/wp\/v2\/posts\/2261\/revisions"}],"predecessor-version":[{"id":32681,"href":"https:\/\/historiografija.hr\/index.php?rest_route=\/wp\/v2\/posts\/2261\/revisions\/32681"}],"wp:attachment":[{"href":"https:\/\/historiografija.hr\/index.php?rest_route=%2Fwp%2Fv2%2Fmedia&parent=2261"}],"wp:term":[{"taxonomy":"category","embeddable":true,"href":"https:\/\/historiografija.hr\/index.php?rest_route=%2Fwp%2Fv2%2Fcategories&post=2261"},{"taxonomy":"post_tag","embeddable":true,"href":"https:\/\/historiografija.hr\/index.php?rest_route=%2Fwp%2Fv2%2Ftags&post=2261"}],"curies":[{"name":"wp","href":"https:\/\/api.w.org\/{rel}","templated":true}]}}