{"id":2257,"date":"2016-05-16T22:00:05","date_gmt":"2016-05-16T22:00:05","guid":{"rendered":"http:\/\/historiografija.hr\/?p=2257"},"modified":"2016-05-16T22:00:05","modified_gmt":"2016-05-16T22:00:05","slug":"medunarodni-dan-muzeja-2016-muzeji-i-kulturni-krajolici","status":"publish","type":"post","link":"https:\/\/historiografija.hr\/?p=2257","title":{"rendered":"Me\u0111unarodni dan muzeja 2016.: Muzeji i kulturni krajolici"},"content":{"rendered":"<p align=\"justify\"><font  size=\"3\">  <br \/><\/font><\/p>\n<p align=\"justify\" style=\"margin: 0cm 0cm 10pt;\"><b style=\"mso-bidi-font-weight: normal;\"><font face=\"Calibri\" size=\"3\">Me\u0111unarodni dan muzeja 2016.<\/font><\/b><\/p>\n<p align=\"justify\"><font  size=\"3\">  <br \/><\/font><\/p>\n<p align=\"justify\" style=\"margin: 0cm 0cm 10pt;\"><font face=\"Calibri\" size=\"3\">&nbsp;<\/font><\/p>\n<p align=\"justify\"><font  size=\"3\">  <br \/><\/font><\/p>\n<p align=\"justify\" style=\"margin: 0cm 0cm 10pt;\"><font face=\"Calibri\" size=\"3\">Tema: Muzeji i kulturni krajolici<\/font><\/p>\n<p align=\"justify\"><font  size=\"3\">  <br \/><\/font><\/p>\n<p align=\"justify\" style=\"margin: 0cm 0cm 10pt;\"><font face=\"Calibri\" size=\"3\">&nbsp;<\/font><\/p>\n<p align=\"justify\"><font  size=\"3\">  <br \/><\/font><\/p>\n<p align=\"justify\" style=\"margin: 0cm 0cm 10pt;\"><font face=\"Calibri\" size=\"3\">MDC &#8211; pregled svih doga\u0111anja u muzejima tijekom svibnja<\/font><\/p>\n<p align=\"justify\"><font  size=\"3\">  <br \/><\/font><\/p>\n<p align=\"justify\" style=\"margin: 0cm 0cm 10pt;\"><font face=\"Calibri\" size=\"3\">MDC &#8211; pregled svih doga\u0111anja<span style=\"mso-spacerun: yes;\">&nbsp; <\/span>u muzejima<span style=\"mso-spacerun: yes;\">&nbsp; <\/span>od 16.-21. svibnja (.pdf)<\/font><\/p>\n<p align=\"justify\"><font  size=\"3\">  <br \/><\/font><\/p>\n<p align=\"justify\" style=\"margin: 0cm 0cm 10pt;\"><font face=\"Calibri\" size=\"3\">MDC &#8211; pregled svih doga\u0111anja za Europsku no\u0107 muzeja 21. svibnja (.pdf)<\/font><\/p>\n<p align=\"justify\"><font  size=\"3\">  <br \/><\/font><\/p>\n<p align=\"justify\" style=\"margin: 0cm 0cm 10pt;\"><font face=\"Calibri\" size=\"3\">&nbsp;<\/font><\/p>\n<p align=\"justify\"><font  size=\"3\">  <br \/><\/font><\/p>\n<p align=\"justify\" style=\"margin: 0cm 0cm 10pt;\"><font face=\"Calibri\" size=\"3\">MDC &#8211; promotivni spot MDM 2016.<\/font><\/p>\n<p align=\"justify\"><font  size=\"3\">  <br \/><\/font><\/p>\n<p align=\"justify\" style=\"margin: 0cm 0cm 10pt;\"><font face=\"Calibri\" size=\"3\">&nbsp;<\/font><\/p>\n<p align=\"justify\"><font  size=\"3\">  <br \/><\/font><\/p>\n<p align=\"justify\" style=\"margin: 0cm 0cm 10pt;\"><font face=\"Calibri\" size=\"3\">MDC &#8211; obja\u0161njenje teme\/smjernice za 2016. te poziv MDC-a muzejima za sudjelovanje<\/font><\/p>\n<p align=\"justify\"><font  size=\"3\">  <br \/><\/font><\/p>\n<p align=\"justify\" style=\"margin: 0cm 0cm 10pt;\"><font face=\"Calibri\" size=\"3\">MDC &#8211; tema obilje\u017eavanja: Muzeji i kulturni krajolici<\/font><\/p>\n<p align=\"justify\"><font  size=\"3\">  <br \/><\/font><\/p>\n<p align=\"justify\" style=\"margin: 0cm 0cm 10pt;\"><font face=\"Calibri\" size=\"3\">&nbsp;<\/font><\/p>\n<p align=\"justify\"><font  size=\"3\">  <br \/><\/font><\/p>\n<p align=\"justify\" style=\"margin: 0cm 0cm 10pt;\"><font face=\"Calibri\" size=\"3\">HMD &#8211; popis sudionika 21. muzejske edukativne akcije (EMA) &#8220;KLIK na Kulturni krajoLIK&#8221;<\/font><\/p>\n<p align=\"justify\"><font  size=\"3\">  <br \/><\/font><\/p>\n<p align=\"justify\" style=\"margin: 0cm 0cm 10pt;\"><font face=\"Calibri\" size=\"3\">HMD &#8211; Plakat za 21. EMA &#8220;KLIK na Kulturni krajoLIK&#8221;<\/font><\/p>\n<p align=\"justify\"><font  size=\"3\">  <br \/><\/font><\/p>\n<p align=\"justify\" style=\"margin: 0cm 0cm 10pt;\"><font face=\"Calibri\" size=\"3\">&nbsp;<\/font><\/p>\n<p align=\"justify\"><font  size=\"3\">  <br \/><\/font><\/p>\n<p align=\"justify\" style=\"margin: 0cm 0cm 10pt;\"><font face=\"Calibri\" size=\"3\">ICOM &#8211; Op\u0107enito o Me\u0111unarodnom danu muzeja<\/font><\/p>\n<p align=\"justify\"><font  size=\"3\">  <br \/><\/font><\/p>\n<p align=\"justify\" style=\"margin: 0cm 0cm 10pt;\"><font face=\"Calibri\" size=\"3\">ICOM &#8211; Obja\u0161njenje teme za 2016.<\/font><\/p>\n<p align=\"justify\"><font  size=\"3\">  <br \/><\/font><\/p>\n<p align=\"justify\" style=\"margin: 0cm 0cm 10pt;\"><font face=\"Calibri\" size=\"3\">ICOM &#8211; Plakat za Me\u0111unarodni dan muzeja 2016. (.pdf)<\/font><\/p>\n<p align=\"justify\"><font  size=\"3\">  <br \/><\/font><\/p>\n<p align=\"justify\" style=\"margin: 0cm 0cm 10pt;\"><span style=\"mso-spacerun: yes;\"><font face=\"Calibri\" size=\"3\">&nbsp;<\/font><\/span><\/p>\n<p align=\"justify\"><font  size=\"3\">  <br \/><\/font><\/p>\n<p align=\"justify\" style=\"margin: 0cm 0cm 10pt;\"><font face=\"Calibri\" size=\"3\">Izvor: <\/font><\/p>\n<p align=\"justify\"><font  size=\"3\">  <br \/><\/font><\/p>\n<p align=\"justify\" style=\"margin: 0cm 0cm 10pt;\"><font face=\"Calibri\" size=\"3\">&nbsp;<\/font><\/p>\n<p align=\"justify\"><font  size=\"3\">  <br \/><\/font><\/p>\n<p align=\"justify\" style=\"margin: 0cm 0cm 10pt;\"><font face=\"Calibri\" size=\"3\"><a href=\"http:\/\/www.mdc.hr\/hr\/muzeji-u-hrvatskoj\/medunarodni-dan-muzeja-u-hrvatskoj\/medunarodni-dan-muzeja-u-hrvatskoj\/\">http:\/\/www.mdc.hr\/hr\/muzeji-u-hrvatskoj\/medunarodni-dan-muzeja-u-hrvatskoj\/medunarodni-dan-muzeja-u-hrvatskoj\/<\/a><\/font><\/p>\n<p align=\"justify\" style=\"margin: 0cm 0cm 10pt;\"><font face=\"Calibri\" size=\"3\"><br \/><\/font><\/p>\n<p align=\"justify\" style=\"margin: 0cm 0cm 10pt;\"><font face=\"Calibri\" size=\"3\"><br \/><\/font><\/p>\n<p align=\"justify\"><font  size=\"3\">  <br \/><\/font><\/p>\n","protected":false},"excerpt":{"rendered":"","protected":false},"author":1,"featured_media":0,"comment_status":"open","ping_status":"open","sticky":false,"template":"","format":"standard","meta":{"_acf_changed":false,"jetpack_post_was_ever_published":false,"_jetpack_newsletter_access":"","_jetpack_dont_email_post_to_subs":false,"_jetpack_newsletter_tier_id":0,"_jetpack_memberships_contains_paywalled_content":false,"_jetpack_memberships_contains_paid_content":false,"footnotes":"","jetpack_publicize_message":"","jetpack_publicize_feature_enabled":true,"jetpack_social_post_already_shared":false,"jetpack_social_options":{"image_generator_settings":{"template":"highway","default_image_id":0,"font":"","enabled":false},"version":2}},"categories":[3],"tags":[],"class_list":["post-2257","post","type-post","status-publish","format-standard","hentry","category-novosti"],"acf":{"facebook_opis":""},"jetpack_publicize_connections":[],"jetpack_featured_media_url":"","jetpack_sharing_enabled":true,"jetpack-related-posts":[{"id":52578,"url":"https:\/\/historiografija.hr\/?p=52578","url_meta":{"origin":2257,"position":0},"title":"Poziv za sudjelovanje: XXII. Dani Julija Bene\u0161i\u0107a u Iloku","author":"Branimir Jankovi\u0107","date":"21. travnja 2026.","format":false,"excerpt":"Zavod za lingvisti\u010dka istra\u017eivanja Hrvatske akademije znanosti i umjetnosti, zajedno s Muzejom grada Iloka, organizira XXII. Dane Julija Bene\u0161i\u0107a, koji \u0107e se odr\u017eati od 28. do 30. listopada 2026. u Iloku.\u00a0Teme ovogodi\u0161njih Dana podijeljene su u dvije cjeline: Knji\u017eevno-jezikoslovni d\u00ecv\u0101n s Bene\u0161i\u0107em te Ilok i Srijem u povijesnim stalnicama i\u2026","rel":"","context":"U &quot;Novosti&quot;","block_context":{"text":"Novosti","link":"https:\/\/historiografija.hr\/?cat=3"},"img":{"alt_text":"","src":"https:\/\/i0.wp.com\/historiografija.hr\/wp-content\/uploads\/2019\/10\/HE2_Benesic.jpg?fit=413%2C591&ssl=1&resize=350%2C200","width":350,"height":200},"classes":[]},{"id":52633,"url":"https:\/\/historiografija.hr\/?p=52633","url_meta":{"origin":2257,"position":1},"title":"POVIJEST TRE\u0160NJEVA\u010cKE GLAZBE: prikupljanje virtualnog fundusa Muzeja susjedstva Tre\u0161njevka","author":"Branimir Jankovi\u0107","date":"23. travnja 2026.","format":false,"excerpt":"utorak 28. 4. 2026. 14 - 18 h Nova BAZA, Nova cesta 66, Zagreb Prvi su dani ljeta 1957. godine. Bo\u017eica Kalafati\u0107 poha\u0111a drugi razred Osnovne \u0161kole Bratstvo i jedinstvo, danas kralja Tomislava, a ide i na muzi\u010dke satove u Mo\u0161\u0107eni\u010dkoj ulici. Na fotografiji s harmonikom u rukama stoji u\u2026","rel":"","context":"U &quot;Novosti&quot;","block_context":{"text":"Novosti","link":"https:\/\/historiografija.hr\/?cat=3"},"img":{"alt_text":"","src":"https:\/\/i0.wp.com\/historiografija.hr\/wp-content\/uploads\/2026\/04\/MST_prikupljanje.jpg?fit=380%2C475&ssl=1&resize=350%2C200","width":350,"height":200},"classes":[]},{"id":52511,"url":"https:\/\/historiografija.hr\/?p=52511","url_meta":{"origin":2257,"position":2},"title":"Izlo\u017eba &#8220;Lica Sljemena&#8221;","author":"Branimir Jankovi\u0107","date":"17. travnja 2026.","format":false,"excerpt":"Srda\u010dno vas pozivamo na otvorenje izlo\u017ebe Lica Sljemena koje \u0107e se odr\u017eati u srijedu 22. travnja 2026. u 18 h ispred Muzeja Prigorja (Trg Dragutina Domjani\u0107a 5, Sesvete). Izlo\u017eba proizlazi iz istra\u017eivanja Nevene \u0160krbi\u0107 Alempijevi\u0107, Petre Kelemen i Sanje Potkonjak te intervjua sa Sljemena\u0161icama i Sljemena\u0161ima, koji su provedeni u\u2026","rel":"","context":"U &quot;Izlo\u017ebe&quot;","block_context":{"text":"Izlo\u017ebe","link":"https:\/\/historiografija.hr\/?cat=10"},"img":{"alt_text":"","src":"https:\/\/i0.wp.com\/historiografija.hr\/wp-content\/uploads\/2026\/04\/Izlozba-Lica-Sljemena.png?fit=1080%2C686&ssl=1&resize=350%2C200","width":350,"height":200,"srcset":"https:\/\/i0.wp.com\/historiografija.hr\/wp-content\/uploads\/2026\/04\/Izlozba-Lica-Sljemena.png?fit=1080%2C686&ssl=1&resize=350%2C200 1x, https:\/\/i0.wp.com\/historiografija.hr\/wp-content\/uploads\/2026\/04\/Izlozba-Lica-Sljemena.png?fit=1080%2C686&ssl=1&resize=525%2C300 1.5x, https:\/\/i0.wp.com\/historiografija.hr\/wp-content\/uploads\/2026\/04\/Izlozba-Lica-Sljemena.png?fit=1080%2C686&ssl=1&resize=700%2C400 2x, https:\/\/i0.wp.com\/historiografija.hr\/wp-content\/uploads\/2026\/04\/Izlozba-Lica-Sljemena.png?fit=1080%2C686&ssl=1&resize=1050%2C600 3x"},"classes":[]},{"id":52666,"url":"https:\/\/historiografija.hr\/?p=52666","url_meta":{"origin":2257,"position":3},"title":"Najava programa Festivala povijesti Kliofest (5-8. V. 2026)","author":"Branimir Jankovi\u0107","date":"24. travnja 2026.","format":false,"excerpt":"Po trinaesti put odr\u017eava se Festival povijesti Kliofest! Do petka \u0107emo odr\u017eati osam okruglih stolova i dva kolokvija te niz predstavljanja knjiga i projekata razli\u010dite tematike, od antike do suvremenosti. Bit \u0107e predstavljeno i nekoliko izlo\u017ebi te odr\u017ean jedan povijesni kviz. Prikazat \u0107emo i jedan film \u2013 o generalu Boroevi\u0107u.\u2026","rel":"","context":"U &quot;Novosti&quot;","block_context":{"text":"Novosti","link":"https:\/\/historiografija.hr\/?cat=3"},"img":{"alt_text":"","src":"https:\/\/i0.wp.com\/historiografija.hr\/wp-content\/uploads\/2026\/04\/Kliofest-2026.jpg?fit=526%2C526&ssl=1&resize=350%2C200","width":350,"height":200,"srcset":"https:\/\/i0.wp.com\/historiografija.hr\/wp-content\/uploads\/2026\/04\/Kliofest-2026.jpg?fit=526%2C526&ssl=1&resize=350%2C200 1x, https:\/\/i0.wp.com\/historiografija.hr\/wp-content\/uploads\/2026\/04\/Kliofest-2026.jpg?fit=526%2C526&ssl=1&resize=525%2C300 1.5x"},"classes":[]},{"id":52556,"url":"https:\/\/historiografija.hr\/?p=52556","url_meta":{"origin":2257,"position":4},"title":"ZagrebDox 2026.","author":"Branimir Jankovi\u0107","date":"20. travnja 2026.","format":false,"excerpt":"Me\u0111unarodni festival dokumentarnog filma 19. - 26. travnja 2026. Kaptol Boutique Cinema, Zagreb Program i dodatne obavijesti: https:\/\/zagrebdox.net\/hr","rel":"","context":"U &quot;Filmovi i serije&quot;","block_context":{"text":"Filmovi i serije","link":"https:\/\/historiografija.hr\/?cat=13"},"img":{"alt_text":"","src":"https:\/\/i0.wp.com\/historiografija.hr\/wp-content\/uploads\/2026\/04\/DOX-logo.jpg?fit=600%2C600&ssl=1&resize=350%2C200","width":350,"height":200,"srcset":"https:\/\/i0.wp.com\/historiografija.hr\/wp-content\/uploads\/2026\/04\/DOX-logo.jpg?fit=600%2C600&ssl=1&resize=350%2C200 1x, https:\/\/i0.wp.com\/historiografija.hr\/wp-content\/uploads\/2026\/04\/DOX-logo.jpg?fit=600%2C600&ssl=1&resize=525%2C300 1.5x"},"classes":[]},{"id":52502,"url":"https:\/\/historiografija.hr\/?p=52502","url_meta":{"origin":2257,"position":5},"title":"Novi znanstveni projekt Hrvatskog instituta za povijest: \u201c\u017drtve ratova i dr\u017eavnog\/politi\u010dkog nasilja u hrvatskoj povijesti 20. stolje\u0107a\u201d","author":"Branimir Jankovi\u0107","date":"17. travnja 2026.","format":false,"excerpt":"Na redovitoj sjednici Vlade RH, 16. travnja 2026., donijet je Zaklju\u010dak kojim se pokre\u0107e znanstveni projekt \u201c\u017drtve ratova i dr\u017eavnog\/politi\u010dkog nasilja u hrvatskoj povijesti 20. stolje\u0107a\u201d. Projekt \u0107e provoditi i koordinirati Hrvatski institut za povijest u razdoblju trajanja projekta od pet godina. Zakljucak Vlade RH Iz teksta projektnog prijedloga: Problematika\u2026","rel":"","context":"U &quot;Novosti&quot;","block_context":{"text":"Novosti","link":"https:\/\/historiografija.hr\/?cat=3"},"img":{"alt_text":"","src":"https:\/\/i0.wp.com\/historiografija.hr\/wp-content\/uploads\/2026\/04\/Vlada-RH.jpg?fit=1200%2C557&ssl=1&resize=350%2C200","width":350,"height":200,"srcset":"https:\/\/i0.wp.com\/historiografija.hr\/wp-content\/uploads\/2026\/04\/Vlada-RH.jpg?fit=1200%2C557&ssl=1&resize=350%2C200 1x, https:\/\/i0.wp.com\/historiografija.hr\/wp-content\/uploads\/2026\/04\/Vlada-RH.jpg?fit=1200%2C557&ssl=1&resize=525%2C300 1.5x, https:\/\/i0.wp.com\/historiografija.hr\/wp-content\/uploads\/2026\/04\/Vlada-RH.jpg?fit=1200%2C557&ssl=1&resize=700%2C400 2x, https:\/\/i0.wp.com\/historiografija.hr\/wp-content\/uploads\/2026\/04\/Vlada-RH.jpg?fit=1200%2C557&ssl=1&resize=1050%2C600 3x"},"classes":[]}],"_links":{"self":[{"href":"https:\/\/historiografija.hr\/index.php?rest_route=\/wp\/v2\/posts\/2257","targetHints":{"allow":["GET"]}}],"collection":[{"href":"https:\/\/historiografija.hr\/index.php?rest_route=\/wp\/v2\/posts"}],"about":[{"href":"https:\/\/historiografija.hr\/index.php?rest_route=\/wp\/v2\/types\/post"}],"author":[{"embeddable":true,"href":"https:\/\/historiografija.hr\/index.php?rest_route=\/wp\/v2\/users\/1"}],"replies":[{"embeddable":true,"href":"https:\/\/historiografija.hr\/index.php?rest_route=%2Fwp%2Fv2%2Fcomments&post=2257"}],"version-history":[{"count":0,"href":"https:\/\/historiografija.hr\/index.php?rest_route=\/wp\/v2\/posts\/2257\/revisions"}],"wp:attachment":[{"href":"https:\/\/historiografija.hr\/index.php?rest_route=%2Fwp%2Fv2%2Fmedia&parent=2257"}],"wp:term":[{"taxonomy":"category","embeddable":true,"href":"https:\/\/historiografija.hr\/index.php?rest_route=%2Fwp%2Fv2%2Fcategories&post=2257"},{"taxonomy":"post_tag","embeddable":true,"href":"https:\/\/historiografija.hr\/index.php?rest_route=%2Fwp%2Fv2%2Ftags&post=2257"}],"curies":[{"name":"wp","href":"https:\/\/api.w.org\/{rel}","templated":true}]}}