{"id":22532,"date":"2020-09-04T11:30:29","date_gmt":"2020-09-04T11:30:29","guid":{"rendered":"http:\/\/historiografija.hr\/?p=22532"},"modified":"2020-09-04T11:30:29","modified_gmt":"2020-09-04T11:30:29","slug":"4-history-film-festival","status":"publish","type":"post","link":"https:\/\/historiografija.hr\/?p=22532","title":{"rendered":"4. HISTORY FILM FESTIVAL"},"content":{"rendered":"\n<p>\u010cetvrto izdanje History Film Festivala \u2013 me\u0111unarodnog festivala povijesnog dokumentarnog filma odr\u017eavat \u0107e se od 08. do 12. rujna 2020. u Hrvatskom kulturnom domu na Su\u0161aku i galeriji Kortil.<\/p>\n\n\n\n<p>U slu\u017ebenoj natjecateljskoj konkurenciji 4. History Film Festival donosi 21 film \u010dije \u0107e nas teme i pri\u010de duboko dojmiti, pro\u0161iriti nam saznanja o poznatim ili nepoznatim doga\u0111ajima,&nbsp; ljudima i idejama koje su oblikovale svijet u kojemu danas \u017eivimo.<\/p>\n\n\n\n<p>Poseban program 4. History Film Festivala objedinjen je pod nazivom <em>RI-thinking History<\/em> i dio je slu\u017ebenog programa Rijeke 2020 \u2013 Europske prijestolnice kulture.<\/p>\n\n\n\n<p>Festival zapo\u010dinje 08. rujna u 20 sati u galeriji Kortil otvorenjem multimedijske izlo\u017ebe <em>Mala kronika \u2013 klasici Zagreba\u010dke \u0161kole crtanog filma<\/em>, posve\u0107ene velikanu hrvatske kinematografije Vatroslavu Mimici i slavnim umjetni\u010dkim ostvarenjima nastalima u okviru Zagreb filma. Toj povijesti pripada globalno prepoznatljiv fenomen Zagreba\u010dke \u0161kole crtanog filma te vi\u0161e od 500 nagrada, me\u0111u kojima posebno mjesto zauzima presti\u017ena nagrada Ameri\u010dke filmske akademije Oscar za najbolji animirani film dodijeljena 1962. godine <em>Surogatu<\/em> Du\u0161ana Vukoti\u0107a. Osim filmova, izlo\u017eba prikazuje vrijednu arhivsku gra\u0111u Zagreb filma \u2013 crte\u017ee, skice, celove i autenti\u010dne predmete, smje\u0161taju\u0107i ih u kontekst vremena u kojem su nastajali. Izlo\u017eba nas uvodi u \u010daroban svijet animacije u kojem \u0107e s nostalgijom u\u017eivati starije generacije, a najmla\u0111i \u0107e pak upoznati i prepoznati svima poznate i drage likove, poput primjerice Profesora Balthazara.<\/p>\n\n\n\n<p>U 2020. godini \u010ditav svijet, pa tako i Rijeka obilje\u017eavaju 100-ti ro\u0111endan omiljenog filmskog genija, Federica Fellinija. Program posve\u0107en Felliniju uklju\u010duje izlo\u017ebu fotografija <em>Za stolom s Fellinijem, prisje\u0107aju\u0107i se Artusija <\/em>i filmske projekcije. Dvije obljetnice slavnih Talijana, Federica Fellinija (stogodi\u0161njica ro\u0111enja) i Pellegrina Artusija (dvjestogodi\u0161njica ro\u0111enja), ujedinjene su u <em>ukusnom<\/em> spoju filma i hrane. Fellini je jedan od najve\u0107ih redatelja u povijesti kinematografije, a Artusi gastronom i pisac, autor \u010duvene knjige recepata <em>Znanost o kuhinji i umjetnost u\u017eivanja u dobroj hrani<\/em> (1891). Ova izlo\u017eba fotografija vezanih uz kulinarske scene i prizore blagovanja, preuzetih iz Maestrovih filmova, odaje im po\u010dast. Fellinijevski svijet ovjekovje\u010den je od <em>Danguba<\/em> (1953), pa sve do <em>Ginger i Freda<\/em> (1986). Tu su i fotografije iz poznatih remek-djela, poput <em>Ceste<\/em> (1954), <em>Slatkog \u017eivota<\/em> (1960), <em>Osam i pol<\/em> (1963) i <em>Amarcorda<\/em> (1973). Uz izlo\u017ebu prikazat \u0107e se i tri dokumentarna filma redatelja Gideona Bachmanna koji govore o Fellinijevu radu i \u017eivotu: <em>Ciao, Federico<\/em>, <em>Fellinikon<\/em> i <em>Fellini crta Bachmanna<\/em>.<\/p>\n\n\n\n<p>U sklopu programa <em>RI-thinking History<\/em> premijerno \u0107e se prikazati dvije epizode dokumentarnog serijala <em>Fiume crno-crveno Rijeka (F.C.C.R.)<\/em> koji otkriva za\u010detke totalitarnih ideologija i pokreta koji su harali europskim kontinentom kroz 20. stolje\u0107e. Ta su doga\u0111anja obilje\u017eila rije\u010dku povijest posljednjih stotinjak godina &#8211; od osnutka prve totalitarne dr\u017eave, fa\u0161isti\u010dke okupacije, bolj\u0161evi\u010dkog pokreta, nacisti\u010dke uprave, komunisti\u010dkog prevrata i propasti socijalisti\u010dkog sustava, borbe za samostalnost hrvatske dr\u017eave, nedovr\u0161enih i\/ili proma\u0161enih tranzicijskih postupaka, euroatlantskih udru\u017eivanja, do totalitarnih izazova na\u0161eg vremena i Rijeke kao Europske prijestolnice kulture 2020. godine.<\/p>\n\n\n\n<p>Filmski znalci Daniel Rafeli\u0107 i Dejan Dabi\u0107 publici \u0107e otkriti drugu, filmofilsku stranu Tita u predavanju <em>Tito na velikom i malom ekranu<\/em> koje \u0107e biti oboga\u0107eno rijetkim arhivskim snimkama u posjedu Filmskih novosti iz Beograda.<\/p>\n\n\n\n<p>U subotu 12. rujna u sklopu festivala odr\u017eat \u0107e se promocija monografije o jednoj od najpoznatijih glumica biv\u0161e Jugoslavije, Mileni Dravi\u0107.<\/p>\n\n\n\n<p>I ove godine History Film Festival donosi <em>Inkluzivno kino<\/em> u sklopu kojega \u0107e se prikazati tri filma prilago\u0111ena za osobe s o\u0161te\u0107enjima sluha i\/ili vida. <em>Inkluzivno kino<\/em> program je prilago\u0111avanja filmova kako bi slijepi i slabovidni, gluhi i nagluhi na ravnopravan na\u010din, zajedno s ostalom publikom, u\u017eivali u filmskim projekcijama i odlasku u kino.<\/p>\n\n\n\n<p>Ulaznice je mogu\u0107e unaprijed rezervirati na <a href=\"mailto:info@historyfilmfestival.com\">info@historyfilmfestival.com<\/a> ili ih kupiti na blagajni HKD-a od utorka, 08. rujna u 17 sati.<br><br><\/p>\n\n\n\n<p>Izvor i dodatne informacije:<\/p>\n\n\n\n<figure class=\"wp-block-embed-wordpress wp-block-embed is-type-wp-embed is-provider-rijeka-2020\"><div class=\"wp-block-embed__wrapper\">\n<blockquote class=\"wp-embedded-content\" data-secret=\"llV2bue98U\"><a href=\"https:\/\/rijeka2020.eu\/4-history-film-festival\/\">4. History Film Festival<\/a><\/blockquote><iframe loading=\"lazy\" class=\"wp-embedded-content\" sandbox=\"allow-scripts\" security=\"restricted\" style=\"position: absolute; clip: rect(1px, 1px, 1px, 1px);\" title=\"&#8220;4. History Film Festival&#8221; &#8212; Rijeka 2020\" src=\"https:\/\/rijeka2020.eu\/4-history-film-festival\/embed\/#?secret=llV2bue98U\" data-secret=\"llV2bue98U\" width=\"600\" height=\"338\" frameborder=\"0\" marginwidth=\"0\" marginheight=\"0\" scrolling=\"no\"><\/iframe>\n<\/div><\/figure>\n\n\n\n<figure class=\"wp-block-embed-wordpress wp-block-embed is-type-wp-embed is-provider-history-film-festival\"><div class=\"wp-block-embed__wrapper\">\n<blockquote class=\"wp-embedded-content\" data-secret=\"GSNQFvDmWJ\"><a href=\"http:\/\/historyfilmfestival.com\/web\/\">Home<\/a><\/blockquote><iframe loading=\"lazy\" class=\"wp-embedded-content\" sandbox=\"allow-scripts\" security=\"restricted\" style=\"position: absolute; clip: rect(1px, 1px, 1px, 1px);\" title=\"&#8220;Home&#8221; &#8212; History Film Festival\" src=\"http:\/\/historyfilmfestival.com\/web\/embed\/#?secret=GSNQFvDmWJ\" data-secret=\"GSNQFvDmWJ\" width=\"600\" height=\"338\" frameborder=\"0\" marginwidth=\"0\" marginheight=\"0\" scrolling=\"no\"><\/iframe>\n<\/div><\/figure>\n\n\n\n<hr class=\"wp-block-separator\"\/>\n","protected":false},"excerpt":{"rendered":"","protected":false},"author":2,"featured_media":22533,"comment_status":"open","ping_status":"open","sticky":false,"template":"","format":"standard","meta":{"_acf_changed":false,"jetpack_post_was_ever_published":false,"_jetpack_newsletter_access":"","_jetpack_dont_email_post_to_subs":false,"_jetpack_newsletter_tier_id":0,"_jetpack_memberships_contains_paywalled_content":false,"_jetpack_memberships_contains_paid_content":false,"footnotes":"","jetpack_publicize_message":"","jetpack_publicize_feature_enabled":true,"jetpack_social_post_already_shared":true,"jetpack_social_options":{"image_generator_settings":{"template":"highway","default_image_id":0,"font":"","enabled":false},"version":2}},"categories":[13,3],"tags":[],"class_list":["post-22532","post","type-post","status-publish","format-standard","has-post-thumbnail","hentry","category-filmovi-i-serije","category-novosti"],"acf":{"facebook_opis":""},"jetpack_publicize_connections":[],"jetpack_featured_media_url":"https:\/\/i0.wp.com\/historiografija.hr\/wp-content\/uploads\/2020\/09\/HFF2020-poster-vodoravno.jpg?fit=1200%2C844&ssl=1","jetpack_sharing_enabled":true,"jetpack-related-posts":[{"id":52666,"url":"https:\/\/historiografija.hr\/?p=52666","url_meta":{"origin":22532,"position":0},"title":"Najava programa Festivala povijesti Kliofest (5-8. V. 2026)","author":"Branimir Jankovi\u0107","date":"24. travnja 2026.","format":false,"excerpt":"Po trinaesti put odr\u017eava se Festival povijesti Kliofest! Do petka \u0107emo odr\u017eati osam okruglih stolova i dva kolokvija te niz predstavljanja knjiga i projekata razli\u010dite tematike, od antike do suvremenosti. Bit \u0107e predstavljeno i nekoliko izlo\u017ebi te odr\u017ean jedan povijesni kviz. Prikazat \u0107emo i jedan film \u2013 o generalu Boroevi\u0107u.\u2026","rel":"","context":"U &quot;Novosti&quot;","block_context":{"text":"Novosti","link":"https:\/\/historiografija.hr\/?cat=3"},"img":{"alt_text":"","src":"https:\/\/i0.wp.com\/historiografija.hr\/wp-content\/uploads\/2026\/04\/Kliofest-2026.jpg?fit=526%2C526&ssl=1&resize=350%2C200","width":350,"height":200,"srcset":"https:\/\/i0.wp.com\/historiografija.hr\/wp-content\/uploads\/2026\/04\/Kliofest-2026.jpg?fit=526%2C526&ssl=1&resize=350%2C200 1x, https:\/\/i0.wp.com\/historiografija.hr\/wp-content\/uploads\/2026\/04\/Kliofest-2026.jpg?fit=526%2C526&ssl=1&resize=525%2C300 1.5x"},"classes":[]},{"id":52699,"url":"https:\/\/historiografija.hr\/?p=52699","url_meta":{"origin":22532,"position":1},"title":"Sve\u010dano otvaranje Festivala povijesti Kliofest","author":"Filip \u0160imunjak","date":"28. travnja 2026.","format":false,"excerpt":"Pozivamo Vas na sve\u010dano otvaranje XIII. Festivala povijesti Kliofest, u utorak, 5. svibnja 2026. u Nacionalnoj i sveu\u010dili\u0161noj knji\u017enici u Zagrebu, s po\u010detkom u 11 sati. Cijeli program skupa mo\u017eete poglededati na www.kliofest.hr te https:\/\/historiografija.hr\/?p=52681.","rel":"","context":"U &quot;Novosti&quot;","block_context":{"text":"Novosti","link":"https:\/\/historiografija.hr\/?cat=3"},"img":{"alt_text":"","src":"https:\/\/i0.wp.com\/historiografija.hr\/wp-content\/uploads\/2026\/04\/Otvaranje-Kliofest-2026.jpg?fit=1200%2C566&ssl=1&resize=350%2C200","width":350,"height":200,"srcset":"https:\/\/i0.wp.com\/historiografija.hr\/wp-content\/uploads\/2026\/04\/Otvaranje-Kliofest-2026.jpg?fit=1200%2C566&ssl=1&resize=350%2C200 1x, https:\/\/i0.wp.com\/historiografija.hr\/wp-content\/uploads\/2026\/04\/Otvaranje-Kliofest-2026.jpg?fit=1200%2C566&ssl=1&resize=525%2C300 1.5x, https:\/\/i0.wp.com\/historiografija.hr\/wp-content\/uploads\/2026\/04\/Otvaranje-Kliofest-2026.jpg?fit=1200%2C566&ssl=1&resize=700%2C400 2x, https:\/\/i0.wp.com\/historiografija.hr\/wp-content\/uploads\/2026\/04\/Otvaranje-Kliofest-2026.jpg?fit=1200%2C566&ssl=1&resize=1050%2C600 3x"},"classes":[]},{"id":52717,"url":"https:\/\/historiografija.hr\/?p=52717","url_meta":{"origin":22532,"position":2},"title":"Okrugli stol &#8220;Dvjestapedeset godina Sjedinjenih Ameri\u010dkih Dr\u017eava \u2013 od kolonije do prve zemlje svijeta i dalje&#8221;","author":"Filip \u0160imunjak","date":"29. travnja 2026.","format":false,"excerpt":"Ove godine obilje\u017eava se 250. obljetnica osnutka Sjedinjenih Ameri\u010dkih Dr\u017eava, povodom koje je pokrenut niz rasprava o ameri\u010dkoj povijesti, njezinoj globalnoj ulozi i naslje\u0111u koje se prote\u017ee od 1776. do danas. Obljetnica je ujedno prilika za promi\u0161ljanje o tome kako danas tuma\u010dimo ameri\u010dku pro\u0161lost, ali i (aktualnu) ulogu SAD-a u\u2026","rel":"","context":"U &quot;Novosti&quot;","block_context":{"text":"Novosti","link":"https:\/\/historiografija.hr\/?cat=3"},"img":{"alt_text":"","src":"https:\/\/i0.wp.com\/historiografija.hr\/wp-content\/uploads\/2026\/04\/Kliofest-01-utorak-I-02-OS-250-godina-SAD.jpg?fit=1200%2C566&ssl=1&resize=350%2C200","width":350,"height":200,"srcset":"https:\/\/i0.wp.com\/historiografija.hr\/wp-content\/uploads\/2026\/04\/Kliofest-01-utorak-I-02-OS-250-godina-SAD.jpg?fit=1200%2C566&ssl=1&resize=350%2C200 1x, https:\/\/i0.wp.com\/historiografija.hr\/wp-content\/uploads\/2026\/04\/Kliofest-01-utorak-I-02-OS-250-godina-SAD.jpg?fit=1200%2C566&ssl=1&resize=525%2C300 1.5x, https:\/\/i0.wp.com\/historiografija.hr\/wp-content\/uploads\/2026\/04\/Kliofest-01-utorak-I-02-OS-250-godina-SAD.jpg?fit=1200%2C566&ssl=1&resize=700%2C400 2x, https:\/\/i0.wp.com\/historiografija.hr\/wp-content\/uploads\/2026\/04\/Kliofest-01-utorak-I-02-OS-250-godina-SAD.jpg?fit=1200%2C566&ssl=1&resize=1050%2C600 3x"},"classes":[]},{"id":52746,"url":"https:\/\/historiografija.hr\/?p=52746","url_meta":{"origin":22532,"position":3},"title":"Predstavljanje djelatnosti povjesni\u010dara: \u201ePisma kao izvor za povijest 18.stolje\u0107a \u2013 iskustva rada na HRZZ projektu LIGHT\u201c","author":"Filip \u0160imunjak","date":"30. travnja 2026.","format":false,"excerpt":"Predstavljanje djelatnosti povjesni\u010dara: \u201ePisma kao izvor za povijest 18. stolje\u0107a \u2013 iskustva rada na HRZZ projektu LIGHT\u201c odr\u017eat \u0107e se u sklopu ovogodi\u0161njega Festivala povijesti Kliofest u Nacionalnoj i sveu\u010dili\u0161noj knji\u017enici u Zagrebu, u utorak 5. svibnja, s po\u010detkom u 16 sati. Sudjeluju: Teodora Shek Brnardi\u0107, Marta Jurkovi\u0107, Matea Maru\u0161i\u0107,\u2026","rel":"","context":"U &quot;Novosti&quot;","block_context":{"text":"Novosti","link":"https:\/\/historiografija.hr\/?cat=3"},"img":{"alt_text":"","src":"https:\/\/i0.wp.com\/historiografija.hr\/wp-content\/uploads\/2026\/04\/Kliofest-01-utorak-I-03-PDP-Pisma-kao-izvor.jpg?fit=1200%2C566&ssl=1&resize=350%2C200","width":350,"height":200,"srcset":"https:\/\/i0.wp.com\/historiografija.hr\/wp-content\/uploads\/2026\/04\/Kliofest-01-utorak-I-03-PDP-Pisma-kao-izvor.jpg?fit=1200%2C566&ssl=1&resize=350%2C200 1x, https:\/\/i0.wp.com\/historiografija.hr\/wp-content\/uploads\/2026\/04\/Kliofest-01-utorak-I-03-PDP-Pisma-kao-izvor.jpg?fit=1200%2C566&ssl=1&resize=525%2C300 1.5x, https:\/\/i0.wp.com\/historiografija.hr\/wp-content\/uploads\/2026\/04\/Kliofest-01-utorak-I-03-PDP-Pisma-kao-izvor.jpg?fit=1200%2C566&ssl=1&resize=700%2C400 2x, https:\/\/i0.wp.com\/historiografija.hr\/wp-content\/uploads\/2026\/04\/Kliofest-01-utorak-I-03-PDP-Pisma-kao-izvor.jpg?fit=1200%2C566&ssl=1&resize=1050%2C600 3x"},"classes":[]},{"id":52712,"url":"https:\/\/historiografija.hr\/?p=52712","url_meta":{"origin":22532,"position":4},"title":"Okrugli stol &#8220;Proslava 1100 godina Hrvatskoga Kraljevstva \u2013 kako danas gledamo na hrvatski rani srednji vijek?&#8221;","author":"Filip \u0160imunjak","date":"29. travnja 2026.","format":false,"excerpt":"Godinu iza nas obilje\u017eile su brojne manifestacije posve\u0107ene 1100. obljetnici Hrvatskoga Kraljevstva, koje su privukle veliku pozornost javnosti i medija, pa tako i na\u0161ega portala. Nastavljaju\u0107i se na taj niz, pozivamo Vas na okrugli stol \u201eProslava 1100 godina Hrvatskoga Kraljevstva \u2013 kako danas gledamo na hrvatski rani srednji vijek?\u201d, koji\u2026","rel":"","context":"U &quot;Novosti&quot;","block_context":{"text":"Novosti","link":"https:\/\/historiografija.hr\/?cat=3"},"img":{"alt_text":"","src":"https:\/\/i0.wp.com\/historiografija.hr\/wp-content\/uploads\/2026\/04\/Kliofest-01-utorak-I-01-OS-1100-godina.jpg?fit=1200%2C566&ssl=1&resize=350%2C200","width":350,"height":200,"srcset":"https:\/\/i0.wp.com\/historiografija.hr\/wp-content\/uploads\/2026\/04\/Kliofest-01-utorak-I-01-OS-1100-godina.jpg?fit=1200%2C566&ssl=1&resize=350%2C200 1x, https:\/\/i0.wp.com\/historiografija.hr\/wp-content\/uploads\/2026\/04\/Kliofest-01-utorak-I-01-OS-1100-godina.jpg?fit=1200%2C566&ssl=1&resize=525%2C300 1.5x, https:\/\/i0.wp.com\/historiografija.hr\/wp-content\/uploads\/2026\/04\/Kliofest-01-utorak-I-01-OS-1100-godina.jpg?fit=1200%2C566&ssl=1&resize=700%2C400 2x, https:\/\/i0.wp.com\/historiografija.hr\/wp-content\/uploads\/2026\/04\/Kliofest-01-utorak-I-01-OS-1100-godina.jpg?fit=1200%2C566&ssl=1&resize=1050%2C600 3x"},"classes":[]},{"id":52704,"url":"https:\/\/historiografija.hr\/?p=52704","url_meta":{"origin":22532,"position":5},"title":"Predstavljanje knjige &#8220;Vladimir Vasiljevi\u0107: Moji do\u017eivljaji. Dnevni\u010dki zapisi iz Prvoga svjetskog rata i poratnoga vremena&#8221;","author":"Filip \u0160imunjak","date":"29. travnja 2026.","format":false,"excerpt":"Doga\u0111anja ovogodi\u0161njega Festivala povijesti Kliofest zapo\u010dinjemo ve\u0107 i prije samoga slu\u017ebenog otvaranja, predstavljanjem knjige \u201eMoji do\u017eivljaji. Dnevni\u010dki zapisi iz Prvoga svjetskog rata i poratnoga vremena\u201d Vladimira Vasiljevi\u0107a, koju su priredili Karlo Rukavina i Damir Agi\u010di\u0107. Pozivamo Vas na predstavljanje koje \u0107e se odr\u017eati u ponedjeljak 4. svibnja, s po\u010detkom u\u2026","rel":"","context":"U &quot;Knjige&quot;","block_context":{"text":"Knjige","link":"https:\/\/historiografija.hr\/?cat=8"},"img":{"alt_text":"","src":"https:\/\/i0.wp.com\/historiografija.hr\/wp-content\/uploads\/2026\/04\/Naslovna-V.-Vasiljevic.webp?fit=1200%2C600&ssl=1&resize=350%2C200","width":350,"height":200,"srcset":"https:\/\/i0.wp.com\/historiografija.hr\/wp-content\/uploads\/2026\/04\/Naslovna-V.-Vasiljevic.webp?fit=1200%2C600&ssl=1&resize=350%2C200 1x, https:\/\/i0.wp.com\/historiografija.hr\/wp-content\/uploads\/2026\/04\/Naslovna-V.-Vasiljevic.webp?fit=1200%2C600&ssl=1&resize=525%2C300 1.5x, https:\/\/i0.wp.com\/historiografija.hr\/wp-content\/uploads\/2026\/04\/Naslovna-V.-Vasiljevic.webp?fit=1200%2C600&ssl=1&resize=700%2C400 2x, https:\/\/i0.wp.com\/historiografija.hr\/wp-content\/uploads\/2026\/04\/Naslovna-V.-Vasiljevic.webp?fit=1200%2C600&ssl=1&resize=1050%2C600 3x"},"classes":[]}],"_links":{"self":[{"href":"https:\/\/historiografija.hr\/index.php?rest_route=\/wp\/v2\/posts\/22532","targetHints":{"allow":["GET"]}}],"collection":[{"href":"https:\/\/historiografija.hr\/index.php?rest_route=\/wp\/v2\/posts"}],"about":[{"href":"https:\/\/historiografija.hr\/index.php?rest_route=\/wp\/v2\/types\/post"}],"author":[{"embeddable":true,"href":"https:\/\/historiografija.hr\/index.php?rest_route=\/wp\/v2\/users\/2"}],"replies":[{"embeddable":true,"href":"https:\/\/historiografija.hr\/index.php?rest_route=%2Fwp%2Fv2%2Fcomments&post=22532"}],"version-history":[{"count":1,"href":"https:\/\/historiografija.hr\/index.php?rest_route=\/wp\/v2\/posts\/22532\/revisions"}],"predecessor-version":[{"id":22534,"href":"https:\/\/historiografija.hr\/index.php?rest_route=\/wp\/v2\/posts\/22532\/revisions\/22534"}],"wp:featuredmedia":[{"embeddable":true,"href":"https:\/\/historiografija.hr\/index.php?rest_route=\/wp\/v2\/media\/22533"}],"wp:attachment":[{"href":"https:\/\/historiografija.hr\/index.php?rest_route=%2Fwp%2Fv2%2Fmedia&parent=22532"}],"wp:term":[{"taxonomy":"category","embeddable":true,"href":"https:\/\/historiografija.hr\/index.php?rest_route=%2Fwp%2Fv2%2Fcategories&post=22532"},{"taxonomy":"post_tag","embeddable":true,"href":"https:\/\/historiografija.hr\/index.php?rest_route=%2Fwp%2Fv2%2Ftags&post=22532"}],"curies":[{"name":"wp","href":"https:\/\/api.w.org\/{rel}","templated":true}]}}