{"id":22522,"date":"2020-09-03T14:57:39","date_gmt":"2020-09-03T14:57:39","guid":{"rendered":"http:\/\/historiografija.hr\/?p=22522"},"modified":"2020-09-03T14:58:58","modified_gmt":"2020-09-03T14:58:58","slug":"marko-perojevic-petar-kruzic-kapetan-i-knez-grada-klisa-pretisak","status":"publish","type":"post","link":"https:\/\/historiografija.hr\/?p=22522","title":{"rendered":"Marko Perojevi\u0107, \u201cPetar Kru\u017ei\u0107: Kapetan i knez grada Klisa\u201d (pretisak)"},"content":{"rendered":"\n<p>Izuzetan strate\u0161ki polo\u017eaj na mjestu prilaza iz unutra\u0161njosti prema sredi\u0161njoj Dalmaciji, odnosno Splitu, dalo je Klisu posebnu va\u017enost u zbivanjima po\u010dev\u0161i od prapovijesti do 20. stolje\u0107a. Jedan dio bogate kli\u0161ke povijesti obradio je povjesni\u010dar i publicist Marko Perojevi\u0107 (1876. &#8211; 1943.) u knjizi Petar Kru\u017ei\u0107: kapetan i knez grada Klisa objavljenoj u Zagrebu 1931. godine. Pri pisanju djela najprije se usredoto\u010dio na prikaz povijesti Klisa od po\u010detka 15. stolje\u0107a i sukoba onodobnih sila, a u to se potom uvla\u010di lik hrvatskog vojskovo\u0111e Petra Kru\u017ei\u0107a koji se kao odli\u010dan i hrabar ratnik istakao u borbama protiv Osmanlija kraj Senja, u Solinu i Klisu, zbog \u010dega im je bio trn u oku. Njegova borbenost i dr\u017eanje postali su legendarni kao i uskoci koji su nakon pada Klisa pod osmansku vlast 1537. godine pre\u0161li u Senj. Djelo Petar Kru\u017ei\u0107, kapetan i knez grada Klisa Marka Perojevi\u0107a nije dakle \u017eivotopis samo jednog vojskovo\u0111e ve\u0107 dio povijesti Klisa, Dalmacije i Hrvatske u cjelini. \u010citaju\u0107i knjigu ne mo\u017eemo se oteti dojmu o te\u0161kom razdoblju hrvatske povijesti u kojem je Kru\u017ei\u0107 \u017eivio i u kojem je polo\u017eio svoj \u017eivot za obranu domovine. Knjiga nije, unato\u010d nizu novih priloga, izgubila na svojoj va\u017enosti, osobito zbog jasno\u0107e pripovjedanja te bogatstva tekstualnih podataka. To je i danas \u010dini nezaobilaznim \u0161tivom za povjesni\u010dare, povjesni\u010dare umjetnosti kao i za sve \u010ditatelje koje zanima ratna i vojna povijest splitskog i salonitanskog podru\u010dja, ali i hrvatska povijest op\u0107enito.<\/p>\n\n\n\n<p>Godina izdanja: 2020<\/p>\n\n\n\n<p>Broj stranica: 220<\/p>\n\n\n\n<p>Izvor:<\/p>\n\n\n\n<p><a href=\"https:\/\/www.knjizara-dominovic.hr\/petar-kruzic-kapetan-i-knez-grada-klisa-pretisak-proizvod-30397\/\">https:\/\/www.knjizara-dominovic.hr\/petar-kruzic-kapetan-i-knez-grada-klisa-pretisak-proizvod-30397\/<\/a><\/p>\n\n\n\n<hr class=\"wp-block-separator\"\/>\n","protected":false},"excerpt":{"rendered":"","protected":false},"author":2,"featured_media":22523,"comment_status":"open","ping_status":"open","sticky":false,"template":"","format":"standard","meta":{"_acf_changed":false,"jetpack_post_was_ever_published":false,"_jetpack_newsletter_access":"","_jetpack_dont_email_post_to_subs":false,"_jetpack_newsletter_tier_id":0,"_jetpack_memberships_contains_paywalled_content":false,"_jetpack_memberships_contains_paid_content":false,"footnotes":"","jetpack_publicize_message":"","jetpack_publicize_feature_enabled":true,"jetpack_social_post_already_shared":true,"jetpack_social_options":{"image_generator_settings":{"template":"highway","default_image_id":0,"font":"","enabled":false},"version":2}},"categories":[8,3],"tags":[],"class_list":["post-22522","post","type-post","status-publish","format-standard","has-post-thumbnail","hentry","category-knjige","category-novosti"],"acf":{"facebook_opis":""},"jetpack_publicize_connections":[],"jetpack_featured_media_url":"https:\/\/i0.wp.com\/historiografija.hr\/wp-content\/uploads\/2020\/09\/petar-kruzic-kapetan-i-knez-grada-klisa-pretisak.jpg?fit=420%2C610&ssl=1","jetpack_sharing_enabled":true,"jetpack-related-posts":[{"id":52502,"url":"https:\/\/historiografija.hr\/?p=52502","url_meta":{"origin":22522,"position":0},"title":"Novi znanstveni projekt Hrvatskog instituta za povijest: \u201c\u017drtve ratova i dr\u017eavnog\/politi\u010dkog nasilja u hrvatskoj povijesti 20. stolje\u0107a\u201d","author":"Branimir Jankovi\u0107","date":"17. travnja 2026.","format":false,"excerpt":"Na redovitoj sjednici Vlade RH, 16. travnja 2026., donijet je Zaklju\u010dak kojim se pokre\u0107e znanstveni projekt \u201c\u017drtve ratova i dr\u017eavnog\/politi\u010dkog nasilja u hrvatskoj povijesti 20. stolje\u0107a\u201d. Projekt \u0107e provoditi i koordinirati Hrvatski institut za povijest u razdoblju trajanja projekta od pet godina. Zakljucak Vlade RH Iz teksta projektnog prijedloga: Problematika\u2026","rel":"","context":"U &quot;Novosti&quot;","block_context":{"text":"Novosti","link":"https:\/\/historiografija.hr\/?cat=3"},"img":{"alt_text":"","src":"https:\/\/i0.wp.com\/historiografija.hr\/wp-content\/uploads\/2026\/04\/Vlada-RH.jpg?fit=1200%2C557&ssl=1&resize=350%2C200","width":350,"height":200,"srcset":"https:\/\/i0.wp.com\/historiografija.hr\/wp-content\/uploads\/2026\/04\/Vlada-RH.jpg?fit=1200%2C557&ssl=1&resize=350%2C200 1x, https:\/\/i0.wp.com\/historiografija.hr\/wp-content\/uploads\/2026\/04\/Vlada-RH.jpg?fit=1200%2C557&ssl=1&resize=525%2C300 1.5x, https:\/\/i0.wp.com\/historiografija.hr\/wp-content\/uploads\/2026\/04\/Vlada-RH.jpg?fit=1200%2C557&ssl=1&resize=700%2C400 2x, https:\/\/i0.wp.com\/historiografija.hr\/wp-content\/uploads\/2026\/04\/Vlada-RH.jpg?fit=1200%2C557&ssl=1&resize=1050%2C600 3x"},"classes":[]},{"id":52666,"url":"https:\/\/historiografija.hr\/?p=52666","url_meta":{"origin":22522,"position":1},"title":"Najava programa Festivala povijesti Kliofest (5-8. V. 2026)","author":"Branimir Jankovi\u0107","date":"24. travnja 2026.","format":false,"excerpt":"Po trinaesti put odr\u017eava se Festival povijesti Kliofest! Do petka \u0107emo odr\u017eati osam okruglih stolova i dva kolokvija te niz predstavljanja knjiga i projekata razli\u010dite tematike, od antike do suvremenosti. Bit \u0107e predstavljeno i nekoliko izlo\u017ebi te odr\u017ean jedan povijesni kviz. Prikazat \u0107emo i jedan film \u2013 o generalu Boroevi\u0107u.\u2026","rel":"","context":"U &quot;Novosti&quot;","block_context":{"text":"Novosti","link":"https:\/\/historiografija.hr\/?cat=3"},"img":{"alt_text":"","src":"https:\/\/i0.wp.com\/historiografija.hr\/wp-content\/uploads\/2026\/04\/Kliofest-2026.jpg?fit=526%2C526&ssl=1&resize=350%2C200","width":350,"height":200,"srcset":"https:\/\/i0.wp.com\/historiografija.hr\/wp-content\/uploads\/2026\/04\/Kliofest-2026.jpg?fit=526%2C526&ssl=1&resize=350%2C200 1x, https:\/\/i0.wp.com\/historiografija.hr\/wp-content\/uploads\/2026\/04\/Kliofest-2026.jpg?fit=526%2C526&ssl=1&resize=525%2C300 1.5x"},"classes":[]},{"id":52592,"url":"https:\/\/historiografija.hr\/?p=52592","url_meta":{"origin":22522,"position":2},"title":"Predstavljanje knjige &#8220;Turska ku\u0107a u Rijeci&#8221; u Zagrebu","author":"Branimir Jankovi\u0107","date":"22. travnja 2026.","format":false,"excerpt":"U prostorijama Turskog kulturnog centra Yunus Emre u Zagrebu, u utorak 21. travnja 2026. godine, odr\u017eano je sve\u010dano predstavljanje dopunjenog izdanja knjige Turska ku\u0107a u Rijeci, u organizaciji Hrvatsko-turskog dru\u0161tva Rijeka i partnerstvu sa Skupinom prijateljstva Hrvatska-Turska Hrvatskog sabora, Veleposlanstvom Republike Turske u Republici Hrvatskoj te Turskim kulturnim centrom Yunus\u2026","rel":"","context":"U &quot;Novosti&quot;","block_context":{"text":"Novosti","link":"https:\/\/historiografija.hr\/?cat=3"},"img":{"alt_text":"","src":"https:\/\/i0.wp.com\/historiografija.hr\/wp-content\/uploads\/2026\/04\/Turska-kuca-ZG.jpg?fit=1200%2C800&ssl=1&resize=350%2C200","width":350,"height":200,"srcset":"https:\/\/i0.wp.com\/historiografija.hr\/wp-content\/uploads\/2026\/04\/Turska-kuca-ZG.jpg?fit=1200%2C800&ssl=1&resize=350%2C200 1x, https:\/\/i0.wp.com\/historiografija.hr\/wp-content\/uploads\/2026\/04\/Turska-kuca-ZG.jpg?fit=1200%2C800&ssl=1&resize=525%2C300 1.5x, https:\/\/i0.wp.com\/historiografija.hr\/wp-content\/uploads\/2026\/04\/Turska-kuca-ZG.jpg?fit=1200%2C800&ssl=1&resize=700%2C400 2x, https:\/\/i0.wp.com\/historiografija.hr\/wp-content\/uploads\/2026\/04\/Turska-kuca-ZG.jpg?fit=1200%2C800&ssl=1&resize=1050%2C600 3x"},"classes":[]},{"id":52508,"url":"https:\/\/historiografija.hr\/?p=52508","url_meta":{"origin":22522,"position":3},"title":"Glazbena radionica \u201eDUGMETARA REVISITED\u201c","author":"Branimir Jankovi\u0107","date":"17. travnja 2026.","format":false,"excerpt":"DUGMETARA REVISITED glazbena radionica vodi: Ana Horvat 13., 20. i 27. travnja, od 18 do 20 sati Radiona, Nova cesta 186 Na tri radioni\u010dka susreta uranjamo u naslje\u0111e Dugmetare, biv\u0161e tvornice dugmadi na Savskoj cesti koja je po\u010detkom 2000-ih igrom slu\u010daja postala \u017eivo, jedinstveno mjesto glazbene proizvodnje. Svoje su probe\u2026","rel":"","context":"U &quot;Novosti&quot;","block_context":{"text":"Novosti","link":"https:\/\/historiografija.hr\/?cat=3"},"img":{"alt_text":"","src":"https:\/\/i0.wp.com\/historiografija.hr\/wp-content\/uploads\/2026\/04\/TRESNJA_TRESTI.jpg?fit=380%2C475&ssl=1&resize=350%2C200","width":350,"height":200},"classes":[]},{"id":52543,"url":"https:\/\/historiografija.hr\/?p=52543","url_meta":{"origin":22522,"position":4},"title":"Znanstveno-stru\u010dni skup \u201eOto\u010dne pu\u010dke pobo\u017enosti: kontinuiteti i transformacije\u201c","author":"Branimir Jankovi\u0107","date":"20. travnja 2026.","format":false,"excerpt":"Najavljujemo\u00a0znanstveno-stru\u010dni skup \u201eOto\u010dne pu\u010dke pobo\u017enosti: kontinuiteti i transformacije\u201c,\u00a0koji \u0107e se odr\u017eati\u00a0u Rabu od 24. do 26. travnja 2026.,\u00a0u organizaciji i uz potporu\u00a0Instituta za etnologiju i folkloristiku, Zagreb, \u00a0Grada Raba, Pu\u010dkog otvorenog u\u010dili\u0161ta Rab i Centra za istra\u017eivanje srednjovjekovne ba\u0161tine Jadrana RIMAH. Skup okuplja vode\u0107e doma\u0107e stru\u010dnjake koji \u0107e kroz niz\u2026","rel":"","context":"U &quot;Novosti&quot;","block_context":{"text":"Novosti","link":"https:\/\/historiografija.hr\/?cat=3"},"img":{"alt_text":"","src":"https:\/\/i0.wp.com\/historiografija.hr\/wp-content\/uploads\/2026\/04\/Skup_Rab.jpg?fit=848%2C1200&ssl=1&resize=350%2C200","width":350,"height":200,"srcset":"https:\/\/i0.wp.com\/historiografija.hr\/wp-content\/uploads\/2026\/04\/Skup_Rab.jpg?fit=848%2C1200&ssl=1&resize=350%2C200 1x, https:\/\/i0.wp.com\/historiografija.hr\/wp-content\/uploads\/2026\/04\/Skup_Rab.jpg?fit=848%2C1200&ssl=1&resize=525%2C300 1.5x, https:\/\/i0.wp.com\/historiografija.hr\/wp-content\/uploads\/2026\/04\/Skup_Rab.jpg?fit=848%2C1200&ssl=1&resize=700%2C400 2x"},"classes":[]},{"id":52669,"url":"https:\/\/historiografija.hr\/?p=52669","url_meta":{"origin":22522,"position":5},"title":"Predavanje Igora Dude &#8220;Odmor kao \u017eivotna potreba: o slobodnom vremenu u socijalisti\u010dkoj Jugoslaviji&#8221;","author":"Branimir Jankovi\u0107","date":"27. travnja 2026.","format":false,"excerpt":"U sklopu proljetnog ciklusa programa\u00a0Kriti\u010dka dramaturgija: pauza, u\u00a0subotu, 25. travnja 2026. u 19 sati\u00a0u prostoru Udru\u017eenja hrvatskih arhitekata povjesni\u010dar Igor Duda\u00a0odr\u017eao je predavanje naslovljeno\u00a0Odmor kao \u017eivotna potreba: o slobodnom vremenu u socijalisti\u010dkoj Jugoslaviji. Industrijalizacija i urbanizacija dru\u0161tava u povijesti su zna\u010dile i prelazak s predindustrijskog na industrijsko shva\u0107anje vremena. Ono\u2026","rel":"","context":"U &quot;Novosti&quot;","block_context":{"text":"Novosti","link":"https:\/\/historiografija.hr\/?cat=3"},"img":{"alt_text":"","src":"https:\/\/i0.wp.com\/historiografija.hr\/wp-content\/uploads\/2026\/04\/Duda.png?fit=1200%2C628&ssl=1&resize=350%2C200","width":350,"height":200,"srcset":"https:\/\/i0.wp.com\/historiografija.hr\/wp-content\/uploads\/2026\/04\/Duda.png?fit=1200%2C628&ssl=1&resize=350%2C200 1x, https:\/\/i0.wp.com\/historiografija.hr\/wp-content\/uploads\/2026\/04\/Duda.png?fit=1200%2C628&ssl=1&resize=525%2C300 1.5x, https:\/\/i0.wp.com\/historiografija.hr\/wp-content\/uploads\/2026\/04\/Duda.png?fit=1200%2C628&ssl=1&resize=700%2C400 2x, https:\/\/i0.wp.com\/historiografija.hr\/wp-content\/uploads\/2026\/04\/Duda.png?fit=1200%2C628&ssl=1&resize=1050%2C600 3x"},"classes":[]}],"_links":{"self":[{"href":"https:\/\/historiografija.hr\/index.php?rest_route=\/wp\/v2\/posts\/22522","targetHints":{"allow":["GET"]}}],"collection":[{"href":"https:\/\/historiografija.hr\/index.php?rest_route=\/wp\/v2\/posts"}],"about":[{"href":"https:\/\/historiografija.hr\/index.php?rest_route=\/wp\/v2\/types\/post"}],"author":[{"embeddable":true,"href":"https:\/\/historiografija.hr\/index.php?rest_route=\/wp\/v2\/users\/2"}],"replies":[{"embeddable":true,"href":"https:\/\/historiografija.hr\/index.php?rest_route=%2Fwp%2Fv2%2Fcomments&post=22522"}],"version-history":[{"count":2,"href":"https:\/\/historiografija.hr\/index.php?rest_route=\/wp\/v2\/posts\/22522\/revisions"}],"predecessor-version":[{"id":22525,"href":"https:\/\/historiografija.hr\/index.php?rest_route=\/wp\/v2\/posts\/22522\/revisions\/22525"}],"wp:featuredmedia":[{"embeddable":true,"href":"https:\/\/historiografija.hr\/index.php?rest_route=\/wp\/v2\/media\/22523"}],"wp:attachment":[{"href":"https:\/\/historiografija.hr\/index.php?rest_route=%2Fwp%2Fv2%2Fmedia&parent=22522"}],"wp:term":[{"taxonomy":"category","embeddable":true,"href":"https:\/\/historiografija.hr\/index.php?rest_route=%2Fwp%2Fv2%2Fcategories&post=22522"},{"taxonomy":"post_tag","embeddable":true,"href":"https:\/\/historiografija.hr\/index.php?rest_route=%2Fwp%2Fv2%2Ftags&post=22522"}],"curies":[{"name":"wp","href":"https:\/\/api.w.org\/{rel}","templated":true}]}}