{"id":22493,"date":"2020-09-01T15:14:43","date_gmt":"2020-09-01T15:14:43","guid":{"rendered":"http:\/\/historiografija.hr\/?p=22493"},"modified":"2020-10-20T10:15:43","modified_gmt":"2020-10-20T10:15:43","slug":"marie-janine-calic-tito-der-ewige-partisan","status":"publish","type":"post","link":"https:\/\/historiografija.hr\/?p=22493","title":{"rendered":"Marie-Janine Calic, &#8220;Tito. Der ewige Partisan&#8221;"},"content":{"rendered":"\n<p>Izdava\u010d C.H.Beck iz M\u00fcnchena objavljuje u rujnu 2020. novu biografiju Josipa Broza Tita \u2013 knjigu povjesni\u010darke Marie-Janine Calic &#8220;Tito. Der ewige Partisan&#8221; (Tito. Vje\u010dni partizan). Budu\u0107i da su do sada prevedene njezine knjige \u201eSocijalna istorija Srbije 1814-1941: usporeni napredak u industrijalizaciji\u201c, \u201eIstorija Jugoslavije u 20. veku\u201c i \u201cJugoisto\u010dna Evropa: globalna historija\u201d, za o\u010dekivati je i skori prijevod Titove biografije.<\/p>\n\n\n\n<p>&#8212;<\/p>\n\n\n\n<p><strong>Tito<\/strong><\/p>\n\n\n\n<p><strong>Der ewige Partisan<\/strong><\/p>\n\n\n\n<p>Josip Broz Tito war der ewige Partisan \u2013 ein typisches Gesch\u00f6pf des Zeitalters der Extreme, welches er pers\u00f6nlich erlebt, erlitten und gestaltet hat. Bei seinem Tod galt er als ein international anerkannter Staatsmann. Heute halten ihn viele f\u00fcr einen brutalen Diktator. Doch was war er wirklich? Marie-Janine Calic l\u00e4sst die historische Person hinter den Legenden sichtbar werden und erz\u00e4hlt die Geschichte eines abenteuerlichen Lebens, in dem sich Aufstieg und Fall Jugoslawiens spiegeln.<br><br>Tito war ein Politiker eigenen Kalibers. Er war Vision\u00e4r und Pragmatiker, Stratege und Macher, einer, der durch au\u00dfergew\u00f6hnliche Talente und unter ganz besonderen historischen Umst\u00e4nden eine beispiellose Karriere machte. Im Zweiten Weltkrieg befreite er Jugoslawien mit seinen Partisanen aus eigener Kraft von der deutschen Besatzung. Es war die Rolle, in der er ganz bei sich war und die seine langj\u00e4hrige Herrschaft legitimierte. Ohne den ewigen Partisanen h\u00e4tte es Jugoslawien nach dem Zweiten Weltkrieg wahrscheinlich nicht mehr gegeben. 35 Jahre lang blieb er der unverzichtbare Moderator eines mehr oder weniger gedeihlichen Zusammenlebens. Doch Titos Jugoslawien \u00fcberlebte seinen Sch\u00f6pfer kaum eine Dekade, und es folgte ein Gewaltausbruch, wie ihn Europa seit dem Zweiten Weltkrieg nicht mehr erlebt hatte. \u00dcber Titos Lebenswerk liegt somit der Schatten bitteren Scheiterns. &nbsp;<\/p>\n\n\n\n<p> <\/p>\n\n\n\n<p><strong>Inhalt<\/strong><\/p>\n\n\n\n<p><strong>Apropos Tito<\/strong><br><br><strong>KUMROVEC, 7. MAI 1892<br>Der Bauernsohn<\/strong><br>Kindheit im Zagorje<br>Mutters Sohn<br>Versagte Lebenschancen<br>Politisierung<br><br><strong>PETROGRAD, 23. FEBRUAR 1917<br>Der Bolschewist<\/strong><br>Vom Weltkrieg zum Roten Oktober<br>Kairos der Weltrevolution<br>Fr\u00fche politische Arbeit<br><br><strong>ZAGREB, 7. NOVEMBER 1928<br>Der Revolution\u00e4r<\/strong><br>Der \u00abBomber-Prozess\u00bb<br>Chef der Zagreber Ortsgruppe<br>Das Zuchthaus \u2013 die Schule des Revolution\u00e4rs<br>Generation Revolution<br><br><strong>MOSKAU, 25. JULI 1935<br>Parteiarbeiter der Komintern<\/strong><br>Faszinosum Moskau<br>Im \u00abGeneralstab der Weltrevolution\u00bb<br>Im Hotel Lux<br>In geheimer Mission<br>Der Alte<br>Hanni K\u00f6nig (Lucie Bauer) \u2013 ein deutsches Schicksal<br>Auf Messers Schneide<br>Endlich Generalsekret\u00e4r<br><br><strong>ZAGREB, 10. APRIL 1941<br>Der Partisanenf\u00fchrer<\/strong><br>Hitlers Strafgericht<br>Volksbefreiungsaufstand<br>Der Rivale<br>Untergang und Neuanfang<br>Im Wald<br>\u00abBr\u00fcderlichkeit und Einheit\u00bb<br><br><strong>BIHAC, 26. UND 27. NOVEMBER 1942<br>Der Staatsgr\u00fcnder<\/strong><br>\u00abTitos Staat\u00bb<br>\u00abSchicksalsstunde der Revolution\u00bb an der Neretva<br>Der Alte wird verletzt<br>\u00abDer sagenhafte Tito\u00bb<br>Auf dem Weg zur internationalen Anerkennung<br>Unternehmen \u00abR\u00f6sselsprung\u00bb<br>Churchills Dilemma<br><br><strong>BELGRAD, 20. OKTOBER 1944<br>Der stalinistische Autokrat<\/strong><br>Macht\u00fcbernahme<br>\u00abDas Schwert der Revolution\u00bb<br>\u00abKein Schwabe darf bleiben\u00bb<br>\u00abIch trage die Verantwortung, ich entscheide!\u00bb<br>Wiederaufbau und Vers\u00f6hnung<br>Das Gewissen des Erzbischofs<br><br><strong>MOSKAU, 28. JUNI 1948<br>Der Abtr\u00fcnnige<\/strong><br>Moskaus treuester Verb\u00fcndeter<br>Stalins Bannfluch<br>Die Reihen fest geschlossen<br>Trumans Keilstrategie<br>Titoland<br>Goli Otok<br><br><strong>ZAGREB, 2.\u20137. NOVEMBER 1952<br>Der Reformkommunist<\/strong><br>Die Erfindung der Arbeiterselbstverwaltung<br>Die Geister, die ich rief: der Fall \u00d0ilas<br>Ich, Jovanka<br>Coca-Cola-Sozialismus<br>Titos Charisma<br><br><strong>DELHI, DEZEMBER 1954<br>Der \u00abWeltb\u00fcrger\u00bb<br>Der Globetrotter<\/strong><br>Stalin ist tot \u2013 hoch lebe Jugoslawien!<br>\u00abUnternehmen Diamant\u00bb<br>Anf\u00fchrer der Blockfreien<br>\u00abRiese auf der Weltb\u00fchne\u00bb<br>Der Gastgeber<br><br><strong>BRIONI, 1. JULI 1966<br>Der Richter und Schlichter<\/strong><br>Titos Sorgen<br>Der Sturz des Aleksandar Rankovic<br>Aufstand der Intellektuellen<br>Das Verdikt von Karadordevo<br>Abgang der serbischen \u00abLiberalen\u00bb<br>\u00abNeutralisierung\u00bb der Emigration<br>Mehr Br\u00fcderlichkeit, weniger Einheit<br><strong><br>BONN, D\u00dcSSELDORF UND HAMBURG, 24.\u201327. JUNI 1974<br>Der Elder Statesman<\/strong><br>Endlich Vers\u00f6hnung<br>Entspannung \u2013 aber bitte global!<br>Nur noch schnell die Welt retten<br>Anfang vom Ende<br>R\u00fcckkehr an die Sutjeska<br><strong><br>LJUBLJANA, 4. MAI 1980<br>\u00abNach Tito: Tito!\u00bb<\/strong><br>Das \u00abEnde einer Epoche\u00bb<br>Nach Tito kein neuer Tito<br>Sockelsturz<br>Titostalgie<br><br>Dank<br><br>Anhang<br>Anmerkungen<br>Quellen und Literatur<br>Abk\u00fcrzungen<br>Bildnachweis<br>Ortsregister<br>Personenregister<\/p>\n\n\n\n<hr class=\"wp-block-separator\"\/>\n\n\n\n<p><strong>Marie-Janine Calic<\/strong> lehrt als Professorin f\u00fcr s\u00fcdosteurop\u00e4ische Geschichte an der Ludwig-Maximilians-Universit\u00e4t M\u00fcnchen.<\/p>\n\n\n\n<hr class=\"wp-block-separator\"\/>\n\n\n\n<p>Erscheint am 17. September 2020<\/p>\n\n\n\n<p>442 S., mit 42 Abbildungen und 3 Karten<\/p>\n\n\n\n<hr class=\"wp-block-separator\"\/>\n\n\n\n<p><strong>Leseprobe:<\/strong><\/p>\n\n\n\n<p><a href=\"https:\/\/www.chbeck.de\/calic-janine-tito\/product\/30931967\">https:\/\/www.chbeck.de\/calic-janine-tito\/product\/30931967<\/a><\/p>\n\n\n\n<hr class=\"wp-block-separator\"\/>\n\n\n\n<p><strong>Iz<\/strong> <strong>medija:<\/strong><\/p>\n\n\n\n<p><a href=\"https:\/\/www.dw.com\/bs\/nova-titova-biografija-vje%C4%8Dni-partizan\/a-55183735\">https:\/\/www.dw.com\/bs\/nova-titova-biografija-vje%C4%8Dni-partizan\/a-55183735<\/a><\/p>\n\n\n\n<p><a href=\"https:\/\/www.dw.com\/hr\/ni-tito-ne-bi-sa%C4%8Duvao-jugoslaviju\/a-55311786\">https:\/\/www.dw.com\/hr\/ni-tito-ne-bi-sa%C4%8Duvao-jugoslaviju\/a-55311786<\/a><\/p>\n\n\n\n<p><a href=\"https:\/\/www.vecernji.hr\/vijesti\/njemacka-povjesnicarka-tito-je-imao-ulogu-partizanskog-marsala-i-osnivaca-drzave-oca-jugoslavije-1439367\">https:\/\/www.vecernji.hr\/vijesti\/njemacka-povjesnicarka-tito-je-imao-ulogu-partizanskog-marsala-i-osnivaca-drzave-oca-jugoslavije-1439367<\/a><\/p>\n\n\n\n<hr class=\"wp-block-separator\"\/>\n","protected":false},"excerpt":{"rendered":"","protected":false},"author":2,"featured_media":22494,"comment_status":"open","ping_status":"open","sticky":false,"template":"","format":"standard","meta":{"_acf_changed":false,"jetpack_post_was_ever_published":false,"_jetpack_newsletter_access":"","_jetpack_dont_email_post_to_subs":false,"_jetpack_newsletter_tier_id":0,"_jetpack_memberships_contains_paywalled_content":false,"_jetpack_memberships_contains_paid_content":false,"footnotes":"","jetpack_publicize_message":"","jetpack_publicize_feature_enabled":true,"jetpack_social_post_already_shared":true,"jetpack_social_options":{"image_generator_settings":{"template":"highway","default_image_id":0,"font":"","enabled":false},"version":2}},"categories":[8,3],"tags":[],"class_list":["post-22493","post","type-post","status-publish","format-standard","has-post-thumbnail","hentry","category-knjige","category-novosti"],"acf":{"facebook_opis":""},"jetpack_publicize_connections":[],"jetpack_featured_media_url":"https:\/\/i0.wp.com\/historiografija.hr\/wp-content\/uploads\/2020\/09\/Calic-Tito-scaled.jpg?fit=1645%2C2560&ssl=1","jetpack_sharing_enabled":true,"jetpack-related-posts":[{"id":52616,"url":"https:\/\/historiografija.hr\/?p=52616","url_meta":{"origin":22493,"position":0},"title":"No\u0107 knjige 2026.","author":"Branimir Jankovi\u0107","date":"22. travnja 2026.","format":false,"excerpt":"Slavljeni\u010dka 15. No\u0107 knjige odr\u017eat \u0107e se 23. travnja diljem Hrvatske u povodu Svjetskog dana knjige i autorskih prava te Dana hrvatske knjige. S vi\u0161e od 1.000 prijavljenih programa i akcija s pravom nosi epitet najmasovnije doma\u0107e kulturne manifestacije, a ove \u0107e godine prote\u0107i u znaku mira, razumijevanja, tolerancije, srodnosti\u2026","rel":"","context":"U &quot;Novosti&quot;","block_context":{"text":"Novosti","link":"https:\/\/historiografija.hr\/?cat=3"},"img":{"alt_text":"","src":"https:\/\/i0.wp.com\/historiografija.hr\/wp-content\/uploads\/2026\/04\/noc_knjige_2026.jpg?fit=680%2C276&ssl=1&resize=350%2C200","width":350,"height":200,"srcset":"https:\/\/i0.wp.com\/historiografija.hr\/wp-content\/uploads\/2026\/04\/noc_knjige_2026.jpg?fit=680%2C276&ssl=1&resize=350%2C200 1x, https:\/\/i0.wp.com\/historiografija.hr\/wp-content\/uploads\/2026\/04\/noc_knjige_2026.jpg?fit=680%2C276&ssl=1&resize=525%2C300 1.5x"},"classes":[]},{"id":52603,"url":"https:\/\/historiografija.hr\/?p=52603","url_meta":{"origin":22493,"position":1},"title":"No\u0107 knjige: Carska i kraljevska kuhinja","author":"Branimir Jankovi\u0107","date":"22. travnja 2026.","format":false,"excerpt":"Pozivamo vas da nam se pridru\u017eite 23. travnja 2026. u 18 sati u obilje\u017eavanju No\u0107i knjige u Pivnici Bobi&Rudi na Trgu Ivana Me\u0161trovi\u0107a u Zapru\u0111u u Zagrebu gdje uz kavu \u010ditamo recepte iz zemalja Austro-Ugarske Monarhije iz knjige Carska i kraljevska kuhinja, autora Roberta Mak\u0142owicza, u prijevodu Damira Agi\u010di\u0107a. Izvor:\u2026","rel":"","context":"U &quot;Novosti&quot;","block_context":{"text":"Novosti","link":"https:\/\/historiografija.hr\/?cat=3"},"img":{"alt_text":"","src":"https:\/\/i0.wp.com\/historiografija.hr\/wp-content\/uploads\/2026\/04\/Noc-knjige-Carska-i-kraljevska.jpg?fit=1200%2C1200&ssl=1&resize=350%2C200","width":350,"height":200,"srcset":"https:\/\/i0.wp.com\/historiografija.hr\/wp-content\/uploads\/2026\/04\/Noc-knjige-Carska-i-kraljevska.jpg?fit=1200%2C1200&ssl=1&resize=350%2C200 1x, https:\/\/i0.wp.com\/historiografija.hr\/wp-content\/uploads\/2026\/04\/Noc-knjige-Carska-i-kraljevska.jpg?fit=1200%2C1200&ssl=1&resize=525%2C300 1.5x, https:\/\/i0.wp.com\/historiografija.hr\/wp-content\/uploads\/2026\/04\/Noc-knjige-Carska-i-kraljevska.jpg?fit=1200%2C1200&ssl=1&resize=700%2C400 2x, https:\/\/i0.wp.com\/historiografija.hr\/wp-content\/uploads\/2026\/04\/Noc-knjige-Carska-i-kraljevska.jpg?fit=1200%2C1200&ssl=1&resize=1050%2C600 3x"},"classes":[]},{"id":52651,"url":"https:\/\/historiografija.hr\/?p=52651","url_meta":{"origin":22493,"position":2},"title":"Promocija knjige Emira O. Filipovi\u0107a \u201cVite\u0161tvo u srednjovjekovnoj Bosni\u201d u Sarajevu","author":"Branimir Jankovi\u0107","date":"24. travnja 2026.","format":false,"excerpt":"Knji\u017eevni korner poziva na promociju knjige Emira O. Filipovi\u0107a \u201cVite\u0161tvo u srednjovjekovnoj Bosni\u201d koja \u0107e se odr\u017eati u srijedu, 29. aprila 2026. u 18 sati u Evropskoj ku\u0107i kulture i nacionalnih manjina (Austrijska ku\u0107a) u Sarajevu. Na promociji \u0107e govoriti Mirsad Sijari\u0107, Ema Mazrak i autor, a moderirat \u0107e Nikola\u2026","rel":"","context":"U &quot;Novosti&quot;","block_context":{"text":"Novosti","link":"https:\/\/historiografija.hr\/?cat=3"},"img":{"alt_text":"","src":"https:\/\/i0.wp.com\/historiografija.hr\/wp-content\/uploads\/2026\/04\/Vitestvo.jpg?fit=1080%2C565&ssl=1&resize=350%2C200","width":350,"height":200,"srcset":"https:\/\/i0.wp.com\/historiografija.hr\/wp-content\/uploads\/2026\/04\/Vitestvo.jpg?fit=1080%2C565&ssl=1&resize=350%2C200 1x, https:\/\/i0.wp.com\/historiografija.hr\/wp-content\/uploads\/2026\/04\/Vitestvo.jpg?fit=1080%2C565&ssl=1&resize=525%2C300 1.5x, https:\/\/i0.wp.com\/historiografija.hr\/wp-content\/uploads\/2026\/04\/Vitestvo.jpg?fit=1080%2C565&ssl=1&resize=700%2C400 2x, https:\/\/i0.wp.com\/historiografija.hr\/wp-content\/uploads\/2026\/04\/Vitestvo.jpg?fit=1080%2C565&ssl=1&resize=1050%2C600 3x"},"classes":[]},{"id":52675,"url":"https:\/\/historiografija.hr\/?p=52675","url_meta":{"origin":22493,"position":3},"title":"Predstavljanje knjige Luke Peji\u0107a &#8220;U taboru anarhista: \u017divot Ivana Zeppa&#8221; u Osijeku","author":"Branimir Jankovi\u0107","date":"27. travnja 2026.","format":false,"excerpt":"U \u010detvrtak, 30. travnja 2026.\u00a0u\u00a019.00 sati\u00a0u Klubu knji\u017eare Nova\u00a0(Trg Ante Star\u010devi\u0107a 4, Osijek) odr\u017eat \u0107e se predstavljanje nove knjige Luke Peji\u0107a U taboru anarhista: \u017divot Ivana Zeppa (DAF, 2025.). Uz autora o knjizi \u0107e govoriti recenzent i povjesni\u010dar Nikola Toma\u0161egovi\u0107 te povjesni\u010darka Ana Rajkovi\u0107 Peji\u0107. Razgovor \u0107e moderirati doktorandica\u00a0Valentina Kezi\u0107.\u2026","rel":"","context":"U &quot;Novosti&quot;","block_context":{"text":"Novosti","link":"https:\/\/historiografija.hr\/?cat=3"},"img":{"alt_text":"","src":"https:\/\/i0.wp.com\/historiografija.hr\/wp-content\/uploads\/2025\/11\/Pejic.jpg?fit=574%2C790&ssl=1&resize=350%2C200","width":350,"height":200,"srcset":"https:\/\/i0.wp.com\/historiografija.hr\/wp-content\/uploads\/2025\/11\/Pejic.jpg?fit=574%2C790&ssl=1&resize=350%2C200 1x, https:\/\/i0.wp.com\/historiografija.hr\/wp-content\/uploads\/2025\/11\/Pejic.jpg?fit=574%2C790&ssl=1&resize=525%2C300 1.5x"},"classes":[]},{"id":52613,"url":"https:\/\/historiografija.hr\/?p=52613","url_meta":{"origin":22493,"position":4},"title":"No\u0107 knjige u Hrvatskom dr\u017eavnom arhivu","author":"Branimir Jankovi\u0107","date":"22. travnja 2026.","format":false,"excerpt":"Predstavljanje knjige Rajke Bu\u0107in \u201dLije\u010denje i zbrinjavanje \u017didova u Bolnici sestara milosrdnica u Zagrebu 1941. \u2013 1945.\u201d u \u010detvrtak, 23. travnja 2026. u 13 sati u Hrvatskom dr\u017eavnom arhivu u Zagrebu. Izvor: https:\/\/www.arhiv.hr\/hr-hr\/Kulturno-prosvjetne-aktivnosti\/ArticleId\/1986\/oamid\/1633","rel":"","context":"U &quot;Novosti&quot;","block_context":{"text":"Novosti","link":"https:\/\/historiografija.hr\/?cat=3"},"img":{"alt_text":"","src":"https:\/\/i0.wp.com\/historiografija.hr\/wp-content\/uploads\/2026\/04\/noc_knjige_2026.jpg?fit=680%2C276&ssl=1&resize=350%2C200","width":350,"height":200,"srcset":"https:\/\/i0.wp.com\/historiografija.hr\/wp-content\/uploads\/2026\/04\/noc_knjige_2026.jpg?fit=680%2C276&ssl=1&resize=350%2C200 1x, https:\/\/i0.wp.com\/historiografija.hr\/wp-content\/uploads\/2026\/04\/noc_knjige_2026.jpg?fit=680%2C276&ssl=1&resize=525%2C300 1.5x"},"classes":[]},{"id":52520,"url":"https:\/\/historiografija.hr\/?p=52520","url_meta":{"origin":22493,"position":5},"title":"Predstavljanje knjige &#8220;Socialist Economics in Yugoslavia: A Critical History&#8221; u Zagrebu","author":"Branimir Jankovi\u0107","date":"17. travnja 2026.","format":false,"excerpt":"Pozivamo vas na predstavljanje knjige \"Socialist Economics in Yugoslavia: A Critical History\", autora Mislava \u00a0\u017ditka i Marka Grde\u0161i\u0107a (Routledge, 2026). Na predstavljanju \u0107e govoriti Branko Milanovi\u0107 (CUNY), Milica Uvali\u0107 (EUI), Zdravko Petak (FPZG) te autori.\u00a0 Predstavljanje \u0107e se odr\u017eati u srijedu 22. travnja u 16:00 sati na Fakultetu politi\u010dkih znanosti\u2026","rel":"","context":"U &quot;Novosti&quot;","block_context":{"text":"Novosti","link":"https:\/\/historiografija.hr\/?cat=3"},"img":{"alt_text":"","src":"https:\/\/i0.wp.com\/historiografija.hr\/wp-content\/uploads\/2026\/04\/Poziv-na-predstavljanje.png?fit=800%2C652&ssl=1&resize=350%2C200","width":350,"height":200,"srcset":"https:\/\/i0.wp.com\/historiografija.hr\/wp-content\/uploads\/2026\/04\/Poziv-na-predstavljanje.png?fit=800%2C652&ssl=1&resize=350%2C200 1x, https:\/\/i0.wp.com\/historiografija.hr\/wp-content\/uploads\/2026\/04\/Poziv-na-predstavljanje.png?fit=800%2C652&ssl=1&resize=525%2C300 1.5x, https:\/\/i0.wp.com\/historiografija.hr\/wp-content\/uploads\/2026\/04\/Poziv-na-predstavljanje.png?fit=800%2C652&ssl=1&resize=700%2C400 2x"},"classes":[]}],"_links":{"self":[{"href":"https:\/\/historiografija.hr\/index.php?rest_route=\/wp\/v2\/posts\/22493","targetHints":{"allow":["GET"]}}],"collection":[{"href":"https:\/\/historiografija.hr\/index.php?rest_route=\/wp\/v2\/posts"}],"about":[{"href":"https:\/\/historiografija.hr\/index.php?rest_route=\/wp\/v2\/types\/post"}],"author":[{"embeddable":true,"href":"https:\/\/historiografija.hr\/index.php?rest_route=\/wp\/v2\/users\/2"}],"replies":[{"embeddable":true,"href":"https:\/\/historiografija.hr\/index.php?rest_route=%2Fwp%2Fv2%2Fcomments&post=22493"}],"version-history":[{"count":5,"href":"https:\/\/historiografija.hr\/index.php?rest_route=\/wp\/v2\/posts\/22493\/revisions"}],"predecessor-version":[{"id":23201,"href":"https:\/\/historiografija.hr\/index.php?rest_route=\/wp\/v2\/posts\/22493\/revisions\/23201"}],"wp:featuredmedia":[{"embeddable":true,"href":"https:\/\/historiografija.hr\/index.php?rest_route=\/wp\/v2\/media\/22494"}],"wp:attachment":[{"href":"https:\/\/historiografija.hr\/index.php?rest_route=%2Fwp%2Fv2%2Fmedia&parent=22493"}],"wp:term":[{"taxonomy":"category","embeddable":true,"href":"https:\/\/historiografija.hr\/index.php?rest_route=%2Fwp%2Fv2%2Fcategories&post=22493"},{"taxonomy":"post_tag","embeddable":true,"href":"https:\/\/historiografija.hr\/index.php?rest_route=%2Fwp%2Fv2%2Ftags&post=22493"}],"curies":[{"name":"wp","href":"https:\/\/api.w.org\/{rel}","templated":true}]}}