{"id":22479,"date":"2020-08-31T17:18:06","date_gmt":"2020-08-31T17:18:06","guid":{"rendered":"http:\/\/historiografija.hr\/?p=22479"},"modified":"2020-08-31T17:18:06","modified_gmt":"2020-08-31T17:18:06","slug":"tomislav-jonjic-ivo-pilar-pisac-politicar-ideolog-1898-1918","status":"publish","type":"post","link":"https:\/\/historiografija.hr\/?p=22479","title":{"rendered":"Tomislav Jonji\u0107, \u201cIvo Pilar \u2013 pisac, politi\u010dar, ideolog (1898.-1918.)\u201d"},"content":{"rendered":"\n<p>Na 900 stranica Tomislav Jonji\u0107 donosi iscrpan pregled, pravu studiju o \u017eivotu i djelovanju pisca, pravnka, sociologa i najpoznatijeg hrvatskog geopoliti\u010dara Ive Pilara. Taj prava\u0161ki politi\u010dar pionir je hrvatskog zemljopisa, a njegovi poznati radovi jesu <em>Politi\u010dki zemljopis hrvatskih zemalja<\/em> i <em>Geopoliti\u010dka studija<\/em>, u kojima otvara nove teme i uvodi dotad nepoznate zemljopisne pojmove. No sve je to bio samo uvod u njegovo kapitalno djelo <em>Ju\u017enoslavensko pitanje<\/em>, koje je izvorno objavio na njema\u010dkom jeziku i namijenio austrijskoj publici. Me\u0111utim djelo je imalo vi\u0161e odjeka na ju\u017enoslavenskom prostoru i izazvalo reakciju kod Srba i onih koji su zagovarali ujedinjenje u zajedni\u010dku tvorevinu. Iz Pilarove knjige shvatili su poruku da bi takvo ujedinjavanje bilo pugubno za Hrvate&nbsp;te su br\u017ee-bolje stali kupovati i uni\u0161tavati sve primjerke kako bi sprije\u010dili da dopru u \u0161iru javnost. Stoga je <em>Ju\u017enoslavensko pitanje<\/em> postalo raritetno i vrlo tra\u017eeno izdanje.<\/p>\n\n\n\n<p>Djelo Tomislava Jonji\u0107a <em>Ivo Pilar \u2013 pisac, politi\u010dar, ideolog (1898.\u20131918.)<\/em> bavi se kriti\u010dkim prou\u010davanjem jedne od svestranijih figura hrvatske politi\u010dke scene u posljednjoj fazi Habsbur\u0161ke Monarhije. (\u2026) Ono je rezultat&nbsp; sveobuhvatnog istra\u017eivanja izvornoga gradiva i brojne literature. Autor u knjizi ukazuje zbog \u010dega je Pilar bio vrijedan intenzivnog istra\u017eivanja: pisac programatskih tekstova o secesiji (\u201eideolog Moderne\u201c) i promicatelj modernih kulturno-umjetni\u010dkih pogleda, anga\u017eirani javni radnik u Sarajevu i pionir politi\u010dko-strana\u010dkog organiziranja Hrvata u Bosni i Hercegovini, nositelj intelektualnog otpora prema ekspanzivnim te\u017enjama srpskoga nacionalizma (\u201esvesrpstva\u201c) i zagovaratelj austro-ugarske aneksije BiH, aktivni sudionik ideolo\u0161kih sukoba na hrvatskom dijelu javne scene u BiH (konfrontacija sa sarajevskim nadbiskupom i onim pojedincima koji su ga do\u017eivljavali kao \u201ekufera\u0161a\u201c) i sustavni promicatelj rje\u0161avanja ju\u017enoslavenskoga pitanja u duhu promicanja pobolj\u0161anoga statusa Hrvata unutar Habsbur\u0161ke Monarhije. (Iz recenzije dr. sc. Stjepana Matkovi\u0107a)<\/p>\n\n\n\n<p>Rukopis Tomislava Jonji\u0107a <em>Ivo Pilar \u2013 pisac, politi\u010dar, ideolog (1898.\u20131918.)<\/em> donosi relevantnu rekonstrukciju hrvatske politi\u010dke povijesti u posljednjim godinama postojanja Austro-Ugarske Monarhije. Zbog \u010dinjenice da je Ivo Pilar (1874.\u20131933.), po profesiji odvjetnik, u to doba \u017eivio u Bosni i Hercegovini (Sarajevo, Tuzla), u prvom je planu tamo\u0161nja politika i njegovo djelovanje koje se, s obzirom na njegovu interdisciplinarnost, protezalo na brojna znanstvena i kulturna podru\u010dja (knji\u017eevnost, historiografija, antropologija, sociologija, psihologija i dr.). Autor s pravom isti\u010de da su njegovi brojni izvanprofesionalni i izvanpoliti\u010dki interesi vrlo \u010desto imali zamjetne politi\u010dke motive i svrhe. (\u2026) Monografskom obradom \u017eivotnoga puta Ive Pilara u posljednjim godinama postojanja Austro-Ugarske Monarhije ostvaren je relevantan znanstveni doprinos suvremenoj hrvatskoj historiografiji, ali i povijesti drugih dr\u017eava (Ma\u0111arska, Austrija, Bosna i Hercegovina, Srbija). Tema je istra\u017eena na osnovi historiografskih normi koje svoje utemeljenje imaju u \u010dinjenicama relevantnima za istra\u017eivanje. Autor kriti\u010dki analizira sve dosada\u0161nje rezultate historiografije te ih dovodi u kontekst svojih istra\u017eivanja. (Iz recenzije dr. sc. Zlatka Matijevi\u0107a)<\/p>\n\n\n\n<p>Izvor: <a href=\"https:\/\/agm.hr\/hr\/shop\/ivo-pilar---pisac-politicar-ideolog-(1898-1918)%2c726.html\">https:\/\/agm.hr\/hr\/shop\/ivo-pilar&#8212;pisac-politicar-ideolog-(1898-1918)%2c726.html<\/a><\/p>\n\n\n\n<p>Iz medija:<\/p>\n\n\n\n<p><a href=\"https:\/\/www.culturenet.hr\/default.aspx?id=98638\">https:\/\/www.culturenet.hr\/default.aspx?id=98638<\/a><\/p>\n\n\n\n<p><a href=\"https:\/\/www.tportal.hr\/kultura\/clanak\/objavljena-jonjiceva-monografija-ivo-pilar-pisac-politicar-ideolog-20200707\">https:\/\/www.tportal.hr\/kultura\/clanak\/objavljena-jonjiceva-monografija-ivo-pilar-pisac-politicar-ideolog-20200707<\/a><\/p>\n\n\n\n<p><a href=\"https:\/\/direktno.hr\/zivot\/kultura\/objavljena-knjiga-tomislava-jonjica-ivo-pilar-pisac-politicar-ideolog-199926\/\">https:\/\/direktno.hr\/zivot\/kultura\/objavljena-knjiga-tomislava-jonjica-ivo-pilar-pisac-politicar-ideolog-199926\/<\/a><\/p>\n\n\n\n<p><a href=\"https:\/\/narod.hr\/kultura\/nova-knjiga-tomislava-jonjica-o-geopolitickom-velikanu-pilaru\">https:\/\/narod.hr\/kultura\/nova-knjiga-tomislava-jonjica-o-geopolitickom-velikanu-pilaru<\/a><\/p>\n\n\n\n<hr class=\"wp-block-separator\"\/>\n","protected":false},"excerpt":{"rendered":"","protected":false},"author":2,"featured_media":22480,"comment_status":"open","ping_status":"open","sticky":false,"template":"","format":"standard","meta":{"_acf_changed":false,"jetpack_post_was_ever_published":false,"_jetpack_newsletter_access":"","_jetpack_dont_email_post_to_subs":false,"_jetpack_newsletter_tier_id":0,"_jetpack_memberships_contains_paywalled_content":false,"_jetpack_memberships_contains_paid_content":false,"footnotes":"","jetpack_publicize_message":"","jetpack_publicize_feature_enabled":true,"jetpack_social_post_already_shared":true,"jetpack_social_options":{"image_generator_settings":{"template":"highway","default_image_id":0,"font":"","enabled":false},"version":2}},"categories":[8,3],"tags":[],"class_list":["post-22479","post","type-post","status-publish","format-standard","has-post-thumbnail","hentry","category-knjige","category-novosti"],"acf":{"facebook_opis":""},"jetpack_publicize_connections":[],"jetpack_featured_media_url":"https:\/\/i0.wp.com\/historiografija.hr\/wp-content\/uploads\/2020\/08\/Ivo-Pilar.jpg?fit=287%2C431&ssl=1","jetpack_sharing_enabled":true,"jetpack-related-posts":[{"id":52592,"url":"https:\/\/historiografija.hr\/?p=52592","url_meta":{"origin":22479,"position":0},"title":"Predstavljanje knjige &#8220;Turska ku\u0107a u Rijeci&#8221; u Zagrebu","author":"Branimir Jankovi\u0107","date":"22. travnja 2026.","format":false,"excerpt":"U prostorijama Turskog kulturnog centra Yunus Emre u Zagrebu, u utorak 21. travnja 2026. godine, odr\u017eano je sve\u010dano predstavljanje dopunjenog izdanja knjige Turska ku\u0107a u Rijeci, u organizaciji Hrvatsko-turskog dru\u0161tva Rijeka i partnerstvu sa Skupinom prijateljstva Hrvatska-Turska Hrvatskog sabora, Veleposlanstvom Republike Turske u Republici Hrvatskoj te Turskim kulturnim centrom Yunus\u2026","rel":"","context":"U &quot;Novosti&quot;","block_context":{"text":"Novosti","link":"https:\/\/historiografija.hr\/?cat=3"},"img":{"alt_text":"","src":"https:\/\/i0.wp.com\/historiografija.hr\/wp-content\/uploads\/2026\/04\/Turska-kuca-ZG.jpg?fit=1200%2C800&ssl=1&resize=350%2C200","width":350,"height":200,"srcset":"https:\/\/i0.wp.com\/historiografija.hr\/wp-content\/uploads\/2026\/04\/Turska-kuca-ZG.jpg?fit=1200%2C800&ssl=1&resize=350%2C200 1x, https:\/\/i0.wp.com\/historiografija.hr\/wp-content\/uploads\/2026\/04\/Turska-kuca-ZG.jpg?fit=1200%2C800&ssl=1&resize=525%2C300 1.5x, https:\/\/i0.wp.com\/historiografija.hr\/wp-content\/uploads\/2026\/04\/Turska-kuca-ZG.jpg?fit=1200%2C800&ssl=1&resize=700%2C400 2x, https:\/\/i0.wp.com\/historiografija.hr\/wp-content\/uploads\/2026\/04\/Turska-kuca-ZG.jpg?fit=1200%2C800&ssl=1&resize=1050%2C600 3x"},"classes":[]},{"id":52607,"url":"https:\/\/historiografija.hr\/?p=52607","url_meta":{"origin":22479,"position":1},"title":"No\u0107 knjige: Kako je prije 410 godina smr\u0107u Shakespearea i Cervantesa zavr\u0161ilo razdoblje renesanse u knji\u017eevnosti","author":"Branimir Jankovi\u0107","date":"22. travnja 2026.","format":false,"excerpt":"\u010cetvrtak, 23. travnja 2026. u 18:00 sati, Knji\u017eara Matice hrvatske, Ulica Matice hrvatske 2, Zagreb Uvodna rije\u010d: dr. sc.\u00a0Dubravka Brezak Stama\u0107, pro\u010delnica Odjela za knji\u017eevnost Matice hrvatske Prof. dr. sc. Ivan Lupi\u0107, redoviti profesor u Odsjeku za anglistiku i Odsjeku za kroatistiku Sveu\u010dili\u0161ta u RijeciShakespeare, kazali\u0161te, glazbaKada se susre\u0107emo sa\u2026","rel":"","context":"U &quot;Novosti&quot;","block_context":{"text":"Novosti","link":"https:\/\/historiografija.hr\/?cat=3"},"img":{"alt_text":"","src":"https:\/\/i0.wp.com\/historiografija.hr\/wp-content\/uploads\/2026\/04\/noc_knjige_2026.jpg?fit=680%2C276&ssl=1&resize=350%2C200","width":350,"height":200,"srcset":"https:\/\/i0.wp.com\/historiografija.hr\/wp-content\/uploads\/2026\/04\/noc_knjige_2026.jpg?fit=680%2C276&ssl=1&resize=350%2C200 1x, https:\/\/i0.wp.com\/historiografija.hr\/wp-content\/uploads\/2026\/04\/noc_knjige_2026.jpg?fit=680%2C276&ssl=1&resize=525%2C300 1.5x"},"classes":[]},{"id":52616,"url":"https:\/\/historiografija.hr\/?p=52616","url_meta":{"origin":22479,"position":2},"title":"No\u0107 knjige 2026.","author":"Branimir Jankovi\u0107","date":"22. travnja 2026.","format":false,"excerpt":"Slavljeni\u010dka 15. No\u0107 knjige odr\u017eat \u0107e se 23. travnja diljem Hrvatske u povodu Svjetskog dana knjige i autorskih prava te Dana hrvatske knjige. S vi\u0161e od 1.000 prijavljenih programa i akcija s pravom nosi epitet najmasovnije doma\u0107e kulturne manifestacije, a ove \u0107e godine prote\u0107i u znaku mira, razumijevanja, tolerancije, srodnosti\u2026","rel":"","context":"U &quot;Novosti&quot;","block_context":{"text":"Novosti","link":"https:\/\/historiografija.hr\/?cat=3"},"img":{"alt_text":"","src":"https:\/\/i0.wp.com\/historiografija.hr\/wp-content\/uploads\/2026\/04\/noc_knjige_2026.jpg?fit=680%2C276&ssl=1&resize=350%2C200","width":350,"height":200,"srcset":"https:\/\/i0.wp.com\/historiografija.hr\/wp-content\/uploads\/2026\/04\/noc_knjige_2026.jpg?fit=680%2C276&ssl=1&resize=350%2C200 1x, https:\/\/i0.wp.com\/historiografija.hr\/wp-content\/uploads\/2026\/04\/noc_knjige_2026.jpg?fit=680%2C276&ssl=1&resize=525%2C300 1.5x"},"classes":[]},{"id":52528,"url":"https:\/\/historiografija.hr\/?p=52528","url_meta":{"origin":22479,"position":3},"title":"[Promocija knjige] Banja Luka u ratu: Etnopolitika i svakodnevica (1990\u20131995) (ActiveLab, YugoLab)","author":"Branimir Jankovi\u0107","date":"17. travnja 2026.","format":false,"excerpt":"Institut za filozofiju i dru\u0161tvenu teoriju i O\u0161tra Nula organizuju promociju knjige Banja Luka u ratu: Etnopolitika i svakodnevica (1990\u20131995) autorke Armine Galija\u0161, koja \u0107e se odr\u017eati 20. aprila 2026. u 12.00 sati u prostorijama Instituta (Kraljice Natalije 45, Beograd). Re\u010d je o prvom nau\u010dno utemeljenom i sistematskom radu koji\u2026","rel":"","context":"U &quot;Novosti&quot;","block_context":{"text":"Novosti","link":"https:\/\/historiografija.hr\/?cat=3"},"img":{"alt_text":"","src":"https:\/\/i0.wp.com\/historiografija.hr\/wp-content\/uploads\/2026\/04\/20-april-RS.jpg?fit=1200%2C675&ssl=1&resize=350%2C200","width":350,"height":200,"srcset":"https:\/\/i0.wp.com\/historiografija.hr\/wp-content\/uploads\/2026\/04\/20-april-RS.jpg?fit=1200%2C675&ssl=1&resize=350%2C200 1x, https:\/\/i0.wp.com\/historiografija.hr\/wp-content\/uploads\/2026\/04\/20-april-RS.jpg?fit=1200%2C675&ssl=1&resize=525%2C300 1.5x, https:\/\/i0.wp.com\/historiografija.hr\/wp-content\/uploads\/2026\/04\/20-april-RS.jpg?fit=1200%2C675&ssl=1&resize=700%2C400 2x, https:\/\/i0.wp.com\/historiografija.hr\/wp-content\/uploads\/2026\/04\/20-april-RS.jpg?fit=1200%2C675&ssl=1&resize=1050%2C600 3x"},"classes":[]},{"id":52520,"url":"https:\/\/historiografija.hr\/?p=52520","url_meta":{"origin":22479,"position":4},"title":"Predstavljanje knjige &#8220;Socialist Economics in Yugoslavia: A Critical History&#8221; u Zagrebu","author":"Branimir Jankovi\u0107","date":"17. travnja 2026.","format":false,"excerpt":"Pozivamo vas na predstavljanje knjige \"Socialist Economics in Yugoslavia: A Critical History\", autora Mislava \u00a0\u017ditka i Marka Grde\u0161i\u0107a (Routledge, 2026). Na predstavljanju \u0107e govoriti Branko Milanovi\u0107 (CUNY), Milica Uvali\u0107 (EUI), Zdravko Petak (FPZG) te autori.\u00a0 Predstavljanje \u0107e se odr\u017eati u srijedu 22. travnja u 16:00 sati na Fakultetu politi\u010dkih znanosti\u2026","rel":"","context":"U &quot;Novosti&quot;","block_context":{"text":"Novosti","link":"https:\/\/historiografija.hr\/?cat=3"},"img":{"alt_text":"","src":"https:\/\/i0.wp.com\/historiografija.hr\/wp-content\/uploads\/2026\/04\/Poziv-na-predstavljanje.png?fit=800%2C652&ssl=1&resize=350%2C200","width":350,"height":200,"srcset":"https:\/\/i0.wp.com\/historiografija.hr\/wp-content\/uploads\/2026\/04\/Poziv-na-predstavljanje.png?fit=800%2C652&ssl=1&resize=350%2C200 1x, https:\/\/i0.wp.com\/historiografija.hr\/wp-content\/uploads\/2026\/04\/Poziv-na-predstavljanje.png?fit=800%2C652&ssl=1&resize=525%2C300 1.5x, https:\/\/i0.wp.com\/historiografija.hr\/wp-content\/uploads\/2026\/04\/Poziv-na-predstavljanje.png?fit=800%2C652&ssl=1&resize=700%2C400 2x"},"classes":[]},{"id":52603,"url":"https:\/\/historiografija.hr\/?p=52603","url_meta":{"origin":22479,"position":5},"title":"No\u0107 knjige: Carska i kraljevska kuhinja","author":"Branimir Jankovi\u0107","date":"22. travnja 2026.","format":false,"excerpt":"Pozivamo vas da nam se pridru\u017eite 23. travnja 2026. u 18 sati u obilje\u017eavanju No\u0107i knjige u Pivnici Bobi&Rudi na Trgu Ivana Me\u0161trovi\u0107a u Zapru\u0111u u Zagrebu gdje uz kavu \u010ditamo recepte iz zemalja Austro-Ugarske Monarhije iz knjige Carska i kraljevska kuhinja, autora Roberta Mak\u0142owicza, u prijevodu Damira Agi\u010di\u0107a. Izvor:\u2026","rel":"","context":"U &quot;Novosti&quot;","block_context":{"text":"Novosti","link":"https:\/\/historiografija.hr\/?cat=3"},"img":{"alt_text":"","src":"https:\/\/i0.wp.com\/historiografija.hr\/wp-content\/uploads\/2026\/04\/Noc-knjige-Carska-i-kraljevska.jpg?fit=1200%2C1200&ssl=1&resize=350%2C200","width":350,"height":200,"srcset":"https:\/\/i0.wp.com\/historiografija.hr\/wp-content\/uploads\/2026\/04\/Noc-knjige-Carska-i-kraljevska.jpg?fit=1200%2C1200&ssl=1&resize=350%2C200 1x, https:\/\/i0.wp.com\/historiografija.hr\/wp-content\/uploads\/2026\/04\/Noc-knjige-Carska-i-kraljevska.jpg?fit=1200%2C1200&ssl=1&resize=525%2C300 1.5x, https:\/\/i0.wp.com\/historiografija.hr\/wp-content\/uploads\/2026\/04\/Noc-knjige-Carska-i-kraljevska.jpg?fit=1200%2C1200&ssl=1&resize=700%2C400 2x, https:\/\/i0.wp.com\/historiografija.hr\/wp-content\/uploads\/2026\/04\/Noc-knjige-Carska-i-kraljevska.jpg?fit=1200%2C1200&ssl=1&resize=1050%2C600 3x"},"classes":[]}],"_links":{"self":[{"href":"https:\/\/historiografija.hr\/index.php?rest_route=\/wp\/v2\/posts\/22479","targetHints":{"allow":["GET"]}}],"collection":[{"href":"https:\/\/historiografija.hr\/index.php?rest_route=\/wp\/v2\/posts"}],"about":[{"href":"https:\/\/historiografija.hr\/index.php?rest_route=\/wp\/v2\/types\/post"}],"author":[{"embeddable":true,"href":"https:\/\/historiografija.hr\/index.php?rest_route=\/wp\/v2\/users\/2"}],"replies":[{"embeddable":true,"href":"https:\/\/historiografija.hr\/index.php?rest_route=%2Fwp%2Fv2%2Fcomments&post=22479"}],"version-history":[{"count":1,"href":"https:\/\/historiografija.hr\/index.php?rest_route=\/wp\/v2\/posts\/22479\/revisions"}],"predecessor-version":[{"id":22481,"href":"https:\/\/historiografija.hr\/index.php?rest_route=\/wp\/v2\/posts\/22479\/revisions\/22481"}],"wp:featuredmedia":[{"embeddable":true,"href":"https:\/\/historiografija.hr\/index.php?rest_route=\/wp\/v2\/media\/22480"}],"wp:attachment":[{"href":"https:\/\/historiografija.hr\/index.php?rest_route=%2Fwp%2Fv2%2Fmedia&parent=22479"}],"wp:term":[{"taxonomy":"category","embeddable":true,"href":"https:\/\/historiografija.hr\/index.php?rest_route=%2Fwp%2Fv2%2Fcategories&post=22479"},{"taxonomy":"post_tag","embeddable":true,"href":"https:\/\/historiografija.hr\/index.php?rest_route=%2Fwp%2Fv2%2Ftags&post=22479"}],"curies":[{"name":"wp","href":"https:\/\/api.w.org\/{rel}","templated":true}]}}