{"id":22473,"date":"2020-08-31T16:48:15","date_gmt":"2020-08-31T16:48:15","guid":{"rendered":"http:\/\/historiografija.hr\/?p=22473"},"modified":"2020-08-31T16:48:15","modified_gmt":"2020-08-31T16:48:15","slug":"politik-und-gesellschaft-im-vilayet-kosovo-und-im-serbisch-beherrschten-kosovo-berichte-der-osterreichisch-ungarischen-konsuln-aus-dem-zentralen-balkan-1870-1914","status":"publish","type":"post","link":"https:\/\/historiografija.hr\/?p=22473","title":{"rendered":"Politik und Gesellschaft im Vilayet Kosovo und im serbisch beherrschten Kosovo. Berichte der \u00f6sterreichisch-ungarischen Konsuln aus dem zentralen Balkan (1870-1914)"},"content":{"rendered":"\n<p>Oliver Jens Schmitt i Eva Anne Frantz su uredili knjigu izvje\u0161taja austrougarskog konzulata iz Skopja, Prizrena i Kosovke Mitrovice pod naslovom \u201ePolitik und Gesellschaft im Vilayet Kosovo und im serbisch beherrschten Kosovo. Berichte der \u00f6sterreichisch-ungarischen Konsuln aus dem zentralen Balkan (1870-1914)\u201c. Izvje\u0161taji govore o stanju u Vilajetu Kosovo (provinciji koja je obuhvatala teritorij dana\u0161njeg Kosova, sjeverni dio dana\u0161nje Republike Sjeverna Makedonija i Sand\u017eak) koncem 19. i po\u010detkom 20. stolje\u0107a. Ovo je najopse\u017enije izdanje takvih izvora posljednjih desetlje\u0107a, koje osvjetljava politiku, dru\u0161tvo, privredu, religiju i obrazovanje u Vilajetu Kosovo i stoga slu\u017ei kao polazna ta\u010dka za daljnja istra\u017eivanja Osmanskog carstva, ali zbog \u010desto plasti\u010dnih opisa mo\u017ee funkcionirati i kao odli\u010dno \u0161tivo za \u010ditanje.<\/p>\n\n\n\n<p>Za historiografiju u BiH ovi izvje\u0161taji su korisni jer sadr\u017ee i neke informacije o iseljenicima iz Bosne i Hercegovine poslije 1878. i njihovom polo\u017eaju u osmanskom Sand\u017eaku.<\/p>\n\n\n\n<p>Izvor:<\/p>\n\n\n\n<p><a href=\"https:\/\/verlag.oeaw.ac.at\/politik-gesellschaft-vilayet-kosovo-serbisch-beherrschten-kosovo\">https:\/\/verlag.oeaw.ac.at\/politik-gesellschaft-vilayet-kosovo-serbisch-beherrschten-kosovo<\/a><\/p>\n\n\n\n<p>Preuzeto s portala Historiografija.ba:<\/p>\n\n\n\n<p><a href=\"https:\/\/www.historiografija.ba\/article.php?id=206\">https:\/\/www.historiografija.ba\/article.php?id=206<\/a><\/p>\n\n\n\n<hr class=\"wp-block-separator\"\/>\n","protected":false},"excerpt":{"rendered":"","protected":false},"author":2,"featured_media":22474,"comment_status":"open","ping_status":"open","sticky":false,"template":"","format":"standard","meta":{"_acf_changed":false,"jetpack_post_was_ever_published":false,"_jetpack_newsletter_access":"","_jetpack_dont_email_post_to_subs":false,"_jetpack_newsletter_tier_id":0,"_jetpack_memberships_contains_paywalled_content":false,"_jetpack_memberships_contains_paid_content":false,"footnotes":"","jetpack_publicize_message":"","jetpack_publicize_feature_enabled":true,"jetpack_social_post_already_shared":true,"jetpack_social_options":{"image_generator_settings":{"template":"highway","default_image_id":0,"font":"","enabled":false},"version":2}},"categories":[8,3],"tags":[],"class_list":["post-22473","post","type-post","status-publish","format-standard","has-post-thumbnail","hentry","category-knjige","category-novosti"],"acf":{"facebook_opis":""},"jetpack_publicize_connections":[],"jetpack_featured_media_url":"https:\/\/i0.wp.com\/historiografija.hr\/wp-content\/uploads\/2020\/08\/Kosovo.jpg?fit=450%2C616&ssl=1","jetpack_sharing_enabled":true,"jetpack-related-posts":[{"id":52666,"url":"https:\/\/historiografija.hr\/?p=52666","url_meta":{"origin":22473,"position":0},"title":"Najava programa Festivala povijesti Kliofest (5-8. V. 2026)","author":"Branimir Jankovi\u0107","date":"24. travnja 2026.","format":false,"excerpt":"Po trinaesti put odr\u017eava se Festival povijesti Kliofest! Do petka \u0107emo odr\u017eati osam okruglih stolova i dva kolokvija te niz predstavljanja knjiga i projekata razli\u010dite tematike, od antike do suvremenosti. Bit \u0107e predstavljeno i nekoliko izlo\u017ebi te odr\u017ean jedan povijesni kviz. Prikazat \u0107emo i jedan film \u2013 o generalu Boroevi\u0107u.\u2026","rel":"","context":"U &quot;Novosti&quot;","block_context":{"text":"Novosti","link":"https:\/\/historiografija.hr\/?cat=3"},"img":{"alt_text":"","src":"https:\/\/i0.wp.com\/historiografija.hr\/wp-content\/uploads\/2026\/04\/Kliofest-2026.jpg?fit=526%2C526&ssl=1&resize=350%2C200","width":350,"height":200,"srcset":"https:\/\/i0.wp.com\/historiografija.hr\/wp-content\/uploads\/2026\/04\/Kliofest-2026.jpg?fit=526%2C526&ssl=1&resize=350%2C200 1x, https:\/\/i0.wp.com\/historiografija.hr\/wp-content\/uploads\/2026\/04\/Kliofest-2026.jpg?fit=526%2C526&ssl=1&resize=525%2C300 1.5x"},"classes":[]}],"_links":{"self":[{"href":"https:\/\/historiografija.hr\/index.php?rest_route=\/wp\/v2\/posts\/22473","targetHints":{"allow":["GET"]}}],"collection":[{"href":"https:\/\/historiografija.hr\/index.php?rest_route=\/wp\/v2\/posts"}],"about":[{"href":"https:\/\/historiografija.hr\/index.php?rest_route=\/wp\/v2\/types\/post"}],"author":[{"embeddable":true,"href":"https:\/\/historiografija.hr\/index.php?rest_route=\/wp\/v2\/users\/2"}],"replies":[{"embeddable":true,"href":"https:\/\/historiografija.hr\/index.php?rest_route=%2Fwp%2Fv2%2Fcomments&post=22473"}],"version-history":[{"count":1,"href":"https:\/\/historiografija.hr\/index.php?rest_route=\/wp\/v2\/posts\/22473\/revisions"}],"predecessor-version":[{"id":22475,"href":"https:\/\/historiografija.hr\/index.php?rest_route=\/wp\/v2\/posts\/22473\/revisions\/22475"}],"wp:featuredmedia":[{"embeddable":true,"href":"https:\/\/historiografija.hr\/index.php?rest_route=\/wp\/v2\/media\/22474"}],"wp:attachment":[{"href":"https:\/\/historiografija.hr\/index.php?rest_route=%2Fwp%2Fv2%2Fmedia&parent=22473"}],"wp:term":[{"taxonomy":"category","embeddable":true,"href":"https:\/\/historiografija.hr\/index.php?rest_route=%2Fwp%2Fv2%2Fcategories&post=22473"},{"taxonomy":"post_tag","embeddable":true,"href":"https:\/\/historiografija.hr\/index.php?rest_route=%2Fwp%2Fv2%2Ftags&post=22473"}],"curies":[{"name":"wp","href":"https:\/\/api.w.org\/{rel}","templated":true}]}}