{"id":22437,"date":"2020-08-26T16:35:17","date_gmt":"2020-08-26T16:35:17","guid":{"rendered":"http:\/\/historiografija.hr\/?p=22437"},"modified":"2020-08-26T16:35:17","modified_gmt":"2020-08-26T16:35:17","slug":"6-doktorska-radionica-suradnja-razmjena-i-solidarnost-u-europi-1945-1990-pula-26-29-kolovoza-2020","status":"publish","type":"post","link":"https:\/\/historiografija.hr\/?p=22437","title":{"rendered":"6. Doktorska radionica: Suradnja, razmjena i solidarnost u Europi 1945-1990. (Pula, 26-29. kolovoza 2020.)"},"content":{"rendered":"\n<p>Doktorska radionica \u201cSuradnja, razmjena i solidarnost u Europi 1945-1990\u201d odr\u017eat \u0107e se online. Javno su dostupna \u010detiri predavanja pozvanih predava\u010da. Pri ulasku u virtualnu dvoranu (<a href=\"https:\/\/ovh.unipu.hr\/b\/igo-utx-73w\">https:\/\/ovh.unipu.hr\/b\/igo-utx-73w<\/a>) potrebno je upisati svoje ime.<\/p>\n\n\n\n<hr class=\"wp-block-separator\"\/>\n\n\n\n<p>prof. dr. sc. Tvrtko Jakovina, Sveu\u010dili\u0161te u Zagrebu, Filozofski fakultet<\/p>\n\n\n\n<p><strong>Benefits for me, and you&#8230; and me. Yugoslav leadership and modernization efforts among the Non-aligned<\/strong><\/p>\n\n\n\n<p>\u010detvrtak, 9.15<\/p>\n\n\n\n<hr class=\"wp-block-separator\"\/>\n\n\n\n<p>dr. sc. Paul Stubbs, znanstveni savjetnik, Ekonomski institut, Zagreb<\/p>\n\n\n\n<p><strong>Yugocentrism, Eurocentrism and the Study of the Non-Aligned Movement: towards a postcolonial meta-historiography?<\/strong><\/p>\n\n\n\n<p>\u010detvrtak, 18.30<\/p>\n\n\n\n<hr class=\"wp-block-separator\"\/>\n\n\n\n<p>dr. sc. Ivan Obadi\u0107, poslijedoktorand, Sveu\u010dili\u0161te u Zagrebu, Pravni fakultet<\/p>\n\n\n\n<p><strong>Yugoslavia and Western Europe: From Isolation to Integration (1948-1968)<\/strong><\/p>\n\n\n\n<p>petak, 9.15<\/p>\n\n\n\n<hr class=\"wp-block-separator\"\/>\n\n\n\n<p>Maroje Mrdulja\u0161, predava\u010d, Sveu\u010dili\u0161te u Zagrebu, Arhitektonski fakultet<\/p>\n\n\n\n<p><strong>Skopje after 1963 earthquake: architectural melting pot<\/strong><\/p>\n\n\n\n<p>subota, 9.15<\/p>\n\n\n\n<hr class=\"wp-block-separator\"\/>\n\n\n\n<p>Cjeloviti program i dodatne informacije:<\/p>\n\n\n\n<p><a href=\"https:\/\/www.unipu.hr\/ckpis\/doktorska_radionica\/2020\">https:\/\/www.unipu.hr\/ckpis\/doktorska_radionica\/2020<\/a><\/p>\n\n\n\n<hr class=\"wp-block-separator\"\/>\n","protected":false},"excerpt":{"rendered":"","protected":false},"author":2,"featured_media":20072,"comment_status":"open","ping_status":"open","sticky":false,"template":"","format":"standard","meta":{"_acf_changed":false,"jetpack_post_was_ever_published":false,"_jetpack_newsletter_access":"","_jetpack_dont_email_post_to_subs":false,"_jetpack_newsletter_tier_id":0,"_jetpack_memberships_contains_paywalled_content":false,"_jetpack_memberships_contains_paid_content":false,"footnotes":"","jetpack_publicize_message":"","jetpack_publicize_feature_enabled":true,"jetpack_social_post_already_shared":true,"jetpack_social_options":{"image_generator_settings":{"template":"highway","default_image_id":0,"font":"","enabled":false},"version":2}},"categories":[3,9],"tags":[],"class_list":["post-22437","post","type-post","status-publish","format-standard","has-post-thumbnail","hentry","category-novosti","category-skupovi"],"acf":{"facebook_opis":""},"jetpack_publicize_connections":[],"jetpack_featured_media_url":"https:\/\/i0.wp.com\/historiografija.hr\/wp-content\/uploads\/2020\/04\/radionica20.png?fit=1360%2C1960&ssl=1","jetpack_sharing_enabled":true,"jetpack-related-posts":[{"id":52508,"url":"https:\/\/historiografija.hr\/?p=52508","url_meta":{"origin":22437,"position":0},"title":"Glazbena radionica \u201eDUGMETARA REVISITED\u201c","author":"Branimir Jankovi\u0107","date":"17. travnja 2026.","format":false,"excerpt":"DUGMETARA REVISITED glazbena radionica vodi: Ana Horvat 13., 20. i 27. travnja, od 18 do 20 sati Radiona, Nova cesta 186 Na tri radioni\u010dka susreta uranjamo u naslje\u0111e Dugmetare, biv\u0161e tvornice dugmadi na Savskoj cesti koja je po\u010detkom 2000-ih igrom slu\u010daja postala \u017eivo, jedinstveno mjesto glazbene proizvodnje. Svoje su probe\u2026","rel":"","context":"U &quot;Novosti&quot;","block_context":{"text":"Novosti","link":"https:\/\/historiografija.hr\/?cat=3"},"img":{"alt_text":"","src":"https:\/\/i0.wp.com\/historiografija.hr\/wp-content\/uploads\/2026\/04\/TRESNJA_TRESTI.jpg?fit=380%2C475&ssl=1&resize=350%2C200","width":350,"height":200},"classes":[]},{"id":52628,"url":"https:\/\/historiografija.hr\/?p=52628","url_meta":{"origin":22437,"position":1},"title":"Predavanje dopisnog \u010dlana HAZU Alaina Finkielkrauta Izrael, Europa, antisemitizam","author":"Branimir Jankovi\u0107","date":"23. travnja 2026.","format":false,"excerpt":"Francuski filozof Alain Finkielkraut, redoviti \u010dlan Francuske akademije i dopisni \u010dlan HAZU, odr\u017eat \u0107e predavanje\u00a0Izrael, Europa, antisemitizam u utorak 28. travnja 2026. u 13 sati u Knji\u017enici HAZU,\u00a0Strossmayerov trg 14 u Zagrebu. Uvodne rije\u010di odr\u017eat \u0107e\u00a0akademkinja \u017deljka \u010corak i\u00a0akademik Dra\u017een Katunari\u0107. Predavanje \u0107e se odr\u017eati na francuskom jeziku uz konsekutivno\u2026","rel":"","context":"U &quot;Novosti&quot;","block_context":{"text":"Novosti","link":"https:\/\/historiografija.hr\/?cat=3"},"img":{"alt_text":"","src":"https:\/\/i0.wp.com\/historiografija.hr\/wp-content\/uploads\/2026\/04\/Alain_Finkielkraut.jpg?fit=350%2C407&ssl=1&resize=350%2C200","width":350,"height":200},"classes":[]},{"id":52575,"url":"https:\/\/historiografija.hr\/?p=52575","url_meta":{"origin":22437,"position":2},"title":"Izlo\u017eba dje\u010djih radova \u201cU po\u010detku bija\u0161e crte\u017e\u2026\u201d","author":"Branimir Jankovi\u0107","date":"21. travnja 2026.","format":false,"excerpt":"U subotu, 25. travnja 2026. u 11 sati u Galeriji Klovi\u0107evi dvori sve\u010dano otvaramo izlo\u017ebu dje\u010djih radova pod nazivom U po\u010detku bija\u0161e crte\u017e\u2026 Radovi su nastali u sklopu likovnih radionica uz izlo\u017ebu U po\u010detku bija\u0161e kraljevstvo \u2013 izlo\u017eba povodom 1100 godina Hrvatskoga Kraljevstva. Na brojnim likovnim radionicama, uz \u0161kolsku djecu,\u2026","rel":"","context":"U &quot;Izlo\u017ebe&quot;","block_context":{"text":"Izlo\u017ebe","link":"https:\/\/historiografija.hr\/?cat=10"},"img":{"alt_text":"","src":"https:\/\/i0.wp.com\/historiografija.hr\/wp-content\/uploads\/2025\/10\/Klovicevi_sluzbeni-plakat.png?fit=840%2C1200&ssl=1&resize=350%2C200","width":350,"height":200,"srcset":"https:\/\/i0.wp.com\/historiografija.hr\/wp-content\/uploads\/2025\/10\/Klovicevi_sluzbeni-plakat.png?fit=840%2C1200&ssl=1&resize=350%2C200 1x, https:\/\/i0.wp.com\/historiografija.hr\/wp-content\/uploads\/2025\/10\/Klovicevi_sluzbeni-plakat.png?fit=840%2C1200&ssl=1&resize=525%2C300 1.5x, https:\/\/i0.wp.com\/historiografija.hr\/wp-content\/uploads\/2025\/10\/Klovicevi_sluzbeni-plakat.png?fit=840%2C1200&ssl=1&resize=700%2C400 2x"},"classes":[]},{"id":52631,"url":"https:\/\/historiografija.hr\/?p=52631","url_meta":{"origin":22437,"position":3},"title":"Predavanje Ivana Tepe\u0161a: Djelovanje hrvatske politi\u010dke emigracije","author":"Branimir Jankovi\u0107","date":"23. travnja 2026.","format":false,"excerpt":"Odjel za me\u0111unarodnu suradnju i iseljeni\u0161tvo Matice hrvatske Predavanje Ivana Tepe\u0161a: Djelovanje hrvatske politi\u010dke emigracije Utorak, 28. travnja 2026. u 18:00 sati, Dvorana Ljudevita Jonkea (Mala dvorana MH), Strossmayerov trg 4, Zagreb dr. sc. Ivan Tepe\u0161, Institut za istra\u017eivanje migracija Hrvatska politi\u010dka emigracija obilje\u017eila je polustoljetnu hrvatsku povijest u drugoj\u2026","rel":"","context":"U &quot;Novosti&quot;","block_context":{"text":"Novosti","link":"https:\/\/historiografija.hr\/?cat=3"},"img":{"alt_text":"","src":"","width":0,"height":0},"classes":[]},{"id":52666,"url":"https:\/\/historiografija.hr\/?p=52666","url_meta":{"origin":22437,"position":4},"title":"Najava programa Festivala povijesti Kliofest (5-8. V. 2026)","author":"Branimir Jankovi\u0107","date":"24. travnja 2026.","format":false,"excerpt":"Po trinaesti put odr\u017eava se Festival povijesti Kliofest! Do petka \u0107emo odr\u017eati osam okruglih stolova i dva kolokvija te niz predstavljanja knjiga i projekata razli\u010dite tematike, od antike do suvremenosti. Bit \u0107e predstavljeno i nekoliko izlo\u017ebi te odr\u017ean jedan povijesni kviz. Prikazat \u0107emo i jedan film \u2013 o generalu Boroevi\u0107u.\u2026","rel":"","context":"U &quot;Novosti&quot;","block_context":{"text":"Novosti","link":"https:\/\/historiografija.hr\/?cat=3"},"img":{"alt_text":"","src":"https:\/\/i0.wp.com\/historiografija.hr\/wp-content\/uploads\/2026\/04\/Kliofest-2026.jpg?fit=526%2C526&ssl=1&resize=350%2C200","width":350,"height":200,"srcset":"https:\/\/i0.wp.com\/historiografija.hr\/wp-content\/uploads\/2026\/04\/Kliofest-2026.jpg?fit=526%2C526&ssl=1&resize=350%2C200 1x, https:\/\/i0.wp.com\/historiografija.hr\/wp-content\/uploads\/2026\/04\/Kliofest-2026.jpg?fit=526%2C526&ssl=1&resize=525%2C300 1.5x"},"classes":[]},{"id":52543,"url":"https:\/\/historiografija.hr\/?p=52543","url_meta":{"origin":22437,"position":5},"title":"Znanstveno-stru\u010dni skup \u201eOto\u010dne pu\u010dke pobo\u017enosti: kontinuiteti i transformacije\u201c","author":"Branimir Jankovi\u0107","date":"20. travnja 2026.","format":false,"excerpt":"Najavljujemo\u00a0znanstveno-stru\u010dni skup \u201eOto\u010dne pu\u010dke pobo\u017enosti: kontinuiteti i transformacije\u201c,\u00a0koji \u0107e se odr\u017eati\u00a0u Rabu od 24. do 26. travnja 2026.,\u00a0u organizaciji i uz potporu\u00a0Instituta za etnologiju i folkloristiku, Zagreb, \u00a0Grada Raba, Pu\u010dkog otvorenog u\u010dili\u0161ta Rab i Centra za istra\u017eivanje srednjovjekovne ba\u0161tine Jadrana RIMAH. Skup okuplja vode\u0107e doma\u0107e stru\u010dnjake koji \u0107e kroz niz\u2026","rel":"","context":"U &quot;Novosti&quot;","block_context":{"text":"Novosti","link":"https:\/\/historiografija.hr\/?cat=3"},"img":{"alt_text":"","src":"https:\/\/i0.wp.com\/historiografija.hr\/wp-content\/uploads\/2026\/04\/Skup_Rab.jpg?fit=848%2C1200&ssl=1&resize=350%2C200","width":350,"height":200,"srcset":"https:\/\/i0.wp.com\/historiografija.hr\/wp-content\/uploads\/2026\/04\/Skup_Rab.jpg?fit=848%2C1200&ssl=1&resize=350%2C200 1x, https:\/\/i0.wp.com\/historiografija.hr\/wp-content\/uploads\/2026\/04\/Skup_Rab.jpg?fit=848%2C1200&ssl=1&resize=525%2C300 1.5x, https:\/\/i0.wp.com\/historiografija.hr\/wp-content\/uploads\/2026\/04\/Skup_Rab.jpg?fit=848%2C1200&ssl=1&resize=700%2C400 2x"},"classes":[]}],"_links":{"self":[{"href":"https:\/\/historiografija.hr\/index.php?rest_route=\/wp\/v2\/posts\/22437","targetHints":{"allow":["GET"]}}],"collection":[{"href":"https:\/\/historiografija.hr\/index.php?rest_route=\/wp\/v2\/posts"}],"about":[{"href":"https:\/\/historiografija.hr\/index.php?rest_route=\/wp\/v2\/types\/post"}],"author":[{"embeddable":true,"href":"https:\/\/historiografija.hr\/index.php?rest_route=\/wp\/v2\/users\/2"}],"replies":[{"embeddable":true,"href":"https:\/\/historiografija.hr\/index.php?rest_route=%2Fwp%2Fv2%2Fcomments&post=22437"}],"version-history":[{"count":1,"href":"https:\/\/historiografija.hr\/index.php?rest_route=\/wp\/v2\/posts\/22437\/revisions"}],"predecessor-version":[{"id":22438,"href":"https:\/\/historiografija.hr\/index.php?rest_route=\/wp\/v2\/posts\/22437\/revisions\/22438"}],"wp:featuredmedia":[{"embeddable":true,"href":"https:\/\/historiografija.hr\/index.php?rest_route=\/wp\/v2\/media\/20072"}],"wp:attachment":[{"href":"https:\/\/historiografija.hr\/index.php?rest_route=%2Fwp%2Fv2%2Fmedia&parent=22437"}],"wp:term":[{"taxonomy":"category","embeddable":true,"href":"https:\/\/historiografija.hr\/index.php?rest_route=%2Fwp%2Fv2%2Fcategories&post=22437"},{"taxonomy":"post_tag","embeddable":true,"href":"https:\/\/historiografija.hr\/index.php?rest_route=%2Fwp%2Fv2%2Ftags&post=22437"}],"curies":[{"name":"wp","href":"https:\/\/api.w.org\/{rel}","templated":true}]}}