{"id":22422,"date":"2020-08-26T15:30:38","date_gmt":"2020-08-26T15:30:38","guid":{"rendered":"http:\/\/historiografija.hr\/?p=22422"},"modified":"2020-08-26T15:30:38","modified_gmt":"2020-08-26T15:30:38","slug":"fiume-fantastika-fenomeni-grada-izlozba-o-150-godina-urbane-povijesti-rijeke","status":"publish","type":"post","link":"https:\/\/historiografija.hr\/?p=22422","title":{"rendered":"&#8216;Fiume Fantastika: Fenomeni grada&#8217; \u2013 izlo\u017eba o 150 godina urbane povijesti Rijeke"},"content":{"rendered":"\n<p>U Exportu na Delti&nbsp; ovog se petka, 28. kolovoza 2020., otvara <a href=\"https:\/\/rijeka2020.eu\/program\/slatko-i-slano\/izlozbe\/fiume-fantastika-fenomeni-grada\/\">velika izlo\u017eba o Rijeci<\/a>, postavljena u 10 paviljona od kojih svaki donosi po jedan specifi\u010dni rije\u010dki fenomen.<\/p>\n\n\n\n<p>Dugo stvarana, zasnovana na najnovijim istra\u017eivanjima, <strong>izlo\u017eba <a href=\"https:\/\/rijeka2020.eu\/program\/slatko-i-slano\/izlozbe\/fiume-fantastika-fenomeni-grada\/\">\u201cFiume Fantastika: Fenomeni grada\u201d<\/a> donosi pri\u010du o Rijeci koja je u proteklih 150 godina svoje urbane povijesti do\u017eivjela radikalan rast i postala globalno prometno i industrijsko sredi\u0161te.<\/strong><\/p>\n\n\n\n<p>Ova je izlo\u017eba sredi\u0161nji doga\u0111aj programskog pravca Slatko i slano, projekta Europske prijestolnice kulture i ostaje otvorena do kraja studenog 2020.<\/p>\n\n\n\n<h4 class=\"wp-block-heading\">Transformacije, prenamjene, brutalni sudari prirode i industrije<\/h4>\n\n\n\n<p>Zasnovana je na recentnim istra\u017eivanjima DeltaLaba \u2013 Centra za urbanu tranziciju, arhitekturu i urbanizam pri Sveu\u010dili\u0161tu u Rijeci te pri\u010da i tuma\u010di povijest modernog urbanog razvoja Rijeke i njezine regije prate\u0107i utjecaje ekonomskih, politi\u010dkih i dru\u0161tvenih procesa na arhitekturu grada.<\/p>\n\n\n\n<p>Izlo\u017eba i prate\u0107a publikacija rezultat su istra\u017eivanja turbulentne povijesti u kojoj je Rijeka prolazila kroz razli\u010dite dru\u0161tveno-politi\u010dke sustave i teritorijalne ustroje, a pritom se fokus urbanog razvoja u bitnoj mjeri temeljio na novim tehnologijama i na ekonomskim u\u010dincima. U takvim okolnostima nastale su specifi\u010dne arhitekture i urbani fenomeni koje nadilaze pitanja stila, jezika ili estetike i koji generiraju vlastitu, lokalno-specifi\u010dnu i autonomnu urbanu kulturu.<\/p>\n\n\n\n<p>Izlo\u017eba raspoznaje i obrazla\u017ee ove fenomene na preklapanjima dru\u0161tvenih i arhitektonskih projekata. Radikalne transformacije, neo\u010dekivane prenamjene zgrada, brutalni sudari prirode i industrije tek su neki od elemenata slo\u017eenog mozaika do sada neispri\u010dane pri\u010de o urbanim poukama Rijeke.&nbsp;<\/p>\n\n\n\n<p>Izlo\u017eba <em>Fiume fantastika: Fenomeni grada<\/em> postavljena je u <strong>deset paviljona<\/strong>, od kojih svaki tematizira odre\u0111eni rije\u010dki fenomen: <strong>Granice<\/strong>, <strong>Luka i \u017eeljeznica<\/strong>, <strong>Mre\u017ee<\/strong>, <strong>Kino: \u201cSti\u017eu ljudi!\u201d<\/strong>, <strong>Grad<\/strong>, <strong>Pala\u010da<\/strong>, <strong>Zajedni\u010dko tlo<\/strong>, <strong>Dokolica<\/strong>, <strong>Spomenici<\/strong> i <strong>Fantasti\u010dne zone<\/strong>.&nbsp;<\/p>\n\n\n\n<h4 class=\"wp-block-heading\">Otvorenje uz organizirane obilaske i besplatan ulaz<\/h4>\n\n\n\n<p><strong>Izlo\u017eba se otvara u petak 28. kolovoza u 19.30 sati, a po otvorenju bit \u0107e organizirani obilasci za publiku u 20.30, 21.30 i 22.30.<\/strong> Zbog mjera za\u0161tite od korona virusa, maksimalan broj posjetitelja koji istovremeno mo\u017ee boraviti u prostoru izlo\u017ebe je ograni\u010den, a sve upute vezane uz obilazak posjetitelji \u0107e dobiti u petak prilikom dolaska na otvorenje.<\/p>\n\n\n\n<p><strong>Ulaz na izlo\u017ebu \u0107e u petak 28. kolovoza, na dan otvorenja, biti besplatan<\/strong>, a izlo\u017ebu je <strong>do 13. rujna mogu\u0107e posjetiti svakim danom od 17 do 21 sat<\/strong>. <strong>Od 14. rujna do 30. studenog izlo\u017eba \u0107e biti otvorena svakim danom od 11 do 21 sat.<\/strong><\/p>\n\n\n\n<p>Pojedina\u010dna cijena ulaznice za vrijeme trajanja izlo\u017ebe je <strong>30 kuna<\/strong>. <strong>Ulaz je slobodan<\/strong> za djecu do 7 godina, te nezaposlene i umirovljenike uz predo\u010denje va\u017ee\u0107ih dokumenata. Djeca i mladi do 18 godina, studenti, zaposlenici Sveu\u010dili\u0161ta u Rijeci te \u010dlanovi strukovnih udruga i organizacija uz predo\u010denje va\u017ee\u0107ih dokumenata ostvaruju <strong>popust od 50%<\/strong> na pojedina\u010dnu ulaznicu.<\/p>\n\n\n\n<h4 class=\"wp-block-heading\">Velik organizacijski tim i mnogo suradnika<\/h4>\n\n\n\n<p>Organizatori izlo\u017ebe <em>Fiume Fantastika: Fenomeni grada<\/em> su <strong>Sveu\u010dili\u0161te u Rijeci<\/strong> (DeltaLab \u2013 Centar za urbanu tranziciju, arhitekturu i urbanizam), <strong>RIJEKA 2020<\/strong> i <strong>Grad Rijeka<\/strong>.<\/p>\n\n\n\n<p>Glavni kustos izlo\u017ebe je <strong>Idis Turato<\/strong>, uz kustose <strong>Vedrana Mimicu<\/strong> i <strong>Maroja Mrdulja\u0161a<\/strong><br>Kustoski tim \u010dine jo\u0161 i <strong>Deyan Sudjic<\/strong>, <strong>Luka Skansi<\/strong>, <strong>Ida Kri\u017eaj Leko<\/strong>, <strong>Morana Matkovi\u0107<\/strong> i <strong>Renato Stankovi\u0107<\/strong>, uz suradnju s <strong>Tvrtkom Jakovinom<\/strong>, <strong>Federicom Carlom Simonellijem<\/strong>, <strong>Igorom Bezinovi\u0107em<\/strong>, <strong>Velidom \u0110eki\u0107em<\/strong> i <strong>Janom Horvat<\/strong>.<\/p>\n\n\n\n<p>Partneri su <strong>Pomorski i povijesni muzej Hrvatskog primorja<\/strong>, <strong>Muzej grada Rijeke,<\/strong> <strong>Muzej moderne i suvremene umjetnosti u Rijeci, Arhitektonski fakultet Sveu\u010dili\u0161ta u Zagrebu<\/strong> i <strong>Dr\u017eavni arhiv Rijeka<\/strong>. Za produkciju izlo\u017ebe zaslu\u017eni su <strong>DeltaLab<\/strong> (Morana Matkovi\u0107 i Renato Stankovi\u0107), a za arhitekturu i oblikovanje izlo\u017ebe <strong>Ida Kri\u017eaj Leko<\/strong>.<\/p>\n\n\n\n<p>Ana Tomi\u0107 i Marino Krsta\u010di\u0107-Furi\u0107&nbsp; bili su zadu\u017eeni za grafi\u010dki dizajn postava izlo\u017ebe, dok je grafi\u010dku pripremu odradio Filip Badurina. Za analiti\u010dko crtanje bio je zadu\u017een Arhitektonski fakultet u Zagrebu (Jana Horvat, Antea Divi\u0107, Tin Vuku\u0161i\u0107, Petra Vlahek), Martina Mataija i Marijana Krizmani\u0107, za lekturu prate\u0107e publikacije Majda Matkovi\u0107 i Edi Jurkovi\u0107, dok je prijevod djelo Edwarda Djordjevica i Dade \u010cakala.<\/p>\n\n\n\n<p>Partneri u realizaciji postava izlo\u017ebe su Sto Ges.m.b.H. \u2013 Hrvatska, Regeneracija d.o.o. i Zumtobel d.o.o.<\/p>\n\n\n\n<p>Osim navedenih organizatora, partnera i producenata, svaki od 10 paviljona koji \u010dine izlo\u017ebu, rezultat je zajedni\u010dkog rada jo\u0161 ve\u0107eg broja suradnika, autora i institucija.<\/p>\n\n\n\n<p>Izvor: <a href=\"https:\/\/rijeka2020.eu\/fiume-fantastika-fenomeni-grada-izlozba-o-150-godina-urbane-povijesti-rijeke\/\">https:\/\/rijeka2020.eu\/fiume-fantastika-fenomeni-grada-izlozba-o-150-godina-urbane-povijesti-rijeke\/<\/a><\/p>\n\n\n\n<hr class=\"wp-block-separator\"\/>\n","protected":false},"excerpt":{"rendered":"","protected":false},"author":2,"featured_media":22423,"comment_status":"open","ping_status":"open","sticky":false,"template":"","format":"standard","meta":{"_acf_changed":false,"jetpack_post_was_ever_published":false,"_jetpack_newsletter_access":"","_jetpack_dont_email_post_to_subs":false,"_jetpack_newsletter_tier_id":0,"_jetpack_memberships_contains_paywalled_content":false,"_jetpack_memberships_contains_paid_content":false,"footnotes":"","jetpack_publicize_message":"","jetpack_publicize_feature_enabled":true,"jetpack_social_post_already_shared":true,"jetpack_social_options":{"image_generator_settings":{"template":"highway","default_image_id":0,"font":"","enabled":false},"version":2}},"categories":[10,3],"tags":[],"class_list":["post-22422","post","type-post","status-publish","format-standard","has-post-thumbnail","hentry","category-izlozbe","category-novosti"],"acf":{"facebook_opis":""},"jetpack_publicize_connections":[],"jetpack_featured_media_url":"https:\/\/i0.wp.com\/historiografija.hr\/wp-content\/uploads\/2020\/08\/Fiume.jpg?fit=800%2C400&ssl=1","jetpack_sharing_enabled":true,"jetpack-related-posts":[{"id":52760,"url":"https:\/\/historiografija.hr\/?p=52760","url_meta":{"origin":22422,"position":0},"title":"Izlo\u017eba \u201cLo\u0161injski brodovi, njihove zastave i ljudi\u201d, 4. svibnja u 19h","author":"Filip \u0160imunjak","date":"30. travnja 2026.","format":false,"excerpt":"Hrvatski pomorski muzej Split, Glagolja\u0161a 18 (Tvr\u0111ava Gripe) Nakon \u0161to je u rujnu 2025. godine na otoku Lo\u0161inju, u suradnji Lo\u0161injskog muzeja i Hrvatskog pomorskog muzeja Split, predstavljena izlo\u017eba posve\u0107ena bogatoj pomorskoj ba\u0161tini otoka, njezino pro\u0161ireno izdanje postavlja se u Splitu. Uo\u010di blagdana svetog Dujma splitskoj \u0107e se publici predstaviti\u2026","rel":"","context":"U &quot;Izlo\u017ebe&quot;","block_context":{"text":"Izlo\u017ebe","link":"https:\/\/historiografija.hr\/?cat=10"},"img":{"alt_text":"","src":"https:\/\/i0.wp.com\/historiografija.hr\/wp-content\/uploads\/2026\/04\/Losinjski-brodovi-Izlozba-1-scaled.webp?fit=840%2C1200&ssl=1&resize=350%2C200","width":350,"height":200,"srcset":"https:\/\/i0.wp.com\/historiografija.hr\/wp-content\/uploads\/2026\/04\/Losinjski-brodovi-Izlozba-1-scaled.webp?fit=840%2C1200&ssl=1&resize=350%2C200 1x, https:\/\/i0.wp.com\/historiografija.hr\/wp-content\/uploads\/2026\/04\/Losinjski-brodovi-Izlozba-1-scaled.webp?fit=840%2C1200&ssl=1&resize=525%2C300 1.5x, https:\/\/i0.wp.com\/historiografija.hr\/wp-content\/uploads\/2026\/04\/Losinjski-brodovi-Izlozba-1-scaled.webp?fit=840%2C1200&ssl=1&resize=700%2C400 2x"},"classes":[]},{"id":52575,"url":"https:\/\/historiografija.hr\/?p=52575","url_meta":{"origin":22422,"position":1},"title":"Izlo\u017eba dje\u010djih radova \u201cU po\u010detku bija\u0161e crte\u017e\u2026\u201d","author":"Branimir Jankovi\u0107","date":"21. travnja 2026.","format":false,"excerpt":"U subotu, 25. travnja 2026. u 11 sati u Galeriji Klovi\u0107evi dvori sve\u010dano otvaramo izlo\u017ebu dje\u010djih radova pod nazivom U po\u010detku bija\u0161e crte\u017e\u2026 Radovi su nastali u sklopu likovnih radionica uz izlo\u017ebu U po\u010detku bija\u0161e kraljevstvo \u2013 izlo\u017eba povodom 1100 godina Hrvatskoga Kraljevstva. Na brojnim likovnim radionicama, uz \u0161kolsku djecu,\u2026","rel":"","context":"U &quot;Izlo\u017ebe&quot;","block_context":{"text":"Izlo\u017ebe","link":"https:\/\/historiografija.hr\/?cat=10"},"img":{"alt_text":"","src":"https:\/\/i0.wp.com\/historiografija.hr\/wp-content\/uploads\/2025\/10\/Klovicevi_sluzbeni-plakat.png?fit=840%2C1200&ssl=1&resize=350%2C200","width":350,"height":200,"srcset":"https:\/\/i0.wp.com\/historiografija.hr\/wp-content\/uploads\/2025\/10\/Klovicevi_sluzbeni-plakat.png?fit=840%2C1200&ssl=1&resize=350%2C200 1x, https:\/\/i0.wp.com\/historiografija.hr\/wp-content\/uploads\/2025\/10\/Klovicevi_sluzbeni-plakat.png?fit=840%2C1200&ssl=1&resize=525%2C300 1.5x, https:\/\/i0.wp.com\/historiografija.hr\/wp-content\/uploads\/2025\/10\/Klovicevi_sluzbeni-plakat.png?fit=840%2C1200&ssl=1&resize=700%2C400 2x"},"classes":[]},{"id":52511,"url":"https:\/\/historiografija.hr\/?p=52511","url_meta":{"origin":22422,"position":2},"title":"Izlo\u017eba &#8220;Lica Sljemena&#8221;","author":"Branimir Jankovi\u0107","date":"17. travnja 2026.","format":false,"excerpt":"Srda\u010dno vas pozivamo na otvorenje izlo\u017ebe Lica Sljemena koje \u0107e se odr\u017eati u srijedu 22. travnja 2026. u 18 h ispred Muzeja Prigorja (Trg Dragutina Domjani\u0107a 5, Sesvete). Izlo\u017eba proizlazi iz istra\u017eivanja Nevene \u0160krbi\u0107 Alempijevi\u0107, Petre Kelemen i Sanje Potkonjak te intervjua sa Sljemena\u0161icama i Sljemena\u0161ima, koji su provedeni u\u2026","rel":"","context":"U &quot;Izlo\u017ebe&quot;","block_context":{"text":"Izlo\u017ebe","link":"https:\/\/historiografija.hr\/?cat=10"},"img":{"alt_text":"","src":"https:\/\/i0.wp.com\/historiografija.hr\/wp-content\/uploads\/2026\/04\/Izlozba-Lica-Sljemena.png?fit=1080%2C686&ssl=1&resize=350%2C200","width":350,"height":200,"srcset":"https:\/\/i0.wp.com\/historiografija.hr\/wp-content\/uploads\/2026\/04\/Izlozba-Lica-Sljemena.png?fit=1080%2C686&ssl=1&resize=350%2C200 1x, https:\/\/i0.wp.com\/historiografija.hr\/wp-content\/uploads\/2026\/04\/Izlozba-Lica-Sljemena.png?fit=1080%2C686&ssl=1&resize=525%2C300 1.5x, https:\/\/i0.wp.com\/historiografija.hr\/wp-content\/uploads\/2026\/04\/Izlozba-Lica-Sljemena.png?fit=1080%2C686&ssl=1&resize=700%2C400 2x, https:\/\/i0.wp.com\/historiografija.hr\/wp-content\/uploads\/2026\/04\/Izlozba-Lica-Sljemena.png?fit=1080%2C686&ssl=1&resize=1050%2C600 3x"},"classes":[]},{"id":52666,"url":"https:\/\/historiografija.hr\/?p=52666","url_meta":{"origin":22422,"position":3},"title":"Najava programa Festivala povijesti Kliofest (5-8. V. 2026)","author":"Branimir Jankovi\u0107","date":"24. travnja 2026.","format":false,"excerpt":"Po trinaesti put odr\u017eava se Festival povijesti Kliofest! Do petka \u0107emo odr\u017eati osam okruglih stolova i dva kolokvija te niz predstavljanja knjiga i projekata razli\u010dite tematike, od antike do suvremenosti. Bit \u0107e predstavljeno i nekoliko izlo\u017ebi te odr\u017ean jedan povijesni kviz. Prikazat \u0107emo i jedan film \u2013 o generalu Boroevi\u0107u.\u2026","rel":"","context":"U &quot;Novosti&quot;","block_context":{"text":"Novosti","link":"https:\/\/historiografija.hr\/?cat=3"},"img":{"alt_text":"","src":"https:\/\/i0.wp.com\/historiografija.hr\/wp-content\/uploads\/2026\/04\/Kliofest-2026.jpg?fit=526%2C526&ssl=1&resize=350%2C200","width":350,"height":200,"srcset":"https:\/\/i0.wp.com\/historiografija.hr\/wp-content\/uploads\/2026\/04\/Kliofest-2026.jpg?fit=526%2C526&ssl=1&resize=350%2C200 1x, https:\/\/i0.wp.com\/historiografija.hr\/wp-content\/uploads\/2026\/04\/Kliofest-2026.jpg?fit=526%2C526&ssl=1&resize=525%2C300 1.5x"},"classes":[]},{"id":52505,"url":"https:\/\/historiografija.hr\/?p=52505","url_meta":{"origin":22422,"position":4},"title":"Izlo\u017eba &#8220;Eschenstock \/ Jasenov prut&#8221;","author":"Branimir Jankovi\u0107","date":"17. travnja 2026.","format":false,"excerpt":"Srpsko narodno vije\u0107e (SNV) i Vizura aperta postavljaju izlo\u017ebu \u0161vicarskog slikara Velimira Ili\u0161evi\u0107a: Eschenstock \/ Jasenov prut. Izlo\u017eba se uz prisustvo autora otvara povodom 81. godi\u0161njice proboja logora\u0161a iz usta\u0161kog logora smrti Jasenovac 22. aprila 2026. u 19 sati u Srpskom kulturnom centru (SKC) u Preradovi\u0107evoj ulici 21 u Zagrebu.\u2026","rel":"","context":"U &quot;Izlo\u017ebe&quot;","block_context":{"text":"Izlo\u017ebe","link":"https:\/\/historiografija.hr\/?cat=10"},"img":{"alt_text":"","src":"https:\/\/i0.wp.com\/historiografija.hr\/wp-content\/uploads\/2026\/04\/Jasenov_prut.jpg?fit=1024%2C640&ssl=1&resize=350%2C200","width":350,"height":200,"srcset":"https:\/\/i0.wp.com\/historiografija.hr\/wp-content\/uploads\/2026\/04\/Jasenov_prut.jpg?fit=1024%2C640&ssl=1&resize=350%2C200 1x, https:\/\/i0.wp.com\/historiografija.hr\/wp-content\/uploads\/2026\/04\/Jasenov_prut.jpg?fit=1024%2C640&ssl=1&resize=525%2C300 1.5x, https:\/\/i0.wp.com\/historiografija.hr\/wp-content\/uploads\/2026\/04\/Jasenov_prut.jpg?fit=1024%2C640&ssl=1&resize=700%2C400 2x"},"classes":[]},{"id":52592,"url":"https:\/\/historiografija.hr\/?p=52592","url_meta":{"origin":22422,"position":5},"title":"Predstavljanje knjige &#8220;Turska ku\u0107a u Rijeci&#8221; u Zagrebu","author":"Branimir Jankovi\u0107","date":"22. travnja 2026.","format":false,"excerpt":"U prostorijama Turskog kulturnog centra Yunus Emre u Zagrebu, u utorak 21. travnja 2026. godine, odr\u017eano je sve\u010dano predstavljanje dopunjenog izdanja knjige Turska ku\u0107a u Rijeci, u organizaciji Hrvatsko-turskog dru\u0161tva Rijeka i partnerstvu sa Skupinom prijateljstva Hrvatska-Turska Hrvatskog sabora, Veleposlanstvom Republike Turske u Republici Hrvatskoj te Turskim kulturnim centrom Yunus\u2026","rel":"","context":"U &quot;Novosti&quot;","block_context":{"text":"Novosti","link":"https:\/\/historiografija.hr\/?cat=3"},"img":{"alt_text":"","src":"https:\/\/i0.wp.com\/historiografija.hr\/wp-content\/uploads\/2026\/04\/Turska-kuca-ZG.jpg?fit=1200%2C800&ssl=1&resize=350%2C200","width":350,"height":200,"srcset":"https:\/\/i0.wp.com\/historiografija.hr\/wp-content\/uploads\/2026\/04\/Turska-kuca-ZG.jpg?fit=1200%2C800&ssl=1&resize=350%2C200 1x, https:\/\/i0.wp.com\/historiografija.hr\/wp-content\/uploads\/2026\/04\/Turska-kuca-ZG.jpg?fit=1200%2C800&ssl=1&resize=525%2C300 1.5x, https:\/\/i0.wp.com\/historiografija.hr\/wp-content\/uploads\/2026\/04\/Turska-kuca-ZG.jpg?fit=1200%2C800&ssl=1&resize=700%2C400 2x, https:\/\/i0.wp.com\/historiografija.hr\/wp-content\/uploads\/2026\/04\/Turska-kuca-ZG.jpg?fit=1200%2C800&ssl=1&resize=1050%2C600 3x"},"classes":[]}],"_links":{"self":[{"href":"https:\/\/historiografija.hr\/index.php?rest_route=\/wp\/v2\/posts\/22422","targetHints":{"allow":["GET"]}}],"collection":[{"href":"https:\/\/historiografija.hr\/index.php?rest_route=\/wp\/v2\/posts"}],"about":[{"href":"https:\/\/historiografija.hr\/index.php?rest_route=\/wp\/v2\/types\/post"}],"author":[{"embeddable":true,"href":"https:\/\/historiografija.hr\/index.php?rest_route=\/wp\/v2\/users\/2"}],"replies":[{"embeddable":true,"href":"https:\/\/historiografija.hr\/index.php?rest_route=%2Fwp%2Fv2%2Fcomments&post=22422"}],"version-history":[{"count":1,"href":"https:\/\/historiografija.hr\/index.php?rest_route=\/wp\/v2\/posts\/22422\/revisions"}],"predecessor-version":[{"id":22424,"href":"https:\/\/historiografija.hr\/index.php?rest_route=\/wp\/v2\/posts\/22422\/revisions\/22424"}],"wp:featuredmedia":[{"embeddable":true,"href":"https:\/\/historiografija.hr\/index.php?rest_route=\/wp\/v2\/media\/22423"}],"wp:attachment":[{"href":"https:\/\/historiografija.hr\/index.php?rest_route=%2Fwp%2Fv2%2Fmedia&parent=22422"}],"wp:term":[{"taxonomy":"category","embeddable":true,"href":"https:\/\/historiografija.hr\/index.php?rest_route=%2Fwp%2Fv2%2Fcategories&post=22422"},{"taxonomy":"post_tag","embeddable":true,"href":"https:\/\/historiografija.hr\/index.php?rest_route=%2Fwp%2Fv2%2Ftags&post=22422"}],"curies":[{"name":"wp","href":"https:\/\/api.w.org\/{rel}","templated":true}]}}