{"id":22376,"date":"2020-08-21T10:31:50","date_gmt":"2020-08-21T10:31:50","guid":{"rendered":"http:\/\/historiografija.hr\/?p=22376"},"modified":"2020-08-21T10:33:19","modified_gmt":"2020-08-21T10:33:19","slug":"dani-matije-petra-katancica-24-28-kolovoza-2020","status":"publish","type":"post","link":"https:\/\/historiografija.hr\/?p=22376","title":{"rendered":"Dani Matije Petra Katan\u010di\u0107a, 24. \u2013 28. kolovoza 2020."},"content":{"rendered":"\n<p>Grad Valpovo i Hrvatski institut za povijest \u2013 Podru\u017enica Slavonski Brod i ove godine u zajedni\u010dkoj organizaciji nastavljaju s odr\u017eavanjem kulturno-znanstvene manifestacije Dani Matije Petra Katan\u010di\u0107a.<\/p>\n\n\n\n<p>Ovogodi\u0161nji Katan\u010di\u0107evi dani odr\u017eat \u0107e se od <strong>24.<\/strong> do <strong>28. kolovoza<\/strong> u prostorima <strong>Centra kulture Matija Petar Katan\u010di\u0107 i Dvorca Prandau-Normann<\/strong>. Tijekom tih dana u Valpovu \u0107e se odr\u017eati predavanja i predstavljati knjige vezana uz Katan\u010di\u0107eva djela i tematiku&nbsp; kojom se bavio te o raznim aspektima povijesnog konteksta u kojem je djelovao. Dani Matije Petra Katan\u010di\u0107a i ove se godine odr\u017eavaju pod pokroviteljstvom Ministarstva kulture Republike Hrvatske koje je financijski potpomoglo odr\u017eavanje ovogodi\u0161njih Katan\u010di\u0107evih dana.<\/p>\n\n\n\n<p><strong>P R O G R A M<\/strong><\/p>\n\n\n\n<p><\/p>\n\n\n\n<p><strong>24. kolovoz 2020. (ponedjeljak)<\/strong><\/p>\n\n\n\n<p>Predstavljanje projekta \u201ePri\u010da o kulturnoj ostav\u0161tini Matije Petra Katan\u010di\u0107a\u201c<\/p>\n\n\n\n<p>19 sati (Centar kulture Matija Petar Katan\u010di\u0107)<\/p>\n\n\n\n<p><\/p>\n\n\n\n<p><strong>25. kolovoz 2020. (utorak)<\/strong><\/p>\n\n\n\n<p>Predavanje dr. sc. <strong>Anica Bili\u0107<\/strong>, \u201eDva <em>rugopisa<\/em> dvojice Matija<\/p>\n\n\n\n<p>Matija Petar Katan\u010di\u0107 <em>vs.<\/em> Matija Antun Relkovi\u0107\u201c<\/p>\n\n\n\n<p>19 sati (Centar kulture Matija Petar Katan\u010di\u0107)<\/p>\n\n\n\n<p><\/p>\n\n\n\n<p><strong>26. kolovoz 2020. (srijeda)<\/strong><\/p>\n\n\n\n<p>Predstavljanje knjiga <em>Rudina \u2013 benediktinski samostan sv. Mihaela Arkan\u0111ela<\/em><\/p>\n\n\n\n<p>i <em>Gradovi donjeg me\u0111urje\u010dja Drave, Save i Dunava u srednjem vijeku<\/em><\/p>\n\n\n\n<p>dr. sc. <strong>Stanko Andri\u0107<\/strong>, dr. sc. <strong>Danijel Jela\u0161<\/strong> i dr. sc. <strong>Marija Karbi\u0107<\/strong><\/p>\n\n\n\n<p>19 sati (Dvorac Prandau-Normann)<\/p>\n\n\n\n<p><\/p>\n\n\n\n<p><strong>27. kolovoz 2020. <\/strong><strong>(\u010detvrtak)<\/strong><\/p>\n\n\n\n<p>Predavanje dr. sc. <strong>Milan Vrbanus<\/strong>, \u201eValpova\u010dka pivovara u 18. stolje\u0107u\u201c<\/p>\n\n\n\n<p>19 sati (Dvorac Prandau-Normann)<\/p>\n\n\n\n<p><\/p>\n\n\n\n<p><strong>28. kolovoz 2020. (petak)<\/strong><\/p>\n\n\n\n<p>Knji\u017eevna ve\u010der \u2013 Umije\u0107e pisanja kratke pri\u010de<\/p>\n\n\n\n<p><strong>Iva Hlava\u010d<\/strong>, dr. sc. <strong>Dinko \u017dupan<\/strong><\/p>\n\n\n\n<p>19 sati (Dvorac Prandau-Normann)<\/p>\n\n\n\n<p><\/p>\n\n\n\n<p>Izvor i dodatne informacije:<\/p>\n\n\n\n<figure class=\"wp-block-embed-wordpress wp-block-embed is-type-wp-embed is-provider-hrvatski-institut-za-povijest\"><div class=\"wp-block-embed__wrapper\">\n<blockquote class=\"wp-embedded-content\" data-secret=\"2mP0R7Npkm\"><a href=\"http:\/\/hipsb.hr\/dani-matije-petra-katancica-24-28-8-2020\/\">Dani Matije Petra Katan\u010di\u0107a, 24. &#8211; 28. kolovoza 2020.<\/a><\/blockquote><iframe loading=\"lazy\" class=\"wp-embedded-content\" sandbox=\"allow-scripts\" security=\"restricted\" style=\"position: absolute; clip: rect(1px, 1px, 1px, 1px);\" title=\"&#8220;Dani Matije Petra Katan\u010di\u0107a, 24. &#8211; 28. kolovoza 2020.&#8221; &#8212; Hrvatski institut za povijest\" src=\"http:\/\/hipsb.hr\/dani-matije-petra-katancica-24-28-8-2020\/embed\/#?secret=2mP0R7Npkm\" data-secret=\"2mP0R7Npkm\" width=\"600\" height=\"338\" frameborder=\"0\" marginwidth=\"0\" marginheight=\"0\" scrolling=\"no\"><\/iframe>\n<\/div><\/figure>\n\n\n\n<hr class=\"wp-block-separator\"\/>\n\n\n\n<p><\/p>\n","protected":false},"excerpt":{"rendered":"","protected":false},"author":2,"featured_media":22377,"comment_status":"open","ping_status":"open","sticky":false,"template":"","format":"standard","meta":{"_acf_changed":false,"jetpack_post_was_ever_published":false,"_jetpack_newsletter_access":"","_jetpack_dont_email_post_to_subs":false,"_jetpack_newsletter_tier_id":0,"_jetpack_memberships_contains_paywalled_content":false,"_jetpack_memberships_contains_paid_content":false,"footnotes":"","jetpack_publicize_message":"","jetpack_publicize_feature_enabled":true,"jetpack_social_post_already_shared":true,"jetpack_social_options":{"image_generator_settings":{"template":"highway","default_image_id":0,"font":"","enabled":false},"version":2}},"categories":[3,9],"tags":[],"class_list":["post-22376","post","type-post","status-publish","format-standard","has-post-thumbnail","hentry","category-novosti","category-skupovi"],"acf":{"facebook_opis":""},"jetpack_publicize_connections":[],"jetpack_featured_media_url":"https:\/\/i0.wp.com\/historiografija.hr\/wp-content\/uploads\/2020\/08\/Dani-MPK-plakat.jpg?fit=676%2C960&ssl=1","jetpack_sharing_enabled":true,"jetpack-related-posts":[{"id":52578,"url":"https:\/\/historiografija.hr\/?p=52578","url_meta":{"origin":22376,"position":0},"title":"Poziv za sudjelovanje: XXII. Dani Julija Bene\u0161i\u0107a u Iloku","author":"Branimir Jankovi\u0107","date":"21. travnja 2026.","format":false,"excerpt":"Zavod za lingvisti\u010dka istra\u017eivanja Hrvatske akademije znanosti i umjetnosti, zajedno s Muzejom grada Iloka, organizira XXII. Dane Julija Bene\u0161i\u0107a, koji \u0107e se odr\u017eati od 28. do 30. listopada 2026. u Iloku.\u00a0Teme ovogodi\u0161njih Dana podijeljene su u dvije cjeline: Knji\u017eevno-jezikoslovni d\u00ecv\u0101n s Bene\u0161i\u0107em te Ilok i Srijem u povijesnim stalnicama i\u2026","rel":"","context":"U &quot;Novosti&quot;","block_context":{"text":"Novosti","link":"https:\/\/historiografija.hr\/?cat=3"},"img":{"alt_text":"","src":"https:\/\/i0.wp.com\/historiografija.hr\/wp-content\/uploads\/2019\/10\/HE2_Benesic.jpg?fit=413%2C591&ssl=1&resize=350%2C200","width":350,"height":200},"classes":[]},{"id":52616,"url":"https:\/\/historiografija.hr\/?p=52616","url_meta":{"origin":22376,"position":1},"title":"No\u0107 knjige 2026.","author":"Branimir Jankovi\u0107","date":"22. travnja 2026.","format":false,"excerpt":"Slavljeni\u010dka 15. No\u0107 knjige odr\u017eat \u0107e se 23. travnja diljem Hrvatske u povodu Svjetskog dana knjige i autorskih prava te Dana hrvatske knjige. S vi\u0161e od 1.000 prijavljenih programa i akcija s pravom nosi epitet najmasovnije doma\u0107e kulturne manifestacije, a ove \u0107e godine prote\u0107i u znaku mira, razumijevanja, tolerancije, srodnosti\u2026","rel":"","context":"U &quot;Novosti&quot;","block_context":{"text":"Novosti","link":"https:\/\/historiografija.hr\/?cat=3"},"img":{"alt_text":"","src":"https:\/\/i0.wp.com\/historiografija.hr\/wp-content\/uploads\/2026\/04\/noc_knjige_2026.jpg?fit=680%2C276&ssl=1&resize=350%2C200","width":350,"height":200,"srcset":"https:\/\/i0.wp.com\/historiografija.hr\/wp-content\/uploads\/2026\/04\/noc_knjige_2026.jpg?fit=680%2C276&ssl=1&resize=350%2C200 1x, https:\/\/i0.wp.com\/historiografija.hr\/wp-content\/uploads\/2026\/04\/noc_knjige_2026.jpg?fit=680%2C276&ssl=1&resize=525%2C300 1.5x"},"classes":[]},{"id":52666,"url":"https:\/\/historiografija.hr\/?p=52666","url_meta":{"origin":22376,"position":2},"title":"Najava programa Festivala povijesti Kliofest (5-8. V. 2026)","author":"Branimir Jankovi\u0107","date":"24. travnja 2026.","format":false,"excerpt":"Po trinaesti put odr\u017eava se Festival povijesti Kliofest! Do petka \u0107emo odr\u017eati osam okruglih stolova i dva kolokvija te niz predstavljanja knjiga i projekata razli\u010dite tematike, od antike do suvremenosti. Bit \u0107e predstavljeno i nekoliko izlo\u017ebi te odr\u017ean jedan povijesni kviz. Prikazat \u0107emo i jedan film \u2013 o generalu Boroevi\u0107u.\u2026","rel":"","context":"U &quot;Novosti&quot;","block_context":{"text":"Novosti","link":"https:\/\/historiografija.hr\/?cat=3"},"img":{"alt_text":"","src":"https:\/\/i0.wp.com\/historiografija.hr\/wp-content\/uploads\/2026\/04\/Kliofest-2026.jpg?fit=526%2C526&ssl=1&resize=350%2C200","width":350,"height":200,"srcset":"https:\/\/i0.wp.com\/historiografija.hr\/wp-content\/uploads\/2026\/04\/Kliofest-2026.jpg?fit=526%2C526&ssl=1&resize=350%2C200 1x, https:\/\/i0.wp.com\/historiografija.hr\/wp-content\/uploads\/2026\/04\/Kliofest-2026.jpg?fit=526%2C526&ssl=1&resize=525%2C300 1.5x"},"classes":[]},{"id":52569,"url":"https:\/\/historiografija.hr\/?p=52569","url_meta":{"origin":22376,"position":3},"title":"[Predavanje] Ne \u010dekaju\u0107i inspiraciju \u2013 anga\u017eovane intelektualne, kulturalne i umetni\u010dke prakse u me\u0111uratnom periodu: teorija i praksa kriti\u010dke levice u jugoslovenskoj kulturi (YugoLab)","author":"Branimir Jankovi\u0107","date":"21. travnja 2026.","format":false,"excerpt":"U vreme agresivnog ja\u010danja globalne desnice, (pro)fa\u0161isti\u010dkih, rasisti\u010dkih i imperijalisti\u010dkih politika, dok je istovremeno globalna levica izrazito slaba, a progresivni pokreti atomizirani i fragmentisani, va\u017eno je iz savremene perspektive vratiti se revolucionarnim i emancipatorskim zbivanjima u jugoslovenskom (ali i s njima u vezi internacionalnim de\u0161avanjima), kao i dru\u0161tvenoj ulozi kulturalnih\u2026","rel":"","context":"U &quot;Novosti&quot;","block_context":{"text":"Novosti","link":"https:\/\/historiografija.hr\/?cat=3"},"img":{"alt_text":"","src":"","width":0,"height":0},"classes":[]},{"id":52528,"url":"https:\/\/historiografija.hr\/?p=52528","url_meta":{"origin":22376,"position":4},"title":"[Promocija knjige] Banja Luka u ratu: Etnopolitika i svakodnevica (1990\u20131995) (ActiveLab, YugoLab)","author":"Branimir Jankovi\u0107","date":"17. travnja 2026.","format":false,"excerpt":"Institut za filozofiju i dru\u0161tvenu teoriju i O\u0161tra Nula organizuju promociju knjige Banja Luka u ratu: Etnopolitika i svakodnevica (1990\u20131995) autorke Armine Galija\u0161, koja \u0107e se odr\u017eati 20. aprila 2026. u 12.00 sati u prostorijama Instituta (Kraljice Natalije 45, Beograd). Re\u010d je o prvom nau\u010dno utemeljenom i sistematskom radu koji\u2026","rel":"","context":"U &quot;Novosti&quot;","block_context":{"text":"Novosti","link":"https:\/\/historiografija.hr\/?cat=3"},"img":{"alt_text":"","src":"https:\/\/i0.wp.com\/historiografija.hr\/wp-content\/uploads\/2026\/04\/20-april-RS.jpg?fit=1200%2C675&ssl=1&resize=350%2C200","width":350,"height":200,"srcset":"https:\/\/i0.wp.com\/historiografija.hr\/wp-content\/uploads\/2026\/04\/20-april-RS.jpg?fit=1200%2C675&ssl=1&resize=350%2C200 1x, https:\/\/i0.wp.com\/historiografija.hr\/wp-content\/uploads\/2026\/04\/20-april-RS.jpg?fit=1200%2C675&ssl=1&resize=525%2C300 1.5x, https:\/\/i0.wp.com\/historiografija.hr\/wp-content\/uploads\/2026\/04\/20-april-RS.jpg?fit=1200%2C675&ssl=1&resize=700%2C400 2x, https:\/\/i0.wp.com\/historiografija.hr\/wp-content\/uploads\/2026\/04\/20-april-RS.jpg?fit=1200%2C675&ssl=1&resize=1050%2C600 3x"},"classes":[]},{"id":52536,"url":"https:\/\/historiografija.hr\/?p=52536","url_meta":{"origin":22376,"position":5},"title":"Kader Abdolah, \u201ePrije nego \u0161to bude kasno\u201c","author":"Branimir Jankovi\u0107","date":"20. travnja 2026.","format":false,"excerpt":"Kader Abdolah \u017eeli se vratiti ku\u0107i. Ali povratak je nemogu\u0107: u Iranu bi bio uhap\u0161en. Pod la\u017enim imenom i s krivotvorenim paso\u0161em ipak uspijeva u\u0107i u domovinu i sti\u017ee do roditeljske ku\u0107e, visoko u planinama. Majka ga ne prepoznaje, otac je mrtav, a sve \u0161to je tra\u017eio izmi\u010de mu pred\u2026","rel":"","context":"U &quot;Novosti&quot;","block_context":{"text":"Novosti","link":"https:\/\/historiografija.hr\/?cat=3"},"img":{"alt_text":"","src":"https:\/\/i0.wp.com\/historiografija.hr\/wp-content\/uploads\/2026\/04\/Prije-nego-sto-bude-kasno.webp?fit=566%2C872&ssl=1&resize=350%2C200","width":350,"height":200,"srcset":"https:\/\/i0.wp.com\/historiografija.hr\/wp-content\/uploads\/2026\/04\/Prije-nego-sto-bude-kasno.webp?fit=566%2C872&ssl=1&resize=350%2C200 1x, https:\/\/i0.wp.com\/historiografija.hr\/wp-content\/uploads\/2026\/04\/Prije-nego-sto-bude-kasno.webp?fit=566%2C872&ssl=1&resize=525%2C300 1.5x"},"classes":[]}],"_links":{"self":[{"href":"https:\/\/historiografija.hr\/index.php?rest_route=\/wp\/v2\/posts\/22376","targetHints":{"allow":["GET"]}}],"collection":[{"href":"https:\/\/historiografija.hr\/index.php?rest_route=\/wp\/v2\/posts"}],"about":[{"href":"https:\/\/historiografija.hr\/index.php?rest_route=\/wp\/v2\/types\/post"}],"author":[{"embeddable":true,"href":"https:\/\/historiografija.hr\/index.php?rest_route=\/wp\/v2\/users\/2"}],"replies":[{"embeddable":true,"href":"https:\/\/historiografija.hr\/index.php?rest_route=%2Fwp%2Fv2%2Fcomments&post=22376"}],"version-history":[{"count":2,"href":"https:\/\/historiografija.hr\/index.php?rest_route=\/wp\/v2\/posts\/22376\/revisions"}],"predecessor-version":[{"id":22379,"href":"https:\/\/historiografija.hr\/index.php?rest_route=\/wp\/v2\/posts\/22376\/revisions\/22379"}],"wp:featuredmedia":[{"embeddable":true,"href":"https:\/\/historiografija.hr\/index.php?rest_route=\/wp\/v2\/media\/22377"}],"wp:attachment":[{"href":"https:\/\/historiografija.hr\/index.php?rest_route=%2Fwp%2Fv2%2Fmedia&parent=22376"}],"wp:term":[{"taxonomy":"category","embeddable":true,"href":"https:\/\/historiografija.hr\/index.php?rest_route=%2Fwp%2Fv2%2Fcategories&post=22376"},{"taxonomy":"post_tag","embeddable":true,"href":"https:\/\/historiografija.hr\/index.php?rest_route=%2Fwp%2Fv2%2Ftags&post=22376"}],"curies":[{"name":"wp","href":"https:\/\/api.w.org\/{rel}","templated":true}]}}