{"id":22295,"date":"2020-08-11T09:23:22","date_gmt":"2020-08-11T09:23:22","guid":{"rendered":"http:\/\/historiografija.hr\/?p=22295"},"modified":"2020-08-11T09:23:22","modified_gmt":"2020-08-11T09:23:22","slug":"gostujuca-izlozba-hrvatska-jadranska-kupalisna-bastina-u-muzeju-grada-zagreba","status":"publish","type":"post","link":"https:\/\/historiografija.hr\/?p=22295","title":{"rendered":"Gostuju\u0107a izlo\u017eba \u201cHrvatska jadranska kupali\u0161na ba\u0161tina\u201d u Muzeju grada Zagreba"},"content":{"rendered":"\n<p>Izlo\u017eba \u201cHrvatska jadranska kupali\u0161na ba\u0161tina\u201d Hrvatskog muzeja turizma iz Opatije nudi presjek samih po\u010detaka kupali\u0161ta nastalih na jadranskoj obali. Izlo\u017eba, tako\u0111er, daje uvid u promi\u0161ljanja i nastojanja tada\u0161njeg generalnog direktora Ju\u017enih \u017eeljeznica Friedricha Julius Sch\u00fclera, koji je ogromnim ulaganjima ostvario plan stvaranja klimatskog lje\u010dili\u0161ta i morskog kupali\u0161ta u Opatiji, ra\u010dunaju\u0107i s pove\u0107anim brojem korisnika usluga novoizgra\u0111ene \u017eeljeznice na relaciji Be\u010d-Rijeka-Be\u010d.<\/p>\n\n\n\n<p>12.08. &#8211; 13.09.2020<\/p>\n\n\n\n<p>Izvor: <a href=\"http:\/\/www.mgz.hr\/\">http:\/\/www.mgz.hr\/<\/a><\/p>\n\n\n\n<p>Op\u0161irnije:<\/p>\n\n\n\n<p><a href=\"http:\/\/mgz.hr\/hr\/izlozbe\/HRVATSKA%20JADRANSKA%20KUPALI%C5%A0NA%20BA%C5%A0TINA%20gostuju%C4%87a%20izlo%C5%BEba%20Hrvatskog%20muzeja%20turizma%20iz%20Opatije,1585.html\">http:\/\/mgz.hr\/hr\/izlozbe\/HRVATSKA%20JADRANSKA%20KUPALI%C5%A0NA%20BA%C5%A0TINA%20gostuju%C4%87a%20izlo%C5%BEba%20Hrvatskog%20muzeja%20turizma%20iz%20Opatije,1585.html<\/a><\/p>\n\n\n\n<p>&#8212;<\/p>\n\n\n\n<p>Izlo\u017eba o hrvatskoj jadranskoj kupali\u0161noj ba\u0161tini gostuje u Muzeju grada Zagreba<\/p>\n\n\n\n<p>vrijeme: 12.08.2020. &#8211; 13.09.2020.<\/p>\n\n\n\n<p>mjesto: Muzej grada Zagreba<\/p>\n\n\n\n<p>url: http:\/\/www.mgz.hr\/<\/p>\n\n\n\n<p>U Muzeju grada Zagreba 12. kolovoza otvara se gostuju\u0107a izlo\u017eba Hrvatskog muzeja turizma iz Opatije &#8220;Hrvatska jadranska kupali\u0161na ba\u0161tina&#8221;, koja nudi presjek samih po\u010detaka kupali\u0161ta nastalih na jadranskoj obali.<\/p>\n\n\n\n<p>Izlo\u017eba tako\u0111er daje uvid u promi\u0161ljanja i nastojanja tada\u0161njeg generalnog direktora Ju\u017enih \u017eeljeznica Friedricha Julius Sch\u00fclera, koji je ogromnim ulaganjima ostvario plan stvaranja klimatskog lje\u010dili\u0161ta i morskog kupali\u0161ta u Opatiji, ra\u010dunaju\u0107i s pove\u0107anim brojem korisnika usluga novoizgra\u0111ene \u017eeljeznice na relaciji Be\u010d-Rijeka-Be\u010d.<\/p>\n\n\n\n<p>Povezanost sjevernog Jadrana \u017eeljeznicom utjecala je na gospodarski i turisti\u010dki razvoj luka i gradova sjevernog Jadrana, pa se kao etablirani turisti\u010dki centri javljaju Opatija, Volosko, Crikvenica, Mali Lo\u0161inj i drugi. Hotel Kvarner u Opatiji (izgra\u0111en 1884. god.) najstariji je hotel na na\u0161oj obali. Bila je to i prva turisti\u010dka investicija stranog kapitala.<\/p>\n\n\n\n<p>Prvi dolasci na more vezani su uz lje\u010dili\u0161ni turizam zbog prirodnih ljekovitih \u010dimbenika, a grade se i javna kupali\u0161ta: Pula je svoje prvo javno kupali\u0161te, usidreno na drvenoj platformi, dobila 1865. godine, a Opatija svoje, Angiolinu, 1884. godine. U zadnjem desetlje\u0107u 19. stolje\u0107a kupali\u0161ta su izgra\u0111ena i u Pore\u010du, Lovranu, Rijeci, Kraljevici, Crikvenici, Novom Vinodolskom, Rabu, Zadru, Splitu i Dubrovniku, a gradili su ih najpoznatiji arhitekti toga doba.<\/p>\n\n\n\n<p>Kupali\u0161ta su se nalazila na hridima ili neposredno uz more, na izuzetno izlo\u017eenim pozicijama pa su pod utjecajem mora bila podlo\u017ena brzoj devastaciji. Kupali\u0161ne ku\u0107ice, koje i danas mo\u017eemo vidjeti na jadranskoj obali, gra\u0111ene su od kamena, betona i drveta, a sve u skladu s konzervatorskim uvjetima i brigom o o\u010duvanju kulturne i prirodne ba\u0161tine.<\/p>\n\n\n\n<p>Morske kupali\u0161ne gra\u0111evine koje danas imamo neizostavni su dio urbanisti\u010dke arhitekture odnosno urbanizma turisti\u010dkih mjesta.<\/p>\n\n\n\n<p>Autorica izlo\u017ebe je ravnateljica Hrvatskog muzeja turizma Mirjana Kos.<\/p>\n\n\n\n<p>Temi izlo\u017ebe prilago\u0111ena su i tematska vodstva stalnim postavom Muzeja grada Zagreba pod nazivom &#8220;Stara zagreba\u010dka kupali\u0161ta&#8221;, koja \u0107e se od 11. do 16. kolovoza odr\u017eavati u terminima utorak \u2013 subota u 11 i u 15 sati, te nedjelja u 10 i u 12:30 sati, a mo\u0107i \u0107e im se besplatno priklju\u010diti svi koji kupe redovitu ulaznicu.<\/p>\n\n\n\n<p>Izlo\u017eba &#8220;Hrvatska jadranska kupali\u0161na ba\u0161tina&#8221; ostaje otvorena do 13. rujna.<\/p>\n\n\n\n<p>(Hina)&nbsp;<\/p>\n\n\n\n<p>Izvor: <a href=\"https:\/\/www.mdc.hr\/\">https:\/\/www.mdc.hr\/<\/a><\/p>\n\n\n\n<hr class=\"wp-block-separator\"\/>\n","protected":false},"excerpt":{"rendered":"","protected":false},"author":2,"featured_media":22296,"comment_status":"open","ping_status":"open","sticky":false,"template":"","format":"standard","meta":{"_acf_changed":false,"jetpack_post_was_ever_published":false,"_jetpack_newsletter_access":"","_jetpack_dont_email_post_to_subs":false,"_jetpack_newsletter_tier_id":0,"_jetpack_memberships_contains_paywalled_content":false,"_jetpack_memberships_contains_paid_content":false,"footnotes":"","jetpack_publicize_message":"","jetpack_publicize_feature_enabled":true,"jetpack_social_post_already_shared":true,"jetpack_social_options":{"image_generator_settings":{"template":"highway","default_image_id":0,"font":"","enabled":false},"version":2}},"categories":[10,3],"tags":[],"class_list":["post-22295","post","type-post","status-publish","format-standard","has-post-thumbnail","hentry","category-izlozbe","category-novosti"],"acf":{"facebook_opis":""},"jetpack_publicize_connections":[],"jetpack_featured_media_url":"https:\/\/i0.wp.com\/historiografija.hr\/wp-content\/uploads\/2020\/08\/Plakat_Kupaliste-scaled.jpg?fit=1846%2C2560&ssl=1","jetpack_sharing_enabled":true,"jetpack-related-posts":[{"id":52511,"url":"https:\/\/historiografija.hr\/?p=52511","url_meta":{"origin":22295,"position":0},"title":"Izlo\u017eba &#8220;Lica Sljemena&#8221;","author":"Branimir Jankovi\u0107","date":"17. travnja 2026.","format":false,"excerpt":"Srda\u010dno vas pozivamo na otvorenje izlo\u017ebe Lica Sljemena koje \u0107e se odr\u017eati u srijedu 22. travnja 2026. u 18 h ispred Muzeja Prigorja (Trg Dragutina Domjani\u0107a 5, Sesvete). Izlo\u017eba proizlazi iz istra\u017eivanja Nevene \u0160krbi\u0107 Alempijevi\u0107, Petre Kelemen i Sanje Potkonjak te intervjua sa Sljemena\u0161icama i Sljemena\u0161ima, koji su provedeni u\u2026","rel":"","context":"U &quot;Izlo\u017ebe&quot;","block_context":{"text":"Izlo\u017ebe","link":"https:\/\/historiografija.hr\/?cat=10"},"img":{"alt_text":"","src":"https:\/\/i0.wp.com\/historiografija.hr\/wp-content\/uploads\/2026\/04\/Izlozba-Lica-Sljemena.png?fit=1080%2C686&ssl=1&resize=350%2C200","width":350,"height":200,"srcset":"https:\/\/i0.wp.com\/historiografija.hr\/wp-content\/uploads\/2026\/04\/Izlozba-Lica-Sljemena.png?fit=1080%2C686&ssl=1&resize=350%2C200 1x, https:\/\/i0.wp.com\/historiografija.hr\/wp-content\/uploads\/2026\/04\/Izlozba-Lica-Sljemena.png?fit=1080%2C686&ssl=1&resize=525%2C300 1.5x, https:\/\/i0.wp.com\/historiografija.hr\/wp-content\/uploads\/2026\/04\/Izlozba-Lica-Sljemena.png?fit=1080%2C686&ssl=1&resize=700%2C400 2x, https:\/\/i0.wp.com\/historiografija.hr\/wp-content\/uploads\/2026\/04\/Izlozba-Lica-Sljemena.png?fit=1080%2C686&ssl=1&resize=1050%2C600 3x"},"classes":[]},{"id":52760,"url":"https:\/\/historiografija.hr\/?p=52760","url_meta":{"origin":22295,"position":1},"title":"Izlo\u017eba \u201cLo\u0161injski brodovi, njihove zastave i ljudi\u201d, 4. svibnja u 19h","author":"Filip \u0160imunjak","date":"30. travnja 2026.","format":false,"excerpt":"Hrvatski pomorski muzej Split, Glagolja\u0161a 18 (Tvr\u0111ava Gripe) Nakon \u0161to je u rujnu 2025. godine na otoku Lo\u0161inju, u suradnji Lo\u0161injskog muzeja i Hrvatskog pomorskog muzeja Split, predstavljena izlo\u017eba posve\u0107ena bogatoj pomorskoj ba\u0161tini otoka, njezino pro\u0161ireno izdanje postavlja se u Splitu. Uo\u010di blagdana svetog Dujma splitskoj \u0107e se publici predstaviti\u2026","rel":"","context":"U &quot;Izlo\u017ebe&quot;","block_context":{"text":"Izlo\u017ebe","link":"https:\/\/historiografija.hr\/?cat=10"},"img":{"alt_text":"","src":"https:\/\/i0.wp.com\/historiografija.hr\/wp-content\/uploads\/2026\/04\/Losinjski-brodovi-Izlozba-1-scaled.webp?fit=840%2C1200&ssl=1&resize=350%2C200","width":350,"height":200,"srcset":"https:\/\/i0.wp.com\/historiografija.hr\/wp-content\/uploads\/2026\/04\/Losinjski-brodovi-Izlozba-1-scaled.webp?fit=840%2C1200&ssl=1&resize=350%2C200 1x, https:\/\/i0.wp.com\/historiografija.hr\/wp-content\/uploads\/2026\/04\/Losinjski-brodovi-Izlozba-1-scaled.webp?fit=840%2C1200&ssl=1&resize=525%2C300 1.5x, https:\/\/i0.wp.com\/historiografija.hr\/wp-content\/uploads\/2026\/04\/Losinjski-brodovi-Izlozba-1-scaled.webp?fit=840%2C1200&ssl=1&resize=700%2C400 2x"},"classes":[]},{"id":52575,"url":"https:\/\/historiografija.hr\/?p=52575","url_meta":{"origin":22295,"position":2},"title":"Izlo\u017eba dje\u010djih radova \u201cU po\u010detku bija\u0161e crte\u017e\u2026\u201d","author":"Branimir Jankovi\u0107","date":"21. travnja 2026.","format":false,"excerpt":"U subotu, 25. travnja 2026. u 11 sati u Galeriji Klovi\u0107evi dvori sve\u010dano otvaramo izlo\u017ebu dje\u010djih radova pod nazivom U po\u010detku bija\u0161e crte\u017e\u2026 Radovi su nastali u sklopu likovnih radionica uz izlo\u017ebu U po\u010detku bija\u0161e kraljevstvo \u2013 izlo\u017eba povodom 1100 godina Hrvatskoga Kraljevstva. Na brojnim likovnim radionicama, uz \u0161kolsku djecu,\u2026","rel":"","context":"U &quot;Izlo\u017ebe&quot;","block_context":{"text":"Izlo\u017ebe","link":"https:\/\/historiografija.hr\/?cat=10"},"img":{"alt_text":"","src":"https:\/\/i0.wp.com\/historiografija.hr\/wp-content\/uploads\/2025\/10\/Klovicevi_sluzbeni-plakat.png?fit=840%2C1200&ssl=1&resize=350%2C200","width":350,"height":200,"srcset":"https:\/\/i0.wp.com\/historiografija.hr\/wp-content\/uploads\/2025\/10\/Klovicevi_sluzbeni-plakat.png?fit=840%2C1200&ssl=1&resize=350%2C200 1x, https:\/\/i0.wp.com\/historiografija.hr\/wp-content\/uploads\/2025\/10\/Klovicevi_sluzbeni-plakat.png?fit=840%2C1200&ssl=1&resize=525%2C300 1.5x, https:\/\/i0.wp.com\/historiografija.hr\/wp-content\/uploads\/2025\/10\/Klovicevi_sluzbeni-plakat.png?fit=840%2C1200&ssl=1&resize=700%2C400 2x"},"classes":[]},{"id":52505,"url":"https:\/\/historiografija.hr\/?p=52505","url_meta":{"origin":22295,"position":3},"title":"Izlo\u017eba &#8220;Eschenstock \/ Jasenov prut&#8221;","author":"Branimir Jankovi\u0107","date":"17. travnja 2026.","format":false,"excerpt":"Srpsko narodno vije\u0107e (SNV) i Vizura aperta postavljaju izlo\u017ebu \u0161vicarskog slikara Velimira Ili\u0161evi\u0107a: Eschenstock \/ Jasenov prut. Izlo\u017eba se uz prisustvo autora otvara povodom 81. godi\u0161njice proboja logora\u0161a iz usta\u0161kog logora smrti Jasenovac 22. aprila 2026. u 19 sati u Srpskom kulturnom centru (SKC) u Preradovi\u0107evoj ulici 21 u Zagrebu.\u2026","rel":"","context":"U &quot;Izlo\u017ebe&quot;","block_context":{"text":"Izlo\u017ebe","link":"https:\/\/historiografija.hr\/?cat=10"},"img":{"alt_text":"","src":"https:\/\/i0.wp.com\/historiografija.hr\/wp-content\/uploads\/2026\/04\/Jasenov_prut.jpg?fit=1024%2C640&ssl=1&resize=350%2C200","width":350,"height":200,"srcset":"https:\/\/i0.wp.com\/historiografija.hr\/wp-content\/uploads\/2026\/04\/Jasenov_prut.jpg?fit=1024%2C640&ssl=1&resize=350%2C200 1x, https:\/\/i0.wp.com\/historiografija.hr\/wp-content\/uploads\/2026\/04\/Jasenov_prut.jpg?fit=1024%2C640&ssl=1&resize=525%2C300 1.5x, https:\/\/i0.wp.com\/historiografija.hr\/wp-content\/uploads\/2026\/04\/Jasenov_prut.jpg?fit=1024%2C640&ssl=1&resize=700%2C400 2x"},"classes":[]},{"id":52752,"url":"https:\/\/historiografija.hr\/?p=52752","url_meta":{"origin":22295,"position":4},"title":"Otvaranje izlo\u017ebe &#8220;Hrvati na So\u010danskom frontu&#8221; i predavanje &#8220;So\u010danska fronta u Prvome svjetskom ratu&#8221;","author":"Filip \u0160imunjak","date":"30. travnja 2026.","format":false,"excerpt":"Otvaranje izlo\u017ebe \u201eHrvati na So\u010danskom frontu\u201c, Kobari\u0161ki muzej Prvog svjetskog rata, Kobarid, odr\u017eat \u0107e se u sklopu ovogodi\u0161njega Festivala povijesti Kliofest u Nacionalnoj i sveu\u010dili\u0161noj knji\u017enici u Zagrebu, u utorak 5. svibnja, s po\u010detkom u 10 sati, uz sudjelovanje: Ga\u0161pera Dov\u017eana, veleposlanika Republike Slovenije u RH, te Martina \u0160olara, direktora\u2026","rel":"","context":"U &quot;Izlo\u017ebe&quot;","block_context":{"text":"Izlo\u017ebe","link":"https:\/\/historiografija.hr\/?cat=10"},"img":{"alt_text":"","src":"https:\/\/i0.wp.com\/historiografija.hr\/wp-content\/uploads\/2026\/04\/Kliofest-01-utorak-II-08-P-Socanska-fronta.jpg?fit=1200%2C566&ssl=1&resize=350%2C200","width":350,"height":200,"srcset":"https:\/\/i0.wp.com\/historiografija.hr\/wp-content\/uploads\/2026\/04\/Kliofest-01-utorak-II-08-P-Socanska-fronta.jpg?fit=1200%2C566&ssl=1&resize=350%2C200 1x, https:\/\/i0.wp.com\/historiografija.hr\/wp-content\/uploads\/2026\/04\/Kliofest-01-utorak-II-08-P-Socanska-fronta.jpg?fit=1200%2C566&ssl=1&resize=525%2C300 1.5x, https:\/\/i0.wp.com\/historiografija.hr\/wp-content\/uploads\/2026\/04\/Kliofest-01-utorak-II-08-P-Socanska-fronta.jpg?fit=1200%2C566&ssl=1&resize=700%2C400 2x, https:\/\/i0.wp.com\/historiografija.hr\/wp-content\/uploads\/2026\/04\/Kliofest-01-utorak-II-08-P-Socanska-fronta.jpg?fit=1200%2C566&ssl=1&resize=1050%2C600 3x"},"classes":[]},{"id":52573,"url":"https:\/\/historiografija.hr\/?p=52573","url_meta":{"origin":22295,"position":5},"title":"Znanstvena konferencija &#8220;Filozofija odgoja: povijest, praksa, perspektive&#8221;","author":"Branimir Jankovi\u0107","date":"21. travnja 2026.","format":false,"excerpt":"Znanstvena konferencija \"Filozofija odgoja: povijest, praksa, perspektive\" odr\u017eat \u0107e se 23. i 24. travnja 2026. u Konferencijskoj dvorani Knji\u017enice Filozofskog fakulteta u Zagrebu (2. kat).\u00a0Konferencija je organizirana u okviru projekta\u00a0SUMKOS (voditeljica prof. dr. sc. Ivana Zagorac, financiran\u00a0sredstvima NextGenerationEU), uz potporu Odsjeka za filozofiju.\u00a0 Uz izlaga\u010dki dio, konferencija obuhva\u0107a i izlo\u017ebu\u2026","rel":"","context":"U &quot;Novosti&quot;","block_context":{"text":"Novosti","link":"https:\/\/historiografija.hr\/?cat=3"},"img":{"alt_text":"","src":"","width":0,"height":0},"classes":[]}],"_links":{"self":[{"href":"https:\/\/historiografija.hr\/index.php?rest_route=\/wp\/v2\/posts\/22295","targetHints":{"allow":["GET"]}}],"collection":[{"href":"https:\/\/historiografija.hr\/index.php?rest_route=\/wp\/v2\/posts"}],"about":[{"href":"https:\/\/historiografija.hr\/index.php?rest_route=\/wp\/v2\/types\/post"}],"author":[{"embeddable":true,"href":"https:\/\/historiografija.hr\/index.php?rest_route=\/wp\/v2\/users\/2"}],"replies":[{"embeddable":true,"href":"https:\/\/historiografija.hr\/index.php?rest_route=%2Fwp%2Fv2%2Fcomments&post=22295"}],"version-history":[{"count":1,"href":"https:\/\/historiografija.hr\/index.php?rest_route=\/wp\/v2\/posts\/22295\/revisions"}],"predecessor-version":[{"id":22297,"href":"https:\/\/historiografija.hr\/index.php?rest_route=\/wp\/v2\/posts\/22295\/revisions\/22297"}],"wp:featuredmedia":[{"embeddable":true,"href":"https:\/\/historiografija.hr\/index.php?rest_route=\/wp\/v2\/media\/22296"}],"wp:attachment":[{"href":"https:\/\/historiografija.hr\/index.php?rest_route=%2Fwp%2Fv2%2Fmedia&parent=22295"}],"wp:term":[{"taxonomy":"category","embeddable":true,"href":"https:\/\/historiografija.hr\/index.php?rest_route=%2Fwp%2Fv2%2Fcategories&post=22295"},{"taxonomy":"post_tag","embeddable":true,"href":"https:\/\/historiografija.hr\/index.php?rest_route=%2Fwp%2Fv2%2Ftags&post=22295"}],"curies":[{"name":"wp","href":"https:\/\/api.w.org\/{rel}","templated":true}]}}