{"id":22290,"date":"2020-08-10T13:10:54","date_gmt":"2020-08-10T13:10:54","guid":{"rendered":"http:\/\/historiografija.hr\/?p=22290"},"modified":"2020-08-10T13:20:10","modified_gmt":"2020-08-10T13:20:10","slug":"petra-kolesaric-prikaz-knjige-gradani-slobodnog-i-kraljevskog-grada-osijeka-1809-1850-2020","status":"publish","type":"post","link":"https:\/\/historiografija.hr\/?p=22290","title":{"rendered":"Petra Kolesari\u0107 \u2013 prikaz knjige \u2013 &#8220;Gra\u0111ani slobodnog i kraljevskog grada Osijeka 1809. &#8211; 1850.&#8221;, 2020."},"content":{"rendered":"\n<p><strong><em>Gra\u0111ani slobodnog i kraljevskog grada Osijeka 1809. \u2013 1850. <\/em><\/strong><strong>Priredila i uvodnu studiju napisala Eldina Lova\u0161, Dr\u017eavni arhiv u Osijeku, Osijek 2020, 242 str.<\/strong><\/p>\n\n\n\n<p>\u00a0\u00a0\u00a0\u00a0\u00a0\u00a0\u00a0\u00a0\u00a0\u00a0\u00a0 U svibnju 2020. godine objavljena je i predstavljena knjiga <em>Gra\u0111ani slobodnog i kraljevskog grada Osijeka 1809. \u2013 1850. <\/em>Knjigu je priredila i za nju uvodnu studiju napisala Eldina Lova\u0161. Autorica je doktorandica na Sveu\u010dili\u0161tu u Pe\u010duhu, ima dvije objavljene knjige te vi\u0161e znanstveno-istra\u017eiva\u010dkih i stru\u010dnih radova prvenstveno orijentiranih na demografsku, dru\u0161tvenu i vjersku povijest ju\u017ene Baranje i Osijeka u razdoblju druge polovice 18. i prve polovice 19. stolje\u0107a. Knjiga je izdana u nakladi Dr\u017eavnog arhiva u Osijeku.<\/p>\n\n\n\n<p>&nbsp;&nbsp;&nbsp;&nbsp;&nbsp;&nbsp;&nbsp;&nbsp;&nbsp;&nbsp;&nbsp; Sadr\u017eaj knjige obuhva\u0107a: predgovor, uvodnu studiju naslovljenu <em>O gra\u0111anstvu slobodnog i kraljevskog grada Osijeka <\/em>(9-44) s popratnim poglavljima, <em>Evidencije slobodnog i kraljevskog grada Osijeka <\/em>(45-187), sa\u017eetke na engleskom i ma\u0111arskom jeziku, priloge, popis ilustracija, izvore i literaturu, kazalo imena te bilje\u0161ku o autorici.<\/p>\n\n\n\n<p>&nbsp;&nbsp;&nbsp;&nbsp;&nbsp;&nbsp;&nbsp;&nbsp;&nbsp;&nbsp;&nbsp; U <em>Predgovoru <\/em>(7-8), urednik doc. dr. sc. Danijel Jela\u0161 istaknuo je kako je osje\u010dka povijest prve polovice 19. stolje\u0107a ve\u0107 uvelike istra\u017eivana i obra\u0111ivana, no ipak nedostaju temeljne znanstvene studije koje bi pomogle pri oslikavanju osje\u010dke povijesti u navedenom razdoblju, \u0161to upu\u0107uje kako je ova knjiga zna\u010dajan pomak u nastojanjima da se ovakvi povijesni podatci u\u010dine dostupnijim i jednostavnijim za kori\u0161tenje. Isto tako, urednik je opisao i ulogu Dr\u017eavnog arhiva u Osijeku te fond pod nazivom Poglavarstvo slobodnog i kraljevskog grada Osijeka (1809.-1850.) u kojem se \u010duvaju objavljeni izvori.<\/p>\n\n\n\n<p>&nbsp;&nbsp;&nbsp;&nbsp;&nbsp;&nbsp;&nbsp;&nbsp;&nbsp;&nbsp;&nbsp; Uvodna studija <em>O gra\u0111anstvu slobodnog i kraljevskog grada Osijeka <\/em>(9-44) obuhva\u0107a <em>Uvod <\/em>(9-22) koji \u010dine tri potpoglavlja, poglavlje <em>Gra\u0111ani Slobodnog i kraljevskog grada Osijeka: povijesnodemografska analiza podataka <\/em>(22-43), <em>Zaklju\u010dak <\/em>(44) te <em>Evidencije gra\u0111ana slobodnog i kraljevskog grada Osijeka <\/em>(45-47).<\/p>\n\n\n\n<p>&nbsp;&nbsp;&nbsp;&nbsp;&nbsp;&nbsp;&nbsp;&nbsp;&nbsp;&nbsp;&nbsp; U prvom potpoglavlju <em>Uvoda <\/em>pod naslovom <em>Stjecanje statusa slobodnog i kraljevskog grada <\/em>(9-15) autorica opisuje proces stjecanja statusa slobodnog i kraljevskog grada koji zapo\u010dinje u prvoj polovici 18. stolje\u0107a. Tako\u0111er, autorica navodi kako je u usporedbi s drugim gradovima, Osijek status dobio relativno kasno, odnosno 1809. godine, a razloge pronalazi u dugotrajnom procesu ujedinjenja Unutarnjeg, Gornjeg i Donjeg grada. U sljede\u0107em potpoglavlju <em>Ostvarivanje gra\u0111anskog statusa i gra\u0111anskih prava <\/em>(15-19) donosi se opis na koji je na\u010din gradsko stanovni\u0161tvo stjecalo gra\u0111anski status, pri \u010demu svakako treba re\u0107i kako nisu svi gra\u0111ani mogli dobiti status, a za njegovo stjecanje pojedinci su trebali zadovoljiti uvjete poput materijalnog statusa, vjerske pripadnosti, bra\u010dnog statusa i sli\u010dno. Posljednje potpoglavlje uvodnog poglavlja je <em>Upisnik gra\u0111ana i Knjiga za\u010dasnih gra\u0111ana kao izvori za istra\u017eivanje osje\u010dkog gra\u0111anstva <\/em>(19-22), a u njemu autorica opisuje oba izvora, njihov izgled te sadr\u017eaj, odnosno na koji su na\u010din upisani gra\u0111ani u pojedinom izvoru.<\/p>\n\n\n\n<p>&nbsp;&nbsp;&nbsp;&nbsp;&nbsp;&nbsp;&nbsp;&nbsp;&nbsp;&nbsp;&nbsp; Sredi\u0161nje poglavlje uvodne studije je <em>Gra\u0111ani Slobodnog i kraljevskog grada Osijeka: povijesnodemografska analiza podataka <\/em>(22-43), a sadr\u017ei analizirane podatke iz Upisnika gra\u0111ana i Knjige za\u010dasnih gra\u0111ana i to uz pomo\u0107 kvantitativne, kvalitativne i analiti\u010dke metode. U potpoglavlju <em>Identifikacija gra\u0111ana u Upisniku gra\u0111ana i u Knjizi za\u010dasnih gra\u0111ana <\/em>(22-23) autorica donosi tablice vezane uz identifikaciju gra\u0111ana u Upisniku gra\u0111ana, koja obuhva\u0107a ime i prezime, godinu stupanja u gra\u0111anstvo, vjersku pripadnost, zanimanje, bra\u010dni status te upla\u0107enu pristojbu, kao i u Knjizi za\u010dasnih gra\u0111ana u kojoj je gra\u0111ane mogu\u0107e identificirati prema imenu i prezimenu, stupanju u svezu te zanimanju. Sljede\u0107e potpoglavlje <em>Statisti\u010dki podatci o gra\u0111anima <\/em>(24-43) sadr\u017ei opse\u017enu analizu gra\u0111ana s obzirom na broj upisanih gra\u0111ana u oba izvora, kao i broj s obzirom na vjeroispovijesti, zatim bra\u010dni status, podrijetlo, plemstvo, sinove gra\u0111ana te zanimanja, pritom podijeljena na obrtni\u010dka, trgova\u010dka te intelektualna i slu\u017ebeni\u010dka. Cijelo je poglavlje popra\u0107eno slikama izvora, tablicama te grafikonima u boji.<\/p>\n\n\n\n<p>&nbsp;&nbsp;&nbsp;&nbsp;&nbsp;&nbsp;&nbsp;&nbsp;&nbsp;&nbsp;&nbsp; U <em>Zaklju\u010dku <\/em>(44) autorica iznosi najzna\u010dajnije tvrdnje vezane uz rezultate analiziranih podataka, \u0161to svakako mo\u017ee poslu\u017eiti kao orijentir za budu\u0107a istra\u017eivanja temeljena na Upisniku gra\u0111ana i Knjizi za\u010dasnih gra\u0111ana.<\/p>\n\n\n\n<p>\u00a0\u00a0\u00a0\u00a0\u00a0\u00a0\u00a0\u00a0\u00a0\u00a0\u00a0 U poglavlju <em>Evidencije gra\u0111ana slobodnog i kraljevskog grada Osijeka <\/em>(45-47), to\u010dnije potpoglavlju<em> Na\u010din objavljivanja izvor\u0101<\/em> opisano je kako se knjiga u potpunosti temelji na Upisniku gra\u0111ana i Knjizi za\u010dasnih gra\u0111ana te je iznesen cilj objavljivanja koji ozna\u010dava sustavno prezentiranje relevantnih izvornih demografskih podataka o gra\u0111anima slobodnog i kraljevskog grada Osijeka u prvoj polovici 19. stolje\u0107a. Autorica je tako\u0111er iznijela i na koji su na\u010din oblikovane tablice i opisan je sustav kratica.<\/p>\n\n\n\n<p>&nbsp;&nbsp;&nbsp;&nbsp;&nbsp;&nbsp;&nbsp;&nbsp;&nbsp;&nbsp;&nbsp; Nakon uvodne studije slijedi prvo <em>Upisnik gra\u0111ana <\/em>(49-111) u kojemu je abecednim redom navedeno ukupno 1014 osje\u010dkih gra\u0111ana. Potom slijedi <em>Knjiga za\u010dasnih gra\u0111ana <\/em>(113-187) u kojoj su upisana imena i prezimena, stupanje u svezu te zanimanje za 1098 gra\u0111ana.<\/p>\n\n\n\n<p>\u00a0\u00a0\u00a0\u00a0\u00a0\u00a0\u00a0\u00a0\u00a0\u00a0\u00a0 Knjiga <em>Gra\u0111ani slobodnog i kraljevskog grada Osijeka 1809. \u2013 1850. <\/em>zna\u010dajan je doprinos istra\u017eivanjima usmjerenim na povijest Osijeka u prvoj polovici 19. stolje\u0107a, ali i onima koja su usmjerena na \u0161ira demografska, politi\u010dka i dru\u0161tvena zbivanja u Habsbur\u0161koj Monarhiji u navedenom razdoblju. Prema tome, knjigu treba preporu\u010diti povjesni\u010darima i povijesnim demografima, svima koje zanima demografska povijest Osijeka od 1809. do 1850. godine, ali i \u0161iroj javnosti koja me\u0111u brojnim podatcima \u017eeli prona\u0107i podatke je li njihov predak u\u017eivao status gra\u0111anina u slobodnom i kraljevskom gradu Osijeku.<\/p>\n\n\n\n<p><em>Petra Kolesari\u0107<\/em><\/p>\n\n\n\n<hr class=\"wp-block-separator\"\/>\n","protected":false},"excerpt":{"rendered":"","protected":false},"author":2,"featured_media":0,"comment_status":"open","ping_status":"open","sticky":false,"template":"","format":"standard","meta":{"_acf_changed":false,"jetpack_post_was_ever_published":false,"_jetpack_newsletter_access":"","_jetpack_dont_email_post_to_subs":false,"_jetpack_newsletter_tier_id":0,"_jetpack_memberships_contains_paywalled_content":false,"_jetpack_memberships_contains_paid_content":false,"footnotes":"","jetpack_publicize_message":"","jetpack_publicize_feature_enabled":true,"jetpack_social_post_already_shared":true,"jetpack_social_options":{"image_generator_settings":{"template":"highway","default_image_id":0,"font":"","enabled":false},"version":2}},"categories":[4],"tags":[],"class_list":["post-22290","post","type-post","status-publish","format-standard","hentry","category-osvrti"],"acf":{"facebook_opis":""},"jetpack_publicize_connections":[],"jetpack_featured_media_url":"","jetpack_sharing_enabled":true,"jetpack-related-posts":[{"id":52528,"url":"https:\/\/historiografija.hr\/?p=52528","url_meta":{"origin":22290,"position":0},"title":"[Promocija knjige] Banja Luka u ratu: Etnopolitika i svakodnevica (1990\u20131995) (ActiveLab, YugoLab)","author":"Branimir Jankovi\u0107","date":"17. travnja 2026.","format":false,"excerpt":"Institut za filozofiju i dru\u0161tvenu teoriju i O\u0161tra Nula organizuju promociju knjige Banja Luka u ratu: Etnopolitika i svakodnevica (1990\u20131995) autorke Armine Galija\u0161, koja \u0107e se odr\u017eati 20. aprila 2026. u 12.00 sati u prostorijama Instituta (Kraljice Natalije 45, Beograd). Re\u010d je o prvom nau\u010dno utemeljenom i sistematskom radu koji\u2026","rel":"","context":"U &quot;Novosti&quot;","block_context":{"text":"Novosti","link":"https:\/\/historiografija.hr\/?cat=3"},"img":{"alt_text":"","src":"https:\/\/i0.wp.com\/historiografija.hr\/wp-content\/uploads\/2026\/04\/20-april-RS.jpg?fit=1200%2C675&ssl=1&resize=350%2C200","width":350,"height":200,"srcset":"https:\/\/i0.wp.com\/historiografija.hr\/wp-content\/uploads\/2026\/04\/20-april-RS.jpg?fit=1200%2C675&ssl=1&resize=350%2C200 1x, https:\/\/i0.wp.com\/historiografija.hr\/wp-content\/uploads\/2026\/04\/20-april-RS.jpg?fit=1200%2C675&ssl=1&resize=525%2C300 1.5x, https:\/\/i0.wp.com\/historiografija.hr\/wp-content\/uploads\/2026\/04\/20-april-RS.jpg?fit=1200%2C675&ssl=1&resize=700%2C400 2x, https:\/\/i0.wp.com\/historiografija.hr\/wp-content\/uploads\/2026\/04\/20-april-RS.jpg?fit=1200%2C675&ssl=1&resize=1050%2C600 3x"},"classes":[]},{"id":52589,"url":"https:\/\/historiografija.hr\/?p=52589","url_meta":{"origin":22290,"position":1},"title":"Predstavljena knjiga Miomira \u017du\u017eula &#8220;Dayton: Diplomacija &#8211; druga strana rata&#8221;","author":"Branimir Jankovi\u0107","date":"22. travnja 2026.","format":false,"excerpt":"Knjiga Miomira \u017du\u017eula \u201eDayton: Diplomacija \u2013 druga strana rata\u201d predstavljena je u srijedu, 22. travnja 2026. godine u foajeu Hrvatskoga narodnog kazali\u0161ta u Zagrebu. Op\u0161irnije: https:\/\/vijesti.hrt.hr\/hrvatska\/predstavljena-knjiga-miomira-zuzula-dayton-diplomacija-druga-strana-rata-12683259 https:\/\/www.vecernji.ba\/amp\/vijesti\/zuzulova-knjiga-o-daytonu-predstavljena-u-zagrebu-diplomacija-kao-druga-strana-rata-1953700 https:\/\/www.tportal.hr\/vijesti\/clanak\/bivsi-sanaderov-ministar-odrzao-promociju-evo-tko-je-sve-dosao-na-predstavljanje-knjige-miomira-zuzula-foto-20260422 https:\/\/direktno.hr\/zivot\/kultura\/zuzul-otkrio-sve-o-drugoj-strani-rata-za-hrvatsku-se-nije-libio-povuci-nekoga-i-za-kosu-395042 https:\/\/www.24sata.hr\/news\/miomir-zuzul-predstavio-je-knjigu-o-daytonu-diplomacija-je-bila-druga-strana-rata-1123152 https:\/\/www.vecernji.hr\/kultura\/kolinda-grabar-kitarovic-otvoreno-miomir-zuzul-nije-vukao-samo-za-rukav-nego-i-za-kosu-1953722 https:\/\/www.vecernji.hr\/kultura\/i-papa-lav-xiv-eksplicitno-je-daytonski-sporazum-istaknuo-kao-primjer-uspjesna-rjesavanja-sukoba-1952215","rel":"","context":"U &quot;Novosti&quot;","block_context":{"text":"Novosti","link":"https:\/\/historiografija.hr\/?cat=3"},"img":{"alt_text":"","src":"https:\/\/i0.wp.com\/historiografija.hr\/wp-content\/uploads\/2026\/04\/Dayton.jpg?fit=1024%2C683&ssl=1&resize=350%2C200","width":350,"height":200,"srcset":"https:\/\/i0.wp.com\/historiografija.hr\/wp-content\/uploads\/2026\/04\/Dayton.jpg?fit=1024%2C683&ssl=1&resize=350%2C200 1x, https:\/\/i0.wp.com\/historiografija.hr\/wp-content\/uploads\/2026\/04\/Dayton.jpg?fit=1024%2C683&ssl=1&resize=525%2C300 1.5x, https:\/\/i0.wp.com\/historiografija.hr\/wp-content\/uploads\/2026\/04\/Dayton.jpg?fit=1024%2C683&ssl=1&resize=700%2C400 2x"},"classes":[]},{"id":52704,"url":"https:\/\/historiografija.hr\/?p=52704","url_meta":{"origin":22290,"position":2},"title":"Predstavljanje knjige &#8220;Vladimir Vasiljevi\u0107: Moji do\u017eivljaji. Dnevni\u010dki zapisi iz Prvoga svjetskog rata i poratnoga vremena&#8221;","author":"Filip \u0160imunjak","date":"29. travnja 2026.","format":false,"excerpt":"Doga\u0111anja ovogodi\u0161njega Festivala povijesti Kliofest zapo\u010dinjemo ve\u0107 i prije samoga slu\u017ebenog otvaranja, predstavljanjem knjige \u201eMoji do\u017eivljaji. Dnevni\u010dki zapisi iz Prvoga svjetskog rata i poratnoga vremena\u201d Vladimira Vasiljevi\u0107a, koju su priredili Karlo Rukavina i Damir Agi\u010di\u0107. Pozivamo Vas na predstavljanje koje \u0107e se odr\u017eati u ponedjeljak 4. svibnja, s po\u010detkom u\u2026","rel":"","context":"U &quot;Knjige&quot;","block_context":{"text":"Knjige","link":"https:\/\/historiografija.hr\/?cat=8"},"img":{"alt_text":"","src":"https:\/\/i0.wp.com\/historiografija.hr\/wp-content\/uploads\/2026\/04\/Naslovna-V.-Vasiljevic.webp?fit=1200%2C600&ssl=1&resize=350%2C200","width":350,"height":200,"srcset":"https:\/\/i0.wp.com\/historiografija.hr\/wp-content\/uploads\/2026\/04\/Naslovna-V.-Vasiljevic.webp?fit=1200%2C600&ssl=1&resize=350%2C200 1x, https:\/\/i0.wp.com\/historiografija.hr\/wp-content\/uploads\/2026\/04\/Naslovna-V.-Vasiljevic.webp?fit=1200%2C600&ssl=1&resize=525%2C300 1.5x, https:\/\/i0.wp.com\/historiografija.hr\/wp-content\/uploads\/2026\/04\/Naslovna-V.-Vasiljevic.webp?fit=1200%2C600&ssl=1&resize=700%2C400 2x, https:\/\/i0.wp.com\/historiografija.hr\/wp-content\/uploads\/2026\/04\/Naslovna-V.-Vasiljevic.webp?fit=1200%2C600&ssl=1&resize=1050%2C600 3x"},"classes":[]},{"id":52552,"url":"https:\/\/historiografija.hr\/?p=52552","url_meta":{"origin":22290,"position":3},"title":"Besplatni glazbeni antikvarijat","author":"Branimir Jankovi\u0107","date":"20. travnja 2026.","format":false,"excerpt":"Muzi\u010dka akademija Sveu\u010dili\u0161ta u Zagrebu 23. travnja 2026. od 10 do 17 sati Pozivamo Vas na Besplatni glazbeni antikvarijat, koji u sklopu manifestacije No\u0107 knjige 2026. organizira Hrvatska udruga muzi\u010dkih knji\u017enica, arhiva i dokumentacijskih centara (HUMKAD). Antikvarijat \u0107e se odr\u017eati na Svjetski dan knjige \u2013 u \u010detvrtak 23. travnja 2026.\u2026","rel":"","context":"U &quot;Novosti&quot;","block_context":{"text":"Novosti","link":"https:\/\/historiografija.hr\/?cat=3"},"img":{"alt_text":"","src":"https:\/\/i0.wp.com\/historiografija.hr\/wp-content\/uploads\/2026\/04\/Besplatni-glazbeni-antikvarijat-23.-4.-2026.jpg?fit=1200%2C848&ssl=1&resize=350%2C200","width":350,"height":200,"srcset":"https:\/\/i0.wp.com\/historiografija.hr\/wp-content\/uploads\/2026\/04\/Besplatni-glazbeni-antikvarijat-23.-4.-2026.jpg?fit=1200%2C848&ssl=1&resize=350%2C200 1x, https:\/\/i0.wp.com\/historiografija.hr\/wp-content\/uploads\/2026\/04\/Besplatni-glazbeni-antikvarijat-23.-4.-2026.jpg?fit=1200%2C848&ssl=1&resize=525%2C300 1.5x, https:\/\/i0.wp.com\/historiografija.hr\/wp-content\/uploads\/2026\/04\/Besplatni-glazbeni-antikvarijat-23.-4.-2026.jpg?fit=1200%2C848&ssl=1&resize=700%2C400 2x, https:\/\/i0.wp.com\/historiografija.hr\/wp-content\/uploads\/2026\/04\/Besplatni-glazbeni-antikvarijat-23.-4.-2026.jpg?fit=1200%2C848&ssl=1&resize=1050%2C600 3x"},"classes":[]},{"id":52592,"url":"https:\/\/historiografija.hr\/?p=52592","url_meta":{"origin":22290,"position":4},"title":"Predstavljanje knjige &#8220;Turska ku\u0107a u Rijeci&#8221; u Zagrebu","author":"Branimir Jankovi\u0107","date":"22. travnja 2026.","format":false,"excerpt":"U prostorijama Turskog kulturnog centra Yunus Emre u Zagrebu, u utorak 21. travnja 2026. godine, odr\u017eano je sve\u010dano predstavljanje dopunjenog izdanja knjige Turska ku\u0107a u Rijeci, u organizaciji Hrvatsko-turskog dru\u0161tva Rijeka i partnerstvu sa Skupinom prijateljstva Hrvatska-Turska Hrvatskog sabora, Veleposlanstvom Republike Turske u Republici Hrvatskoj te Turskim kulturnim centrom Yunus\u2026","rel":"","context":"U &quot;Novosti&quot;","block_context":{"text":"Novosti","link":"https:\/\/historiografija.hr\/?cat=3"},"img":{"alt_text":"","src":"https:\/\/i0.wp.com\/historiografija.hr\/wp-content\/uploads\/2026\/04\/Turska-kuca-ZG.jpg?fit=1200%2C800&ssl=1&resize=350%2C200","width":350,"height":200,"srcset":"https:\/\/i0.wp.com\/historiografija.hr\/wp-content\/uploads\/2026\/04\/Turska-kuca-ZG.jpg?fit=1200%2C800&ssl=1&resize=350%2C200 1x, https:\/\/i0.wp.com\/historiografija.hr\/wp-content\/uploads\/2026\/04\/Turska-kuca-ZG.jpg?fit=1200%2C800&ssl=1&resize=525%2C300 1.5x, https:\/\/i0.wp.com\/historiografija.hr\/wp-content\/uploads\/2026\/04\/Turska-kuca-ZG.jpg?fit=1200%2C800&ssl=1&resize=700%2C400 2x, https:\/\/i0.wp.com\/historiografija.hr\/wp-content\/uploads\/2026\/04\/Turska-kuca-ZG.jpg?fit=1200%2C800&ssl=1&resize=1050%2C600 3x"},"classes":[]},{"id":52733,"url":"https:\/\/historiografija.hr\/?p=52733","url_meta":{"origin":22290,"position":5},"title":"Vlado Raji\u0107 \u201eGranica na kraju stolje\u0107a\u201c","author":"Filip \u0160imunjak","date":"29. travnja 2026.","format":false,"excerpt":"U suizdanju Durieuxa i Beletre objavljena je 2025. godine knjiga Granica na kraju stolje\u0107a autora Vlade Raji\u0107a.\u00a0 O knjizi\u00a0 Romansirana biografija Vladimira Iblera mnogo je vi\u0161e od zanimljive pri\u010de o privatnom \u017eivotu i impresivnoj profesionalnoj karijeri istaknutog stru\u010dnjaka za me\u0111unarodno pravo i dugo\u00adgodi\u0161njeg profesora na zagreba\u010dkom Pravnom fakultetu, akademika, koji\u2026","rel":"","context":"U &quot;Knjige&quot;","block_context":{"text":"Knjige","link":"https:\/\/historiografija.hr\/?cat=8"},"img":{"alt_text":"","src":"https:\/\/i0.wp.com\/historiografija.hr\/wp-content\/uploads\/2026\/04\/VLADO-RAJIC-GRANICA-NA-KRAJU-STOLJECA.jpg?fit=450%2C650&ssl=1&resize=350%2C200","width":350,"height":200},"classes":[]}],"_links":{"self":[{"href":"https:\/\/historiografija.hr\/index.php?rest_route=\/wp\/v2\/posts\/22290","targetHints":{"allow":["GET"]}}],"collection":[{"href":"https:\/\/historiografija.hr\/index.php?rest_route=\/wp\/v2\/posts"}],"about":[{"href":"https:\/\/historiografija.hr\/index.php?rest_route=\/wp\/v2\/types\/post"}],"author":[{"embeddable":true,"href":"https:\/\/historiografija.hr\/index.php?rest_route=\/wp\/v2\/users\/2"}],"replies":[{"embeddable":true,"href":"https:\/\/historiografija.hr\/index.php?rest_route=%2Fwp%2Fv2%2Fcomments&post=22290"}],"version-history":[{"count":4,"href":"https:\/\/historiografija.hr\/index.php?rest_route=\/wp\/v2\/posts\/22290\/revisions"}],"predecessor-version":[{"id":22294,"href":"https:\/\/historiografija.hr\/index.php?rest_route=\/wp\/v2\/posts\/22290\/revisions\/22294"}],"wp:attachment":[{"href":"https:\/\/historiografija.hr\/index.php?rest_route=%2Fwp%2Fv2%2Fmedia&parent=22290"}],"wp:term":[{"taxonomy":"category","embeddable":true,"href":"https:\/\/historiografija.hr\/index.php?rest_route=%2Fwp%2Fv2%2Fcategories&post=22290"},{"taxonomy":"post_tag","embeddable":true,"href":"https:\/\/historiografija.hr\/index.php?rest_route=%2Fwp%2Fv2%2Ftags&post=22290"}],"curies":[{"name":"wp","href":"https:\/\/api.w.org\/{rel}","templated":true}]}}