{"id":2227,"date":"2016-05-09T22:00:05","date_gmt":"2016-05-09T22:00:05","guid":{"rendered":"http:\/\/historiografija.hr\/?p=2227"},"modified":"2016-05-09T22:00:05","modified_gmt":"2016-05-09T22:00:05","slug":"kliofest-2016-okrugli-stol-homoseksualnost-i-historiografija","status":"publish","type":"post","link":"https:\/\/historiografija.hr\/?p=2227","title":{"rendered":"Kliofest 2016. \u2013 okrugli stol \u201e(Homo)seksualnost i historiografija\u201c"},"content":{"rendered":"<p align=\"justify\"><font  size=\"3\">  <br \/><\/font><\/p>\n<p align=\"justify\" style=\"margin: 0cm 0cm 10pt;\"><b style=\"mso-bidi-font-weight: normal;\"><span lang=\"HR\" style=\"line-height: 115%; font-family: &quot;Times New Roman&quot;,&quot;serif&quot;; font-size: 12pt; mso-ansi-language: HR;\">Festival povijesti \u2013 Kliofest 2016.<\/span><\/b><\/p>\n<p align=\"justify\"><font  size=\"3\">  <br \/><\/font><\/p>\n<p align=\"justify\" style=\"margin: 0cm 0cm 10pt;\">\n<p><span lang=\"HR\" style=\"line-height: 115%; font-family: &quot;Times New Roman&quot;,&quot;serif&quot;; font-size: 12pt; mso-ansi-language: HR;\"><\/p>\n<p align=\"justify\" style=\"margin: 0cm 0cm 10pt;\">&nbsp;  <\/p>\n<p style=\"margin: 0cm 0cm 10pt;\"><span lang=\"HR\" style=\"line-height: 115%; font-family: &quot;Times New Roman&quot;,&quot;serif&quot;; font-size: 12pt; mso-ansi-language: HR;\"><a href=\"http:\/\/www.kliofest.org\/\">http:\/\/www.kliofest.org\/<\/a><\/span><\/p>\n<p style=\"margin: 0cm 0cm 10pt;\"><span lang=\"HR\" style=\"line-height: 115%; font-family: &quot;Times New Roman&quot;,&quot;serif&quot;; font-size: 12pt; mso-ansi-language: HR;\"><br \/><\/span><\/p>\n<p align=\"justify\" style=\"margin: 0cm 0cm 10pt;\">\n<p><\/span><\/p>\n<p align=\"justify\" style=\"margin: 0cm 0cm 10pt;\">\n<p align=\"justify\"><font  size=\"3\">  <br \/><\/font><\/p>\n<p align=\"justify\" style=\"margin: 0cm 0cm 10pt;\"><span lang=\"HR\" style=\"line-height: 115%; font-family: &quot;Times New Roman&quot;,&quot;serif&quot;; font-size: 12pt; mso-ansi-language: HR;\">Nacionalna i sveu\u010dili\u0161na knji\u017enica u Zagrebu<\/span><\/p>\n<p align=\"justify\"><font  size=\"3\">  <br \/><\/font><\/p>\n<p align=\"justify\" style=\"margin: 0cm 0cm 10pt;\"><span lang=\"HR\" style=\"line-height: 115%; font-family: &quot;Times New Roman&quot;,&quot;serif&quot;; font-size: 12pt; mso-ansi-language: HR;\">&nbsp;<\/span><\/p>\n<p align=\"justify\"><font  size=\"3\">  <br \/><\/font><\/p>\n<p align=\"justify\" style=\"margin: 0cm 0cm 10pt;\"><span lang=\"HR\" style=\"line-height: 115%; font-family: &quot;Times New Roman&quot;,&quot;serif&quot;; font-size: 12pt; mso-ansi-language: HR;\">Petak, 13. svibnja 2016.<\/span><\/p>\n<p align=\"justify\"><font  size=\"3\">  <br \/><\/font><\/p>\n<p align=\"justify\" style=\"margin: 0cm 0cm 10pt;\"><span lang=\"HR\" style=\"line-height: 115%; font-family: &quot;Times New Roman&quot;,&quot;serif&quot;; font-size: 12pt; mso-ansi-language: HR;\">&nbsp;<\/span><\/p>\n<p align=\"justify\"><font  size=\"3\">  <br \/><\/font><\/p>\n<p align=\"justify\" style=\"margin: 0cm 0cm 10pt;\"><span lang=\"HR\" style=\"line-height: 115%; font-family: &quot;Times New Roman&quot;,&quot;serif&quot;; font-size: 12pt; mso-ansi-language: HR;\">18-19.30 Okrugli stol <b style=\"mso-bidi-font-weight: normal;\">(Homo)seksualnost i historiografija<\/b><\/span><\/p>\n<p align=\"justify\"><font  size=\"3\">  <br \/><\/font><\/p>\n<p align=\"justify\" style=\"margin: 0cm 0cm 10pt;\"><span lang=\"HR\" style=\"line-height: 115%; font-family: &quot;Times New Roman&quot;,&quot;serif&quot;; font-size: 12pt; mso-ansi-language: HR;\">&nbsp;<\/span><\/p>\n<p align=\"justify\"><font  size=\"3\">  <br \/><\/font><\/p>\n<p align=\"justify\" style=\"margin: 0cm 0cm 10pt;\"><span lang=\"HR\" style=\"line-height: 115%; font-family: &quot;Times New Roman&quot;,&quot;serif&quot;; font-size: 12pt; mso-ansi-language: HR;\">Moderator: Branimir Jankovi\u0107<\/span><\/p>\n<p align=\"justify\"><font  size=\"3\">  <br \/><\/font><\/p>\n<p align=\"justify\" style=\"margin: 0cm 0cm 10pt;\"><span lang=\"HR\" style=\"line-height: 115%; font-family: &quot;Times New Roman&quot;,&quot;serif&quot;; font-size: 12pt; mso-ansi-language: HR;\">&nbsp;<\/span><\/p>\n<p align=\"justify\"><font  size=\"3\">  <br \/><\/font><\/p>\n<p align=\"justify\" style=\"margin: 0cm 0cm 10pt;\"><span lang=\"HR\" style=\"line-height: 115%; font-family: &quot;Times New Roman&quot;,&quot;serif&quot;; font-size: 12pt; mso-ansi-language: HR;\">Sudjeluju: Franko Dota, Tatjana Greif, Neboj\u0161a Jovanovi\u0107<\/span><\/p>\n<p align=\"justify\"><font  size=\"3\">  <br \/><\/font><\/p>\n<p align=\"justify\" style=\"margin: 0cm 0cm 10pt;\"><span lang=\"HR\" style=\"line-height: 115%; font-family: &quot;Times New Roman&quot;,&quot;serif&quot;; font-size: 12pt; mso-ansi-language: HR;\">&nbsp;<\/span><\/p>\n<p align=\"justify\"><font  size=\"3\">  <br \/><\/font><\/p>\n<p align=\"justify\" style=\"margin: 0cm 0cm 10pt;\"><span lang=\"HR\" style=\"line-height: 115%; font-family: &quot;Times New Roman&quot;,&quot;serif&quot;; font-size: 12pt; mso-ansi-language: HR;\">&nbsp;<\/span><\/p>\n<p align=\"justify\"><font  size=\"3\">  <br \/><\/font><\/p>\n<p align=\"justify\" style=\"margin: 0cm 0cm 10pt; text-align: justify;\"><span lang=\"HR\" style=\"line-height: 115%; font-family: &quot;Times New Roman&quot;,&quot;serif&quot;; font-size: 12pt; mso-ansi-language: HR;\">Intencija okruglog stola je prepoznavanje povijesti (homo)seksualnosti kao va\u017ene kulturne, dru\u0161tvene i politi\u010dke teme koja zaslu\u017euje odmicanje s rubova i jednakovrijedno uklju\u010divanje u cjelinu hrvatske historiografije. Pretpostavke za to sadr\u017eane su u postupnom javljanju sve ve\u0107eg broja istra\u017eiva\u010da i istra\u017eiva\u010dica, kao i sada ve\u0107 solidnog opsega prevedenih knjiga o rodnoj povijesti, homoseksualnosti i op\u0107enito povijesti seksualnosti poput recentnog hrvatskog izdanja &#8216;Seksualnosti u Europi 20. stolje\u0107a&#8217; zna\u010dajne povjesni\u010darke Dagmar Herzog. Nakon radova iz klasi\u010dne povijesti seksualnosti \u2013 usmjerene u hrvatskoj historiografiji uglavnom prema temi prostitucije \u2013 zamjetno je otvaranje novih tema, ukorijenjeno u suvremene teorijske i metodolo\u0161ke postavke. Pritom je pitanje za diskusiju pribli\u017eava li se u doma\u0107oj historiografiji trenutak kada \u0107emo mo\u0107i re\u0107i da se povijest seksualnosti formira kao zasebna poddisciplina s bitnim op\u0107im uvidima, kao \u0161to je to rezultat razvoja u europskoj historiografiji. Osim razgovora o tim i drugim na\u010delnim pitanjima, sudionici okruglog stola predstavit \u0107e vlastita istra\u017eivanja \u0161iroko koncipirane povijesti seksualnosti i rodne povijesti u socijalisti\u010dkoj Jugoslaviji, odnosno u 20. stolje\u0107u, predstavljaju\u0107i teme (de)kriminalizacije homoseksualnosti u socijalisti\u010dkoj Jugoslaviji, queer motiv\u0101 u jugoslavenskom filmu, povijesti slovenskog lezbijskog pokreta i niza drugih. O tom vi\u0161edisciplinarnom podru\u010dju govorit \u0107e specijalisti bliskih humanisti\u010dkih disciplina Franko Dota (Zagreb), Tatjana Greif (Ljubljana) i Neboj\u0161a Jovanovi\u0107 (Sarajevo). Njihovo participiranje u nekoliko doma\u0107ih, regionalnih i me\u0111unarodnih sredina dat \u0107e okruglom stolu internacionalnu perspektivu govora o dinami\u010dnoj povijesti seksualnosti. <\/span><\/p>\n<p align=\"justify\"><font  size=\"3\">  <br \/><\/font><\/p>\n<p align=\"justify\" style=\"margin: 0cm 0cm 10pt; text-align: justify;\"><span lang=\"HR\" style=\"line-height: 115%; font-family: &quot;Times New Roman&quot;,&quot;serif&quot;; font-size: 12pt; mso-ansi-language: HR;\">&nbsp;<\/span><\/p>\n<p align=\"justify\"><font  size=\"3\">  <br \/><\/font><\/p>\n<p align=\"justify\" style=\"margin: 0cm 0cm 10pt;\"><span lang=\"HR\" style=\"line-height: 115%; font-family: &quot;Times New Roman&quot;,&quot;serif&quot;; font-size: 12pt; mso-ansi-language: HR;\">&nbsp;<\/span><\/p>\n<p align=\"justify\"><font  size=\"3\">  <br \/><\/font><\/p>\n","protected":false},"excerpt":{"rendered":"","protected":false},"author":1,"featured_media":0,"comment_status":"open","ping_status":"open","sticky":false,"template":"","format":"standard","meta":{"_acf_changed":false,"jetpack_post_was_ever_published":false,"_jetpack_newsletter_access":"","_jetpack_dont_email_post_to_subs":false,"_jetpack_newsletter_tier_id":0,"_jetpack_memberships_contains_paywalled_content":false,"_jetpack_memberships_contains_paid_content":false,"footnotes":"","jetpack_publicize_message":"","jetpack_publicize_feature_enabled":true,"jetpack_social_post_already_shared":false,"jetpack_social_options":{"image_generator_settings":{"template":"highway","default_image_id":0,"font":"","enabled":false},"version":2}},"categories":[3],"tags":[],"class_list":["post-2227","post","type-post","status-publish","format-standard","hentry","category-novosti"],"acf":{"facebook_opis":""},"jetpack_publicize_connections":[],"jetpack_featured_media_url":"","jetpack_sharing_enabled":true,"jetpack-related-posts":[{"id":52666,"url":"https:\/\/historiografija.hr\/?p=52666","url_meta":{"origin":2227,"position":0},"title":"Najava programa Festivala povijesti Kliofest (5-8. V. 2026)","author":"Branimir Jankovi\u0107","date":"24. travnja 2026.","format":false,"excerpt":"Po trinaesti put odr\u017eava se Festival povijesti Kliofest! Do petka \u0107emo odr\u017eati osam okruglih stolova i dva kolokvija te niz predstavljanja knjiga i projekata razli\u010dite tematike, od antike do suvremenosti. Bit \u0107e predstavljeno i nekoliko izlo\u017ebi te odr\u017ean jedan povijesni kviz. Prikazat \u0107emo i jedan film \u2013 o generalu Boroevi\u0107u.\u2026","rel":"","context":"U &quot;Novosti&quot;","block_context":{"text":"Novosti","link":"https:\/\/historiografija.hr\/?cat=3"},"img":{"alt_text":"","src":"https:\/\/i0.wp.com\/historiografija.hr\/wp-content\/uploads\/2026\/04\/Kliofest-2026.jpg?fit=526%2C526&ssl=1&resize=350%2C200","width":350,"height":200,"srcset":"https:\/\/i0.wp.com\/historiografija.hr\/wp-content\/uploads\/2026\/04\/Kliofest-2026.jpg?fit=526%2C526&ssl=1&resize=350%2C200 1x, https:\/\/i0.wp.com\/historiografija.hr\/wp-content\/uploads\/2026\/04\/Kliofest-2026.jpg?fit=526%2C526&ssl=1&resize=525%2C300 1.5x"},"classes":[]},{"id":52646,"url":"https:\/\/historiografija.hr\/?p=52646","url_meta":{"origin":2227,"position":1},"title":"5. MALI FESTIVAL POVIJESTI U LASTOVU","author":"Branimir Jankovi\u0107","date":"24. travnja 2026.","format":false,"excerpt":"Peti Mali festival povijesti odr\u017eava se od 25. do 27. travnja 2026. na Lastovu, u suradnji Zavoda za povijesne znanosti HAZU u Dubrovniku, Op\u0107ine Lastovo i Turisti\u010dke zajednice te uz potporu Dubrova\u010dko-neretvanske \u017eupanije. Predavanja: Dr. sc. Jasna \u010capo \u201eKu\u0107a kao zalog budu\u0107nosti i most izme\u0111u iseljenika i domovine\u201c Dr. sc.\u2026","rel":"","context":"U &quot;Novosti&quot;","block_context":{"text":"Novosti","link":"https:\/\/historiografija.hr\/?cat=3"},"img":{"alt_text":"","src":"https:\/\/i0.wp.com\/historiografija.hr\/wp-content\/uploads\/2026\/04\/Lastovo.jpg?fit=1200%2C700&ssl=1&resize=350%2C200","width":350,"height":200,"srcset":"https:\/\/i0.wp.com\/historiografija.hr\/wp-content\/uploads\/2026\/04\/Lastovo.jpg?fit=1200%2C700&ssl=1&resize=350%2C200 1x, https:\/\/i0.wp.com\/historiografija.hr\/wp-content\/uploads\/2026\/04\/Lastovo.jpg?fit=1200%2C700&ssl=1&resize=525%2C300 1.5x, https:\/\/i0.wp.com\/historiografija.hr\/wp-content\/uploads\/2026\/04\/Lastovo.jpg?fit=1200%2C700&ssl=1&resize=700%2C400 2x, https:\/\/i0.wp.com\/historiografija.hr\/wp-content\/uploads\/2026\/04\/Lastovo.jpg?fit=1200%2C700&ssl=1&resize=1050%2C600 3x"},"classes":[]},{"id":52654,"url":"https:\/\/historiografija.hr\/?p=52654","url_meta":{"origin":2227,"position":2},"title":"Gostuju\u0107e predavanje &#8211; Danijel D\u017eino \u201eKasnoanti\u010dke i ranosrednjovjekovne gra\u0111evine u Brezi: Spomenici nepotpune biografije\u201c","author":"Branimir Jankovi\u0107","date":"24. travnja 2026.","format":false,"excerpt":"Doktorski studij predmoderne povijesti poziva na predavanje \"Kasnoanti\u010dke i ranosrednjovjekovne gra\u0111evine u Brezi: Spomenici nepotpune biografije\u201d koje \u0107e odr\u017eati profesor Danijel D\u017eino sa Sveu\u010dili\u0161ta Macquarie u Sydneyu u\u00a0utorak 28. travnja 2026. u 17h u Konferencijskoj dvorani Knji\u017enice Filozofskog fakulteta u Zagrebu. Predavanje \u0107e predo\u010diti nova saznanja dobivena kroz arhivsko-dokumentarna istra\u017eivanja\u2026","rel":"","context":"U &quot;Novosti&quot;","block_context":{"text":"Novosti","link":"https:\/\/historiografija.hr\/?cat=3"},"img":{"alt_text":"","src":"https:\/\/i0.wp.com\/historiografija.hr\/wp-content\/uploads\/2026\/04\/Dzino.jpg?fit=980%2C819&ssl=1&resize=350%2C200","width":350,"height":200,"srcset":"https:\/\/i0.wp.com\/historiografija.hr\/wp-content\/uploads\/2026\/04\/Dzino.jpg?fit=980%2C819&ssl=1&resize=350%2C200 1x, https:\/\/i0.wp.com\/historiografija.hr\/wp-content\/uploads\/2026\/04\/Dzino.jpg?fit=980%2C819&ssl=1&resize=525%2C300 1.5x, https:\/\/i0.wp.com\/historiografija.hr\/wp-content\/uploads\/2026\/04\/Dzino.jpg?fit=980%2C819&ssl=1&resize=700%2C400 2x"},"classes":[]},{"id":52547,"url":"https:\/\/historiografija.hr\/?p=52547","url_meta":{"origin":2227,"position":3},"title":"ISHA Zagreb \u2013 Filmska ve\u010der: Povratak Martina Guerrea","author":"Branimir Jankovi\u0107","date":"20. travnja 2026.","format":false,"excerpt":"Klub studenata povijesti \u2013 ISHA Zagreb poziva Vas na filmsku ve\u010der na kojoj \u0107e se prikazivati \u201ePovratak Martina Guerrea\u201c, povijesna drama iz 1982. godine s radnjom smje\u0161tenom u 16. stolje\u0107u. Radnja je utemeljena na stvarnoj povijesnoj li\u010dnosti Martina Guerrea koji se nakon mnogo godina izbivanja vra\u0107a u svoje rodno mjesto\u2026","rel":"","context":"U &quot;Filmovi i serije&quot;","block_context":{"text":"Filmovi i serije","link":"https:\/\/historiografija.hr\/?cat=13"},"img":{"alt_text":"","src":"https:\/\/i0.wp.com\/historiografija.hr\/wp-content\/uploads\/2026\/04\/M-Guerre.png?fit=702%2C1006&ssl=1&resize=350%2C200","width":350,"height":200,"srcset":"https:\/\/i0.wp.com\/historiografija.hr\/wp-content\/uploads\/2026\/04\/M-Guerre.png?fit=702%2C1006&ssl=1&resize=350%2C200 1x, https:\/\/i0.wp.com\/historiografija.hr\/wp-content\/uploads\/2026\/04\/M-Guerre.png?fit=702%2C1006&ssl=1&resize=525%2C300 1.5x, https:\/\/i0.wp.com\/historiografija.hr\/wp-content\/uploads\/2026\/04\/M-Guerre.png?fit=702%2C1006&ssl=1&resize=700%2C400 2x"},"classes":[]},{"id":52556,"url":"https:\/\/historiografija.hr\/?p=52556","url_meta":{"origin":2227,"position":4},"title":"ZagrebDox 2026.","author":"Branimir Jankovi\u0107","date":"20. travnja 2026.","format":false,"excerpt":"Me\u0111unarodni festival dokumentarnog filma 19. - 26. travnja 2026. Kaptol Boutique Cinema, Zagreb Program i dodatne obavijesti: https:\/\/zagrebdox.net\/hr","rel":"","context":"U &quot;Filmovi i serije&quot;","block_context":{"text":"Filmovi i serije","link":"https:\/\/historiografija.hr\/?cat=13"},"img":{"alt_text":"","src":"https:\/\/i0.wp.com\/historiografija.hr\/wp-content\/uploads\/2026\/04\/DOX-logo.jpg?fit=600%2C600&ssl=1&resize=350%2C200","width":350,"height":200,"srcset":"https:\/\/i0.wp.com\/historiografija.hr\/wp-content\/uploads\/2026\/04\/DOX-logo.jpg?fit=600%2C600&ssl=1&resize=350%2C200 1x, https:\/\/i0.wp.com\/historiografija.hr\/wp-content\/uploads\/2026\/04\/DOX-logo.jpg?fit=600%2C600&ssl=1&resize=525%2C300 1.5x"},"classes":[]},{"id":52660,"url":"https:\/\/historiografija.hr\/?p=52660","url_meta":{"origin":2227,"position":5},"title":"Medijski odjeci \u010dlanka Steve \u0110ura\u0161kovi\u0107a \u201e\u017dupanovljeva ne\u017eeljena djeca: ideolo\u0161ko pribli\u017eavanje neoliberala i kr\u0161\u0107anske radikalne desnice u Hrvatskoj\u201c","author":"Branimir Jankovi\u0107","date":"24. travnja 2026.","format":false,"excerpt":"U sklopu projekta \u201eIzazovi intelektualne povijesti: recepcije, preobrazbe i upotrebe politi\u010dkih ideja\u201c objavljen je polemi\u010dki \u010dlanak Steve \u0110ura\u0161kovi\u0107a \u201e\u017dupanovljeva ne\u017eeljena djeca: ideolo\u0161ko pribli\u017eavanje neoliberala i kr\u0161\u0107anske radikalne desnice u Hrvatskoj\u201c, koji je izazvao odre\u0111ene medijske reakcije. Stevo \u0110ura\u0161kovi\u0107 \u017dupanovljeva ne\u017eeljena djeca: ideolo\u0161ko pribli\u017eavanje neoliberala i kr\u0161\u0107anske radikalne desnice u Hrvatskoj\u2026","rel":"","context":"U &quot;Novosti&quot;","block_context":{"text":"Novosti","link":"https:\/\/historiografija.hr\/?cat=3"},"img":{"alt_text":"","src":"https:\/\/i0.wp.com\/historiografija.hr\/wp-content\/uploads\/2026\/04\/SD.png?fit=809%2C821&ssl=1&resize=350%2C200","width":350,"height":200,"srcset":"https:\/\/i0.wp.com\/historiografija.hr\/wp-content\/uploads\/2026\/04\/SD.png?fit=809%2C821&ssl=1&resize=350%2C200 1x, https:\/\/i0.wp.com\/historiografija.hr\/wp-content\/uploads\/2026\/04\/SD.png?fit=809%2C821&ssl=1&resize=525%2C300 1.5x, https:\/\/i0.wp.com\/historiografija.hr\/wp-content\/uploads\/2026\/04\/SD.png?fit=809%2C821&ssl=1&resize=700%2C400 2x"},"classes":[]}],"_links":{"self":[{"href":"https:\/\/historiografija.hr\/index.php?rest_route=\/wp\/v2\/posts\/2227","targetHints":{"allow":["GET"]}}],"collection":[{"href":"https:\/\/historiografija.hr\/index.php?rest_route=\/wp\/v2\/posts"}],"about":[{"href":"https:\/\/historiografija.hr\/index.php?rest_route=\/wp\/v2\/types\/post"}],"author":[{"embeddable":true,"href":"https:\/\/historiografija.hr\/index.php?rest_route=\/wp\/v2\/users\/1"}],"replies":[{"embeddable":true,"href":"https:\/\/historiografija.hr\/index.php?rest_route=%2Fwp%2Fv2%2Fcomments&post=2227"}],"version-history":[{"count":0,"href":"https:\/\/historiografija.hr\/index.php?rest_route=\/wp\/v2\/posts\/2227\/revisions"}],"wp:attachment":[{"href":"https:\/\/historiografija.hr\/index.php?rest_route=%2Fwp%2Fv2%2Fmedia&parent=2227"}],"wp:term":[{"taxonomy":"category","embeddable":true,"href":"https:\/\/historiografija.hr\/index.php?rest_route=%2Fwp%2Fv2%2Fcategories&post=2227"},{"taxonomy":"post_tag","embeddable":true,"href":"https:\/\/historiografija.hr\/index.php?rest_route=%2Fwp%2Fv2%2Ftags&post=2227"}],"curies":[{"name":"wp","href":"https:\/\/api.w.org\/{rel}","templated":true}]}}