{"id":22266,"date":"2020-08-04T14:30:14","date_gmt":"2020-08-04T14:30:14","guid":{"rendered":"http:\/\/historiografija.hr\/?p=22266"},"modified":"2020-08-04T14:30:14","modified_gmt":"2020-08-04T14:30:14","slug":"opsezan-program-u-povodu-obljetnice-oluje-i-dana-pobjede","status":"publish","type":"post","link":"https:\/\/historiografija.hr\/?p=22266","title":{"rendered":"Opse\u017ean program u povodu obljetnice Oluje i Dana pobjede"},"content":{"rendered":"\n<p>Hrvatska radiotelevizija (HRT) je pripremila opse\u017ean vi\u0161ednevni program prigodnih emisija na Hrvatskoj televiziji (HTV) i na Prvom programu Hrvatskog radija (HRA1) u povodu 25. obljetnice vojno-redarstvene operacije Oluja, Dana pobjede i domovinske zahvalnosti, te Dana hrvatskih branitelja, \u010dije je sredi\u0161nje obilje\u017eavanje 4. i 5. kolovoza u Kninu &#8211; dakako uz izravne prijenose HRT-a iz Knina.<\/p>\n\n\n\n<p><br>Najve\u0107i teret \u0107e pritom iznijeti upravo HRT-ov IMS, predvo\u0111en svojom urednicim <strong>Katarinom Peri\u0161om \u010cakarun<\/strong> te, dakako, Glavni ravnatelj HRT-a<strong> Kazimir Ba\u010di\u0107<\/strong>, koji je ujedno i \u010dlan vladina Organizacijskog odbora za sredi\u0161nje obilje\u017eavanje Dana pobjede i domovinske zahvalnosti, te Dana hrvatskih branitelja u Kninu. Naime, prve ve\u010deri, 4. kolovoza u 20:05 sati na \u010cetvrtom programu HTV-a HRT prenosi tradicionalni prijam ratnih zapovjednika Domovinskog rata na kninskoj Tvr\u0111avi, gdje \u0107e Predsjednik Republike i vrhovni zapovjednik Oru\u017eanih snaga RH <strong>Zoran Milanovi\u0107<\/strong> dodijeliti odlikovanja zaslu\u017enim generalima.<br><br>A sljede\u0107i dan, 5. kolovoza, HRT izravno prenosi slu\u017ebeni protokolarni program &#8211; s obra\u0107anjima generala <strong>Ante Gotovine<\/strong>, predsjednika Vlade <strong>Andreja Plenkovi\u0107a<\/strong> i Sabora RH <strong>Gordana Jandrokovi\u0107a<\/strong>, te Predsjednika Republike i vrhovnog zapovjednika Oru\u017eanih snaga RH <strong>Zorana Milanovi\u0107a<\/strong> &#8211; koji \u0107e se zbog epidemiolo\u0161kih razloga odr\u017eati na kninskom Trgu, s po\u010detkom u 9:35 i zavr\u0161ava u 10:50, a nastavlja se u 11:30 sati izravnim prijenosom Svete mise u realizaciji Religijskog programa HRT-a.<br><br>O veli\u010dini i zathijevnosti tog projekta govori i podatak da \u0107e HRT programe izravnih prijenosa i programa iz Knina relizirati, uz vi\u0161e od 120 djelatnika Hrvatske radiotelevizije, i sa svom silom svoje, najmodernije &#8220;terenske&#8221; televizijske opreme. Uz reporta\u017ena kola RK-10 sa sedam kamera na kninskom Trgu, kao i reporta\u017ena kola RK-9 sa \u0161est kamera i dronom za potrebe prijenosa s kninske Tvr\u0111ave, tu \u0107e biti jo\u0161 \u0161est kamera i reporta\u017ena kola RK-5 na Svetoj misi, uz jo\u0161 dva SMG vozila za satelitsku vezu te tri EMG ekipe za potrebe dnevnih emisija HRT-ova IMS-a, kao i rasvjete na kninskom trgu i za prijenos sve\u010danog koncerta na kninskoj Tvr\u0111avi. A biti \u0107e tu i tonska reporta\u017ena kola TK-1 Hrvatskog radija, sa svom potrebnom radijskom tehnikom za javljanja u radijske informativne emisije.<br><br><strong>Obljetni\u010dki program HRT-a od ponedjeljka do petka<\/strong><br><br>Kad je pak rije\u010d o cjelokupnom obljetni\u010dkom programu HRT-a, on po\u010dinje ve\u0107 od ponedjeljka, 3. kolovoza u 20:05 na Prvom programu Hrvatske televizije (HRT-HTV1), kada \u0107emo ponovo prikazati hvaljeni i dosad najgledaniji doma\u0107i serijal u protekloj tv-shemi, \u010detvredijelnu dramsku seriju &#8220;<strong>Nestali<\/strong>&#8221; prema scenariju <strong>Jo\u0161ka Lokasa<\/strong> i u re\u017eiji <strong>Kristijana Mili\u0107a<\/strong>.&nbsp;&nbsp;<br><br>A ve\u0107 sljede\u0107i dan, u utorak 4. kolovoza, nakon druge epizode &#8220;Nestalih&#8221;, u 21 sat na Prvom programu Hrvatske televizije (HRT-HTV1) HRT \u0107e premijerno prikazati dokumentarni film &#8220;\u010cetiri ljeta, tri zime&#8221; HRT-ove novinarke i urednice <strong>Sanje Mikleu\u0161evi\u0107-Pavi\u0107<\/strong> i u produkciji IMS HTV-a.<br><br>Taj dokumenarni film progovara o pripadnicima zadarskih Poskoka koji su se, 25 godina od zavr\u0161etka vojno-redarstvene akcije Oluja, prisjetili svojih velebitskih dana, od dolaska na strate\u0161ki va\u017ene visove Velebita do zavr\u0161ne oslobodila\u010dke akcije. &#8220;<strong>\u010cetiri ljeta, tri zime<\/strong>&#8221; inspirativna je pri\u010da o ostanku i opstanku generacije hrabrih i odva\u017enih.<br><br>U srijedu, 5. kolovoza, na samu 25. obljetnicu Oluje i Dan pobjede i domovinske zahvalnosti, HRT po\u010dinje svoj prigodni program ve\u0107 u 6:55 sati ujutro, dokumentarnim filmom &#8220;<strong>Prvi hrvatski redarstvenik<\/strong>&#8220;, temeljenim na autenti\u010dnim svjedo\u010denjima ljudi koji su neposredno sudjelovali u formiranju i djelovanju postrojbe Prvi hrvatski redarstvenik u ljeto 1990. godine. Formiranje prve oru\u017eane postrojbe u samostalnoj Republici Hrvatskoj bio je doga\u0111aj osobitog politi\u010dkog zna\u010denja. U re\u017eiji Edija Mudronje u realizaciji tog projekta su sudjelovali: Ministarstvo branitelja RH, Odjel za nakladni\u0161tvo Ministarstvo obrane RH, Hrvatska radiotelevizija i Udruga Prvi hrvatski redarstvenik.<\/p>\n\n\n\n<p><br><strong>HRT &#8211; 5. kolovoza &#8211;&nbsp; izravno iz Knina i posebna emisija iz Zagreba<\/strong><br><br>A u srijedu 5. kolovoza u 8 sati,&nbsp; po\u010dinje i posebna, prigodna emisija &#8220;<strong>Dan domovinske zahvalnosti<\/strong>&#8220;. U 200 minuta te specijalne emisije koja \u0107e se prenositi u\u017eivo iz Knina i Zagreba na Prvome programu Hrvatske televizije (HRT-HTV1) i na \u010cetvrtome programu Hrvatske televizije (HRT-HTV4), iz Knina \u0107e se javljati na\u0161i reporteri <strong>Borka Juras Slami\u0107<\/strong>, <strong>Edi \u0160kovrlj<\/strong>, <strong>Petar Vlahov<\/strong> i<strong> Hrvoje Gunja\u010da<\/strong> sa sudionicima proslave (kojih je ove godine zbog epidemiolo\u0161kih mjera ograni\u010den broj), dok \u0107e voditelj prijenosa iz Zagreba biti Branko Na\u0111vinski sa svojim gostima u studiju HTV-a. Urednica te posebne emsije je <strong>Ana Jelini\u0107<\/strong>.<br><br>U sklopu te posebne emisije HTV donosi i reporta\u017ee <strong>Martine Klai\u0107<\/strong> i <strong>Domagoja Pu\u0161kari\u0107a<\/strong>, u kojima podsje\u0107amo na povijesne trenutke osloba\u0111anja Hrvatske i heroje Domovinskog rata. Domagoj Pu\u0161kari\u0107 okupio je branitelje iz razli\u010ditih dijelova Hrvatske u Slunju i snimio njihova sje\u0107anja na sudjelovanje u Oluji. Donosimo i ulomak iz dokumentarnog filma autorice <strong>Sanje Mikleu\u0161evi\u0107<\/strong> &#8220;\u010cetiri ljeta, tri zime&#8221;, a <strong>Nata\u0161a Ban<\/strong> donosi pri\u010du o vr\u0161njacima Oluje. Kako \u017eive i \u0161to rade mladi Kninjani ro\u0111eni te 1995. godine? Kako razmi\u0161ljaju o politici i dru\u0161tvu, te \u0161to misle o odnosu dr\u017eave prema gradu Kninu.&nbsp;<br><br>Posebna emisija \u0107e potrajati sve do 11:30 sati, kad po\u010dinje izravni prijenos mise iz Knina, kojom \u0107e se, molitvom iz crkve Gospe Velikoga hrvatskog krsnog zavjeta, i Crkva pridru\u017eiti obilje\u017eavanju 25. obljetnice vojno-redarstvene operacije &#8220;Oluja&#8221; i Dana domovinske zahvalnosti. Misu \u0107e predvoditi splitsko-makarski nadbiskup i metropolit <strong>Marin Bari\u0161i\u0107<\/strong>, u zajedni\u0161tvu s biskupima i sve\u0107enicima. Liturgijsko pjevanje predvodit \u0107e Klapa HRM-a &#8220;Sveti Juraj&#8221;, uz orgulja\u0161ku pratnju Ivana \u0160\u0107epanovi\u0107a. Urednik i komentator je <strong>Neno Ku\u017eina<\/strong>.<\/p>\n\n\n\n<p><br>Izravne prijenose 5. kolovoza iz Knina zaklju\u010duje ve\u010dernji Sve\u010dani koncert &#8220;Knin 2020.&#8221; u 20:05 na Prvim programima Hrvatske televizije i Hrvatskog radija. Na tom Sve\u010danom koncertu u povodu 25. obljetnice vojno-redarstvene operacije Oluja na kninskoj Tvr\u0111avi nastupaju Orkestar Hrvatske ratne mornarice i Klapa Sv. Juraj Hrvatske ratne mornarice pod ravnanjem <strong>Ton\u0107ija \u0106i\u0107eri\u0107a<\/strong>, te uz soliste <strong>Barbaru Suhodol\u010dan<\/strong> i<strong> Marka Pecoti\u0107a<\/strong>, s programom prigodnih i glasovitih domoljubnih pjesama.<br><br>Uza sve to, HRT u popodnevnim satima, u 17:14 na HTV1, prikazuje i dokumentarni film &#8220;<strong>Gojko \u0160u\u0161ak &#8211; pobjednik iz sjene<\/strong>&#8221; autorice <strong>Ljiljane Bunjevac Filipovi\u0107<\/strong>. U 52 minute tog dokumentanog filma autorica nas podsje\u0107a tko je bio <strong>Gojko \u0160u\u0161ak<\/strong>, ratni ministar obrane pobjedni\u010dke hrvatske vojske. &#8220;Ka\u017eu da je bio \u010dovjek od rije\u010di, te\u017eak za pregovore, nepokolebljiv u provedbi odluka. Svjetski su ga politi\u010dari uva\u017eavali i vjerovali mu, a dio doma\u0107e javnosti i medija nastojao ga je diskreditirati. I vi\u0161e od dva desetlje\u0107a nakon njegove smrti o njemu se jo\u0161 uvijek malo zna&#8221; &#8211; otkriva nam Ljiljana Bunjevac Filipovi\u0107.<br><br>A u 21:24, tako\u0111er na HTV1, Hrvatska televizija premijerno predstavlja &#8220;<strong>Oru\u017eja Oluje<\/strong>&#8220;, jo\u0161 jedan vrhunski dokumentarac iz produkcije Dokumetranog programa HTV-a, snimljen prema scenariju njegova urednika <strong>Vladimira Brnardi\u0107a<\/strong> i u re\u017eiji Nevena Dijane\u017eevi\u0107a. &#8220;Oru\u017eja Oluje&#8221; donose kratak prikaz presudnih oru\u017eja kojima je iznesena Oluja i oslobo\u0111ena Hrvatska te pri\u010du o ljudima koji su stajali iza njega. Pogledajte pri\u010du o borbenom zrakoplovu MiG-21, tenku T-55, bespilotnim letjelicama, helikopterima Mi-24 i Mi-8 te o Obu\u010dnom sredi\u0161tu &#8220;Damir Tomljanovi\u0107 Gavran&#8221; u \u0160epurinama.<br><br><strong>I filmska premijera &#8220;Generala&#8221; u petak na HTV1<\/strong><br><br>No, HRT-ov obljetni\u010dki program nastavlja se i idu\u0107a dva dana: tako \u0107e HTV u \u010detvrtak, 6. kolovoza u prime-timeu na svom Prvom programu, nakon tre\u0107e epizode &#8220;Nestalih&#8221;&nbsp; i dokumentarnih filmova &#8220;<strong>General i d\u017eentlmen<\/strong>&#8221; i &#8220;<strong>Oluja nad olujama<\/strong>&#8220;, u petak 7. kolovoza, nakon posljednje epizode &#8220;Nestalih&#8221;, u 21:10 na HTV1 premijerno prikazati i igrani film Antuna Vrdoljaka &#8220;<strong>General<\/strong>&#8221; o dramati\u010dnom \u017eivotu i ratnom putu gnerala <strong>Ante Gotovine<\/strong> iz vizure scenarista i redatelja Antuna Vrdoljaka u trajanju od 165 minuta.<br><br>Dodajmo svemu ovome da i Drugi program HTV-a daje svoj obol obilje\u017eavanju vojno-redarstvenih akcija Bljesak i Oluja, dokumentarnom serijom u \u0161est nastavaka, koje su na rasporedu od subote, 1. kolovoza do petka, 7. kolovoza u popodnevnim terminima.&nbsp;<\/p>\n\n\n\n<p>Izvor:<\/p>\n\n\n\n<p><a href=\"https:\/\/hrtprikazuje.hrt.hr\/640034\/opsezan-program-u-povodu-obljetnice-oluje-i-dana-pobjede\">https:\/\/hrtprikazuje.hrt.hr\/640034\/opsezan-program-u-povodu-obljetnice-oluje-i-dana-pobjede<\/a><\/p>\n\n\n\n<p><a href=\"https:\/\/raspored.hrt.hr\/\">https:\/\/raspored.hrt.hr\/<\/a><\/p>\n\n\n\n<hr class=\"wp-block-separator\"\/>\n","protected":false},"excerpt":{"rendered":"","protected":false},"author":2,"featured_media":22267,"comment_status":"open","ping_status":"open","sticky":false,"template":"","format":"standard","meta":{"_acf_changed":false,"jetpack_post_was_ever_published":false,"_jetpack_newsletter_access":"","_jetpack_dont_email_post_to_subs":false,"_jetpack_newsletter_tier_id":0,"_jetpack_memberships_contains_paywalled_content":false,"_jetpack_memberships_contains_paid_content":false,"footnotes":"","jetpack_publicize_message":"","jetpack_publicize_feature_enabled":true,"jetpack_social_post_already_shared":true,"jetpack_social_options":{"image_generator_settings":{"template":"highway","default_image_id":0,"font":"","enabled":false},"version":2}},"categories":[13,3],"tags":[],"class_list":["post-22266","post","type-post","status-publish","format-standard","has-post-thumbnail","hentry","category-filmovi-i-serije","category-novosti"],"acf":{"facebook_opis":""},"jetpack_publicize_connections":[],"jetpack_featured_media_url":"https:\/\/i0.wp.com\/historiografija.hr\/wp-content\/uploads\/2020\/08\/Hrvoje_Jelavic_PIXSELL.jpg?fit=688%2C388&ssl=1","jetpack_sharing_enabled":true,"jetpack-related-posts":[{"id":52616,"url":"https:\/\/historiografija.hr\/?p=52616","url_meta":{"origin":22266,"position":0},"title":"No\u0107 knjige 2026.","author":"Branimir Jankovi\u0107","date":"22. travnja 2026.","format":false,"excerpt":"Slavljeni\u010dka 15. No\u0107 knjige odr\u017eat \u0107e se 23. travnja diljem Hrvatske u povodu Svjetskog dana knjige i autorskih prava te Dana hrvatske knjige. S vi\u0161e od 1.000 prijavljenih programa i akcija s pravom nosi epitet najmasovnije doma\u0107e kulturne manifestacije, a ove \u0107e godine prote\u0107i u znaku mira, razumijevanja, tolerancije, srodnosti\u2026","rel":"","context":"U &quot;Novosti&quot;","block_context":{"text":"Novosti","link":"https:\/\/historiografija.hr\/?cat=3"},"img":{"alt_text":"","src":"https:\/\/i0.wp.com\/historiografija.hr\/wp-content\/uploads\/2026\/04\/noc_knjige_2026.jpg?fit=680%2C276&ssl=1&resize=350%2C200","width":350,"height":200,"srcset":"https:\/\/i0.wp.com\/historiografija.hr\/wp-content\/uploads\/2026\/04\/noc_knjige_2026.jpg?fit=680%2C276&ssl=1&resize=350%2C200 1x, https:\/\/i0.wp.com\/historiografija.hr\/wp-content\/uploads\/2026\/04\/noc_knjige_2026.jpg?fit=680%2C276&ssl=1&resize=525%2C300 1.5x"},"classes":[]},{"id":52666,"url":"https:\/\/historiografija.hr\/?p=52666","url_meta":{"origin":22266,"position":1},"title":"Najava programa Festivala povijesti Kliofest (5-8. V. 2026)","author":"Branimir Jankovi\u0107","date":"24. travnja 2026.","format":false,"excerpt":"Po trinaesti put odr\u017eava se Festival povijesti Kliofest! Do petka \u0107emo odr\u017eati osam okruglih stolova i dva kolokvija te niz predstavljanja knjiga i projekata razli\u010dite tematike, od antike do suvremenosti. Bit \u0107e predstavljeno i nekoliko izlo\u017ebi te odr\u017ean jedan povijesni kviz. Prikazat \u0107emo i jedan film \u2013 o generalu Boroevi\u0107u.\u2026","rel":"","context":"U &quot;Novosti&quot;","block_context":{"text":"Novosti","link":"https:\/\/historiografija.hr\/?cat=3"},"img":{"alt_text":"","src":"https:\/\/i0.wp.com\/historiografija.hr\/wp-content\/uploads\/2026\/04\/Kliofest-2026.jpg?fit=526%2C526&ssl=1&resize=350%2C200","width":350,"height":200,"srcset":"https:\/\/i0.wp.com\/historiografija.hr\/wp-content\/uploads\/2026\/04\/Kliofest-2026.jpg?fit=526%2C526&ssl=1&resize=350%2C200 1x, https:\/\/i0.wp.com\/historiografija.hr\/wp-content\/uploads\/2026\/04\/Kliofest-2026.jpg?fit=526%2C526&ssl=1&resize=525%2C300 1.5x"},"classes":[]},{"id":52578,"url":"https:\/\/historiografija.hr\/?p=52578","url_meta":{"origin":22266,"position":2},"title":"Poziv za sudjelovanje: XXII. Dani Julija Bene\u0161i\u0107a u Iloku","author":"Branimir Jankovi\u0107","date":"21. travnja 2026.","format":false,"excerpt":"Zavod za lingvisti\u010dka istra\u017eivanja Hrvatske akademije znanosti i umjetnosti, zajedno s Muzejom grada Iloka, organizira XXII. Dane Julija Bene\u0161i\u0107a, koji \u0107e se odr\u017eati od 28. do 30. listopada 2026. u Iloku.\u00a0Teme ovogodi\u0161njih Dana podijeljene su u dvije cjeline: Knji\u017eevno-jezikoslovni d\u00ecv\u0101n s Bene\u0161i\u0107em te Ilok i Srijem u povijesnim stalnicama i\u2026","rel":"","context":"U &quot;Novosti&quot;","block_context":{"text":"Novosti","link":"https:\/\/historiografija.hr\/?cat=3"},"img":{"alt_text":"","src":"https:\/\/i0.wp.com\/historiografija.hr\/wp-content\/uploads\/2019\/10\/HE2_Benesic.jpg?fit=413%2C591&ssl=1&resize=350%2C200","width":350,"height":200},"classes":[]},{"id":52669,"url":"https:\/\/historiografija.hr\/?p=52669","url_meta":{"origin":22266,"position":3},"title":"Predavanje Igora Dude &#8220;Odmor kao \u017eivotna potreba: o slobodnom vremenu u socijalisti\u010dkoj Jugoslaviji&#8221;","author":"Branimir Jankovi\u0107","date":"27. travnja 2026.","format":false,"excerpt":"U sklopu proljetnog ciklusa programa\u00a0Kriti\u010dka dramaturgija: pauza, u\u00a0subotu, 25. travnja 2026. u 19 sati\u00a0u prostoru Udru\u017eenja hrvatskih arhitekata povjesni\u010dar Igor Duda\u00a0odr\u017eao je predavanje naslovljeno\u00a0Odmor kao \u017eivotna potreba: o slobodnom vremenu u socijalisti\u010dkoj Jugoslaviji. Industrijalizacija i urbanizacija dru\u0161tava u povijesti su zna\u010dile i prelazak s predindustrijskog na industrijsko shva\u0107anje vremena. Ono\u2026","rel":"","context":"U &quot;Novosti&quot;","block_context":{"text":"Novosti","link":"https:\/\/historiografija.hr\/?cat=3"},"img":{"alt_text":"","src":"https:\/\/i0.wp.com\/historiografija.hr\/wp-content\/uploads\/2026\/04\/Duda.png?fit=1200%2C628&ssl=1&resize=350%2C200","width":350,"height":200,"srcset":"https:\/\/i0.wp.com\/historiografija.hr\/wp-content\/uploads\/2026\/04\/Duda.png?fit=1200%2C628&ssl=1&resize=350%2C200 1x, https:\/\/i0.wp.com\/historiografija.hr\/wp-content\/uploads\/2026\/04\/Duda.png?fit=1200%2C628&ssl=1&resize=525%2C300 1.5x, https:\/\/i0.wp.com\/historiografija.hr\/wp-content\/uploads\/2026\/04\/Duda.png?fit=1200%2C628&ssl=1&resize=700%2C400 2x, https:\/\/i0.wp.com\/historiografija.hr\/wp-content\/uploads\/2026\/04\/Duda.png?fit=1200%2C628&ssl=1&resize=1050%2C600 3x"},"classes":[]},{"id":52499,"url":"https:\/\/historiografija.hr\/?p=52499","url_meta":{"origin":22266,"position":4},"title":"POTPISAN UGOVOR O ZNANSTVENO-ISTRA\u017dIVA\u010cKOJ SURADNJI: PROJEKT \u201eTEMELJI HRVATSKE SAMOSTALNOSTI\u201d","author":"Branimir Jankovi\u0107","date":"17. travnja 2026.","format":false,"excerpt":"Hrvatski institut za povijest, Sveu\u010dili\u0161te obrane i sigurnosti \u201eDr. Franjo Tu\u0111man\u201d, Institut dru\u0161tvenih znanosti Ivo Pilar i Hrvatski dr\u017eavni arhiv\u00a0potpisali su 23. o\u017eujka 2026.\u00a0Ugovor o znanstveno-istra\u017eiva\u010dkoj suradnji s ciljem provedbe projekta \u201eTemelji hrvatske samostalnosti\u201d. Tim projektom obuhva\u0107a se istra\u017eivanje arhivskoga gradiva, priprema znanstvenih publikacija, digitalizacija i javna prezentacija rezultata istra\u017eivanja\u2026","rel":"","context":"U &quot;Novosti&quot;","block_context":{"text":"Novosti","link":"https:\/\/historiografija.hr\/?cat=3"},"img":{"alt_text":"","src":"https:\/\/i0.wp.com\/historiografija.hr\/wp-content\/uploads\/2026\/04\/THS_sporazum.jpg?fit=1200%2C583&ssl=1&resize=350%2C200","width":350,"height":200,"srcset":"https:\/\/i0.wp.com\/historiografija.hr\/wp-content\/uploads\/2026\/04\/THS_sporazum.jpg?fit=1200%2C583&ssl=1&resize=350%2C200 1x, https:\/\/i0.wp.com\/historiografija.hr\/wp-content\/uploads\/2026\/04\/THS_sporazum.jpg?fit=1200%2C583&ssl=1&resize=525%2C300 1.5x, https:\/\/i0.wp.com\/historiografija.hr\/wp-content\/uploads\/2026\/04\/THS_sporazum.jpg?fit=1200%2C583&ssl=1&resize=700%2C400 2x, https:\/\/i0.wp.com\/historiografija.hr\/wp-content\/uploads\/2026\/04\/THS_sporazum.jpg?fit=1200%2C583&ssl=1&resize=1050%2C600 3x"},"classes":[]},{"id":52575,"url":"https:\/\/historiografija.hr\/?p=52575","url_meta":{"origin":22266,"position":5},"title":"Izlo\u017eba dje\u010djih radova \u201cU po\u010detku bija\u0161e crte\u017e\u2026\u201d","author":"Branimir Jankovi\u0107","date":"21. travnja 2026.","format":false,"excerpt":"U subotu, 25. travnja 2026. u 11 sati u Galeriji Klovi\u0107evi dvori sve\u010dano otvaramo izlo\u017ebu dje\u010djih radova pod nazivom U po\u010detku bija\u0161e crte\u017e\u2026 Radovi su nastali u sklopu likovnih radionica uz izlo\u017ebu U po\u010detku bija\u0161e kraljevstvo \u2013 izlo\u017eba povodom 1100 godina Hrvatskoga Kraljevstva. Na brojnim likovnim radionicama, uz \u0161kolsku djecu,\u2026","rel":"","context":"U &quot;Izlo\u017ebe&quot;","block_context":{"text":"Izlo\u017ebe","link":"https:\/\/historiografija.hr\/?cat=10"},"img":{"alt_text":"","src":"https:\/\/i0.wp.com\/historiografija.hr\/wp-content\/uploads\/2025\/10\/Klovicevi_sluzbeni-plakat.png?fit=840%2C1200&ssl=1&resize=350%2C200","width":350,"height":200,"srcset":"https:\/\/i0.wp.com\/historiografija.hr\/wp-content\/uploads\/2025\/10\/Klovicevi_sluzbeni-plakat.png?fit=840%2C1200&ssl=1&resize=350%2C200 1x, https:\/\/i0.wp.com\/historiografija.hr\/wp-content\/uploads\/2025\/10\/Klovicevi_sluzbeni-plakat.png?fit=840%2C1200&ssl=1&resize=525%2C300 1.5x, https:\/\/i0.wp.com\/historiografija.hr\/wp-content\/uploads\/2025\/10\/Klovicevi_sluzbeni-plakat.png?fit=840%2C1200&ssl=1&resize=700%2C400 2x"},"classes":[]}],"_links":{"self":[{"href":"https:\/\/historiografija.hr\/index.php?rest_route=\/wp\/v2\/posts\/22266","targetHints":{"allow":["GET"]}}],"collection":[{"href":"https:\/\/historiografija.hr\/index.php?rest_route=\/wp\/v2\/posts"}],"about":[{"href":"https:\/\/historiografija.hr\/index.php?rest_route=\/wp\/v2\/types\/post"}],"author":[{"embeddable":true,"href":"https:\/\/historiografija.hr\/index.php?rest_route=\/wp\/v2\/users\/2"}],"replies":[{"embeddable":true,"href":"https:\/\/historiografija.hr\/index.php?rest_route=%2Fwp%2Fv2%2Fcomments&post=22266"}],"version-history":[{"count":1,"href":"https:\/\/historiografija.hr\/index.php?rest_route=\/wp\/v2\/posts\/22266\/revisions"}],"predecessor-version":[{"id":22268,"href":"https:\/\/historiografija.hr\/index.php?rest_route=\/wp\/v2\/posts\/22266\/revisions\/22268"}],"wp:featuredmedia":[{"embeddable":true,"href":"https:\/\/historiografija.hr\/index.php?rest_route=\/wp\/v2\/media\/22267"}],"wp:attachment":[{"href":"https:\/\/historiografija.hr\/index.php?rest_route=%2Fwp%2Fv2%2Fmedia&parent=22266"}],"wp:term":[{"taxonomy":"category","embeddable":true,"href":"https:\/\/historiografija.hr\/index.php?rest_route=%2Fwp%2Fv2%2Fcategories&post=22266"},{"taxonomy":"post_tag","embeddable":true,"href":"https:\/\/historiografija.hr\/index.php?rest_route=%2Fwp%2Fv2%2Ftags&post=22266"}],"curies":[{"name":"wp","href":"https:\/\/api.w.org\/{rel}","templated":true}]}}