{"id":22200,"date":"2020-07-29T16:00:43","date_gmt":"2020-07-29T16:00:43","guid":{"rendered":"http:\/\/historiografija.hr\/?p=22200"},"modified":"2020-07-29T16:00:43","modified_gmt":"2020-07-29T16:00:43","slug":"izlozba-art-rat-tranzicija-1990-2000-2010-2020-2021","status":"publish","type":"post","link":"https:\/\/historiografija.hr\/?p=22200","title":{"rendered":"Izlo\u017eba ART \/ RAT \/ TRANZICIJA (1990. \u2013 2000. \u2013 2010. \u2013 2020. \u2013 2021.)"},"content":{"rendered":"\n<p>Muzej moderne i suvremene umjetnosti u Rijeci otvara u srijedu, 29.7. 2020. s po\u010detkom u 20 sati izlo\u017ebu ART \/ RAT \/ TRANZICIJA (1990. \u2013 2000. \u2013 2010. \u2013 2020. \u2013 2021.).<\/p>\n\n\n\n<p>Usred dramati\u010dnih okolnosti pandemije \u201ecoronavirusa\u201c i neizbje\u017enih promjena u realizaciji programa Europske prijestolnice kulture \u2013 Rijeke 2020., rije\u010dki Muzej moderne i suvremene umjetnosti odlu\u010dio je realizirati radikalan izlo\u017ebeni projekt prezentacije klju\u010dnih momenata, segmenata, poetika, \u201emedijalizacije\u201c i inovativnih umjetni\u010dkih praksa koje su se \u201eprelamale\u201c i \u201ekri\u017eale\u201c na novijoj i suvremenoj rije\u010dkoj Art \u2013 sceni u posljednjih tridesetak godina.<\/p>\n\n\n\n<p>Od razdoblja umjetni\u010dkih anticipacija na prijelazu iz 80-ih u 90-te, obilje\u017eenih burnim, nerijetko konfliktnim, kontroverznim, paradoksalnim ili pak alternativnim, supkulturnim, subverzivnim, \u201ekini\u010dki\u201c provokativnim umjetni\u010dkim osobnostima i projektima, usmjerenih na kritiku, dekonstrukciju, retro-avangardno preispitivanje i radikalnu interpretaciju svih velikih naracija i ideologija (povijesnih, politi\u010dkih, religijskih, eti\u010dkih, estetskih, \u201edobrog ukusa\u201c). U\u017ee: od povijesnih doga\u0111aja kakvi su bili osamostaljenje Republike Hrvatske, odcjepljenje Republike Slovenije, raspad SFR Jugoslavije, po\u010detak rata u Hrvatskoj i u BIH, \u0161to se ubrzano dogodilo po\u010detkom 90-ih. To je razdoblje na ovoj izlo\u017ebi obilje\u017eeno referencijama na posljednji, 16. Biennale mladih jugoslavenskih umjetnika (1991.) i na rane \u201eratne\u201c izlo\u017ebe (ratni plakati, \u201eDEJA VU \u2013 1941 \u2013 1991\u201c).<\/p>\n\n\n\n<p>Dinami\u010dnim i nagla\u0161eno temporalnim, procesualnim \u201epostavom\u201c ove izlo\u017ebe-doga\u0111anja, autori koncepta (ravnatelj MMSU-a Slaven Tolj i kustos Branko Cerovac) odlu\u010dili su va\u017ean segment \u201erije\u010dke suvremene scene\u201c prezentirati putem uklju\u010divanja brojnih hrvatskih i inozemnih umjetnica i umjetnika u vi\u0161e faza i segmenata tijekom otvorenja i trajanja izlo\u017ebe, sve do listopada 2020. S dalekose\u017enom projekcijom na mogu\u0107u budu\u0107nost, na razvoj novopostale Art \u2013 situacije \u201enakon 2020\u201c (2021. \u2013 2031\u2026).<\/p>\n\n\n\n<p>Iz plejade starijih, mla\u0111ih i najmla\u0111ih suvremenih umjetnica i umjetnika u najavi izlo\u017ebe mo\u017eemo nabrojiti samo niz od \u201eotvorenog broja\u201c sudionica\/-ika koje \u0107emo bilo direktno bilo posredno predstaviti na ovoj izlo\u017ebi u gradu Rijeci: Zdravko Mili\u0107, Zlatko Kutnjak, Jusuf Had\u017eifejzovi\u0107, \u017darko Violi\u0107, Vladimir Gudac, Mirko Zrin\u0161\u0107ak, Dalibor Laginja, \u201eRex Solia C.M.I.V. Veprinac\u201c, Sandro \u0110uki\u0107, Damir Babi\u0107, Damir Tripar, Duje Juri\u0107, Sven Stilinovi\u0107, \u017deljko Jerman, Boris Demur, Zlatko Kopljar, Ksenija Mogin, Marijan Pongrac, Sanja \u0160vrljuga Mili\u0107, Goran \u0160timac, Marijan Bla\u017eina, Igor Rukavina, Senka Baru\u0161ka, \u201eLabis\u201c, \u201ePetja\u201c, \u201eTrafik\u201c, \u201eTeatar Rubikon\u201c, Emil Hrvatin, Lara Badurina, Jasna \u0160ikanja, Melita Sorola&nbsp; Stani\u010di\u0107, Predrag Todorovi\u0107, \u0110anino Bo\u017ei\u0107, Bojan \u0160tokelj, Mirjana \u0110or\u0111evi\u0107, \u0110or\u0111e Jandri\u0107, Rene Rusjan, \u201eIrwin\u201c, \u201eNK\u201c, \u201eV.S.S.D.\u201c, Bojan Gorenc, Klas Grdi\u0107, \u201ePoet Teatar\u201c,Sini\u0161a Majkus, Damir Stojni\u0107, David Maljkovi\u0107, Nikola Uki\u0107, Tomislav \u0106urkovi\u0107, Damir Martinovi\u0107 Mrle, Lina Busov, Aleksandra Kosti\u0107 aka Marija \u0160trajh, Kre\u0161o Musta\u0107, Taj\u010di \u010cekada, Sanja Lisov, Tanja Goli\u0107, Alen Flori\u010di\u0107, Predrag Kraljevi\u0107 Kralj ( \u201eTermiti\u201c ), Goran Nemarnik Gus, Kre\u0161o Kova\u010di\u0107ek, Boris Buri\u0107, Zoran Todorovi\u0107, Milica Tomi\u0107, Selma Selman, Greiner &amp; Kropilak, Ivan Ko\u017eari\u0107, Mar\u010delo Brajnovi\u0107, Tomislav Brajnovi\u0107, Petar Brajnovi\u0107, Bojan \u0160umonja, Branka Cvjeti\u010danin, Stanko Pavleski, Sr\u0111an Apostolovi\u0107, \u0160ejla Kameri\u0107, Igor Fistri\u010d, Brane Sever, \u017divko Grozdani\u0107 Gera, \u017deljko Kranj\u010devi\u0107 Winter, Nemanja Cvijanovi\u0107, Igor E\u0161kinja, Labin Art Express (Metal Guru), Zoran \u0160tajdohar Zoff (\u201eGr\u010d\u201c), I. Mi\u0161kovi\u0107 ( dizajn \u010dasopisa \u201eRival\u201c ), Emil Hrvatin (Janez Jan\u0161a), Marino Paliska, Dalibor Martinis, Zvonimir Kamenar Fun\u010di, Viktor Daldon, Tina Gverovi\u0107, \u017deljko Kipke, Vesna Ro\u017eman, Damir Fabijani\u0107, Kata Mijatovi\u0107, Zoran Paveli\u0107, Darko \u0160imi\u010di\u0107, Luko Piplica, Ana Opali\u0107, Marko Ercegovi\u0107, Mara Brato\u0161, Ivan \u0160eremet, Giovanni Morbin, Marijan Molnar, Vlasta Delimar, Vlatko Vincek, Zlatan Dumani\u0107, Darko Bavoljak, Edo Murti\u0107, Boris Ljubi\u010di\u0107, Boris Bu\u0107an, Boris Cvjetanovi\u0107, Goran Fruk, Stanko Abad\u017ei\u0107, Rino Gropuzzo, Refik Fiko Saliji, Gildo Bav\u010devi\u0107, Antun Mara\u010di\u0107, Toni Me\u0161trovi\u0107, Darko Fritz, Studio Imitacije \u017divota, Jabba International, Boris \u0160incek, Neli Ru\u017ei\u0107, Ilija \u0160o\u0161ki\u0107, Pavo Urban, D. Bartol Indo\u0161, Ivona Vlasi\u0107, Sandra Sterle, Ivana Pegan Ba\u0107e, Fokus grupa, Pasko Bur\u0111elez, Zvonimir Bakotin, Natacha Lesueur, Bo\u017eidar Jurjevi\u0107, Goran Trbuljak, Vlado Martek, Sandra Vitalji\u0107, Adolf Zika, Grupa \u0161estorice autora, Stjepo Kaleb, Mladen Stilinovi\u0107, Milan Mili\u0161i\u0107, Slaven Tolj, Ben Cain, Vuk \u0106osi\u0107, Marin Zori\u0107 Zorge, Sanja Jure\u0161ko, Ivan Valu\u0161ek, Marijan Crtali\u0107, Ivana Popovi\u0107, Ivana Dra\u017ei\u0107 Selmani, Vanja Pagar, Petar Grimani, Lala Ra\u0161\u010di\u0107, Bojana \u0160vertasek, Katarina Ivani\u0161in Kardum, BADco., Zlatko Pakovi\u0107, Vedran Perkov, Hrvoje Mitrov, Goran \u0160kofi\u0107, Leslie Fratkin, LAE, Milijana Babi\u0107 et al. Bit \u0107e predstavljeni i brojni\/-e, dizajneri \/-ice (plakati, \u010dasopisi, katalozi, monografije, knjige, razni arhivski materijali, fotografije i druga dokumentacija).<\/p>\n\n\n\n<p>Posebna pozornost bit \u0107e posve\u0107ena dijalektici geneze i odnosa tradicije i suvremenosti, dominantne i alternativne umjetni\u010dke prakse, \u201enezadr\u017eivog progresa\u201c i \u201enezadr\u017eivog regresa\u201c, kulture \u2013 subkulture, te neosporne suvremenosti rije\u010dke glazbene scene 80-ih\/90-ih, u pro\u017eimanju i interakciji s art performerima, suvremenom plesnom scenom od kraja 80-ih nadalje, vizualnim i medijskim umjetnicima i suvremenim kazali\u0161tem. Cilj ovog projekta MMSU jeste prepoznati ovu Art \u2013 scenu \u201ena fronti vremena\u201c. Uputiti na kriti\u010dke potencijale \u201eestetike \u0161utnje\u201c i na vrijednost \u201estilova radikalne volje\u201c (Susan Sontag) u procesu promjene dru\u0161tvenih \u2013 kulturnih \u2013 umjetni\u010dkih paradigmi 1990 \u2013 2020.<\/p>\n\n\n\n<p><strong>Branko Cerovac<\/strong><\/p>\n\n\n\n<p>Izvor: <a href=\"https:\/\/mmsu.hr\/dogadaji\/art-rat-tranzicija\/\">https:\/\/mmsu.hr\/dogadaji\/art-rat-tranzicija\/<\/a><\/p>\n\n\n\n<hr class=\"wp-block-separator\"\/>\n","protected":false},"excerpt":{"rendered":"","protected":false},"author":2,"featured_media":22201,"comment_status":"open","ping_status":"open","sticky":false,"template":"","format":"standard","meta":{"_acf_changed":false,"jetpack_post_was_ever_published":false,"_jetpack_newsletter_access":"","_jetpack_dont_email_post_to_subs":false,"_jetpack_newsletter_tier_id":0,"_jetpack_memberships_contains_paywalled_content":false,"_jetpack_memberships_contains_paid_content":false,"footnotes":"","jetpack_publicize_message":"","jetpack_publicize_feature_enabled":true,"jetpack_social_post_already_shared":true,"jetpack_social_options":{"image_generator_settings":{"template":"highway","default_image_id":0,"font":"","enabled":false},"version":2}},"categories":[10,3],"tags":[],"class_list":["post-22200","post","type-post","status-publish","format-standard","has-post-thumbnail","hentry","category-izlozbe","category-novosti"],"acf":{"facebook_opis":""},"jetpack_publicize_connections":[],"jetpack_featured_media_url":"https:\/\/i0.wp.com\/historiografija.hr\/wp-content\/uploads\/2020\/07\/Biennale-1993.jpg?fit=1684%2C1187&ssl=1","jetpack_sharing_enabled":true,"jetpack-related-posts":[{"id":52563,"url":"https:\/\/historiografija.hr\/?p=52563","url_meta":{"origin":22200,"position":0},"title":"Predavanje Nenada Fabijani\u0107a o stadionu Poljud u Splitu","author":"Branimir Jankovi\u0107","date":"21. travnja 2026.","format":false,"excerpt":"Znanstveno vije\u0107e za arhitekturu, urbanizam i ure\u0111enje prostora Hrvatske akademije znanosti i umjetnosti organizira predavanje \u201cPo Poljudu\u201d koje \u0107e u srijedu 22. travnja 2026. s po\u010detkom u 14 sati u Knji\u017enici HAZU, Strossmayerov trg 14 u Zagrebu, odr\u017eati\u00a0prof. emerit. dr. art. Nenad Fabijani\u0107,\u00a0\u010dlan suradnik HAZU. Predavanje \u201ePo Poljudu\u201c (Projekt obnove)\u2026","rel":"","context":"U &quot;Novosti&quot;","block_context":{"text":"Novosti","link":"https:\/\/historiografija.hr\/?cat=3"},"img":{"alt_text":"","src":"https:\/\/i0.wp.com\/historiografija.hr\/wp-content\/uploads\/2026\/04\/Poljud-scaled.jpeg?fit=1200%2C800&ssl=1&resize=350%2C200","width":350,"height":200,"srcset":"https:\/\/i0.wp.com\/historiografija.hr\/wp-content\/uploads\/2026\/04\/Poljud-scaled.jpeg?fit=1200%2C800&ssl=1&resize=350%2C200 1x, https:\/\/i0.wp.com\/historiografija.hr\/wp-content\/uploads\/2026\/04\/Poljud-scaled.jpeg?fit=1200%2C800&ssl=1&resize=525%2C300 1.5x, https:\/\/i0.wp.com\/historiografija.hr\/wp-content\/uploads\/2026\/04\/Poljud-scaled.jpeg?fit=1200%2C800&ssl=1&resize=700%2C400 2x, https:\/\/i0.wp.com\/historiografija.hr\/wp-content\/uploads\/2026\/04\/Poljud-scaled.jpeg?fit=1200%2C800&ssl=1&resize=1050%2C600 3x"},"classes":[]},{"id":52578,"url":"https:\/\/historiografija.hr\/?p=52578","url_meta":{"origin":22200,"position":1},"title":"Poziv za sudjelovanje: XXII. Dani Julija Bene\u0161i\u0107a u Iloku","author":"Branimir Jankovi\u0107","date":"21. travnja 2026.","format":false,"excerpt":"Zavod za lingvisti\u010dka istra\u017eivanja Hrvatske akademije znanosti i umjetnosti, zajedno s Muzejom grada Iloka, organizira XXII. Dane Julija Bene\u0161i\u0107a, koji \u0107e se odr\u017eati od 28. do 30. listopada 2026. u Iloku.\u00a0Teme ovogodi\u0161njih Dana podijeljene su u dvije cjeline: Knji\u017eevno-jezikoslovni d\u00ecv\u0101n s Bene\u0161i\u0107em te Ilok i Srijem u povijesnim stalnicama i\u2026","rel":"","context":"U &quot;Novosti&quot;","block_context":{"text":"Novosti","link":"https:\/\/historiografija.hr\/?cat=3"},"img":{"alt_text":"","src":"https:\/\/i0.wp.com\/historiografija.hr\/wp-content\/uploads\/2019\/10\/HE2_Benesic.jpg?fit=413%2C591&ssl=1&resize=350%2C200","width":350,"height":200},"classes":[]},{"id":52752,"url":"https:\/\/historiografija.hr\/?p=52752","url_meta":{"origin":22200,"position":2},"title":"Otvaranje izlo\u017ebe &#8220;Hrvati na So\u010danskom frontu&#8221; i predavanje &#8220;So\u010danska fronta u Prvome svjetskom ratu&#8221;","author":"Filip \u0160imunjak","date":"30. travnja 2026.","format":false,"excerpt":"Otvaranje izlo\u017ebe \u201eHrvati na So\u010danskom frontu\u201c, Kobari\u0161ki muzej Prvog svjetskog rata, Kobarid, odr\u017eat \u0107e se u sklopu ovogodi\u0161njega Festivala povijesti Kliofest u Nacionalnoj i sveu\u010dili\u0161noj knji\u017enici u Zagrebu, u utorak 5. svibnja, s po\u010detkom u 10 sati, uz sudjelovanje: Ga\u0161pera Dov\u017eana, veleposlanika Republike Slovenije u RH, te Martina \u0160olara, direktora\u2026","rel":"","context":"U &quot;Izlo\u017ebe&quot;","block_context":{"text":"Izlo\u017ebe","link":"https:\/\/historiografija.hr\/?cat=10"},"img":{"alt_text":"","src":"https:\/\/i0.wp.com\/historiografija.hr\/wp-content\/uploads\/2026\/04\/Kliofest-01-utorak-II-08-P-Socanska-fronta.jpg?fit=1200%2C566&ssl=1&resize=350%2C200","width":350,"height":200,"srcset":"https:\/\/i0.wp.com\/historiografija.hr\/wp-content\/uploads\/2026\/04\/Kliofest-01-utorak-II-08-P-Socanska-fronta.jpg?fit=1200%2C566&ssl=1&resize=350%2C200 1x, https:\/\/i0.wp.com\/historiografija.hr\/wp-content\/uploads\/2026\/04\/Kliofest-01-utorak-II-08-P-Socanska-fronta.jpg?fit=1200%2C566&ssl=1&resize=525%2C300 1.5x, https:\/\/i0.wp.com\/historiografija.hr\/wp-content\/uploads\/2026\/04\/Kliofest-01-utorak-II-08-P-Socanska-fronta.jpg?fit=1200%2C566&ssl=1&resize=700%2C400 2x, https:\/\/i0.wp.com\/historiografija.hr\/wp-content\/uploads\/2026\/04\/Kliofest-01-utorak-II-08-P-Socanska-fronta.jpg?fit=1200%2C566&ssl=1&resize=1050%2C600 3x"},"classes":[]},{"id":52508,"url":"https:\/\/historiografija.hr\/?p=52508","url_meta":{"origin":22200,"position":3},"title":"Glazbena radionica \u201eDUGMETARA REVISITED\u201c","author":"Branimir Jankovi\u0107","date":"17. travnja 2026.","format":false,"excerpt":"DUGMETARA REVISITED glazbena radionica vodi: Ana Horvat 13., 20. i 27. travnja, od 18 do 20 sati Radiona, Nova cesta 186 Na tri radioni\u010dka susreta uranjamo u naslje\u0111e Dugmetare, biv\u0161e tvornice dugmadi na Savskoj cesti koja je po\u010detkom 2000-ih igrom slu\u010daja postala \u017eivo, jedinstveno mjesto glazbene proizvodnje. Svoje su probe\u2026","rel":"","context":"U &quot;Novosti&quot;","block_context":{"text":"Novosti","link":"https:\/\/historiografija.hr\/?cat=3"},"img":{"alt_text":"","src":"https:\/\/i0.wp.com\/historiografija.hr\/wp-content\/uploads\/2026\/04\/TRESNJA_TRESTI.jpg?fit=380%2C475&ssl=1&resize=350%2C200","width":350,"height":200},"classes":[]},{"id":52654,"url":"https:\/\/historiografija.hr\/?p=52654","url_meta":{"origin":22200,"position":4},"title":"Gostuju\u0107e predavanje &#8211; Danijel D\u017eino \u201eKasnoanti\u010dke i ranosrednjovjekovne gra\u0111evine u Brezi: Spomenici nepotpune biografije\u201c","author":"Branimir Jankovi\u0107","date":"24. travnja 2026.","format":false,"excerpt":"Doktorski studij predmoderne povijesti poziva na predavanje \"Kasnoanti\u010dke i ranosrednjovjekovne gra\u0111evine u Brezi: Spomenici nepotpune biografije\u201d koje \u0107e odr\u017eati profesor Danijel D\u017eino sa Sveu\u010dili\u0161ta Macquarie u Sydneyu u\u00a0utorak 28. travnja 2026. u 17h u Konferencijskoj dvorani Knji\u017enice Filozofskog fakulteta u Zagrebu. Predavanje \u0107e predo\u010diti nova saznanja dobivena kroz arhivsko-dokumentarna istra\u017eivanja\u2026","rel":"","context":"U &quot;Novosti&quot;","block_context":{"text":"Novosti","link":"https:\/\/historiografija.hr\/?cat=3"},"img":{"alt_text":"","src":"https:\/\/i0.wp.com\/historiografija.hr\/wp-content\/uploads\/2026\/04\/Dzino.jpg?fit=980%2C819&ssl=1&resize=350%2C200","width":350,"height":200,"srcset":"https:\/\/i0.wp.com\/historiografija.hr\/wp-content\/uploads\/2026\/04\/Dzino.jpg?fit=980%2C819&ssl=1&resize=350%2C200 1x, https:\/\/i0.wp.com\/historiografija.hr\/wp-content\/uploads\/2026\/04\/Dzino.jpg?fit=980%2C819&ssl=1&resize=525%2C300 1.5x, https:\/\/i0.wp.com\/historiografija.hr\/wp-content\/uploads\/2026\/04\/Dzino.jpg?fit=980%2C819&ssl=1&resize=700%2C400 2x"},"classes":[]},{"id":52760,"url":"https:\/\/historiografija.hr\/?p=52760","url_meta":{"origin":22200,"position":5},"title":"Izlo\u017eba \u201cLo\u0161injski brodovi, njihove zastave i ljudi\u201d, 4. svibnja u 19h","author":"Filip \u0160imunjak","date":"30. travnja 2026.","format":false,"excerpt":"Hrvatski pomorski muzej Split, Glagolja\u0161a 18 (Tvr\u0111ava Gripe) Nakon \u0161to je u rujnu 2025. godine na otoku Lo\u0161inju, u suradnji Lo\u0161injskog muzeja i Hrvatskog pomorskog muzeja Split, predstavljena izlo\u017eba posve\u0107ena bogatoj pomorskoj ba\u0161tini otoka, njezino pro\u0161ireno izdanje postavlja se u Splitu. Uo\u010di blagdana svetog Dujma splitskoj \u0107e se publici predstaviti\u2026","rel":"","context":"U &quot;Izlo\u017ebe&quot;","block_context":{"text":"Izlo\u017ebe","link":"https:\/\/historiografija.hr\/?cat=10"},"img":{"alt_text":"","src":"https:\/\/i0.wp.com\/historiografija.hr\/wp-content\/uploads\/2026\/04\/Losinjski-brodovi-Izlozba-1-scaled.webp?fit=840%2C1200&ssl=1&resize=350%2C200","width":350,"height":200,"srcset":"https:\/\/i0.wp.com\/historiografija.hr\/wp-content\/uploads\/2026\/04\/Losinjski-brodovi-Izlozba-1-scaled.webp?fit=840%2C1200&ssl=1&resize=350%2C200 1x, https:\/\/i0.wp.com\/historiografija.hr\/wp-content\/uploads\/2026\/04\/Losinjski-brodovi-Izlozba-1-scaled.webp?fit=840%2C1200&ssl=1&resize=525%2C300 1.5x, https:\/\/i0.wp.com\/historiografija.hr\/wp-content\/uploads\/2026\/04\/Losinjski-brodovi-Izlozba-1-scaled.webp?fit=840%2C1200&ssl=1&resize=700%2C400 2x"},"classes":[]}],"_links":{"self":[{"href":"https:\/\/historiografija.hr\/index.php?rest_route=\/wp\/v2\/posts\/22200","targetHints":{"allow":["GET"]}}],"collection":[{"href":"https:\/\/historiografija.hr\/index.php?rest_route=\/wp\/v2\/posts"}],"about":[{"href":"https:\/\/historiografija.hr\/index.php?rest_route=\/wp\/v2\/types\/post"}],"author":[{"embeddable":true,"href":"https:\/\/historiografija.hr\/index.php?rest_route=\/wp\/v2\/users\/2"}],"replies":[{"embeddable":true,"href":"https:\/\/historiografija.hr\/index.php?rest_route=%2Fwp%2Fv2%2Fcomments&post=22200"}],"version-history":[{"count":1,"href":"https:\/\/historiografija.hr\/index.php?rest_route=\/wp\/v2\/posts\/22200\/revisions"}],"predecessor-version":[{"id":22202,"href":"https:\/\/historiografija.hr\/index.php?rest_route=\/wp\/v2\/posts\/22200\/revisions\/22202"}],"wp:featuredmedia":[{"embeddable":true,"href":"https:\/\/historiografija.hr\/index.php?rest_route=\/wp\/v2\/media\/22201"}],"wp:attachment":[{"href":"https:\/\/historiografija.hr\/index.php?rest_route=%2Fwp%2Fv2%2Fmedia&parent=22200"}],"wp:term":[{"taxonomy":"category","embeddable":true,"href":"https:\/\/historiografija.hr\/index.php?rest_route=%2Fwp%2Fv2%2Fcategories&post=22200"},{"taxonomy":"post_tag","embeddable":true,"href":"https:\/\/historiografija.hr\/index.php?rest_route=%2Fwp%2Fv2%2Ftags&post=22200"}],"curies":[{"name":"wp","href":"https:\/\/api.w.org\/{rel}","templated":true}]}}