{"id":22174,"date":"2020-07-27T15:23:42","date_gmt":"2020-07-27T15:23:42","guid":{"rendered":"http:\/\/historiografija.hr\/?p=22174"},"modified":"2020-07-27T15:29:25","modified_gmt":"2020-07-27T15:29:25","slug":"interwar-east-central-europe-1918-1941-the-failure-of-democracy-building-the-fate-of-minorities-edited-by-sabrina-p-ramet","status":"publish","type":"post","link":"https:\/\/historiografija.hr\/?p=22174","title":{"rendered":"Interwar East Central Europe, 1918-1941: The Failure of Democracy-building, the Fate of Minorities. Edited by Sabrina P. Ramet"},"content":{"rendered":"\n<p>Izdava\u010d Routledge objavio je 2020. zbornik \u201cInterwar East Central Europe, 1918-1941\u201d u kojem je o Kraljevstvu Srba, Hrvata i Slovenaca \/ Kraljevini Jugoslaviji (1918-1941) pisao Stipica Grgi\u0107. Zbornik je u \u201c\u010casopisu za suvremenu povijest\u201d ve\u0107 prikazao Nikica Bari\u0107.<\/p>\n\n\n\n<hr class=\"wp-block-separator\"\/>\n\n\n\n<p><strong>Book Description<\/strong><\/p>\n\n\n\n<p>This monograph focuses on the challenges that interwar regimes faced and how they coped with them in the aftermath of World War One, focusing especially on the failure to establish and stabilize democratic regimes, as well as on the fate of ethnic and religious minorities. Topics explored include the political systems and how they changed during the two decades under review, land reform, Church\u2013state relations, and culture. Countries studied include Poland, Czechoslovakia, Hungary, Yugoslavia, Romania, Bulgaria, and Albania.<\/p>\n\n\n\n<p><strong>Table of Contents<\/strong><\/p>\n\n\n\n<ol class=\"wp-block-list\" type=\"1\"><li>Interwar East Central Europe, 1918-1941: The failure of democracy-building, the fate of minorities \u2013 An introduction &#8212; <em>Sabrina P. Ramet (Norwegian University of Science &amp; Technology, NTNU, Emerita)<\/em><\/li><li>Interwar Poland: The geopolitics of failure \u2013 <em>M. B. B. Biskupski (Central Connecticut State University)<\/em><\/li><li>Interwar Czechoslovakia \u2013 a national state for a multi-ethnic population &#8212; <em>Sabrina P. Ramet (Norwegian University of Science &amp; Technology, NTNU, Emerita) and Carol Skalnik Leff (University of Illinois)<\/em><\/li><li>Interwar Hungary: Democratization and the Fate of Minorities &#8212; <em>B\u00e9la Bod\u00f3 (University of Bonn)<\/em><\/li><li>Interwar Romania: Enshrining ethnic privilege &#8212; <em>Roland Clark (University of Liverpool)<\/em><\/li><li>Interwar Bulgaria: populism, authoritarianism, and ethnic minorities &#8212; <em>Christian Promitzer (University of Graz)<\/em><\/li><li>The Kingdom of Diversity and Paternalism: the Kingdom of Serbs, Croats, and Slovenes\/Yugoslavia, 1918-1941&#8211; <em>Stipica Grgi\u0107 (University of Zagreb)<\/em><\/li><li>Interwar Albania &#8212; <em>Bernd J. Fischer (Indiana\/Purdue University, Emeritus)<\/em><\/li><li>The Peasantries and Peasant Parties of East Central Europe: <em>Robert Bideleux (Swansea University)<\/em><\/li><li>Afterword: <em>Stefano Bianchini (University of Bologna)<\/em><\/li><\/ol>\n\n\n\n<p><strong>Editor(s)<\/strong><\/p>\n\n\n\n<p><strong>Biography<\/strong><\/p>\n\n\n\n<p>Sabrina P. Ramet is Professor Emerita of Political Science at the Norwegian University of Science and Technology (NTNU), in Trondheim, Norway.<\/p>\n\n\n\n<p><strong>Reviews<\/strong><\/p>\n\n\n\n<p><em>Sabrina Ramet has assembled a team of highly respectable country specialists to offer a fresh and historiographically updated reading of interwar developments in East Central Europe. The volume is bookended by two excellent comparative and theoretically informed essays carefully weighing the multiplicity of factors contributing to the instability of the interwar regimes. As a result this survey succeeds admirably in producing a nuanced narrative and analysis<\/em>.<\/p>\n\n\n\n<p><strong>Maria Todorova, University of Illinois at Urbana-Champaign, USA<\/strong><\/p>\n\n\n\n<p><em>Sabrina Ramet, together with a roster of other eminent scholars, has produced an exciting new history of interwar East Central Europe. The volume has a clear focus on the failure of democracy (1918 to 1941), and on the bedeviling issues of ethnic minorities and of peasants; the latter made up an overwhelming majority of much of the region&#8217;s population. The book will be of great interest to political scientists and historians of East Central Europe, and of Europe more generally, and it is perfect for classroom use<\/em>.<\/p>\n\n\n\n<p><strong>Irina Livezeanu, University of Pittsburgh, USA<\/strong><\/p>\n\n\n\n<p><em>&#8230;the strength of this collection is that its contributions are written by experts who speak the languages \u200b\u200bof the countries they discuss, an that numerous recent sources are drawn upon.<\/em><\/p>\n\n\n\n<p><strong>Nikica Bari\u0107, University of Zagreb, Croatia, Casopis za suvremenu povjest (Journal of Contemporary History)<\/strong><\/p>\n\n\n\n<hr class=\"wp-block-separator\"\/>\n\n\n\n<p>Published May 20, 2020 by Routledge<\/p>\n\n\n\n<p>340 Pages<\/p>\n\n\n\n<p><a href=\"https:\/\/www.routledge.com\/Interwar-East-Central-Europe-1918-1941-The-Failure-of-Democracy-building\/Ramet\/p\/book\/9780367135713\">https:\/\/www.routledge.com\/Interwar-East-Central-Europe-1918-1941-The-Failure-of-Democracy-building\/Ramet\/p\/book\/9780367135713<\/a><\/p>\n\n\n\n<hr class=\"wp-block-separator\"\/>\n\n\n\n<p><strong><em>\u010casopis za suvremenu povijest<\/em><\/strong>, Vol. 52 No. 2, 2020.<\/p>\n\n\n\n<p>Recenzija, Prikaz<\/p>\n\n\n\n<p><strong>Sabrina P. Ramet, ur., Interwar East Central Europe, 1918-1941, The Failure of Democracy-building, the Fate of Minorities (Abingdon, Oxon; New York: Routledge, 2020), xx + 339 str.<\/strong><\/p>\n\n\n\n<p>Nikica Bari\u0107 ; Hrvatski institut za povijest, Zagreb, Hrvatska<\/p>\n\n\n\n<p>str. 663-668<\/p>\n\n\n\n<p><a href=\"https:\/\/hrcak.srce.hr\/241248\">https:\/\/hrcak.srce.hr\/241248<\/a><\/p>\n\n\n\n<hr class=\"wp-block-separator\"\/>\n","protected":false},"excerpt":{"rendered":"","protected":false},"author":2,"featured_media":22175,"comment_status":"open","ping_status":"open","sticky":false,"template":"","format":"standard","meta":{"_acf_changed":false,"jetpack_post_was_ever_published":false,"_jetpack_newsletter_access":"","_jetpack_dont_email_post_to_subs":false,"_jetpack_newsletter_tier_id":0,"_jetpack_memberships_contains_paywalled_content":false,"_jetpack_memberships_contains_paid_content":false,"footnotes":"","jetpack_publicize_message":"","jetpack_publicize_feature_enabled":true,"jetpack_social_post_already_shared":true,"jetpack_social_options":{"image_generator_settings":{"template":"highway","default_image_id":0,"font":"","enabled":false},"version":2}},"categories":[8,3],"tags":[],"class_list":["post-22174","post","type-post","status-publish","format-standard","has-post-thumbnail","hentry","category-knjige","category-novosti"],"acf":{"facebook_opis":""},"jetpack_publicize_connections":[],"jetpack_featured_media_url":"https:\/\/i0.wp.com\/historiografija.hr\/wp-content\/uploads\/2020\/07\/ramet-scaled.jpg?fit=1687%2C2560&ssl=1","jetpack_sharing_enabled":true,"jetpack-related-posts":[{"id":52673,"url":"https:\/\/historiografija.hr\/?p=52673","url_meta":{"origin":22174,"position":0},"title":"TWO POSTDOCTORAL POSITIONS IN THE &#8220;PROLETGARD ERC STARTING GRANT PROJECT&#8221;, KASS\u00c1K FOUNDATION, BUDAPEST (DEADLINE: 1ST MAY 2026)","author":"Branimir Jankovi\u0107","date":"27. travnja 2026.","format":false,"excerpt":"This five-year ERC-funded project examines how avant-garde art contributed to the formation of a workers\u2019 movement counterculture in East Central Europe after 1918. It argues that socialist and avant-garde periodicals, groups, and figures shaped both avant-garde culture and transnational workers\u2019 movements. Focusing on the successor states of the Austro\u2013Hungarian Empire\u2026","rel":"","context":"U &quot;Novosti&quot;","block_context":{"text":"Novosti","link":"https:\/\/historiografija.hr\/?cat=3"},"img":{"alt_text":"","src":"https:\/\/i0.wp.com\/historiografija.hr\/wp-content\/uploads\/2017\/10\/hsozkult.png?fit=1006%2C241&ssl=1&resize=350%2C200","width":350,"height":200,"srcset":"https:\/\/i0.wp.com\/historiografija.hr\/wp-content\/uploads\/2017\/10\/hsozkult.png?fit=1006%2C241&ssl=1&resize=350%2C200 1x, https:\/\/i0.wp.com\/historiografija.hr\/wp-content\/uploads\/2017\/10\/hsozkult.png?fit=1006%2C241&ssl=1&resize=525%2C300 1.5x, https:\/\/i0.wp.com\/historiografija.hr\/wp-content\/uploads\/2017\/10\/hsozkult.png?fit=1006%2C241&ssl=1&resize=700%2C400 2x"},"classes":[]},{"id":52613,"url":"https:\/\/historiografija.hr\/?p=52613","url_meta":{"origin":22174,"position":1},"title":"No\u0107 knjige u Hrvatskom dr\u017eavnom arhivu","author":"Branimir Jankovi\u0107","date":"22. travnja 2026.","format":false,"excerpt":"Predstavljanje knjige Rajke Bu\u0107in \u201dLije\u010denje i zbrinjavanje \u017didova u Bolnici sestara milosrdnica u Zagrebu 1941. \u2013 1945.\u201d u \u010detvrtak, 23. travnja 2026. u 13 sati u Hrvatskom dr\u017eavnom arhivu u Zagrebu. Izvor: https:\/\/www.arhiv.hr\/hr-hr\/Kulturno-prosvjetne-aktivnosti\/ArticleId\/1986\/oamid\/1633","rel":"","context":"U &quot;Novosti&quot;","block_context":{"text":"Novosti","link":"https:\/\/historiografija.hr\/?cat=3"},"img":{"alt_text":"","src":"https:\/\/i0.wp.com\/historiografija.hr\/wp-content\/uploads\/2026\/04\/noc_knjige_2026.jpg?fit=680%2C276&ssl=1&resize=350%2C200","width":350,"height":200,"srcset":"https:\/\/i0.wp.com\/historiografija.hr\/wp-content\/uploads\/2026\/04\/noc_knjige_2026.jpg?fit=680%2C276&ssl=1&resize=350%2C200 1x, https:\/\/i0.wp.com\/historiografija.hr\/wp-content\/uploads\/2026\/04\/noc_knjige_2026.jpg?fit=680%2C276&ssl=1&resize=525%2C300 1.5x"},"classes":[]},{"id":52688,"url":"https:\/\/historiografija.hr\/?p=52688","url_meta":{"origin":22174,"position":2},"title":"Eleonora Naxidou and Yura Konstantinova \u201eBalkan Perspectives of Europe: Between East and West\u201c","author":"Filip \u0160imunjak","date":"28. travnja 2026.","format":false,"excerpt":"Through the lens of the Balkan nations, this volume makes a valuable and significant contribution to the fields of European and Southeast European studies by reconsidering the East\/West dichotomy \u2013 both in terms of the Orient\u2013Occident divide and the Eastern\u2013Western Europe binary. Balkan Perspectives of Europe focuses on concepts of\u2026","rel":"","context":"U &quot;Knjige&quot;","block_context":{"text":"Knjige","link":"https:\/\/historiografija.hr\/?cat=8"},"img":{"alt_text":"","src":"https:\/\/i0.wp.com\/historiografija.hr\/wp-content\/uploads\/2026\/04\/Balkan-Perspectives-of-Europe-Between-East-and-West.jpg?fit=350%2C525&ssl=1&resize=350%2C200","width":350,"height":200},"classes":[]},{"id":52148,"url":"https:\/\/historiografija.hr\/?p=52148","url_meta":{"origin":22174,"position":3},"title":"Poziv za prijavu na me\u0111unarodnu znanstvenu konferenciju \u201eGranice (ne)slobode: Zadarski krug 1966. Intelektualna opozicija u totalitarnom dru\u0161tvu\u201c","author":"Branimir Jankovi\u0107","date":"27. o\u017eujka 2026.","format":false,"excerpt":"\u00a0\u00a0\u00a0\u00a0 Povodom \u0161ezdesete obljetnice poku\u0161aja osnivanja \u010dasopisa Slobodan glas u Zadru 1966. godine, pozivamo vas na znanstvenu konferenciju posve\u0107enu istra\u017eivanju disidentstva, intelektualne opozicije i granica divergentnog mi\u0161ljenja nasuprot slu\u017ebenoj ideologiji u komunisti\u010dkoj Jugoslaviji. Ideja konferencije je analizirati konkretan fenomen zadarskog slu\u010daja razloge i okolnosti njegove pojave, ali uz otvaranje komparativnih\u2026","rel":"","context":"U &quot;Novosti&quot;","block_context":{"text":"Novosti","link":"https:\/\/historiografija.hr\/?cat=3"},"img":{"alt_text":"","src":"https:\/\/i0.wp.com\/historiografija.hr\/wp-content\/uploads\/2026\/03\/Poziv-konferencija-Zadar.jpg?fit=1200%2C509&ssl=1&resize=350%2C200","width":350,"height":200,"srcset":"https:\/\/i0.wp.com\/historiografija.hr\/wp-content\/uploads\/2026\/03\/Poziv-konferencija-Zadar.jpg?fit=1200%2C509&ssl=1&resize=350%2C200 1x, https:\/\/i0.wp.com\/historiografija.hr\/wp-content\/uploads\/2026\/03\/Poziv-konferencija-Zadar.jpg?fit=1200%2C509&ssl=1&resize=525%2C300 1.5x, https:\/\/i0.wp.com\/historiografija.hr\/wp-content\/uploads\/2026\/03\/Poziv-konferencija-Zadar.jpg?fit=1200%2C509&ssl=1&resize=700%2C400 2x, https:\/\/i0.wp.com\/historiografija.hr\/wp-content\/uploads\/2026\/03\/Poziv-konferencija-Zadar.jpg?fit=1200%2C509&ssl=1&resize=1050%2C600 3x"},"classes":[]},{"id":52505,"url":"https:\/\/historiografija.hr\/?p=52505","url_meta":{"origin":22174,"position":4},"title":"Izlo\u017eba &#8220;Eschenstock \/ Jasenov prut&#8221;","author":"Branimir Jankovi\u0107","date":"17. travnja 2026.","format":false,"excerpt":"Srpsko narodno vije\u0107e (SNV) i Vizura aperta postavljaju izlo\u017ebu \u0161vicarskog slikara Velimira Ili\u0161evi\u0107a: Eschenstock \/ Jasenov prut. Izlo\u017eba se uz prisustvo autora otvara povodom 81. godi\u0161njice proboja logora\u0161a iz usta\u0161kog logora smrti Jasenovac 22. aprila 2026. u 19 sati u Srpskom kulturnom centru (SKC) u Preradovi\u0107evoj ulici 21 u Zagrebu.\u2026","rel":"","context":"U &quot;Izlo\u017ebe&quot;","block_context":{"text":"Izlo\u017ebe","link":"https:\/\/historiografija.hr\/?cat=10"},"img":{"alt_text":"","src":"https:\/\/i0.wp.com\/historiografija.hr\/wp-content\/uploads\/2026\/04\/Jasenov_prut.jpg?fit=1024%2C640&ssl=1&resize=350%2C200","width":350,"height":200,"srcset":"https:\/\/i0.wp.com\/historiografija.hr\/wp-content\/uploads\/2026\/04\/Jasenov_prut.jpg?fit=1024%2C640&ssl=1&resize=350%2C200 1x, https:\/\/i0.wp.com\/historiografija.hr\/wp-content\/uploads\/2026\/04\/Jasenov_prut.jpg?fit=1024%2C640&ssl=1&resize=525%2C300 1.5x, https:\/\/i0.wp.com\/historiografija.hr\/wp-content\/uploads\/2026\/04\/Jasenov_prut.jpg?fit=1024%2C640&ssl=1&resize=700%2C400 2x"},"classes":[]},{"id":52569,"url":"https:\/\/historiografija.hr\/?p=52569","url_meta":{"origin":22174,"position":5},"title":"[Predavanje] Ne \u010dekaju\u0107i inspiraciju \u2013 anga\u017eovane intelektualne, kulturalne i umetni\u010dke prakse u me\u0111uratnom periodu: teorija i praksa kriti\u010dke levice u jugoslovenskoj kulturi (YugoLab)","author":"Branimir Jankovi\u0107","date":"21. travnja 2026.","format":false,"excerpt":"U vreme agresivnog ja\u010danja globalne desnice, (pro)fa\u0161isti\u010dkih, rasisti\u010dkih i imperijalisti\u010dkih politika, dok je istovremeno globalna levica izrazito slaba, a progresivni pokreti atomizirani i fragmentisani, va\u017eno je iz savremene perspektive vratiti se revolucionarnim i emancipatorskim zbivanjima u jugoslovenskom (ali i s njima u vezi internacionalnim de\u0161avanjima), kao i dru\u0161tvenoj ulozi kulturalnih\u2026","rel":"","context":"U &quot;Novosti&quot;","block_context":{"text":"Novosti","link":"https:\/\/historiografija.hr\/?cat=3"},"img":{"alt_text":"","src":"","width":0,"height":0},"classes":[]}],"_links":{"self":[{"href":"https:\/\/historiografija.hr\/index.php?rest_route=\/wp\/v2\/posts\/22174","targetHints":{"allow":["GET"]}}],"collection":[{"href":"https:\/\/historiografija.hr\/index.php?rest_route=\/wp\/v2\/posts"}],"about":[{"href":"https:\/\/historiografija.hr\/index.php?rest_route=\/wp\/v2\/types\/post"}],"author":[{"embeddable":true,"href":"https:\/\/historiografija.hr\/index.php?rest_route=\/wp\/v2\/users\/2"}],"replies":[{"embeddable":true,"href":"https:\/\/historiografija.hr\/index.php?rest_route=%2Fwp%2Fv2%2Fcomments&post=22174"}],"version-history":[{"count":4,"href":"https:\/\/historiografija.hr\/index.php?rest_route=\/wp\/v2\/posts\/22174\/revisions"}],"predecessor-version":[{"id":22179,"href":"https:\/\/historiografija.hr\/index.php?rest_route=\/wp\/v2\/posts\/22174\/revisions\/22179"}],"wp:featuredmedia":[{"embeddable":true,"href":"https:\/\/historiografija.hr\/index.php?rest_route=\/wp\/v2\/media\/22175"}],"wp:attachment":[{"href":"https:\/\/historiografija.hr\/index.php?rest_route=%2Fwp%2Fv2%2Fmedia&parent=22174"}],"wp:term":[{"taxonomy":"category","embeddable":true,"href":"https:\/\/historiografija.hr\/index.php?rest_route=%2Fwp%2Fv2%2Fcategories&post=22174"},{"taxonomy":"post_tag","embeddable":true,"href":"https:\/\/historiografija.hr\/index.php?rest_route=%2Fwp%2Fv2%2Ftags&post=22174"}],"curies":[{"name":"wp","href":"https:\/\/api.w.org\/{rel}","templated":true}]}}