{"id":22089,"date":"2020-07-17T09:11:25","date_gmt":"2020-07-17T09:11:25","guid":{"rendered":"http:\/\/historiografija.hr\/?p=22089"},"modified":"2020-07-17T09:11:25","modified_gmt":"2020-07-17T09:11:25","slug":"deveti-krug-na-cannes-classicsu-2020","status":"publish","type":"post","link":"https:\/\/historiografija.hr\/?p=22089","title":{"rendered":"\u201cDeveti krug\u201d na Cannes Classicsu 2020."},"content":{"rendered":"\n<p>Dugometra\u017eni igrani film <em>Deveti krug<\/em> slovenskog redatelja France \u0160tiglica iz 1960., snimljen pod okriljem Jadran filma, prikazat \u0107e se u sklopu programa Cannes Classics Filmskog festivala u Cannesu. Program je ina\u010de namijenjen svje\u017ee restauriranim filmskim klasicima.&nbsp;<\/p>\n\n\n\n<p><em>&#8220;Ponosni smo da je jedan na\u0161 filmski klasik po prvi puta prihva\u0107en u program Cannes Classics. Selekcija u Cannesu se temelji prvobitno na kvaliteti filma redatelja France \u0160tiglica, ali tu se radi i o kvaliteti restauracije i ukazuje na veliki zadatak koji je pred nama da se restauriraju i ostala djela na\u0161e ba\u0161tine, a koja su velikim dijelom u derutnom stanju&#8221;,<\/em> rekao je tim povodom ravnatelj Hrvatskog audiovizualnog centra, <strong>Chris Marcich<\/strong>.&nbsp;<\/p>\n\n\n\n<p><em>Deveti krug<\/em>&nbsp;slovenskog redatelja <strong>France \u0160tiglica<\/strong>, premijerno prikazan na Filmskom festivalu u Cannesu 1960. godine, digitalno su restaurirali zagreba\u010dki studiji Ater i Klik film za Hrvatski dr\u017eavni arhiv, uz potporu Hrvatskog audiovizualnog centra.&nbsp;<\/p>\n\n\n\n<p><em>&#8220;Nakon pa\u017eljivog tehni\u010dkog pregleda svih postoje\u0107ih materijala na filmskoj vrpci i probnog skeniranja pojedinih izvornika odlu\u010deno je da \u0107e se za restauraciju koristiti originalni negativ iz 1960. godine i kombinirani dubl pozitiv nastao fotokemijskom restauracijom 2001. godine. Ovi izvornici skenirani su u rezoluciji od 2K te se pristupilo digitalnom uklanjanju mehani\u010dkih i kemijskih o\u0161te\u0107enja slike i zvuka koriste\u0107i specijalizirane softverske alate. Radi se o izuzetno osjetljivom i zahtjevnom poslu usporedivom s restauracijom slikarskih djela \u2013 o\u0161te\u0107enja se uklanjaju kvadrat po kvadrat, paze\u0107i pritom da se ne naru\u0161i izvorna tekstura filmske slike.&nbsp;<\/em><\/p>\n\n\n\n<p><em>Kako je kona\u010dni cilj restauracije predo\u010diti dana\u0161njoj publici izgled filma iz vremena njegovog nastanka, a nikako &#8216;pobolj\u0161ati&#8217; ili modernizirati sliku i zvuk, razli\u010dite sitne nesavr\u0161enosti uvjetovane ograni\u010denjima onodobne laboratorijske tehnike zadr\u017eane su i u digitalno restauriranoj verziji. Upravo u tome krije se i najve\u0107i izazov ovog projekta \u2013 kroz primjenu suvremene digitalne tehnologije i po\u0161tivanje eti\u010dkih postulata filmske restauracije trebalo je o\u017eiviti sve pojavne karakteristike djela nastalog prije 60 godina&#8221;, <\/em>obja\u0161njava <strong>Vjeran Pavlini\u0107<\/strong>, supervizor digitalne restauracije iz Hrvatske kinoteke Hrvatskog dr\u017eavnog arhiva.&nbsp;<\/p>\n\n\n\n<p><em>&#8220;Hrvatska kinoteka Hrvatskog dr\u017eavnog arhiva od svog osnutka sustavno, uz podr\u0161ku Ministarstva kulture RH i Hrvatskog audiovizualnog centra, provodi postupke za\u0161tite nacionalne filmske ba\u0161tine u svrhu dugoro\u010dnog o\u010duvanja filmskih djela. Digitalizacija i restauracija filma &#8216;Deveti krug&#8217; nastavak je tog djelovanja s ciljem da dana\u0161njoj publici u\u010dinimo dostupnima hrvatske filmske klasike, a stru\u010dnoj javnosti ponovo stavimo u fokus odre\u0111ene naslove i autore s ciljem nove valorizacije.<\/em><\/p>\n\n\n\n<p><em>Uvr\u0161tenje restauriranog hrvatskog filma u program Cannes Classics prije svega je iznimna pohvala jednog od najpresti\u017enijih filmskih festivala naporima Hrvatske kinoteke Hrvatskog dr\u017eavnog arhiva na o\u010duvanju audiovizualne ba\u0161tine i poticaj da nastavimo s aktivnostima koje o\u010dito idu u dobrom smjeru. Uvr\u0161tenje restauriranog filma &#8216;Deveti krug&#8217; u program dr\u017eimo izuzetno zna\u010dajnim i za sveukupnu djelatnost vezanu uz za\u0161titu svjetske filmske ba\u0161tine jer omogu\u0107ava vidljivost blagu koje se krije u spremi\u0161tima filmskih arhiva i kinoteka i koje bi mo\u017eda ostalo skriveno, da nije programa i manifestacija poput Cannes Classics koji u okviru velike svjetske pozornice poti\u010du pa\u017enju na filmsku ba\u0161tinu.&nbsp;Nadamo se da su ovim sudjelovanjem od\u0161krinuta vrata i drugim hrvatskim ba\u0161tinskim filmovima za njihov &#8216;novi \u017eivot'&#8221;,&nbsp; <\/em>dodao je <strong>Dinko Majcen<\/strong>, voditelj projekta restauracije i pro\u010delnik Hrvatske kinoteke Hrvatskog dr\u017eavnog arhiva.&nbsp;<\/p>\n\n\n\n<p>Ratnu dramu <em>Deveti krug<\/em> re\u017eirao je <strong>France \u0160tiglic<\/strong>, a scenarij je napisala <strong>Zora Dirnbach<\/strong>. Uloge u filmu nose <strong>Du\u0161ica \u017degarac, Boris Dvornik, Beba Lon\u010dar, Dragan Milivojevi\u0107, Ervina Dragman, Branko Tati\u0107<\/strong> i drugi. Film je snimao <strong>Ivan Marin\u010dek<\/strong>, montirala ga je <strong>Lida Brani\u0161<\/strong>, a za glazbu je bio zadu\u017een <strong>Branimir Saka\u010d<\/strong>. Film je nastao u produkciji Jadran filma.&nbsp;<\/p>\n\n\n\n<p>Radnja <em>Devetog kruga<\/em> smje\u0161tena je u Zagreb za vrijeme Drugog svjetskog rata, kada usta\u0161ka vlast provodi sve \u017ee\u0161\u0107i progon \u017eidova. Mlada \u017eidovka Ruth samo sretnom okolno\u0161\u0107u uspijeva izbje\u0107i logor, ali ostaje bez roditelja i brata. Obiteljski prijatelji pru\u017eaju joj uto\u010di\u0161te i udaju je za svog sina studenta kako bi je za\u0161titili od progona. Kako taj fiktivni brak ograni\u010dava njegovu slobodu, novope\u010deni mu\u017e se buni, ali ubrzo uvi\u0111a da za djevojku, s kojom se dru\u017eio od malena, nema druge nade za spas. Ne prolazi dugo i dvoje mladih se doista i zaljubljuju jedno u drugo, no zbog male neopreznosti Ruth zavr\u0161ava u &#8216;Devetom krugu&#8217;, zloglasnom logoru za mlade \u017eene\u2026<\/p>\n\n\n\n<p>Osim \u0161to je 1960. bio nominiran za Zlatnu palmu u Cannesu, film je sljede\u0107e godine bio nominiran i za Oscara, za najbolji strani film. Na Pulskom filmskom festivalu 1960. je trijumfirao s Velikom Zlatnom Arenom za najbolji film te Zlatnom Arenom za Zoru Dirnbach &#8211; prvu \u017eenu kojoj je pripala ta nagrada. Zlatnu Arenu dobili su i Branko Tati\u0107 za sporednu ulogu, Ivan Marin\u010dek za kameru te Branimir Saka\u010d za glazbu. Film je tada osvojio i nagradu publike.&nbsp;<\/p>\n\n\n\n<p>U ovogodi\u0161nje, 17. izdanje programa Cannes Classics uvr\u0161teno je 25 dugometra\u017enih igranih i sedam dokumentarnih filmova. Zbog <a href=\"https:\/\/www.havc.hr\/infocentar\/novosti\/cannes-2020-festival-se-nece-odrzati-ni-u-srpnju-sajam-je-prebacen-online-paralelni-programi-otkazani\" target=\"_blank\" rel=\"noreferrer noopener\">odgode Filmskog festivala u Cannesu<\/a>, ove \u0107e se godine program Cannes Classics izvanredno, djelomi\u010dno ili u cijelosti, odvijati u sklopu Lumi\u00e8re Film Festivala u francuskom Lyonu koji se odr\u017eava od 10. do 18. listopada te filmskom festivalu Rencontres Cin\u00e9matographiques de Cannes, koji traje od 23. do 26. studenog.<\/p>\n\n\n\n<p>U sklopu programa \u0107e se, osim <em>Devetog kruga<\/em>, prikazati i <em>Ko to tamo peva<\/em> (1980.) <strong>Slobodana \u0160ijana<\/strong>. Restaurirana verzija filma <em>Raspolo\u017eeni za ljubav<\/em> (<em>In the Mood for Love<\/em>) hongkong\u0161kog redatelja <strong>Wong Kar-waija<\/strong>&nbsp;tako\u0111er \u0107e se prikazati u svom &#8216;novom ruhu&#8217;, u \u010dast 20. godi\u0161njice premijere u Cannesu. U programu Cannes Classics obilje\u017eit \u0107e se i 60. godi\u0161njica remek-djela <em>Do posljednjeg dah<\/em>a (<em>\u00c0 bout de souffle\/Breathless<\/em>) pionira Francuskog novog vala <strong>Jean-Luca Godarda<\/strong>&nbsp;te <em>Avantura<\/em> <em>(L&#8217;Avventura\/The Adventure<\/em>)&nbsp;<strong>Michelangela Antonionija <\/strong>koji je 1960. u Cannesu ovjen\u010dan Nagradom \u017eirija.&nbsp;Osim toga, obilje\u017eava se i 100. ro\u0111endan talijanskog redatelja&nbsp;<strong>Federica Fellinija<\/strong>&nbsp;koji je 1960. iz Cannesa oti\u0161ao sa Zlatnom palmom u rukama za film&nbsp;<em>Slatki \u017eivot<\/em>&nbsp;(<em>La dolce vita<\/em>). Tako \u0107e se, u Cannes Classicu, prikazati restaurirane verzije njegovih filmova&nbsp;<em>Cesta<\/em>&nbsp;(<em>La strada<\/em>, 1956.) i&nbsp;<em>Svjetlosti varijetea<\/em>&nbsp;(<em>Luci del variet\u00e0<\/em>, 1950.) te dokumentarni film o njegovoj fascinaciji metafizi\u010dkim&nbsp;<em>Fellini of the Spirits<\/em>&nbsp;redateljice&nbsp;<strong>Anselme Dell\u2019Olio<\/strong>.&nbsp;<\/p>\n\n\n\n<p>Sve o ovogodi\u0161njem Cannes Classicsu mo\u017eete prona\u0107i na <a href=\"https:\/\/www.festival-cannes.com\/en\/infos-communiques\/communique\/articles\/cannes-classics-2020-1\" target=\"_blank\" rel=\"noreferrer noopener\">ovoj poveznici<\/a>.&nbsp;<\/p>\n\n\n\n<p>Cannes Classic je od 2004. dio slu\u017ebene selekcije Filmskog festivala u Cannesu, zami\u0161ljen kao revija restauriranih filmskih klasika iz cijeloga svijeta. Svake godine, program ponovno o\u017eivljava svjetsku filmsku ba\u0161tinu kroz projekcije filmova, dokumentarce o snimanju filmova, posebna doga\u0111anja te restrospektive.&nbsp;<\/p>\n\n\n\n<p>Naslovne fotografije: scene iz filma <em>Deveti krug<\/em>; vizual programa Cannes Classics 2020<br>(*fotografije iz filma <em>Deveti krug<\/em>:&nbsp;HR-HDA-1392 Zbirka filmskih fotografija hrvatskog filma, Hrvatski dr\u017eavni arhiv \u2013 Hrvatska kinoteka)<\/p>\n\n\n\n<p>Izvor: <a href=\"https:\/\/www.havc.hr\/infocentar\/novosti\/deveti-krug-na-cannes-classicsu-2020\">https:\/\/www.havc.hr\/infocentar\/novosti\/deveti-krug-na-cannes-classicsu-2020<\/a><\/p>\n\n\n\n<hr class=\"wp-block-separator\"\/>\n","protected":false},"excerpt":{"rendered":"","protected":false},"author":2,"featured_media":22090,"comment_status":"open","ping_status":"open","sticky":false,"template":"","format":"standard","meta":{"_acf_changed":false,"jetpack_post_was_ever_published":false,"_jetpack_newsletter_access":"","_jetpack_dont_email_post_to_subs":false,"_jetpack_newsletter_tier_id":0,"_jetpack_memberships_contains_paywalled_content":false,"_jetpack_memberships_contains_paid_content":false,"footnotes":"","jetpack_publicize_message":"","jetpack_publicize_feature_enabled":true,"jetpack_social_post_already_shared":true,"jetpack_social_options":{"image_generator_settings":{"template":"highway","default_image_id":0,"font":"","enabled":false},"version":2}},"categories":[13,3],"tags":[],"class_list":["post-22089","post","type-post","status-publish","format-standard","has-post-thumbnail","hentry","category-filmovi-i-serije","category-novosti"],"acf":{"facebook_opis":""},"jetpack_publicize_connections":[],"jetpack_featured_media_url":"https:\/\/i0.wp.com\/historiografija.hr\/wp-content\/uploads\/2020\/07\/Deveti-krug.jpg?fit=700%2C400&ssl=1","jetpack_sharing_enabled":true,"jetpack-related-posts":[{"id":52148,"url":"https:\/\/historiografija.hr\/?p=52148","url_meta":{"origin":22089,"position":0},"title":"Poziv za prijavu na me\u0111unarodnu znanstvenu konferenciju \u201eGranice (ne)slobode: Zadarski krug 1966. Intelektualna opozicija u totalitarnom dru\u0161tvu\u201c","author":"Branimir Jankovi\u0107","date":"27. o\u017eujka 2026.","format":false,"excerpt":"\u00a0\u00a0\u00a0\u00a0 Povodom \u0161ezdesete obljetnice poku\u0161aja osnivanja \u010dasopisa Slobodan glas u Zadru 1966. godine, pozivamo vas na znanstvenu konferenciju posve\u0107enu istra\u017eivanju disidentstva, intelektualne opozicije i granica divergentnog mi\u0161ljenja nasuprot slu\u017ebenoj ideologiji u komunisti\u010dkoj Jugoslaviji. Ideja konferencije je analizirati konkretan fenomen zadarskog slu\u010daja razloge i okolnosti njegove pojave, ali uz otvaranje komparativnih\u2026","rel":"","context":"U &quot;Novosti&quot;","block_context":{"text":"Novosti","link":"https:\/\/historiografija.hr\/?cat=3"},"img":{"alt_text":"","src":"https:\/\/i0.wp.com\/historiografija.hr\/wp-content\/uploads\/2026\/03\/Poziv-konferencija-Zadar.jpg?fit=1200%2C509&ssl=1&resize=350%2C200","width":350,"height":200,"srcset":"https:\/\/i0.wp.com\/historiografija.hr\/wp-content\/uploads\/2026\/03\/Poziv-konferencija-Zadar.jpg?fit=1200%2C509&ssl=1&resize=350%2C200 1x, https:\/\/i0.wp.com\/historiografija.hr\/wp-content\/uploads\/2026\/03\/Poziv-konferencija-Zadar.jpg?fit=1200%2C509&ssl=1&resize=525%2C300 1.5x, https:\/\/i0.wp.com\/historiografija.hr\/wp-content\/uploads\/2026\/03\/Poziv-konferencija-Zadar.jpg?fit=1200%2C509&ssl=1&resize=700%2C400 2x, https:\/\/i0.wp.com\/historiografija.hr\/wp-content\/uploads\/2026\/03\/Poziv-konferencija-Zadar.jpg?fit=1200%2C509&ssl=1&resize=1050%2C600 3x"},"classes":[]},{"id":52631,"url":"https:\/\/historiografija.hr\/?p=52631","url_meta":{"origin":22089,"position":1},"title":"Predavanje Ivana Tepe\u0161a: Djelovanje hrvatske politi\u010dke emigracije","author":"Branimir Jankovi\u0107","date":"23. travnja 2026.","format":false,"excerpt":"Odjel za me\u0111unarodnu suradnju i iseljeni\u0161tvo Matice hrvatske Predavanje Ivana Tepe\u0161a: Djelovanje hrvatske politi\u010dke emigracije Utorak, 28. travnja 2026. u 18:00 sati, Dvorana Ljudevita Jonkea (Mala dvorana MH), Strossmayerov trg 4, Zagreb dr. sc. Ivan Tepe\u0161, Institut za istra\u017eivanje migracija Hrvatska politi\u010dka emigracija obilje\u017eila je polustoljetnu hrvatsku povijest u drugoj\u2026","rel":"","context":"U &quot;Novosti&quot;","block_context":{"text":"Novosti","link":"https:\/\/historiografija.hr\/?cat=3"},"img":{"alt_text":"","src":"","width":0,"height":0},"classes":[]},{"id":52669,"url":"https:\/\/historiografija.hr\/?p=52669","url_meta":{"origin":22089,"position":2},"title":"Predavanje Igora Dude &#8220;Odmor kao \u017eivotna potreba: o slobodnom vremenu u socijalisti\u010dkoj Jugoslaviji&#8221;","author":"Branimir Jankovi\u0107","date":"27. travnja 2026.","format":false,"excerpt":"U sklopu proljetnog ciklusa programa\u00a0Kriti\u010dka dramaturgija: pauza, u\u00a0subotu, 25. travnja 2026. u 19 sati\u00a0u prostoru Udru\u017eenja hrvatskih arhitekata povjesni\u010dar Igor Duda\u00a0odr\u017eao je predavanje naslovljeno\u00a0Odmor kao \u017eivotna potreba: o slobodnom vremenu u socijalisti\u010dkoj Jugoslaviji. Industrijalizacija i urbanizacija dru\u0161tava u povijesti su zna\u010dile i prelazak s predindustrijskog na industrijsko shva\u0107anje vremena. Ono\u2026","rel":"","context":"U &quot;Novosti&quot;","block_context":{"text":"Novosti","link":"https:\/\/historiografija.hr\/?cat=3"},"img":{"alt_text":"","src":"https:\/\/i0.wp.com\/historiografija.hr\/wp-content\/uploads\/2026\/04\/Duda.png?fit=1200%2C628&ssl=1&resize=350%2C200","width":350,"height":200,"srcset":"https:\/\/i0.wp.com\/historiografija.hr\/wp-content\/uploads\/2026\/04\/Duda.png?fit=1200%2C628&ssl=1&resize=350%2C200 1x, https:\/\/i0.wp.com\/historiografija.hr\/wp-content\/uploads\/2026\/04\/Duda.png?fit=1200%2C628&ssl=1&resize=525%2C300 1.5x, https:\/\/i0.wp.com\/historiografija.hr\/wp-content\/uploads\/2026\/04\/Duda.png?fit=1200%2C628&ssl=1&resize=700%2C400 2x, https:\/\/i0.wp.com\/historiografija.hr\/wp-content\/uploads\/2026\/04\/Duda.png?fit=1200%2C628&ssl=1&resize=1050%2C600 3x"},"classes":[]},{"id":52619,"url":"https:\/\/historiografija.hr\/?p=52619","url_meta":{"origin":22089,"position":3},"title":"Predavanje \u0110ur\u0111ice Vitkovi\u0107 &#8220;Izme\u0111u pera i objektiva: Zagorka i Foto Tonka&#8221;","author":"Branimir Jankovi\u0107","date":"23. travnja 2026.","format":false,"excerpt":"Memorijalni stan Marije Juri\u0107 Zagorke poziva Vas na predavanje \u0110ur\u0111ice Vitkovi\u0107 \u201eIzme\u0111u pera i objektiva: Zagorka i Foto Tonka\u201c koje \u0107e se odr\u017eati u utorak, 28. travnja 2026. s po\u010detkom u 18 h u sklopu Ciklusa predavanja u Memorijalnom stanu Marije Juri\u0107 Zagorke. Kako su se susrele knji\u017eevnost i fotografija\u2026","rel":"","context":"U &quot;Novosti&quot;","block_context":{"text":"Novosti","link":"https:\/\/historiografija.hr\/?cat=3"},"img":{"alt_text":"","src":"https:\/\/i0.wp.com\/historiografija.hr\/wp-content\/uploads\/2024\/11\/Zagorka_ciklus.jpg?fit=1200%2C1006&ssl=1&resize=350%2C200","width":350,"height":200,"srcset":"https:\/\/i0.wp.com\/historiografija.hr\/wp-content\/uploads\/2024\/11\/Zagorka_ciklus.jpg?fit=1200%2C1006&ssl=1&resize=350%2C200 1x, https:\/\/i0.wp.com\/historiografija.hr\/wp-content\/uploads\/2024\/11\/Zagorka_ciklus.jpg?fit=1200%2C1006&ssl=1&resize=525%2C300 1.5x, https:\/\/i0.wp.com\/historiografija.hr\/wp-content\/uploads\/2024\/11\/Zagorka_ciklus.jpg?fit=1200%2C1006&ssl=1&resize=700%2C400 2x, https:\/\/i0.wp.com\/historiografija.hr\/wp-content\/uploads\/2024\/11\/Zagorka_ciklus.jpg?fit=1200%2C1006&ssl=1&resize=1050%2C600 3x"},"classes":[]},{"id":52539,"url":"https:\/\/historiografija.hr\/?p=52539","url_meta":{"origin":22089,"position":4},"title":"Drugi po redu studentski simpozij &#8220;In fonte veritas&#8221;","author":"Branimir Jankovi\u0107","date":"20. travnja 2026.","format":false,"excerpt":"U srijedu, 22. travnja 2026. godine, u dvorani C 0.4 na Hrvatskom katoli\u010dkom sveu\u010dili\u0161tu odr\u017eat \u0107e se drugi studentski simpozij \u201eIn fonte veritas\". Ovogodi\u0161nja sredi\u0161nja tema simpozija je Papinstvo. Kroz istra\u017eiva\u010dko suo\u010davanje s povijesnim izvorima deset \u0107e studenata predstaviti rezultate svojih istra\u017eivanja o instituciji koja je stolje\u0107ima oblikovala europsku i\u2026","rel":"","context":"U &quot;Novosti&quot;","block_context":{"text":"Novosti","link":"https:\/\/historiografija.hr\/?cat=3"},"img":{"alt_text":"","src":"https:\/\/i0.wp.com\/historiografija.hr\/wp-content\/uploads\/2026\/04\/Papinstvo.png?fit=1024%2C500&ssl=1&resize=350%2C200","width":350,"height":200,"srcset":"https:\/\/i0.wp.com\/historiografija.hr\/wp-content\/uploads\/2026\/04\/Papinstvo.png?fit=1024%2C500&ssl=1&resize=350%2C200 1x, https:\/\/i0.wp.com\/historiografija.hr\/wp-content\/uploads\/2026\/04\/Papinstvo.png?fit=1024%2C500&ssl=1&resize=525%2C300 1.5x, https:\/\/i0.wp.com\/historiografija.hr\/wp-content\/uploads\/2026\/04\/Papinstvo.png?fit=1024%2C500&ssl=1&resize=700%2C400 2x"},"classes":[]},{"id":52508,"url":"https:\/\/historiografija.hr\/?p=52508","url_meta":{"origin":22089,"position":5},"title":"Glazbena radionica \u201eDUGMETARA REVISITED\u201c","author":"Branimir Jankovi\u0107","date":"17. travnja 2026.","format":false,"excerpt":"DUGMETARA REVISITED glazbena radionica vodi: Ana Horvat 13., 20. i 27. travnja, od 18 do 20 sati Radiona, Nova cesta 186 Na tri radioni\u010dka susreta uranjamo u naslje\u0111e Dugmetare, biv\u0161e tvornice dugmadi na Savskoj cesti koja je po\u010detkom 2000-ih igrom slu\u010daja postala \u017eivo, jedinstveno mjesto glazbene proizvodnje. Svoje su probe\u2026","rel":"","context":"U &quot;Novosti&quot;","block_context":{"text":"Novosti","link":"https:\/\/historiografija.hr\/?cat=3"},"img":{"alt_text":"","src":"https:\/\/i0.wp.com\/historiografija.hr\/wp-content\/uploads\/2026\/04\/TRESNJA_TRESTI.jpg?fit=380%2C475&ssl=1&resize=350%2C200","width":350,"height":200},"classes":[]}],"_links":{"self":[{"href":"https:\/\/historiografija.hr\/index.php?rest_route=\/wp\/v2\/posts\/22089","targetHints":{"allow":["GET"]}}],"collection":[{"href":"https:\/\/historiografija.hr\/index.php?rest_route=\/wp\/v2\/posts"}],"about":[{"href":"https:\/\/historiografija.hr\/index.php?rest_route=\/wp\/v2\/types\/post"}],"author":[{"embeddable":true,"href":"https:\/\/historiografija.hr\/index.php?rest_route=\/wp\/v2\/users\/2"}],"replies":[{"embeddable":true,"href":"https:\/\/historiografija.hr\/index.php?rest_route=%2Fwp%2Fv2%2Fcomments&post=22089"}],"version-history":[{"count":1,"href":"https:\/\/historiografija.hr\/index.php?rest_route=\/wp\/v2\/posts\/22089\/revisions"}],"predecessor-version":[{"id":22091,"href":"https:\/\/historiografija.hr\/index.php?rest_route=\/wp\/v2\/posts\/22089\/revisions\/22091"}],"wp:featuredmedia":[{"embeddable":true,"href":"https:\/\/historiografija.hr\/index.php?rest_route=\/wp\/v2\/media\/22090"}],"wp:attachment":[{"href":"https:\/\/historiografija.hr\/index.php?rest_route=%2Fwp%2Fv2%2Fmedia&parent=22089"}],"wp:term":[{"taxonomy":"category","embeddable":true,"href":"https:\/\/historiografija.hr\/index.php?rest_route=%2Fwp%2Fv2%2Fcategories&post=22089"},{"taxonomy":"post_tag","embeddable":true,"href":"https:\/\/historiografija.hr\/index.php?rest_route=%2Fwp%2Fv2%2Ftags&post=22089"}],"curies":[{"name":"wp","href":"https:\/\/api.w.org\/{rel}","templated":true}]}}