{"id":22081,"date":"2020-07-17T09:02:48","date_gmt":"2020-07-17T09:02:48","guid":{"rendered":"http:\/\/historiografija.hr\/?p=22081"},"modified":"2020-07-17T09:02:48","modified_gmt":"2020-07-17T09:02:48","slug":"jelena-subotic-yellow-star-red-star-holocaust-remembrance-after-communism","status":"publish","type":"post","link":"https:\/\/historiografija.hr\/?p=22081","title":{"rendered":"Jelena Suboti\u0107, \u201cYellow Star, Red Star: Holocaust Remembrance after Communism\u201d"},"content":{"rendered":"\n<p><em>Yellow Star, Red Star<\/em> asks why Holocaust memory continues to be so deeply troubled\u2014ignored, appropriated, and obfuscated\u2014throughout Eastern Europe, even though it was in those lands that most of the extermination campaign occurred. As part of accession to the European Union, Jelena Suboti\u0107 shows, East European states were required to adopt, participate in, and contribute to the established Western narrative of the Holocaust. This requirement created anxiety and resentment in post-communist states: Holocaust memory replaced communist terror as the dominant narrative in Eastern Europe, focusing instead on predominantly Jewish suffering in World War II. Influencing the European Union&#8217;s own memory politics and legislation in the process, post-communist states have attempted to reconcile these two memories by pursuing new strategies of Holocaust remembrance. The memory, symbols, and imagery of the Holocaust have been appropriated to represent crimes of communism.<\/p>\n\n\n\n<p><em>Yellow Star, Red Star<\/em> presents in-depth accounts of Holocaust remembrance practices in Serbia, Croatia, and Lithuania, and extends the discussion to other East European states. The book demonstrates how countries of the region used Holocaust remembrance as a political strategy to resolve their contemporary &#8220;ontological insecurities&#8221;\u2014insecurities about their identities, about their international status, and about their relationships with other international actors. As Suboti\u0107 concludes, Holocaust memory in Eastern Europe has never been about the Holocaust or about the desire to remember the past, whether during communism or in its aftermath. Rather, it has been about managing national identities in a precarious and uncertain world.<\/p>\n\n\n\n<p>&#8220;<em>Yellow Star, Red Star<\/em> is an excellent, in-depth analysis of current political processes afflicting postcommunist Holocaust memory. It should be required reading for anyone studying Eastern Europe, Holocaust memory, and the current rise of ethno-nationalism.&#8221;<\/p>\n\n\n\n<p><em>H-Net:Humanities and Social Sciences<\/em><\/p>\n\n\n\n<p>&#8220;Jelena Subotic, a professor at Georgia State University, has written a fine, compelling and angry book. In <em>Yellow Star, Red Star<\/em>, she argues that Holocaust history in post-Communist countries has been ignored, subverted, adapted, adopted and misused and, in the two Balkan countries, used as a prop for creating post-Yugoslav national identities.&#8221;<\/p>\n\n\n\n<p><em>Financial Times<\/em><\/p>\n\n\n\n<p>&#8220;The complicated politics of memory and commemoration regarding the Holocaust in post-communist Eastern Europe is the subject of Suboti&#8217;s thoughtful analysis&#8230; Disturbing in its implications, this well-written and reasoned work is required reading for those studying history and memory.&#8221;<\/p>\n\n\n\n<p><em>Choice<\/em><\/p>\n\n\n\n<p>&#8220;<em>Yellow Star, Red Sta<\/em>r approaches Holocaust studies from a post-Communist perspective and is an important contribution to the historical canon.&#8221;<\/p>\n\n\n\n<p><em>Foreword<\/em><\/p>\n\n\n\n<p>&#8220;<em>Yellow Star, Red Star<\/em> is a passionate and engaging study of the politics of Holocaust memory in Eastern Europe after communism. Jelena Suboti\u0107 has produced a first-rate piece of scholarship and one that&#8217;s refreshingly enjoyable to read.&#8221;<\/p>\n\n\n\n<p>Jeffrey Kopstein, University of California, Irvine, author of <em>Intimate Violence<\/em><\/p>\n\n\n\n<p>&#8220;Jelena Suboti\u0107 pulls no punches in showing how contemporary problems in Eastern Europe\u2014the rise of the far-right, revival of WWII-era fascist ideologies, emergence of extreme nationalist and populist rhetoric\u2014can be linked to the criminalization of communist and anti-fascist past. This is an outstanding book.&#8221;<\/p>\n\n\n\n<p>Jovan Byford, Open University, author of <em>Denial and Repression of Antisemitism<\/em><\/p>\n\n\n\n<p>&nbsp;&nbsp;&nbsp;&nbsp; awards<\/p>\n\n\n\n<p>&nbsp;&nbsp;&nbsp; &#8220;Yellow Star, Red Star is an excellent, in-depth analysis of current political processes afflicting postcommunist Holocaust memory. It should be required reading for anyone studying Eastern Europe, Holocaust memory, and the current rise of ethno-nationalism.&#8221;<\/p>\n\n\n\n<p>&nbsp;&nbsp;&nbsp; H-Net:Humanities and Social Sciences<\/p>\n\n\n\n<p>&nbsp;&nbsp;&nbsp; &#8220;Jelena Subotic, a professor at Georgia State University, has written a fine, compelling and angry book. In Yellow Star, Red Star, she argues that Holocaust history in post-Communist countries has been ignored, subverted, adapted, adopted and misused and, in the two Balkan countries, used as a prop for creating post-Yugoslav national identities.&#8221;<\/p>\n\n\n\n<p>&nbsp;&nbsp;&nbsp; Financial Times<\/p>\n\n\n\n<p>&nbsp;&nbsp;&nbsp; &#8220;The complicated politics of memory and commemoration regarding the Holocaust in post-communist Eastern Europe is the subject of Suboti&#8217;s thoughtful analysis&#8230; Disturbing in its implications, this well-written and reasoned work is required reading for those studying history and memory.&#8221;<\/p>\n\n\n\n<p>&nbsp;&nbsp;&nbsp; Choice<\/p>\n\n\n\n<p>&nbsp;&nbsp;&nbsp; &#8220;Yellow Star, Red Star approaches Holocaust studies from a post-Communist perspective and is an important contribution to the historical canon.&#8221;<\/p>\n\n\n\n<p>&nbsp;&nbsp;&nbsp; Foreword<\/p>\n\n\n\n<p>&nbsp;&nbsp;&nbsp; &#8220;Yellow Star, Red Star is a passionate and engaging study of the politics of Holocaust memory in Eastern Europe after communism. Jelena Suboti\u0107 has produced a first-rate piece of scholarship and one that&#8217;s refreshingly enjoyable to read.&#8221;<\/p>\n\n\n\n<p>&nbsp;&nbsp;&nbsp; Jeffrey Kopstein, University of California, Irvine, author of Intimate Violence<\/p>\n\n\n\n<p>&nbsp;&nbsp;&nbsp; &#8220;Jelena Suboti\u0107 pulls no punches in showing how contemporary problems in Eastern Europe\u2014the rise of the far-right, revival of WWII-era fascist ideologies, emergence of extreme nationalist and populist rhetoric\u2014can be linked to the criminalization of communist and anti-fascist past. This is an outstanding book.&#8221;<\/p>\n\n\n\n<p>\u00a0\u00a0\u00a0 Jovan Byford, Open University, author of Denial and Repression of Antisemitism<\/p>\n\n\n\n<p>&#8212;<\/p>\n\n\n\n<p><strong>Awards<\/strong><\/p>\n\n\n\n<p>Joseph Rothschild Prize in Nationalism and Ethnic Studies<\/p>\n\n\n\n<p>Best Book Award in European Politics and Society (European Politics and Society Section, American Political Science Association)<\/p>\n\n\n\n<p>&#8212;<\/p>\n\n\n\n<p><strong>Contents<\/strong><\/p>\n\n\n\n<p>The Big Gray Truck<\/p>\n\n\n\n<p>1. The Politics of Holocaust Remembrance after Communism<\/p>\n\n\n\n<p>2. At the Belgrade Fairgrounds<\/p>\n\n\n\n<p>3. Croatia&#8217;s Islands of Memory<\/p>\n\n\n\n<p>4. The Long Shadows of Vilna<\/p>\n\n\n\n<p>The Stakes of Holocaust Remembrance in the Twenty-First Century<\/p>\n\n\n\n<p>&#8212;<\/p>\n\n\n\n<p><strong>Jelena Suboti\u0107<\/strong> is Professor of Political Science at Georgia State University in Atlanta. She is the author of <em>Hijacked Justice<\/em> and numerous scholarly articles.<\/p>\n\n\n\n<p>&#8212;<\/p>\n\n\n\n<p>Cornell University Press<\/p>\n\n\n\n<p>Publication date: 12\/15\/2019<\/p>\n\n\n\n<p>Pages: 264<\/p>\n\n\n\n<p>&#8212;<\/p>\n","protected":false},"excerpt":{"rendered":"","protected":false},"author":2,"featured_media":22082,"comment_status":"open","ping_status":"open","sticky":false,"template":"","format":"standard","meta":{"_acf_changed":false,"jetpack_post_was_ever_published":false,"_jetpack_newsletter_access":"","_jetpack_dont_email_post_to_subs":false,"_jetpack_newsletter_tier_id":0,"_jetpack_memberships_contains_paywalled_content":false,"_jetpack_memberships_contains_paid_content":false,"footnotes":"","jetpack_publicize_message":"","jetpack_publicize_feature_enabled":true,"jetpack_social_post_already_shared":true,"jetpack_social_options":{"image_generator_settings":{"template":"highway","default_image_id":0,"font":"","enabled":false},"version":2}},"categories":[8,3],"tags":[],"class_list":["post-22081","post","type-post","status-publish","format-standard","has-post-thumbnail","hentry","category-knjige","category-novosti"],"acf":{"facebook_opis":""},"jetpack_publicize_connections":[],"jetpack_featured_media_url":"https:\/\/i0.wp.com\/historiografija.hr\/wp-content\/uploads\/2020\/07\/Subotic.jpg?fit=250%2C250&ssl=1","jetpack_sharing_enabled":true,"jetpack-related-posts":[{"id":52580,"url":"https:\/\/historiografija.hr\/?p=52580","url_meta":{"origin":22081,"position":0},"title":"Conference &#8220;Living in the aftermaths: Trauma, politics and survival in Yugoslavia and successor states, 1945 \u2013 present&#8221;","author":"Branimir Jankovi\u0107","date":"21. travnja 2026.","format":false,"excerpt":"The conference aims to explore how war-related psychological distress was experienced, narrated, debated and reframed in Yugoslavia in the second half of the twentieth century. It asks how the theme of wounded psyche and wartime suffering was addressed and acknowledged in political, psychiatric and broader cultural discourses of socialist Yugoslavia,\u2026","rel":"","context":"U &quot;Novosti&quot;","block_context":{"text":"Novosti","link":"https:\/\/historiografija.hr\/?cat=3"},"img":{"alt_text":"","src":"https:\/\/i0.wp.com\/historiografija.hr\/wp-content\/uploads\/2026\/04\/Battle_of_Neretva_Picasso_poster-Conference-Living-in-the-aftermaths.webp?fit=564%2C954&ssl=1&resize=350%2C200","width":350,"height":200,"srcset":"https:\/\/i0.wp.com\/historiografija.hr\/wp-content\/uploads\/2026\/04\/Battle_of_Neretva_Picasso_poster-Conference-Living-in-the-aftermaths.webp?fit=564%2C954&ssl=1&resize=350%2C200 1x, https:\/\/i0.wp.com\/historiografija.hr\/wp-content\/uploads\/2026\/04\/Battle_of_Neretva_Picasso_poster-Conference-Living-in-the-aftermaths.webp?fit=564%2C954&ssl=1&resize=525%2C300 1.5x"},"classes":[]},{"id":52625,"url":"https:\/\/historiografija.hr\/?p=52625","url_meta":{"origin":22081,"position":1},"title":"Omer Bartov, \u201eIsrael: What Went Wrong?\u201c","author":"Branimir Jankovi\u0107","date":"23. travnja 2026.","format":false,"excerpt":"Professor Omer Bartov was born on a kibbutz, grew up in Tel Aviv and served in the Israel Defence Forces during the Yom Kippur War. He went on to become an expert on the German army and the Holocaust, before turning his attention to his native country.In Israel: What Went\u2026","rel":"","context":"U &quot;Knjige&quot;","block_context":{"text":"Knjige","link":"https:\/\/historiografija.hr\/?cat=8"},"img":{"alt_text":"","src":"https:\/\/i0.wp.com\/historiografija.hr\/wp-content\/uploads\/2026\/04\/Bartov.jpeg?fit=320%2C500&ssl=1&resize=350%2C200","width":350,"height":200},"classes":[]},{"id":52677,"url":"https:\/\/historiografija.hr\/?p=52677","url_meta":{"origin":22081,"position":2},"title":"CfP: NAVIGATING THE PAST, FACING THE PRESENT: CHALLENGES AND OPPORTUNITIES IN RE-PRESENTING CONFLICTS AND VIOLENCE IN MEMORY AND EDUCATION INSTITUTIONS, WARSAW, 22ND\u201324TH OCTOBER 2026 (DEADLINE: 30TH APRIL 2026)","author":"Branimir Jankovi\u0107","date":"27. travnja 2026.","format":false,"excerpt":"The conference and graduate workshop (October 22-24, 2026, Warsaw) addresses the representation of history in public and institutional contexts, with a focus beyond the often-studied field of \u201cmemory culture\u201d. Rather than emphasizing the politicization of memory and cultural institutions, the discussion shifts toward new methods, media, and challenges in historical\u2026","rel":"","context":"U &quot;Novosti&quot;","block_context":{"text":"Novosti","link":"https:\/\/historiografija.hr\/?cat=3"},"img":{"alt_text":"","src":"https:\/\/i0.wp.com\/historiografija.hr\/wp-content\/uploads\/2017\/10\/hsozkult.png?fit=1006%2C241&ssl=1&resize=350%2C200","width":350,"height":200,"srcset":"https:\/\/i0.wp.com\/historiografija.hr\/wp-content\/uploads\/2017\/10\/hsozkult.png?fit=1006%2C241&ssl=1&resize=350%2C200 1x, https:\/\/i0.wp.com\/historiografija.hr\/wp-content\/uploads\/2017\/10\/hsozkult.png?fit=1006%2C241&ssl=1&resize=525%2C300 1.5x, https:\/\/i0.wp.com\/historiografija.hr\/wp-content\/uploads\/2017\/10\/hsozkult.png?fit=1006%2C241&ssl=1&resize=700%2C400 2x"},"classes":[]},{"id":52688,"url":"https:\/\/historiografija.hr\/?p=52688","url_meta":{"origin":22081,"position":3},"title":"Eleonora Naxidou and Yura Konstantinova \u201eBalkan Perspectives of Europe: Between East and West\u201c","author":"Filip \u0160imunjak","date":"28. travnja 2026.","format":false,"excerpt":"Through the lens of the Balkan nations, this volume makes a valuable and significant contribution to the fields of European and Southeast European studies by reconsidering the East\/West dichotomy \u2013 both in terms of the Orient\u2013Occident divide and the Eastern\u2013Western Europe binary. Balkan Perspectives of Europe focuses on concepts of\u2026","rel":"","context":"U &quot;Knjige&quot;","block_context":{"text":"Knjige","link":"https:\/\/historiografija.hr\/?cat=8"},"img":{"alt_text":"","src":"https:\/\/i0.wp.com\/historiografija.hr\/wp-content\/uploads\/2026\/04\/Balkan-Perspectives-of-Europe-Between-East-and-West.jpg?fit=350%2C525&ssl=1&resize=350%2C200","width":350,"height":200},"classes":[]},{"id":52646,"url":"https:\/\/historiografija.hr\/?p=52646","url_meta":{"origin":22081,"position":4},"title":"5. MALI FESTIVAL POVIJESTI U LASTOVU","author":"Branimir Jankovi\u0107","date":"24. travnja 2026.","format":false,"excerpt":"Peti Mali festival povijesti odr\u017eava se od 25. do 27. travnja 2026. na Lastovu, u suradnji Zavoda za povijesne znanosti HAZU u Dubrovniku, Op\u0107ine Lastovo i Turisti\u010dke zajednice te uz potporu Dubrova\u010dko-neretvanske \u017eupanije. Predavanja: Dr. sc. Jasna \u010capo \u201eKu\u0107a kao zalog budu\u0107nosti i most izme\u0111u iseljenika i domovine\u201c Dr. sc.\u2026","rel":"","context":"U &quot;Novosti&quot;","block_context":{"text":"Novosti","link":"https:\/\/historiografija.hr\/?cat=3"},"img":{"alt_text":"","src":"https:\/\/i0.wp.com\/historiografija.hr\/wp-content\/uploads\/2026\/04\/Lastovo.jpg?fit=1200%2C700&ssl=1&resize=350%2C200","width":350,"height":200,"srcset":"https:\/\/i0.wp.com\/historiografija.hr\/wp-content\/uploads\/2026\/04\/Lastovo.jpg?fit=1200%2C700&ssl=1&resize=350%2C200 1x, https:\/\/i0.wp.com\/historiografija.hr\/wp-content\/uploads\/2026\/04\/Lastovo.jpg?fit=1200%2C700&ssl=1&resize=525%2C300 1.5x, https:\/\/i0.wp.com\/historiografija.hr\/wp-content\/uploads\/2026\/04\/Lastovo.jpg?fit=1200%2C700&ssl=1&resize=700%2C400 2x, https:\/\/i0.wp.com\/historiografija.hr\/wp-content\/uploads\/2026\/04\/Lastovo.jpg?fit=1200%2C700&ssl=1&resize=1050%2C600 3x"},"classes":[]},{"id":52641,"url":"https:\/\/historiografija.hr\/?p=52641","url_meta":{"origin":22081,"position":5},"title":"CfP: WHO OWNS THE PAST? VERNACULAR MEMORY, STATE MEMORY, AND THE POLITICS OF OWNERSHIP","author":"Branimir Jankovi\u0107","date":"24. travnja 2026.","format":false,"excerpt":"VIENNA, 31ST AUGUST\u20133RD SEPTEMBER 2026 (DEADLINE: 24TH APRIL 2026) The Center for Austrian Studies at the European Forum at the Hebrew University and the Austrian Academy of Sciences\/Institute of Culture Studies invite early postdocs, PhD candidates, and advanced Master\u2019s students from the Hebrew University of Jerusalem and universities and academic\u2026","rel":"","context":"U &quot;Novosti&quot;","block_context":{"text":"Novosti","link":"https:\/\/historiografija.hr\/?cat=3"},"img":{"alt_text":"","src":"https:\/\/i0.wp.com\/historiografija.hr\/wp-content\/uploads\/2017\/10\/hsozkult.png?fit=1006%2C241&ssl=1&resize=350%2C200","width":350,"height":200,"srcset":"https:\/\/i0.wp.com\/historiografija.hr\/wp-content\/uploads\/2017\/10\/hsozkult.png?fit=1006%2C241&ssl=1&resize=350%2C200 1x, https:\/\/i0.wp.com\/historiografija.hr\/wp-content\/uploads\/2017\/10\/hsozkult.png?fit=1006%2C241&ssl=1&resize=525%2C300 1.5x, https:\/\/i0.wp.com\/historiografija.hr\/wp-content\/uploads\/2017\/10\/hsozkult.png?fit=1006%2C241&ssl=1&resize=700%2C400 2x"},"classes":[]}],"_links":{"self":[{"href":"https:\/\/historiografija.hr\/index.php?rest_route=\/wp\/v2\/posts\/22081","targetHints":{"allow":["GET"]}}],"collection":[{"href":"https:\/\/historiografija.hr\/index.php?rest_route=\/wp\/v2\/posts"}],"about":[{"href":"https:\/\/historiografija.hr\/index.php?rest_route=\/wp\/v2\/types\/post"}],"author":[{"embeddable":true,"href":"https:\/\/historiografija.hr\/index.php?rest_route=\/wp\/v2\/users\/2"}],"replies":[{"embeddable":true,"href":"https:\/\/historiografija.hr\/index.php?rest_route=%2Fwp%2Fv2%2Fcomments&post=22081"}],"version-history":[{"count":1,"href":"https:\/\/historiografija.hr\/index.php?rest_route=\/wp\/v2\/posts\/22081\/revisions"}],"predecessor-version":[{"id":22083,"href":"https:\/\/historiografija.hr\/index.php?rest_route=\/wp\/v2\/posts\/22081\/revisions\/22083"}],"wp:featuredmedia":[{"embeddable":true,"href":"https:\/\/historiografija.hr\/index.php?rest_route=\/wp\/v2\/media\/22082"}],"wp:attachment":[{"href":"https:\/\/historiografija.hr\/index.php?rest_route=%2Fwp%2Fv2%2Fmedia&parent=22081"}],"wp:term":[{"taxonomy":"category","embeddable":true,"href":"https:\/\/historiografija.hr\/index.php?rest_route=%2Fwp%2Fv2%2Fcategories&post=22081"},{"taxonomy":"post_tag","embeddable":true,"href":"https:\/\/historiografija.hr\/index.php?rest_route=%2Fwp%2Fv2%2Ftags&post=22081"}],"curies":[{"name":"wp","href":"https:\/\/api.w.org\/{rel}","templated":true}]}}