{"id":21914,"date":"2020-07-10T10:19:34","date_gmt":"2020-07-10T10:19:34","guid":{"rendered":"http:\/\/historiografija.hr\/?p=21914"},"modified":"2020-07-10T10:19:34","modified_gmt":"2020-07-10T10:19:34","slug":"izlozba-utilitarni-dizajn-raspjevanog-socijalizma-1947-1990-14-24-7-2020","status":"publish","type":"post","link":"https:\/\/historiografija.hr\/?p=21914","title":{"rendered":"Izlo\u017eba \u201cUtilitarni dizajn raspjevanog socijalizma 1947. \u2013 1990.\u201d (14. \u2013 24.7.2020.)"},"content":{"rendered":"\n<p>U utorak 14.7. u HDD galeriji od 18 do 21 sat otvaramo izlo\u017ebu \u201eUtilitarni dizajn raspjevanog socijalizma: Omoti plo\u010da u funkciji revolucionarne i rodoljubne glazbe 1947. \u2013 1990.\u201c Izlo\u017eba obra\u0111uje i analizira jednu specifi\u010dnu, zna\u010dajnu, ali dosad slabo obra\u0111enu temu u podru\u010dju grafi\u010dkog dizajna za diskografsku industriju biv\u0161e Jugoslavije. Nakon \u0161to je 2015. godine u istoj ovoj galeriji obradio vizualni jezik jugoslavenske disko kulture, ovoga puta nas kustos \u017deljko Luketi\u0107, upoznaje s dizajnerskom produkcijom na presjeku glazbe, diskografije, politike i propagande. Na izlo\u017ebi \u0107e biti predstavljene omotnice plo\u010da koje su oblikovali neki od najcjenjenijih hrvatskih i jugoslavenskih grafi\u010dkih dizajnera, nastale u razdoblju od kasnih 1940-ih do 1990. godine . Izlo\u017eba ostaje otvorena do 24. srpnja.<\/p>\n\n\n\n<p>Iz teksta <strong>\u017deljka Luketi\u0107a<\/strong>:<br>\u201cJedan od ma\u0161tovitijih na\u010dina upotrebe politi\u010dke propagande u periodu socijalizma i druge Jugoslavije, bio je u\u010dvr\u0161\u0107ivanjem mitova i simbola sistema graditi i osna\u017eivati postoje\u0107i i pritom se u pravom agitpropovskom nadahnu\u0107u ne ustezati od pop kulture, glazbe i filma. Sistem me\u0111utim, nije samo kontrolirao poruku ljubavi, bratstva, jedinstva i kolektivnog sje\u0107anja na rat i \u017ertve NOB-a, nego je u jednome dijelu izra\u017eavao divljenje vo\u0111i i partiji. Razvijeni su i posebni festivali \u201erodoljubne i revolucionarne pjesme\u201c, a izvo\u0111a\u010di su, kako u svom istra\u017eiva\u010dkom radu nalazi povjesni\u010darka <strong>Ana Hofman<\/strong>, birani kao vrh kvalitete i namjeran bijeg od \u201eniske kulture\u201c. Zato primjerice, omra\u017eeni folk pjeva\u010di i nisu dobivali podr\u0161ku sistema, no oni koji jesu, imali su na raspolaganju najbolje uvjete, najbolju produkciju i najbolje dizajnere. Dr\u017eava nije \u0161tedjela na izgradnji slike o sebi, \u0161to se i danas prakticira, ali u sasvim druga\u010dijim uvjetima. Za razliku od omra\u017eene niske kulture koja je inverzno ka\u017enjena 1971. godine \u201eZakonom o \u0161undu\u201c, a koji je zapravo bio <em>Zakon o republi\u010dkom porezu na promet robe na malo<\/em>, gdje se poreza osloba\u0111alo \u201evrijedna umjetni\u010dka djela\u201c, dok su \u0161und-nedjela raznim nametima mogla dose\u0107i i do 90% porezne stope, ovisno republi\u010dkoj poziciji i odlukama takozvanih Komisija za \u0161und.<\/p>\n\n\n\n<p>(\u2026) Vizualno, propaganda je savr\u0161eno polje za izu\u010davanje tehnika, stilova i razvoja dizajna i tiska, u ovoj prilici, spoja glazbe i grafi\u010dkog dizajna. Iako je glazba na plo\u010dama revolucionarne i rodoljubne glazbe (domoljubna ina\u010dica u hrvatskom jeziku mijenja na\u017ealost cijelu poziciju sa \u010dovjeka na prostor), nazivana i \u201emasovna\u201c, ona je to \u017eeljela biti samo po propagandnom dosegu, \u0161to je djelomi\u010dno i uspjelo, jer mnoge se revolucionarne pjesme izvode i danas, u novom ili dodanom kontekstu prisje\u0107anja, ali i novog otpora. U ostalome ona nije inkluzivna, nego ekskluzivna, jer se od prvih varijacija dizajna \u010desto dr\u017eala onih klasi\u010dnih zadanosti i prikaza borbe u tehnikama reprodukcija slikarstva ili crte\u017ea. Ta nepomi\u010dnost i uzvi\u0161enost spomenika i crte\u017ea, pra\u0107ena uvijek ozbiljnom tipografijom, smatrala se adekvatnom \u201euzvi\u0161enom cilju\u201c, odnosno \u201epo\u0161tovala\u201c je autoritete i zadane vrijednosti. Nekoliko je bitnih kodova i simbola koji se pojavljuju u dizajnu omota revolucionarnih plo\u010da: monumentalnost i \u010dvrsto\u0107a, odolijevanje vremenu materijala poput kamena i prirode, te relativno zadana koloristi\u010dka paleta u kojoj se najvi\u0161e koristi crvena boja u svim svojim zna\u010denjima. Ona je boja borbe, povi\u0161enog adrenalina, ali i krvi; tako\u0111er je definirana boja komunizma i ure\u0111enja i posljednje, ali i ne manje va\u017eno, dio je trobojne zastave. Kada bi se brojalo, varijacija crvenih paleta je najvi\u0161e, a potom, logi\u010dno dolazi plava, kao hladniji moment dr\u017eavne trobojnice.<\/p>\n\n\n\n<p>Centralno postavljene fotografije velikih pjeva\u010dkih ansambala, vojnih orkestara, opu\u0161tanjem \u0107e i \u0161irenjem propagandnih aktivnosti ve\u0107 krajem \u0161ezdesetih i sedamdesetih prije\u0107i u ne\u0161to apstraktnije elemente dizajna, \u0161to je smjeli odmak, znaju\u0107i za legendarnu Titovu i Kardeljevu odbojnost prema nefigurativnosti. Upravo su u tim djelima dizajna nastale najzanimljivije intervencije, \u010dak i kod ku\u0107nih dizajnera velikih diskografa kavi su bili <strong>Ivan Ivezi\u0107<\/strong> u Zagrebu i <strong>Ivan \u0106ulum<\/strong> u Beogradu. Minimalizam omota za <em><strong>Festival revolucionarne i rodoljubne pjesme 1975<\/strong><\/em>, kojega je Ivezi\u0107 radio u Jugotonu, sadr\u017ean je u bojama trobojnice i iscrtanim konturama zvijezde petokrake, tako\u0111er \u010destog simbola tog tipa dizajna, ali i dr\u017eavnosti. Dovitljivost Ivezi\u0107evog eksperimenta je u tome da je vanjskoj konturi petokrake odsjekao dva kraka kako bi smjestio tipografiju, \u0161to je mo\u017eda u dana\u0161nje vrijeme inspiriralo i dizajn logotipa Nove ljevice, kao tako\u0111er geometrijsku intervenciju u krakove zvijezde. O\u010dekivano, dizajn plo\u010da s temama radnih akcija koristiti \u0107e fotografije mladih ljudi u pokretu, dje\u010dje plo\u010de se tematikom revolucije uzimaju djeci bliske crte\u017ee i ne dr\u017ee se ozbiljnih pravila odraslih, a ponegdje \u0107e koristiti i crte\u017ee pravih u\u010denika socijalisti\u010dkih \u0161kola, poput singla grupe Pro Arte \u201eAnka Partizanka\u201c kojega je narisala \u201eu\u010denica Suzana\u201c. Koliko god mala bila, Suzana je shvatila dva bitna elementa za \u201edje\u010dju revoluciju\u201c: odora pionira i obavezna petokraka.<\/p>\n\n\n\n<p>Obilje\u017eavanja Dana mladosti, jubileja i sli\u010dnih masovki, prilika su za totale fotografija na kojima se intervenira, ili se ve\u0107 uzima gotova oprema tih manifestacija (poput plakata) i prilago\u0111ava formatu plo\u010de. Poseban i dugo nepromjenjivi vizualni kod bitan je kod izdanja koja se bave idolizacijom i adoracijom Josipa Broza Tita. Tu je njegova fotografija, spomenik ili crte\u017e najbitniji, zauzima klju\u010dnu poziciju i tek se koloristi\u010dki ili geometrijski mo\u017ee osnovno manevrirati.<\/p>\n\n\n\n<p>Naime, iako cenzure kako rekosmo nije bilo, izdanja koja su se bavila Titom jest neslu\u017ebeno provjeravala cijela niska politi\u010dara, pa se smatralo da u eksperiment nikako ne treba i\u0107i. Veliki odmak od prezentacije Tita na omotima plo\u010da u\u010dinio je <strong>Mirko Ili\u0107<\/strong> za izdanje sabranih tekstova Miroslava Krle\u017ee o djelu Josipa Broza. Ili\u0107 je po\u0161tivao pravilo da Titov portret mora biti glavni, ali ga je sastavio u rasteru crvene i plave boje, gdje to\u010dku rastera zapravo \u010dini tipografski umanjena rije\u010d Tito, \u0161to se primje\u0107uje tek iz bli\u017eeg pogleda.<\/p>\n\n\n\n<p>&nbsp;(\u2026) Ideja je ove izlo\u017ebe bila pokazati i evaluirati, zatim i kontekstualizirati grafi\u010dki dizajn iznimno velike jugoslavenske produkcije plo\u010da, kao najmanje o\u010dekivanog elementa propagande. Radovi dizajnera poput <strong>Ivana Ivezi\u0107a<\/strong>, <strong>Milana Simi\u0107a<\/strong>, <strong>Milenka Mileti\u0107a<\/strong>, <strong>Mirka Ili\u0107a<\/strong>, <strong>Dragana S. Stefanovi\u0107a<\/strong>, <strong>Ivana \u0106uluma<\/strong> i drugih snalazili su se zanimljivim rje\u0161enjima na problem koji im je \u201etr\u017ei\u0161no\u201c zadan (naravno, dr\u017eava je ovdje naru\u010ditelj) i pokazali kako je i u danima smanjenih okvira za eksperiment ili imaginaciju, toga doista i bilo. Tematska razdioba motiva, ali i vizualnih komunikacijskih simbola naglasila je fragmente kori\u0161tenja arhetipske crvene boje, spomenika i simbola petokrake, odnosno teme NOB-a, omladinskih radih akcija, rodoljubnih festivala, kao i veli\u010danja tada\u0161njeg predsjednika i narodnih heroja. Vremenski je i\u0161la od figurativnih po\u010detaka do apstraktnih vrhunaca, a motivski tako\u0111er iza\u0161la iz krvi i borbe za slobodu u prostor simbola, ali i pokreta, mladih ljudi, pa i prirode. Onaj agitpropovski dio kulta li\u010dnosti tako\u0111er je u nekim radovima razgra\u0111en, a u nekima je dokument vremena i dokument onoga \u0161to se u tome trenutku smatralo estetski i politi\u010dki po\u017eeljnim. Ne\u0161to od toga mo\u017ee danas izgledati smije\u0161no, ne\u0161to zastarjelo, a ne\u0161to i inspirativno hrabro rije\u0161eno.<\/p>\n\n\n\n<p>Produkcija tih plo\u010da i omota bila je ogromna i ve\u0107inom su nestali u kantama za sme\u0107e nakon rata 1990-tih, trpe\u0107i brzi obra\u010dun i na\u017ealost, ne \u010dekaju\u0107i povijesnu i arhivsku argumentaciju. Samo je Jugoton ve\u0107 1960-tih ve\u0107 imao kapacitet od 10 milijuna tiskanih plo\u010da, dok se i u nesta\u0161ici nafte 1980-tih tako\u0111er dobro sna\u0161ao. On je, naravno, tek dio tih ku\u0107a koje su \u017eivjele i od revolucionarne glazbe, propagandnog braka ideologije, glazbe i dizajna, kojega, u nekim drugim imenima i formatima, mo\u017eemo vidjeti i danas. Dakako, nije tako slu\u017eben i razvidan, ali tu je. Izme\u0111u ostaloga, on bilje\u017ei i dru\u0161tveni i stru\u010dni razvoj raznih profesija, dokument je vremena. Dokumenti, znamo to iz arhivistike i povijesti, se ne bacaju. Tu su za prou\u010davanje. Socijalizam, pokazuju to ovi omoti, nestajao je pjevaju\u0107i, s nesmanjenom produkcijom pop-kulturnih artefakata koji su upravo svojim dizajnom komunicirali poruku i sadr\u017eaj.\u201d<\/p>\n\n\n\n<hr class=\"wp-block-separator\"\/>\n\n\n\n<p><strong>Utilitarni dizajn raspjevanog socijalizma:<\/strong><strong><br>Omoti plo\u010da u funkciji revolucionarne i rodoljubne glazbe 1947. \u2013 1990.<br>14. \u2013 24.7.2020.<\/strong><\/p>\n\n\n\n<p><strong>Kustos:<\/strong> \u017deljko Luketi\u0107<br><strong>Istra\u017eiva\u010d \/ kustoski asistent:<\/strong> Leri Ahel<br><strong>Koncept i arhiv:<\/strong> Ju\u010der Danas Sutra \u2013 Platforma za audiovizualna istra\u017eivanja<br><strong>Organizacija<\/strong>: HDD \u2013 Hrvatsko dizajnersko dru\u0161tvo \/ HDD galerija<br><strong>Voditelj galerije<\/strong>: Marko Golub, <strong>asistentica voditelja<\/strong>: Ora Mu\u0161\u0107et<\/p>\n\n\n\n<p><strong>Sponzori tiska<\/strong>: Cerovski print boutique, Ars kopija<br>Izlo\u017eba i program HDD galerije financiran je sredstvima <strong>Ministarstva kulture RH<\/strong>, <strong>Gradskog ureda za kulturu Grada Zagreba<\/strong> i <strong>Zaklade Kultura nova<\/strong>.<\/p>\n\n\n\n<p><strong>Hrvatsko dizajnersko dru\u0161tvo \/ HDD galerija<\/strong><br>Bo\u0161kovi\u0107eva 18, Zagreb<br>radno vrijeme: pon \u2013 pet, 12 \u2013 19h<br><a href=\"http:\/\/www.dizajn.hr\/\">www.dizajn.hr<\/a><\/p>\n\n\n\n<p>Izvor: <a href=\"https:\/\/dizajn.hr\/blog\/izlozba-utilitarni-dizajn-raspjevanog-socijalizma\/\">https:\/\/dizajn.hr\/blog\/izlozba-utilitarni-dizajn-raspjevanog-socijalizma\/<\/a><\/p>\n\n\n\n<p><\/p>\n","protected":false},"excerpt":{"rendered":"","protected":false},"author":2,"featured_media":21915,"comment_status":"open","ping_status":"open","sticky":false,"template":"","format":"standard","meta":{"_acf_changed":false,"jetpack_post_was_ever_published":false,"_jetpack_newsletter_access":"","_jetpack_dont_email_post_to_subs":false,"_jetpack_newsletter_tier_id":0,"_jetpack_memberships_contains_paywalled_content":false,"_jetpack_memberships_contains_paid_content":false,"footnotes":"","jetpack_publicize_message":"","jetpack_publicize_feature_enabled":true,"jetpack_social_post_already_shared":false,"jetpack_social_options":{"image_generator_settings":{"template":"highway","default_image_id":0,"font":"","enabled":false},"version":2}},"categories":[10,3],"tags":[],"class_list":["post-21914","post","type-post","status-publish","format-standard","has-post-thumbnail","hentry","category-izlozbe","category-novosti"],"acf":{"facebook_opis":""},"jetpack_publicize_connections":[],"jetpack_featured_media_url":"https:\/\/i0.wp.com\/historiografija.hr\/wp-content\/uploads\/2020\/07\/socijalizam-luketic.png?fit=900%2C600&ssl=1","jetpack_sharing_enabled":true,"jetpack-related-posts":[{"id":52575,"url":"https:\/\/historiografija.hr\/?p=52575","url_meta":{"origin":21914,"position":0},"title":"Izlo\u017eba dje\u010djih radova \u201cU po\u010detku bija\u0161e crte\u017e\u2026\u201d","author":"Branimir Jankovi\u0107","date":"21. travnja 2026.","format":false,"excerpt":"U subotu, 25. travnja 2026. u 11 sati u Galeriji Klovi\u0107evi dvori sve\u010dano otvaramo izlo\u017ebu dje\u010djih radova pod nazivom U po\u010detku bija\u0161e crte\u017e\u2026 Radovi su nastali u sklopu likovnih radionica uz izlo\u017ebu U po\u010detku bija\u0161e kraljevstvo \u2013 izlo\u017eba povodom 1100 godina Hrvatskoga Kraljevstva. Na brojnim likovnim radionicama, uz \u0161kolsku djecu,\u2026","rel":"","context":"U &quot;Izlo\u017ebe&quot;","block_context":{"text":"Izlo\u017ebe","link":"https:\/\/historiografija.hr\/?cat=10"},"img":{"alt_text":"","src":"https:\/\/i0.wp.com\/historiografija.hr\/wp-content\/uploads\/2025\/10\/Klovicevi_sluzbeni-plakat.png?fit=840%2C1200&ssl=1&resize=350%2C200","width":350,"height":200,"srcset":"https:\/\/i0.wp.com\/historiografija.hr\/wp-content\/uploads\/2025\/10\/Klovicevi_sluzbeni-plakat.png?fit=840%2C1200&ssl=1&resize=350%2C200 1x, https:\/\/i0.wp.com\/historiografija.hr\/wp-content\/uploads\/2025\/10\/Klovicevi_sluzbeni-plakat.png?fit=840%2C1200&ssl=1&resize=525%2C300 1.5x, https:\/\/i0.wp.com\/historiografija.hr\/wp-content\/uploads\/2025\/10\/Klovicevi_sluzbeni-plakat.png?fit=840%2C1200&ssl=1&resize=700%2C400 2x"},"classes":[]},{"id":52760,"url":"https:\/\/historiografija.hr\/?p=52760","url_meta":{"origin":21914,"position":1},"title":"Izlo\u017eba \u201cLo\u0161injski brodovi, njihove zastave i ljudi\u201d, 4. svibnja u 19h","author":"Filip \u0160imunjak","date":"30. travnja 2026.","format":false,"excerpt":"Hrvatski pomorski muzej Split, Glagolja\u0161a 18 (Tvr\u0111ava Gripe) Nakon \u0161to je u rujnu 2025. godine na otoku Lo\u0161inju, u suradnji Lo\u0161injskog muzeja i Hrvatskog pomorskog muzeja Split, predstavljena izlo\u017eba posve\u0107ena bogatoj pomorskoj ba\u0161tini otoka, njezino pro\u0161ireno izdanje postavlja se u Splitu. Uo\u010di blagdana svetog Dujma splitskoj \u0107e se publici predstaviti\u2026","rel":"","context":"U &quot;Izlo\u017ebe&quot;","block_context":{"text":"Izlo\u017ebe","link":"https:\/\/historiografija.hr\/?cat=10"},"img":{"alt_text":"","src":"https:\/\/i0.wp.com\/historiografija.hr\/wp-content\/uploads\/2026\/04\/Losinjski-brodovi-Izlozba-1-scaled.webp?fit=840%2C1200&ssl=1&resize=350%2C200","width":350,"height":200,"srcset":"https:\/\/i0.wp.com\/historiografija.hr\/wp-content\/uploads\/2026\/04\/Losinjski-brodovi-Izlozba-1-scaled.webp?fit=840%2C1200&ssl=1&resize=350%2C200 1x, https:\/\/i0.wp.com\/historiografija.hr\/wp-content\/uploads\/2026\/04\/Losinjski-brodovi-Izlozba-1-scaled.webp?fit=840%2C1200&ssl=1&resize=525%2C300 1.5x, https:\/\/i0.wp.com\/historiografija.hr\/wp-content\/uploads\/2026\/04\/Losinjski-brodovi-Izlozba-1-scaled.webp?fit=840%2C1200&ssl=1&resize=700%2C400 2x"},"classes":[]},{"id":52511,"url":"https:\/\/historiografija.hr\/?p=52511","url_meta":{"origin":21914,"position":2},"title":"Izlo\u017eba &#8220;Lica Sljemena&#8221;","author":"Branimir Jankovi\u0107","date":"17. travnja 2026.","format":false,"excerpt":"Srda\u010dno vas pozivamo na otvorenje izlo\u017ebe Lica Sljemena koje \u0107e se odr\u017eati u srijedu 22. travnja 2026. u 18 h ispred Muzeja Prigorja (Trg Dragutina Domjani\u0107a 5, Sesvete). Izlo\u017eba proizlazi iz istra\u017eivanja Nevene \u0160krbi\u0107 Alempijevi\u0107, Petre Kelemen i Sanje Potkonjak te intervjua sa Sljemena\u0161icama i Sljemena\u0161ima, koji su provedeni u\u2026","rel":"","context":"U &quot;Izlo\u017ebe&quot;","block_context":{"text":"Izlo\u017ebe","link":"https:\/\/historiografija.hr\/?cat=10"},"img":{"alt_text":"","src":"https:\/\/i0.wp.com\/historiografija.hr\/wp-content\/uploads\/2026\/04\/Izlozba-Lica-Sljemena.png?fit=1080%2C686&ssl=1&resize=350%2C200","width":350,"height":200,"srcset":"https:\/\/i0.wp.com\/historiografija.hr\/wp-content\/uploads\/2026\/04\/Izlozba-Lica-Sljemena.png?fit=1080%2C686&ssl=1&resize=350%2C200 1x, https:\/\/i0.wp.com\/historiografija.hr\/wp-content\/uploads\/2026\/04\/Izlozba-Lica-Sljemena.png?fit=1080%2C686&ssl=1&resize=525%2C300 1.5x, https:\/\/i0.wp.com\/historiografija.hr\/wp-content\/uploads\/2026\/04\/Izlozba-Lica-Sljemena.png?fit=1080%2C686&ssl=1&resize=700%2C400 2x, https:\/\/i0.wp.com\/historiografija.hr\/wp-content\/uploads\/2026\/04\/Izlozba-Lica-Sljemena.png?fit=1080%2C686&ssl=1&resize=1050%2C600 3x"},"classes":[]},{"id":52633,"url":"https:\/\/historiografija.hr\/?p=52633","url_meta":{"origin":21914,"position":3},"title":"POVIJEST TRE\u0160NJEVA\u010cKE GLAZBE: prikupljanje virtualnog fundusa Muzeja susjedstva Tre\u0161njevka","author":"Branimir Jankovi\u0107","date":"23. travnja 2026.","format":false,"excerpt":"utorak 28. 4. 2026. 14 - 18 h Nova BAZA, Nova cesta 66, Zagreb Prvi su dani ljeta 1957. godine. Bo\u017eica Kalafati\u0107 poha\u0111a drugi razred Osnovne \u0161kole Bratstvo i jedinstvo, danas kralja Tomislava, a ide i na muzi\u010dke satove u Mo\u0161\u0107eni\u010dkoj ulici. Na fotografiji s harmonikom u rukama stoji u\u2026","rel":"","context":"U &quot;Novosti&quot;","block_context":{"text":"Novosti","link":"https:\/\/historiografija.hr\/?cat=3"},"img":{"alt_text":"","src":"https:\/\/i0.wp.com\/historiografija.hr\/wp-content\/uploads\/2026\/04\/MST_prikupljanje.jpg?fit=380%2C475&ssl=1&resize=350%2C200","width":350,"height":200},"classes":[]},{"id":52505,"url":"https:\/\/historiografija.hr\/?p=52505","url_meta":{"origin":21914,"position":4},"title":"Izlo\u017eba &#8220;Eschenstock \/ Jasenov prut&#8221;","author":"Branimir Jankovi\u0107","date":"17. travnja 2026.","format":false,"excerpt":"Srpsko narodno vije\u0107e (SNV) i Vizura aperta postavljaju izlo\u017ebu \u0161vicarskog slikara Velimira Ili\u0161evi\u0107a: Eschenstock \/ Jasenov prut. Izlo\u017eba se uz prisustvo autora otvara povodom 81. godi\u0161njice proboja logora\u0161a iz usta\u0161kog logora smrti Jasenovac 22. aprila 2026. u 19 sati u Srpskom kulturnom centru (SKC) u Preradovi\u0107evoj ulici 21 u Zagrebu.\u2026","rel":"","context":"U &quot;Izlo\u017ebe&quot;","block_context":{"text":"Izlo\u017ebe","link":"https:\/\/historiografija.hr\/?cat=10"},"img":{"alt_text":"","src":"https:\/\/i0.wp.com\/historiografija.hr\/wp-content\/uploads\/2026\/04\/Jasenov_prut.jpg?fit=1024%2C640&ssl=1&resize=350%2C200","width":350,"height":200,"srcset":"https:\/\/i0.wp.com\/historiografija.hr\/wp-content\/uploads\/2026\/04\/Jasenov_prut.jpg?fit=1024%2C640&ssl=1&resize=350%2C200 1x, https:\/\/i0.wp.com\/historiografija.hr\/wp-content\/uploads\/2026\/04\/Jasenov_prut.jpg?fit=1024%2C640&ssl=1&resize=525%2C300 1.5x, https:\/\/i0.wp.com\/historiografija.hr\/wp-content\/uploads\/2026\/04\/Jasenov_prut.jpg?fit=1024%2C640&ssl=1&resize=700%2C400 2x"},"classes":[]},{"id":52666,"url":"https:\/\/historiografija.hr\/?p=52666","url_meta":{"origin":21914,"position":5},"title":"Najava programa Festivala povijesti Kliofest (5-8. V. 2026)","author":"Branimir Jankovi\u0107","date":"24. travnja 2026.","format":false,"excerpt":"Po trinaesti put odr\u017eava se Festival povijesti Kliofest! Do petka \u0107emo odr\u017eati osam okruglih stolova i dva kolokvija te niz predstavljanja knjiga i projekata razli\u010dite tematike, od antike do suvremenosti. Bit \u0107e predstavljeno i nekoliko izlo\u017ebi te odr\u017ean jedan povijesni kviz. Prikazat \u0107emo i jedan film \u2013 o generalu Boroevi\u0107u.\u2026","rel":"","context":"U &quot;Novosti&quot;","block_context":{"text":"Novosti","link":"https:\/\/historiografija.hr\/?cat=3"},"img":{"alt_text":"","src":"https:\/\/i0.wp.com\/historiografija.hr\/wp-content\/uploads\/2026\/04\/Kliofest-2026.jpg?fit=526%2C526&ssl=1&resize=350%2C200","width":350,"height":200,"srcset":"https:\/\/i0.wp.com\/historiografija.hr\/wp-content\/uploads\/2026\/04\/Kliofest-2026.jpg?fit=526%2C526&ssl=1&resize=350%2C200 1x, https:\/\/i0.wp.com\/historiografija.hr\/wp-content\/uploads\/2026\/04\/Kliofest-2026.jpg?fit=526%2C526&ssl=1&resize=525%2C300 1.5x"},"classes":[]}],"_links":{"self":[{"href":"https:\/\/historiografija.hr\/index.php?rest_route=\/wp\/v2\/posts\/21914","targetHints":{"allow":["GET"]}}],"collection":[{"href":"https:\/\/historiografija.hr\/index.php?rest_route=\/wp\/v2\/posts"}],"about":[{"href":"https:\/\/historiografija.hr\/index.php?rest_route=\/wp\/v2\/types\/post"}],"author":[{"embeddable":true,"href":"https:\/\/historiografija.hr\/index.php?rest_route=\/wp\/v2\/users\/2"}],"replies":[{"embeddable":true,"href":"https:\/\/historiografija.hr\/index.php?rest_route=%2Fwp%2Fv2%2Fcomments&post=21914"}],"version-history":[{"count":1,"href":"https:\/\/historiografija.hr\/index.php?rest_route=\/wp\/v2\/posts\/21914\/revisions"}],"predecessor-version":[{"id":21916,"href":"https:\/\/historiografija.hr\/index.php?rest_route=\/wp\/v2\/posts\/21914\/revisions\/21916"}],"wp:featuredmedia":[{"embeddable":true,"href":"https:\/\/historiografija.hr\/index.php?rest_route=\/wp\/v2\/media\/21915"}],"wp:attachment":[{"href":"https:\/\/historiografija.hr\/index.php?rest_route=%2Fwp%2Fv2%2Fmedia&parent=21914"}],"wp:term":[{"taxonomy":"category","embeddable":true,"href":"https:\/\/historiografija.hr\/index.php?rest_route=%2Fwp%2Fv2%2Fcategories&post=21914"},{"taxonomy":"post_tag","embeddable":true,"href":"https:\/\/historiografija.hr\/index.php?rest_route=%2Fwp%2Fv2%2Ftags&post=21914"}],"curies":[{"name":"wp","href":"https:\/\/api.w.org\/{rel}","templated":true}]}}