{"id":21905,"date":"2020-07-10T09:30:17","date_gmt":"2020-07-10T09:30:17","guid":{"rendered":"http:\/\/historiografija.hr\/?p=21905"},"modified":"2020-12-21T17:10:15","modified_gmt":"2020-12-21T17:10:15","slug":"tekstovi-povodom-smrti-ive-banca","status":"publish","type":"post","link":"https:\/\/historiografija.hr\/?p=21905","title":{"rendered":"Tekstovi povodom smrti Ive Banca"},"content":{"rendered":"\n<p>Nakon vijesti o smrti istaknutog povjesni\u010dara Ive Banca koju su prenijeli brojni mediji u Hrvatskoj i regiji objavljen je niz tekstova tim povodom na koje upu\u0107ujemo u nastavku.<\/p>\n\n\n\n<p><a href=\"https:\/\/news.yale.edu\/2020\/07\/08\/historian-and-politician-ivo-banac\">https:\/\/news.yale.edu\/2020\/07\/08\/historian-and-politician-ivo-banac<\/a><\/p>\n\n\n\n<figure class=\"wp-block-embed-wordpress wp-block-embed is-type-wp-embed is-provider-yale-daily-news\"><div class=\"wp-block-embed__wrapper\">\n<blockquote class=\"wp-embedded-content\" data-secret=\"lgEIhh8ssj\"><a href=\"https:\/\/yaledailynews.com\/blog\/2020\/07\/18\/ivo-banac-croatian-historian-and-politician-dies-at-74\/\">Ivo Banac, Croatian historian and politician, dies at 74<\/a><\/blockquote><iframe loading=\"lazy\" class=\"wp-embedded-content\" sandbox=\"allow-scripts\" security=\"restricted\" style=\"position: absolute; clip: rect(1px, 1px, 1px, 1px);\" title=\"&#8220;Ivo Banac, Croatian historian and politician, dies at 74&#8221; &#8212; Yale Daily News\" src=\"https:\/\/yaledailynews.com\/blog\/2020\/07\/18\/ivo-banac-croatian-historian-and-politician-dies-at-74\/embed\/#?secret=lgEIhh8ssj\" data-secret=\"lgEIhh8ssj\" width=\"600\" height=\"338\" frameborder=\"0\" marginwidth=\"0\" marginheight=\"0\" scrolling=\"no\"><\/iframe>\n<\/div><\/figure>\n\n\n\n<p><a href=\"https:\/\/www.ceu.edu\/article\/2020-07-02\/ceu-mourns-former-ceu-professor-history-ivo-banac\">https:\/\/www.ceu.edu\/article\/2020-07-02\/ceu-mourns-former-ceu-professor-history-ivo-banac<\/a><\/p>\n\n\n\n<p><a href=\"https:\/\/web2020.ffzg.unizg.hr\/blog\/2020\/07\/02\/posljednji-ispracaj-profesora-ive-banca\/\">https:\/\/web2020.ffzg.unizg.hr\/blog\/2020\/07\/02\/posljednji-ispracaj-profesora-ive-banca\/<\/a><\/p>\n\n\n\n<hr class=\"wp-block-separator\"\/>\n\n\n\n<p><a href=\"https:\/\/www.jutarnji.hr\/vijesti\/hrvatska\/plenkovic-uputio-izraz-sucuti-obitelji-ive-banca-on-je-obiljezio-drustveni-i-politicki-zivot-15005535\">https:\/\/www.jutarnji.hr\/vijesti\/hrvatska\/plenkovic-uputio-izraz-sucuti-obitelji-ive-banca-on-je-obiljezio-drustveni-i-politicki-zivot-15005535<\/a><\/p>\n\n\n\n<p><a href=\"https:\/\/www.tportal.hr\/kultura\/clanak\/obuljen-korzinek-ivo-banac-je-snazno-obiljezio-drustveni-politicki-i-kulturni-zivot-hrvatske-20200630\">https:\/\/www.tportal.hr\/kultura\/clanak\/obuljen-korzinek-ivo-banac-je-snazno-obiljezio-drustveni-politicki-i-kulturni-zivot-hrvatske-20200630<\/a><\/p>\n\n\n\n<p><a href=\"https:\/\/www.dubrovnik.hr\/vijesti\/gradonacelnik-frankovic-povodom-smrti-povjesnicara-iva-banca:-trajno-je-obiljezio-akademsku-zajednicu-14005\">https:\/\/www.dubrovnik.hr\/vijesti\/gradonacelnik-frankovic-povodom-smrti-povjesnicara-iva-banca:-trajno-je-obiljezio-akademsku-zajednicu-14005<\/a><\/p>\n\n\n\n<p><a href=\"https:\/\/narod.hr\/svijet\/crnogorski-predsjednik-dukanovic-uputio-sucut-obitelji-prof-banca\">https:\/\/narod.hr\/svijet\/crnogorski-predsjednik-dukanovic-uputio-sucut-obitelji-prof-banca<\/a><\/p>\n\n\n\n<p><a href=\"https:\/\/www.oslobodjenje.ba\/vijesti\/bih\/izetbegovic-o-smrti-banca-njegov-trud-u-promicanju-istine-o-nasoj-proslosti-i-politickoj-borbi-za-slobodu-ostat-ce-u-nasem-sjecanju-569117\">https:\/\/www.oslobodjenje.ba\/vijesti\/bih\/izetbegovic-o-smrti-banca-njegov-trud-u-promicanju-istine-o-nasoj-proslosti-i-politickoj-borbi-za-slobodu-ostat-ce-u-nasem-sjecanju-569117<\/a><\/p>\n\n\n\n<hr class=\"wp-block-separator\"\/>\n\n\n\n<p><a href=\"https:\/\/www.jutarnji.hr\/video\/news\/odrzan-posljednji-ispracaj-ive-banca-sucut-obitelji-izrazili-karamarko-kovac-hasanbegovic-15006168\">https:\/\/www.jutarnji.hr\/video\/news\/odrzan-posljednji-ispracaj-ive-banca-sucut-obitelji-izrazili-karamarko-kovac-hasanbegovic-15006168<\/a><\/p>\n\n\n\n<p><a href=\"https:\/\/dubrovacki.slobodnadalmacija.hr\/dubrovnik\/zupanija\/dubrovnik\/odrzan-sprovod-prof-ive-banca-1030829\">https:\/\/dubrovacki.slobodnadalmacija.hr\/dubrovnik\/zupanija\/dubrovnik\/odrzan-sprovod-prof-ive-banca-1030829<\/a><\/p>\n\n\n\n<hr class=\"wp-block-separator\"\/>\n\n\n\n<p><a href=\"https:\/\/www.vecernji.hr\/vijesti\/ivo-banac-1947-2020-fides-ratio-libertas-1414173\">https:\/\/www.vecernji.hr\/vijesti\/ivo-banac-1947-2020-fides-ratio-libertas-1414173<\/a><\/p>\n\n\n\n<p><a href=\"https:\/\/hrcak.srce.hr\/242115\">https:\/\/hrcak.srce.hr\/242115<\/a><\/p>\n\n\n\n<p><a href=\"https:\/\/slobodnadalmacija.hr\/kultura\/ostalo\/zbogom-gosparu-cestitni-1030405\">https:\/\/slobodnadalmacija.hr\/kultura\/ostalo\/zbogom-gosparu-cestitni-1030405<\/a><\/p>\n\n\n\n<p><a href=\"http:\/\/ideje.hr\/ivo-banac-1947-2020-sudbina-povratnika\/\">http:\/\/ideje.hr\/ivo-banac-1947-2020-sudbina-povratnika\/<\/a><\/p>\n\n\n\n<figure class=\"wp-block-embed-wordpress wp-block-embed is-type-wp-embed is-provider-povcast-hr\"><div class=\"wp-block-embed__wrapper\">\n<blockquote class=\"wp-embedded-content\" data-secret=\"bLEIaZ4BJy\"><a href=\"https:\/\/povcast.hr\/preminuo-ivo-banac-pocivali-u-miru-profesore\/\">Jednom \u010dovjeku niste mogli zakasniti na nastavu&#8230;Po\u010divali u miru, profesore!<\/a><\/blockquote><iframe loading=\"lazy\" class=\"wp-embedded-content\" sandbox=\"allow-scripts\" security=\"restricted\" style=\"position: absolute; clip: rect(1px, 1px, 1px, 1px);\" title=\"&#8220;Jednom \u010dovjeku niste mogli zakasniti na nastavu&#8230;Po\u010divali u miru, profesore!&#8221; &#8212; Povcast.hr\" src=\"https:\/\/povcast.hr\/preminuo-ivo-banac-pocivali-u-miru-profesore\/embed\/#?secret=bLEIaZ4BJy\" data-secret=\"bLEIaZ4BJy\" width=\"600\" height=\"338\" frameborder=\"0\" marginwidth=\"0\" marginheight=\"0\" scrolling=\"no\"><\/iframe>\n<\/div><\/figure>\n\n\n\n<p><a href=\"http:\/\/www.matica.hr\/vijenac\/688%20-%20690\/liberal-s-ljudskim-licem-30603\/\">http:\/\/www.matica.hr\/vijenac\/688%20-%20690\/liberal-s-ljudskim-licem-30603\/<\/a><\/p>\n\n\n\n<p><a href=\"https:\/\/slobodnadalmacija.hr\/vijesti\/hrvatska\/profesor-kojem-nisu-dali-poduciti-hrvatsku-slobodi-ivu-banca-politicka-i-akademska-elita-ovih-dana-je-ispratila-sutljivom-suzdrzanoscu-1030493\">https:\/\/slobodnadalmacija.hr\/vijesti\/hrvatska\/profesor-kojem-nisu-dali-poduciti-hrvatsku-slobodi-ivu-banca-politicka-i-akademska-elita-ovih-dana-je-ispratila-sutljivom-suzdrzanoscu-1030493<\/a><\/p>\n\n\n\n<hr class=\"wp-block-separator\"\/>\n\n\n\n<p><a href=\"https:\/\/www.jutarnji.hr\/vijesti\/hrvatska\/sto-nas-je-fasciniralo-kod-ive-banca-to-da-postoji-historiografija-izvan-partije-15005567\">https:\/\/www.jutarnji.hr\/vijesti\/hrvatska\/sto-nas-je-fasciniralo-kod-ive-banca-to-da-postoji-historiografija-izvan-partije-15005567<\/a><\/p>\n\n\n\n<figure class=\"wp-block-embed-wordpress wp-block-embed is-type-wp-embed is-provider-mraclin-hr\"><div class=\"wp-block-embed__wrapper\">\n<blockquote class=\"wp-embedded-content\" data-secret=\"uwk9l5mW5D\"><a href=\"https:\/\/mraclin.hr\/u-sjecanje-na-gospara-banca\/\">U sje\u0107anje na gospara Banca<\/a><\/blockquote><iframe loading=\"lazy\" class=\"wp-embedded-content\" sandbox=\"allow-scripts\" security=\"restricted\" style=\"position: absolute; clip: rect(1px, 1px, 1px, 1px);\" title=\"&#8220;U sje\u0107anje na gospara Banca&#8221; &#8212; MRACLIN.HR\" src=\"https:\/\/mraclin.hr\/u-sjecanje-na-gospara-banca\/embed\/#?secret=uwk9l5mW5D\" data-secret=\"uwk9l5mW5D\" width=\"600\" height=\"338\" frameborder=\"0\" marginwidth=\"0\" marginheight=\"0\" scrolling=\"no\"><\/iframe>\n<\/div><\/figure>\n\n\n\n<p><a href=\"http:\/\/www.matica.hr\/vijenac\/687\/odlazak-velikog-povjesnicara-30555\/\">http:\/\/www.matica.hr\/vijenac\/687\/odlazak-velikog-povjesnicara-30555\/<\/a><\/p>\n\n\n\n<figure class=\"wp-block-embed-wordpress wp-block-embed is-type-wp-embed is-provider-ivijesti\"><div class=\"wp-block-embed__wrapper\">\n<blockquote class=\"wp-embedded-content\" data-secret=\"LETSQXPjss\"><a href=\"https:\/\/ivijesti.hr\/in-memoriam-ivo-banac\/\">In Memoriam Ivo Banac<\/a><\/blockquote><iframe loading=\"lazy\" class=\"wp-embedded-content\" sandbox=\"allow-scripts\" security=\"restricted\" style=\"position: absolute; clip: rect(1px, 1px, 1px, 1px);\" title=\"&#8220;In Memoriam Ivo Banac&#8221; &#8212; iVijesti\" src=\"https:\/\/ivijesti.hr\/in-memoriam-ivo-banac\/embed\/#?secret=LETSQXPjss\" data-secret=\"LETSQXPjss\" width=\"600\" height=\"338\" frameborder=\"0\" marginwidth=\"0\" marginheight=\"0\" scrolling=\"no\"><\/iframe>\n<\/div><\/figure>\n\n\n\n<p><a href=\"http:\/\/fbd.org.rs\/index.php\/en\/?option=com_content&amp;view=article&amp;id=433\">http:\/\/fbd.org.rs\/index.php\/en\/?option=com_content&amp;view=article&amp;id=433<\/a><\/p>\n\n\n\n<p><a href=\"https:\/\/www.portalnovosti.com\/neprijateljska-propaganda-gola-zena\">https:\/\/www.portalnovosti.com\/neprijateljska-propaganda-gola-zena<\/a><\/p>\n\n\n\n<figure class=\"wp-block-embed-wordpress wp-block-embed is-type-wp-embed is-provider-mi-portal\"><div class=\"wp-block-embed__wrapper\">\n<blockquote class=\"wp-embedded-content\" data-secret=\"jsx8i6WUCi\"><a href=\"https:\/\/miportal.hr\/2020\/07\/01\/in-memoriam-ivo-banac-vazno-je-braniti-crkvu\/\">IN MEMORIAM \u2013 IVO BANAC: \u201eVA\u017dNO JE BRANITI CRKVU!\u201c<\/a><\/blockquote><iframe loading=\"lazy\" class=\"wp-embedded-content\" sandbox=\"allow-scripts\" security=\"restricted\" style=\"position: absolute; clip: rect(1px, 1px, 1px, 1px);\" title=\"&#8220;IN MEMORIAM \u2013 IVO BANAC: \u201eVA\u017dNO JE BRANITI CRKVU!\u201c&#8221; &#8212; MI Portal\" src=\"https:\/\/miportal.hr\/2020\/07\/01\/in-memoriam-ivo-banac-vazno-je-braniti-crkvu\/embed\/#?secret=jsx8i6WUCi\" data-secret=\"jsx8i6WUCi\" width=\"600\" height=\"338\" frameborder=\"0\" marginwidth=\"0\" marginheight=\"0\" scrolling=\"no\"><\/iframe>\n<\/div><\/figure>\n\n\n\n<figure class=\"wp-block-embed-wordpress wp-block-embed is-type-wp-embed is-provider-bhrt\"><div class=\"wp-block-embed__wrapper\">\n<blockquote class=\"wp-embedded-content\" data-secret=\"cnyLUIZtfD\"><a href=\"https:\/\/bhrt.ba\/1179892\/in-memoriam-ivo-banac\/\">In memoriam: Ivo Banac<\/a><\/blockquote><iframe loading=\"lazy\" class=\"wp-embedded-content\" sandbox=\"allow-scripts\" security=\"restricted\" style=\"position: absolute; clip: rect(1px, 1px, 1px, 1px);\" title=\"&#8220;In memoriam: Ivo Banac&#8221; &#8212; BHRT\" src=\"https:\/\/bhrt.ba\/1179892\/in-memoriam-ivo-banac\/embed\/#?secret=cnyLUIZtfD\" data-secret=\"cnyLUIZtfD\" width=\"600\" height=\"338\" frameborder=\"0\" marginwidth=\"0\" marginheight=\"0\" scrolling=\"no\"><\/iframe>\n<\/div><\/figure>\n\n\n\n<hr class=\"wp-block-separator\"\/>\n\n\n\n<figure class=\"wp-block-embed-wordpress wp-block-embed is-type-wp-embed is-provider-historiografija-hr\"><div class=\"wp-block-embed__wrapper\">\n<blockquote class=\"wp-embedded-content\" data-secret=\"lsnftC5KTt\"><a href=\"https:\/\/historiografija.hr\/?p=21745\">Preminuo povjesni\u010dar Ivo Banac<\/a><\/blockquote><iframe loading=\"lazy\" class=\"wp-embedded-content\" sandbox=\"allow-scripts\" security=\"restricted\" style=\"position: absolute; clip: rect(1px, 1px, 1px, 1px);\" title=\"&#8220;Preminuo povjesni\u010dar Ivo Banac&#8221; &#8212; Historiografija.hr\" src=\"https:\/\/historiografija.hr\/?p=21745&#038;embed=true#?secret=lsnftC5KTt\" data-secret=\"lsnftC5KTt\" width=\"600\" height=\"338\" frameborder=\"0\" marginwidth=\"0\" marginheight=\"0\" scrolling=\"no\"><\/iframe>\n<\/div><\/figure>\n","protected":false},"excerpt":{"rendered":"","protected":false},"author":2,"featured_media":21908,"comment_status":"open","ping_status":"open","sticky":false,"template":"","format":"standard","meta":{"_acf_changed":false,"jetpack_post_was_ever_published":false,"_jetpack_newsletter_access":"","_jetpack_dont_email_post_to_subs":false,"_jetpack_newsletter_tier_id":0,"_jetpack_memberships_contains_paywalled_content":false,"_jetpack_memberships_contains_paid_content":false,"footnotes":"","jetpack_publicize_message":"","jetpack_publicize_feature_enabled":true,"jetpack_social_post_already_shared":false,"jetpack_social_options":{"image_generator_settings":{"template":"highway","default_image_id":0,"font":"","enabled":false},"version":2}},"categories":[3,20],"tags":[],"class_list":["post-21905","post","type-post","status-publish","format-standard","has-post-thumbnail","hentry","category-novosti","category-obavijesti-o-smrti-i-nekrolozi"],"acf":{"facebook_opis":""},"jetpack_publicize_connections":[],"jetpack_featured_media_url":"https:\/\/i0.wp.com\/historiografija.hr\/wp-content\/uploads\/2020\/07\/I-Banac.jpeg?fit=681%2C380&ssl=1","jetpack_sharing_enabled":true,"jetpack-related-posts":[{"id":52505,"url":"https:\/\/historiografija.hr\/?p=52505","url_meta":{"origin":21905,"position":0},"title":"Izlo\u017eba &#8220;Eschenstock \/ Jasenov prut&#8221;","author":"Branimir Jankovi\u0107","date":"17. travnja 2026.","format":false,"excerpt":"Srpsko narodno vije\u0107e (SNV) i Vizura aperta postavljaju izlo\u017ebu \u0161vicarskog slikara Velimira Ili\u0161evi\u0107a: Eschenstock \/ Jasenov prut. Izlo\u017eba se uz prisustvo autora otvara povodom 81. godi\u0161njice proboja logora\u0161a iz usta\u0161kog logora smrti Jasenovac 22. aprila 2026. u 19 sati u Srpskom kulturnom centru (SKC) u Preradovi\u0107evoj ulici 21 u Zagrebu.\u2026","rel":"","context":"U &quot;Izlo\u017ebe&quot;","block_context":{"text":"Izlo\u017ebe","link":"https:\/\/historiografija.hr\/?cat=10"},"img":{"alt_text":"","src":"https:\/\/i0.wp.com\/historiografija.hr\/wp-content\/uploads\/2026\/04\/Jasenov_prut.jpg?fit=1024%2C640&ssl=1&resize=350%2C200","width":350,"height":200,"srcset":"https:\/\/i0.wp.com\/historiografija.hr\/wp-content\/uploads\/2026\/04\/Jasenov_prut.jpg?fit=1024%2C640&ssl=1&resize=350%2C200 1x, https:\/\/i0.wp.com\/historiografija.hr\/wp-content\/uploads\/2026\/04\/Jasenov_prut.jpg?fit=1024%2C640&ssl=1&resize=525%2C300 1.5x, https:\/\/i0.wp.com\/historiografija.hr\/wp-content\/uploads\/2026\/04\/Jasenov_prut.jpg?fit=1024%2C640&ssl=1&resize=700%2C400 2x"},"classes":[]},{"id":52578,"url":"https:\/\/historiografija.hr\/?p=52578","url_meta":{"origin":21905,"position":1},"title":"Poziv za sudjelovanje: XXII. Dani Julija Bene\u0161i\u0107a u Iloku","author":"Branimir Jankovi\u0107","date":"21. travnja 2026.","format":false,"excerpt":"Zavod za lingvisti\u010dka istra\u017eivanja Hrvatske akademije znanosti i umjetnosti, zajedno s Muzejom grada Iloka, organizira XXII. Dane Julija Bene\u0161i\u0107a, koji \u0107e se odr\u017eati od 28. do 30. listopada 2026. u Iloku.\u00a0Teme ovogodi\u0161njih Dana podijeljene su u dvije cjeline: Knji\u017eevno-jezikoslovni d\u00ecv\u0101n s Bene\u0161i\u0107em te Ilok i Srijem u povijesnim stalnicama i\u2026","rel":"","context":"U &quot;Novosti&quot;","block_context":{"text":"Novosti","link":"https:\/\/historiografija.hr\/?cat=3"},"img":{"alt_text":"","src":"https:\/\/i0.wp.com\/historiografija.hr\/wp-content\/uploads\/2019\/10\/HE2_Benesic.jpg?fit=413%2C591&ssl=1&resize=350%2C200","width":350,"height":200},"classes":[]},{"id":52717,"url":"https:\/\/historiografija.hr\/?p=52717","url_meta":{"origin":21905,"position":2},"title":"Okrugli stol &#8220;Dvjestapedeset godina Sjedinjenih Ameri\u010dkih Dr\u017eava \u2013 od kolonije do prve zemlje svijeta i dalje&#8221;","author":"Filip \u0160imunjak","date":"29. travnja 2026.","format":false,"excerpt":"Ove godine obilje\u017eava se 250. obljetnica osnutka Sjedinjenih Ameri\u010dkih Dr\u017eava, povodom koje je pokrenut niz rasprava o ameri\u010dkoj povijesti, njezinoj globalnoj ulozi i naslje\u0111u koje se prote\u017ee od 1776. do danas. Obljetnica je ujedno prilika za promi\u0161ljanje o tome kako danas tuma\u010dimo ameri\u010dku pro\u0161lost, ali i (aktualnu) ulogu SAD-a u\u2026","rel":"","context":"U &quot;Novosti&quot;","block_context":{"text":"Novosti","link":"https:\/\/historiografija.hr\/?cat=3"},"img":{"alt_text":"","src":"https:\/\/i0.wp.com\/historiografija.hr\/wp-content\/uploads\/2026\/04\/Kliofest-01-utorak-I-02-OS-250-godina-SAD.jpg?fit=1200%2C566&ssl=1&resize=350%2C200","width":350,"height":200,"srcset":"https:\/\/i0.wp.com\/historiografija.hr\/wp-content\/uploads\/2026\/04\/Kliofest-01-utorak-I-02-OS-250-godina-SAD.jpg?fit=1200%2C566&ssl=1&resize=350%2C200 1x, https:\/\/i0.wp.com\/historiografija.hr\/wp-content\/uploads\/2026\/04\/Kliofest-01-utorak-I-02-OS-250-godina-SAD.jpg?fit=1200%2C566&ssl=1&resize=525%2C300 1.5x, https:\/\/i0.wp.com\/historiografija.hr\/wp-content\/uploads\/2026\/04\/Kliofest-01-utorak-I-02-OS-250-godina-SAD.jpg?fit=1200%2C566&ssl=1&resize=700%2C400 2x, https:\/\/i0.wp.com\/historiografija.hr\/wp-content\/uploads\/2026\/04\/Kliofest-01-utorak-I-02-OS-250-godina-SAD.jpg?fit=1200%2C566&ssl=1&resize=1050%2C600 3x"},"classes":[]},{"id":52575,"url":"https:\/\/historiografija.hr\/?p=52575","url_meta":{"origin":21905,"position":3},"title":"Izlo\u017eba dje\u010djih radova \u201cU po\u010detku bija\u0161e crte\u017e\u2026\u201d","author":"Branimir Jankovi\u0107","date":"21. travnja 2026.","format":false,"excerpt":"U subotu, 25. travnja 2026. u 11 sati u Galeriji Klovi\u0107evi dvori sve\u010dano otvaramo izlo\u017ebu dje\u010djih radova pod nazivom U po\u010detku bija\u0161e crte\u017e\u2026 Radovi su nastali u sklopu likovnih radionica uz izlo\u017ebu U po\u010detku bija\u0161e kraljevstvo \u2013 izlo\u017eba povodom 1100 godina Hrvatskoga Kraljevstva. Na brojnim likovnim radionicama, uz \u0161kolsku djecu,\u2026","rel":"","context":"U &quot;Izlo\u017ebe&quot;","block_context":{"text":"Izlo\u017ebe","link":"https:\/\/historiografija.hr\/?cat=10"},"img":{"alt_text":"","src":"https:\/\/i0.wp.com\/historiografija.hr\/wp-content\/uploads\/2025\/10\/Klovicevi_sluzbeni-plakat.png?fit=840%2C1200&ssl=1&resize=350%2C200","width":350,"height":200,"srcset":"https:\/\/i0.wp.com\/historiografija.hr\/wp-content\/uploads\/2025\/10\/Klovicevi_sluzbeni-plakat.png?fit=840%2C1200&ssl=1&resize=350%2C200 1x, https:\/\/i0.wp.com\/historiografija.hr\/wp-content\/uploads\/2025\/10\/Klovicevi_sluzbeni-plakat.png?fit=840%2C1200&ssl=1&resize=525%2C300 1.5x, https:\/\/i0.wp.com\/historiografija.hr\/wp-content\/uploads\/2025\/10\/Klovicevi_sluzbeni-plakat.png?fit=840%2C1200&ssl=1&resize=700%2C400 2x"},"classes":[]},{"id":52666,"url":"https:\/\/historiografija.hr\/?p=52666","url_meta":{"origin":21905,"position":4},"title":"Najava programa Festivala povijesti Kliofest (5-8. V. 2026)","author":"Branimir Jankovi\u0107","date":"24. travnja 2026.","format":false,"excerpt":"Po trinaesti put odr\u017eava se Festival povijesti Kliofest! Do petka \u0107emo odr\u017eati osam okruglih stolova i dva kolokvija te niz predstavljanja knjiga i projekata razli\u010dite tematike, od antike do suvremenosti. Bit \u0107e predstavljeno i nekoliko izlo\u017ebi te odr\u017ean jedan povijesni kviz. Prikazat \u0107emo i jedan film \u2013 o generalu Boroevi\u0107u.\u2026","rel":"","context":"U &quot;Novosti&quot;","block_context":{"text":"Novosti","link":"https:\/\/historiografija.hr\/?cat=3"},"img":{"alt_text":"","src":"https:\/\/i0.wp.com\/historiografija.hr\/wp-content\/uploads\/2026\/04\/Kliofest-2026.jpg?fit=526%2C526&ssl=1&resize=350%2C200","width":350,"height":200,"srcset":"https:\/\/i0.wp.com\/historiografija.hr\/wp-content\/uploads\/2026\/04\/Kliofest-2026.jpg?fit=526%2C526&ssl=1&resize=350%2C200 1x, https:\/\/i0.wp.com\/historiografija.hr\/wp-content\/uploads\/2026\/04\/Kliofest-2026.jpg?fit=526%2C526&ssl=1&resize=525%2C300 1.5x"},"classes":[]},{"id":52499,"url":"https:\/\/historiografija.hr\/?p=52499","url_meta":{"origin":21905,"position":5},"title":"POTPISAN UGOVOR O ZNANSTVENO-ISTRA\u017dIVA\u010cKOJ SURADNJI: PROJEKT \u201eTEMELJI HRVATSKE SAMOSTALNOSTI\u201d","author":"Branimir Jankovi\u0107","date":"17. travnja 2026.","format":false,"excerpt":"Hrvatski institut za povijest, Sveu\u010dili\u0161te obrane i sigurnosti \u201eDr. Franjo Tu\u0111man\u201d, Institut dru\u0161tvenih znanosti Ivo Pilar i Hrvatski dr\u017eavni arhiv\u00a0potpisali su 23. o\u017eujka 2026.\u00a0Ugovor o znanstveno-istra\u017eiva\u010dkoj suradnji s ciljem provedbe projekta \u201eTemelji hrvatske samostalnosti\u201d. Tim projektom obuhva\u0107a se istra\u017eivanje arhivskoga gradiva, priprema znanstvenih publikacija, digitalizacija i javna prezentacija rezultata istra\u017eivanja\u2026","rel":"","context":"U &quot;Novosti&quot;","block_context":{"text":"Novosti","link":"https:\/\/historiografija.hr\/?cat=3"},"img":{"alt_text":"","src":"https:\/\/i0.wp.com\/historiografija.hr\/wp-content\/uploads\/2026\/04\/THS_sporazum.jpg?fit=1200%2C583&ssl=1&resize=350%2C200","width":350,"height":200,"srcset":"https:\/\/i0.wp.com\/historiografija.hr\/wp-content\/uploads\/2026\/04\/THS_sporazum.jpg?fit=1200%2C583&ssl=1&resize=350%2C200 1x, https:\/\/i0.wp.com\/historiografija.hr\/wp-content\/uploads\/2026\/04\/THS_sporazum.jpg?fit=1200%2C583&ssl=1&resize=525%2C300 1.5x, https:\/\/i0.wp.com\/historiografija.hr\/wp-content\/uploads\/2026\/04\/THS_sporazum.jpg?fit=1200%2C583&ssl=1&resize=700%2C400 2x, https:\/\/i0.wp.com\/historiografija.hr\/wp-content\/uploads\/2026\/04\/THS_sporazum.jpg?fit=1200%2C583&ssl=1&resize=1050%2C600 3x"},"classes":[]}],"_links":{"self":[{"href":"https:\/\/historiografija.hr\/index.php?rest_route=\/wp\/v2\/posts\/21905","targetHints":{"allow":["GET"]}}],"collection":[{"href":"https:\/\/historiografija.hr\/index.php?rest_route=\/wp\/v2\/posts"}],"about":[{"href":"https:\/\/historiografija.hr\/index.php?rest_route=\/wp\/v2\/types\/post"}],"author":[{"embeddable":true,"href":"https:\/\/historiografija.hr\/index.php?rest_route=\/wp\/v2\/users\/2"}],"replies":[{"embeddable":true,"href":"https:\/\/historiografija.hr\/index.php?rest_route=%2Fwp%2Fv2%2Fcomments&post=21905"}],"version-history":[{"count":8,"href":"https:\/\/historiografija.hr\/index.php?rest_route=\/wp\/v2\/posts\/21905\/revisions"}],"predecessor-version":[{"id":24194,"href":"https:\/\/historiografija.hr\/index.php?rest_route=\/wp\/v2\/posts\/21905\/revisions\/24194"}],"wp:featuredmedia":[{"embeddable":true,"href":"https:\/\/historiografija.hr\/index.php?rest_route=\/wp\/v2\/media\/21908"}],"wp:attachment":[{"href":"https:\/\/historiografija.hr\/index.php?rest_route=%2Fwp%2Fv2%2Fmedia&parent=21905"}],"wp:term":[{"taxonomy":"category","embeddable":true,"href":"https:\/\/historiografija.hr\/index.php?rest_route=%2Fwp%2Fv2%2Fcategories&post=21905"},{"taxonomy":"post_tag","embeddable":true,"href":"https:\/\/historiografija.hr\/index.php?rest_route=%2Fwp%2Fv2%2Ftags&post=21905"}],"curies":[{"name":"wp","href":"https:\/\/api.w.org\/{rel}","templated":true}]}}