{"id":21852,"date":"2020-07-07T14:25:50","date_gmt":"2020-07-07T14:25:50","guid":{"rendered":"http:\/\/historiografija.hr\/?p=21852"},"modified":"2020-08-25T13:54:55","modified_gmt":"2020-08-25T13:54:55","slug":"reakcije-na-deklaraciju-obranimo-povijest","status":"publish","type":"post","link":"https:\/\/historiografija.hr\/?p=21852","title":{"rendered":"Reakcije na Deklaraciju \u201cObranimo povijest\u201d"},"content":{"rendered":"\n<p>U nastavku donosimo pregled u prvom redu hrvatskih reakcija na regionalnu Deklaraciju \u201cObranimo povijest\u201d \/ \u201cOdbranimo historiju\u201d \/ \u201cOdbranimo istoriju\u201d objavljenu u lipnju 2020. godine.<\/p>\n\n\n\n<p><\/p>\n\n\n\n<hr class=\"wp-block-separator\"\/>\n\n\n\n<p><\/p>\n\n\n\n<p>Objavljena deklaracija \u2018Obranimo povijest\u2019<\/p>\n\n\n\n<figure class=\"wp-block-embed-wordpress wp-block-embed is-type-wp-embed is-provider-ravnododna\"><div class=\"wp-block-embed__wrapper\">\n<blockquote class=\"wp-embedded-content\" data-secret=\"pJHW3SoR5R\"><a href=\"https:\/\/ravnododna.com\/objavljena-deklaracija-obranimo-povijest\/\">Objavljena deklaracija &#8216;Obranimo povijest&#8217;<\/a><\/blockquote><iframe loading=\"lazy\" class=\"wp-embedded-content\" sandbox=\"allow-scripts\" security=\"restricted\" style=\"position: absolute; clip: rect(1px, 1px, 1px, 1px);\" title=\"&#8220;Objavljena deklaracija &#8216;Obranimo povijest&#8217;&#8221; &#8212; ravnododna\" src=\"https:\/\/ravnododna.com\/objavljena-deklaracija-obranimo-povijest\/embed\/#?secret=pJHW3SoR5R\" data-secret=\"pJHW3SoR5R\" width=\"600\" height=\"338\" frameborder=\"0\" marginwidth=\"0\" marginheight=\"0\" scrolling=\"no\"><\/iframe>\n<\/div><\/figure>\n\n\n\n<hr class=\"wp-block-separator\"\/>\n\n\n\n<p>Povjesni\u010dari biv\u0161e Jugoslavije: Niste samo \u017ertve niti su drugi za sve krivi!<\/p>\n\n\n\n<p><a href=\"https:\/\/www.vecernji.hr\/kultura\/nakon-one-o-zajednickom-jeziku-povjesnicari-bivse-jugoslavije-donijeli-deklaraciju-o-povijesnom-revizionizmu-1410514\">https:\/\/www.vecernji.hr\/kultura\/nakon-one-o-zajednickom-jeziku-povjesnicari-bivse-jugoslavije-donijeli-deklaraciju-o-povijesnom-revizionizmu-1410514<\/a><\/p>\n\n\n\n<hr class=\"wp-block-separator\"\/>\n\n\n\n<p>Nakon jezika, na red je do\u0161la i obrana povijesti<\/p>\n\n\n\n<p><a href=\"https:\/\/www.vecernji.hr\/premium\/nakon-jezika-na-red-je-dosla-i-obrana-povijesti-1410136\">https:\/\/www.vecernji.hr\/premium\/nakon-jezika-na-red-je-dosla-i-obrana-povijesti-1410136<\/a><\/p>\n\n\n\n<hr class=\"wp-block-separator\"\/>\n\n\n\n<p>Bez zajedni\u010dkih hrvatskih i srpskih istra\u017eivanja ne mo\u017eemo razumjeti \u0161to nam se doga\u0111alo<\/p>\n\n\n\n<p>Tvrtko Jakovina, povjesni\u010dar i profesor na zagreba\u010dkom Filozofskom fakultetu, jedan je od autora Deklaracije &#8220;Obranimo povijest&#8221; protiv povijesnog revizionizma.<\/p>\n\n\n\n<p><a href=\"https:\/\/www.vecernji.hr\/kultura\/tvrtko-jakovina-arhive-moramo-otvoriti-vise-puta-trazio-sam-uvid-u-tudmanove-razgovore-no-bez-uspjeha-1410833\">https:\/\/www.vecernji.hr\/kultura\/tvrtko-jakovina-arhive-moramo-otvoriti-vise-puta-trazio-sam-uvid-u-tudmanove-razgovore-no-bez-uspjeha-1410833<\/a><\/p>\n\n\n\n<hr class=\"wp-block-separator\"\/>\n\n\n\n<p>Tvrtko Jakovina: Povijesni revizionizam je \u2013 provincijalizam<\/p>\n\n\n\n<p><a href=\"https:\/\/www.historiografija.ba\/article.php?id=162\">https:\/\/www.historiografija.ba\/article.php?id=162<\/a><\/p>\n\n\n\n<hr class=\"wp-block-separator\"\/>\n\n\n\n<p>Goldstein, Jakovina, Klasi\u0107\u2026 sa srpskim povjesni\u010darima u projektu \u201ePovjesni\u010dari protiv revizionizma\u201c potpisali deklaraciju \u201eObranimo povijest\u201c<\/p>\n\n\n\n<p><a href=\"https:\/\/narod.hr\/hrvatska\/goldstein-jakovina-klasic-sa-srpskim-povjesnicarima-u-projektu-povjesnicari-protiv-revizionizma-potpisali-deklaraciju-obranimo-povijest\">https:\/\/narod.hr\/hrvatska\/goldstein-jakovina-klasic-sa-srpskim-povjesnicarima-u-projektu-povjesnicari-protiv-revizionizma-potpisali-deklaraciju-obranimo-povijest<\/a><\/p>\n\n\n\n<hr class=\"wp-block-separator\"\/>\n\n\n\n<p>Potpisnik beogradske Deklaracije \u2018Obranimo povijest\u2019 tu\u017eio svoga kolegu povjesni\u010dara<\/p>\n\n\n\n<p><a href=\"https:\/\/narod.hr\/hrvatska\/potpisnik-beogradske-deklaracije-obranimo-povijest-tuzio-svoga-kolegu-povjesnicara\">https:\/\/narod.hr\/hrvatska\/potpisnik-beogradske-deklaracije-obranimo-povijest-tuzio-svoga-kolegu-povjesnicara<\/a><\/p>\n\n\n\n<hr class=\"wp-block-separator\"\/>\n\n\n\n<p>Jonji\u0107 o deklaraciji hrvatskih i srpskih povjesni\u010dara: \u2018\u0160tono ka\u017eu na\u0161i Zagorci \u2013 \u2018\u010de ne znaju, buju druge vu\u010dili\u201d<\/p>\n\n\n\n<p><a href=\"https:\/\/narod.hr\/hrvatska\/jonjic-o-deklaraciji-hrvatskih-i-srpskih-povjesnicara-stono-kazu-nasi-zagorci-ce-ne-znaju-buju-druge-vucili\">https:\/\/narod.hr\/hrvatska\/jonjic-o-deklaraciji-hrvatskih-i-srpskih-povjesnicara-stono-kazu-nasi-zagorci-ce-ne-znaju-buju-druge-vucili<\/a><\/p>\n\n\n\n<hr class=\"wp-block-separator\"\/>\n\n\n\n<p>SANU deklaracija \u2013 ZADNJA CRTA OBRANE TEKOVINA REVOLUCIJE I VELIKOSRPSKE PARADIGME<\/p>\n\n\n\n<figure class=\"wp-block-embed-wordpress wp-block-embed is-type-wp-embed is-provider-croativ-net\"><div class=\"wp-block-embed__wrapper\">\n<blockquote class=\"wp-embedded-content\" data-secret=\"0vINwUyYGE\"><a href=\"https:\/\/croativ.net\/sanu-deklaracija-zadnja-crta-obrane-tekovina-revolucije-i-velikosrpske-paradigme-10755\/\">SANU deklaracija &#8211; ZADNJA CRTA OBRANE TEKOVINA REVOLUCIJE I VELIKOSRPSKE PARADIGME<\/a><\/blockquote><iframe loading=\"lazy\" class=\"wp-embedded-content\" sandbox=\"allow-scripts\" security=\"restricted\" style=\"position: absolute; clip: rect(1px, 1px, 1px, 1px);\" title=\"&#8220;SANU deklaracija &#8211; ZADNJA CRTA OBRANE TEKOVINA REVOLUCIJE I VELIKOSRPSKE PARADIGME&#8221; &#8212; Croativ.net\" src=\"https:\/\/croativ.net\/sanu-deklaracija-zadnja-crta-obrane-tekovina-revolucije-i-velikosrpske-paradigme-10755\/embed\/#?secret=0vINwUyYGE\" data-secret=\"0vINwUyYGE\" width=\"600\" height=\"338\" frameborder=\"0\" marginwidth=\"0\" marginheight=\"0\" scrolling=\"no\"><\/iframe>\n<\/div><\/figure>\n\n\n\n<hr class=\"wp-block-separator\"\/>\n\n\n\n<p>Sve po Memorandumu SANU 2. Deklaracijom \u201cIstori\u010dari protiv revizionizma-Odbranimo istoriju \u201d protiv Rezolucije EU Parlamenta od 19.rujna 2019.godine, jer je po njima povijesni revizionizam!<\/p>\n\n\n\n<p><a href=\"https:\/\/hrvatskepraviceblog.wordpress.com\/2020\/06\/11\/sve-po-memorandumu-sanu-2-deklaracijom-istoricari-protiv-revizionizma-odbranimo-istoriju-protiv-rezolucije-eu-parlamenta-od-19-rujna-2019-godine-jer-je-po-njima-povijesni-revizionizam\/\">https:\/\/hrvatskepraviceblog.wordpress.com\/2020\/06\/11\/sve-po-memorandumu-sanu-2-deklaracijom-istoricari-protiv-revizionizma-odbranimo-istoriju-protiv-rezolucije-eu-parlamenta-od-19-rujna-2019-godine-jer-je-po-njima-povijesni-revizionizam\/<\/a><\/p>\n\n\n\n<figure class=\"wp-block-embed-wordpress wp-block-embed is-type-wp-embed is-provider-braniteljski-portal\"><div class=\"wp-block-embed__wrapper\">\n<blockquote class=\"wp-embedded-content\" data-secret=\"O0mFoi2soo\"><a href=\"https:\/\/www.braniteljski-portal.com\/sve-po-memorandumu-sanu-2-deklaracijom-istoricari-protiv-revizionizma-odbranimo-istoriju-protiv-rezolucije-eu-parlamenta-od-19-rujna-2019-godine-jer-je-po-njima-povijesni-revizion\">Sve po Memorandumu SANU 2. Deklaracijom \u201cIstori\u010dari protiv revizionizma-Odbranimo istoriju \u201d protiv Rezolucije EU Parlamenta od 19.rujna 2019.godine, jer je po njima povijesni revizionizam!<\/a><\/blockquote><iframe loading=\"lazy\" class=\"wp-embedded-content\" sandbox=\"allow-scripts\" security=\"restricted\" style=\"position: absolute; clip: rect(1px, 1px, 1px, 1px);\" title=\"&#8220;Sve po Memorandumu SANU 2. Deklaracijom \u201cIstori\u010dari protiv revizionizma-Odbranimo istoriju \u201d protiv Rezolucije EU Parlamenta od 19.rujna 2019.godine, jer je po njima povijesni revizionizam!&#8221; &#8212; Braniteljski portal\" src=\"https:\/\/www.braniteljski-portal.com\/sve-po-memorandumu-sanu-2-deklaracijom-istoricari-protiv-revizionizma-odbranimo-istoriju-protiv-rezolucije-eu-parlamenta-od-19-rujna-2019-godine-jer-je-po-njima-povijesni-revizion\/embed#?secret=O0mFoi2soo\" data-secret=\"O0mFoi2soo\" width=\"600\" height=\"338\" frameborder=\"0\" marginwidth=\"0\" marginheight=\"0\" scrolling=\"no\"><\/iframe>\n<\/div><\/figure>\n\n\n\n<hr class=\"wp-block-separator\"\/>\n\n\n\n<p>Podcast Velebit \u2013 Hrvoje Zekanovi\u0107: I u HDZ-u i u SDP-u najozbiljnije razmatraju veliku koaliciju<\/p>\n\n\n\n<p>\u010cemu slu\u017ei, tko financira i tko dobro zara\u0111uje tzv. deklaracijom \u201cObranimo povijest\u201d koju su u Beogradu potpisali neki povjesni\u010dari iz zemalja nastalih raspadom Jugoslavije?<\/p>\n\n\n\n<figure class=\"wp-block-embed-wordpress wp-block-embed is-type-wp-embed is-provider-projekt-velebit\"><div class=\"wp-block-embed__wrapper\">\n<blockquote class=\"wp-embedded-content\" data-secret=\"FnXIge3itf\"><a href=\"https:\/\/projektvelebit.com\/podcast-velebit-hrvoje-zekanovic-i-u-hdz-u-i-u-sdp-u-najozbiljnije-razmatraju-veliku-koaliciju\/\">Podcast Velebit &#8211; Hrvoje Zekanovi\u0107: I u HDZ-u i u SDP-u najozbiljnije razmatraju veliku koaliciju<\/a><\/blockquote><iframe loading=\"lazy\" class=\"wp-embedded-content\" sandbox=\"allow-scripts\" security=\"restricted\" style=\"position: absolute; clip: rect(1px, 1px, 1px, 1px);\" title=\"&#8220;Podcast Velebit &#8211; Hrvoje Zekanovi\u0107: &lt;br\/&gt;I u HDZ-u i u SDP-u najozbiljnije razmatraju veliku koaliciju&#8221; &#8212; Projekt Velebit\" src=\"https:\/\/projektvelebit.com\/podcast-velebit-hrvoje-zekanovic-i-u-hdz-u-i-u-sdp-u-najozbiljnije-razmatraju-veliku-koaliciju\/embed\/#?secret=FnXIge3itf\" data-secret=\"FnXIge3itf\" width=\"600\" height=\"338\" frameborder=\"0\" marginwidth=\"0\" marginheight=\"0\" scrolling=\"no\"><\/iframe>\n<\/div><\/figure>\n\n\n\n<hr class=\"wp-block-separator\"\/>\n\n\n\n<p>Ivo Lu\u010di\u0107: &#8220;Bilo bi mi \u017eao da se dogode stvari koje naslu\u0107ujem&#8221;<\/p>\n\n\n\n<p>U TV studiju Ve\u010dernjeg lista s njime razgovaramo o njegovu politi\u010dkom anga\u017emanu, o ideolo\u0161kom gra\u0111anskom ratu u Hrvatskoj, o tome jesu li se desnica i ljevica udru\u017eile radi micanja HDZ-a s vlasti, o najnovijoj inicijativi iz Beograda pod nazivom &#8220;Tko je prvi po\u010deo? Povjesni\u010dari protiv revizionizma\u201c<\/p>\n\n\n\n<figure class=\"wp-block-embed-youtube wp-block-embed is-type-video is-provider-youtube wp-embed-aspect-16-9 wp-has-aspect-ratio\"><div class=\"wp-block-embed__wrapper\">\n<span class=\"embed-youtube\" style=\"text-align:center; display: block;\"><iframe loading=\"lazy\" class=\"youtube-player\" width=\"860\" height=\"484\" src=\"https:\/\/www.youtube.com\/embed\/JgDDcAJ4U8Y?version=3&#038;rel=1&#038;showsearch=0&#038;showinfo=1&#038;iv_load_policy=1&#038;fs=1&#038;hl=hr&#038;autohide=2&#038;wmode=transparent\" allowfullscreen=\"true\" style=\"border:0;\" sandbox=\"allow-scripts allow-same-origin allow-popups allow-presentation allow-popups-to-escape-sandbox\"><\/iframe><\/span>\n<\/div><\/figure>\n\n\n\n<p><a href=\"https:\/\/www.vecernji.hr\/vijesti\/uskoro-uzivo-ivica-ivo-lucic-u-studiju-vecernjeg-lista-1410292\">https:\/\/www.vecernji.hr\/vijesti\/uskoro-uzivo-ivica-ivo-lucic-u-studiju-vecernjeg-lista-1410292<\/a><\/p>\n\n\n\n<hr class=\"wp-block-separator\"\/>\n\n\n\n<p>\u2018Povjesni\u010dari protiv revizionizma\u2019 kopali jamu povjesni\u010darima koji razotkrivaju njihove la\u017ei pa sami u nju upali<\/p>\n\n\n\n<figure class=\"wp-block-embed-wordpress wp-block-embed is-type-wp-embed is-provider-kamenjar\"><div class=\"wp-block-embed__wrapper\">\n<blockquote class=\"wp-embedded-content\" data-secret=\"coMJm54cUf\"><a href=\"https:\/\/kamenjar.com\/povjesnicari-protiv-revizionizma-kopali-jamu-povjesnicarima-koji-razotkrivaju-njihove-lazi-pa-sami-u-nju-upali\/\">&#8216;Povjesni\u010dari protiv revizionizma&#8217; kopali jamu povjesni\u010darima koji razotkrivaju njihove la\u017ei pa sami u nju upali<\/a><\/blockquote><iframe loading=\"lazy\" class=\"wp-embedded-content\" sandbox=\"allow-scripts\" security=\"restricted\" style=\"position: absolute; clip: rect(1px, 1px, 1px, 1px);\" title=\"&#8220;&#8216;Povjesni\u010dari protiv revizionizma&#8217; kopali jamu povjesni\u010darima koji razotkrivaju njihove la\u017ei pa sami u nju upali&#8221; &#8212; Kamenjar\" src=\"https:\/\/kamenjar.com\/povjesnicari-protiv-revizionizma-kopali-jamu-povjesnicarima-koji-razotkrivaju-njihove-lazi-pa-sami-u-nju-upali\/embed\/#?secret=coMJm54cUf\" data-secret=\"coMJm54cUf\" width=\"600\" height=\"338\" frameborder=\"0\" marginwidth=\"0\" marginheight=\"0\" scrolling=\"no\"><\/iframe>\n<\/div><\/figure>\n\n\n\n<hr class=\"wp-block-separator\"\/>\n\n\n\n<p>Demokratska ili komunisti\u010dka Hrvatska<\/p>\n\n\n\n<p><a href=\"https:\/\/www.hkv.hr\/izdvojeno\/vai-prilozi\/ostalo\/prilozi-graana\/34469-i-bekavac-demokratska-ili-komunisticka-hrvatska.html\">https:\/\/www.hkv.hr\/izdvojeno\/vai-prilozi\/ostalo\/prilozi-graana\/34469-i-bekavac-demokratska-ili-komunisticka-hrvatska.html<\/a><\/p>\n\n\n\n<hr class=\"wp-block-separator\"\/>\n\n\n\n<p>KROKODIL sa svojim partnerima na novom projektu \u201eKo je prvi po\u010deo?\u201c<\/p>\n\n\n\n<p><a href=\"https:\/\/www.hkv.hr\/izdvojeno\/vai-prilozi\/ostalo\/prilozi-graana\/34800-a-beljo-krokodil-sa-svojim-partnerima-na-novom-projektu-ko-je-prvi-poceo.html\">https:\/\/www.hkv.hr\/izdvojeno\/vai-prilozi\/ostalo\/prilozi-graana\/34800-a-beljo-krokodil-sa-svojim-partnerima-na-novom-projektu-ko-je-prvi-poceo.html<\/a><\/p>\n\n\n\n<hr class=\"wp-block-separator\"\/>\n\n\n\n<p>Obranimo povijest od Deklaracija\u0161a<\/p>\n\n\n\n<figure class=\"wp-block-embed-wordpress wp-block-embed is-type-wp-embed is-provider-crkva-na-kamenu\"><div class=\"wp-block-embed__wrapper\">\n<blockquote class=\"wp-embedded-content\" data-secret=\"e5wJE7ViiH\"><a href=\"https:\/\/www.cnak.ba\/kolumne\/uciteljica-zivota\/obranimo-povijest-od-deklaracijasa\/\">Obranimo povijest od Deklaracija\u0161a<\/a><\/blockquote><iframe loading=\"lazy\" class=\"wp-embedded-content\" sandbox=\"allow-scripts\" security=\"restricted\" style=\"position: absolute; clip: rect(1px, 1px, 1px, 1px);\" title=\"&#8220;Obranimo povijest od Deklaracija\u0161a&#8221; &#8212; Crkva na kamenu\" src=\"https:\/\/www.cnak.ba\/kolumne\/uciteljica-zivota\/obranimo-povijest-od-deklaracijasa\/embed\/#?secret=e5wJE7ViiH\" data-secret=\"e5wJE7ViiH\" width=\"600\" height=\"338\" frameborder=\"0\" marginwidth=\"0\" marginheight=\"0\" scrolling=\"no\"><\/iframe>\n<\/div><\/figure>\n\n\n\n<hr class=\"wp-block-separator\"\/>\n\n\n\n<p>Potpisnici manifesta &#8216;Obranimo povijest&#8217;, nastaloga nedavno u Beogradu, zagovornici su odbrane istorije<\/p>\n\n\n\n<p><a href=\"https:\/\/www.hkv.hr\/hrvatski-tjednik\/34563-g-boric-svatko-ima-pravo-na-svoja-sjecanja.html\">https:\/\/www.hkv.hr\/hrvatski-tjednik\/34563-g-boric-svatko-ima-pravo-na-svoja-sjecanja.html<\/a><\/p>\n\n\n\n<hr class=\"wp-block-separator\"\/>\n\n\n\n<p>Mitovi i stvarnost<\/p>\n\n\n\n<figure class=\"wp-block-embed-wordpress wp-block-embed is-type-wp-embed is-provider-tacno-net\"><div class=\"wp-block-embed__wrapper\">\n<blockquote class=\"wp-embedded-content\" data-secret=\"cspD0ZjeBe\"><a href=\"https:\/\/www.tacno.net\/deblokada-uma\/mitovi-i-stvarnost\/\">Mitovi i stvarnost<\/a><\/blockquote><iframe loading=\"lazy\" class=\"wp-embedded-content\" sandbox=\"allow-scripts\" security=\"restricted\" style=\"position: absolute; clip: rect(1px, 1px, 1px, 1px);\" title=\"&#8220;Mitovi i stvarnost&#8221; &#8212; Tacno.net\" src=\"https:\/\/www.tacno.net\/deblokada-uma\/mitovi-i-stvarnost\/embed\/#?secret=cspD0ZjeBe\" data-secret=\"cspD0ZjeBe\" width=\"600\" height=\"338\" frameborder=\"0\" marginwidth=\"0\" marginheight=\"0\" scrolling=\"no\"><\/iframe>\n<\/div><\/figure>\n\n\n\n<figure class=\"wp-block-embed-wordpress wp-block-embed is-type-wp-embed is-provider-udruga-antifa-scaron-ista-dubrovnik\"><div class=\"wp-block-embed__wrapper\">\n<blockquote class=\"wp-embedded-content\" data-secret=\"WbQCgdW88Y\"><a href=\"https:\/\/www.uafdu.hr\/mitovi-i-stvarnost-pise-drago-bojic-tacno-net\/\">Mitovi i stvarnost. Pi\u0161e Drago BOJI\u0106, tacno.net<\/a><\/blockquote><iframe loading=\"lazy\" class=\"wp-embedded-content\" sandbox=\"allow-scripts\" security=\"restricted\" style=\"position: absolute; clip: rect(1px, 1px, 1px, 1px);\" title=\"&#8220;Mitovi i stvarnost. Pi\u0161e Drago BOJI\u0106, tacno.net&#8221; &#8212; Udruga Antifa&scaron;ista Dubrovnik\" src=\"https:\/\/www.uafdu.hr\/mitovi-i-stvarnost-pise-drago-bojic-tacno-net\/embed\/#?secret=WbQCgdW88Y\" data-secret=\"WbQCgdW88Y\" width=\"600\" height=\"338\" frameborder=\"0\" marginwidth=\"0\" marginheight=\"0\" scrolling=\"no\"><\/iframe>\n<\/div><\/figure>\n\n\n\n<hr class=\"wp-block-separator\"\/>\n\n\n\n<p>(Dis)kontinuiteti<\/p>\n\n\n\n<figure class=\"wp-block-embed-wordpress wp-block-embed is-type-wp-embed is-provider-pescanik\"><div class=\"wp-block-embed__wrapper\">\n<blockquote class=\"wp-embedded-content\" data-secret=\"ttOrfRrIVt\"><a href=\"https:\/\/pescanik.net\/diskontinuiteti\/\">(Dis)kontinuiteti<\/a><\/blockquote><iframe loading=\"lazy\" class=\"wp-embedded-content\" sandbox=\"allow-scripts\" security=\"restricted\" style=\"position: absolute; clip: rect(1px, 1px, 1px, 1px);\" title=\"&#8220;(Dis)kontinuiteti&#8221; &#8212; Pe\u0161\u010danik\" src=\"https:\/\/pescanik.net\/diskontinuiteti\/embed\/#?secret=ttOrfRrIVt\" data-secret=\"ttOrfRrIVt\" width=\"600\" height=\"338\" frameborder=\"0\" marginwidth=\"0\" marginheight=\"0\" scrolling=\"no\"><\/iframe>\n<\/div><\/figure>\n\n\n\n<hr class=\"wp-block-separator\"\/>\n\n\n\n<p>Povjesni\u010dari nisu brokeri na burzi \u017ertava<\/p>\n\n\n\n<figure class=\"wp-block-embed-wordpress wp-block-embed is-type-wp-embed is-provider-tacno-net\"><div class=\"wp-block-embed__wrapper\">\n<blockquote class=\"wp-embedded-content\" data-secret=\"7flGYVGmFC\"><a href=\"https:\/\/www.tacno.net\/kultura\/povjesnicari-nisu-brokeri-na-burzi-zrtava\/\">Povjesni\u010dari nisu brokeri na burzi \u017ertava<\/a><\/blockquote><iframe loading=\"lazy\" class=\"wp-embedded-content\" sandbox=\"allow-scripts\" security=\"restricted\" style=\"position: absolute; clip: rect(1px, 1px, 1px, 1px);\" title=\"&#8220;Povjesni\u010dari nisu brokeri na burzi \u017ertava&#8221; &#8212; Tacno.net\" src=\"https:\/\/www.tacno.net\/kultura\/povjesnicari-nisu-brokeri-na-burzi-zrtava\/embed\/#?secret=7flGYVGmFC\" data-secret=\"7flGYVGmFC\" width=\"600\" height=\"338\" frameborder=\"0\" marginwidth=\"0\" marginheight=\"0\" scrolling=\"no\"><\/iframe>\n<\/div><\/figure>\n\n\n\n<hr class=\"wp-block-separator\"\/>\n\n\n\n<p>Branimir Jankovi\u0107 \u2013 Povjesni\u010dari nisu promatra\u010di politi\u010dkih borbi o povijesti \u2013 komentar \u010dlanka Marina Badurine \u201cPovjesni\u010dari nisu brokeri na burzi \u017ertava\u201d povodom Deklaracije \u201cObranimo povijest\u201d<\/p>\n\n\n\n<figure class=\"wp-block-embed-wordpress wp-block-embed is-type-wp-embed is-provider-historiografija-hr\"><div class=\"wp-block-embed__wrapper\">\n<blockquote class=\"wp-embedded-content\" data-secret=\"8wcK7LVNqo\"><a href=\"https:\/\/historiografija.hr\/?p=21861\">Branimir Jankovi\u0107 &#8211; Povjesni\u010dari nisu promatra\u010di politi\u010dkih borbi o povijesti \u2013 komentar \u010dlanka Marina Badurine \u201cPovjesni\u010dari nisu brokeri na burzi \u017ertava\u201d povodom Deklaracije \u201cObranimo povijest\u201d<\/a><\/blockquote><iframe loading=\"lazy\" class=\"wp-embedded-content\" sandbox=\"allow-scripts\" security=\"restricted\" style=\"position: absolute; clip: rect(1px, 1px, 1px, 1px);\" title=\"&#8220;Branimir Jankovi\u0107 &#8211; Povjesni\u010dari nisu promatra\u010di politi\u010dkih borbi o povijesti \u2013 komentar \u010dlanka Marina Badurine \u201cPovjesni\u010dari nisu brokeri na burzi \u017ertava\u201d povodom Deklaracije \u201cObranimo povijest\u201d&#8221; &#8212; Historiografija.hr\" src=\"https:\/\/historiografija.hr\/?p=21861&#038;embed=true#?secret=8wcK7LVNqo\" data-secret=\"8wcK7LVNqo\" width=\"600\" height=\"338\" frameborder=\"0\" marginwidth=\"0\" marginheight=\"0\" scrolling=\"no\"><\/iframe>\n<\/div><\/figure>\n\n\n\n<hr class=\"wp-block-separator\"\/>\n\n\n\n<p>Marino Badurina \u2013 Povjesni\u010dari su partibrejkeri \u2013 Komentar na tekst Branimira Jankovi\u0107a \u201ePovjesni\u010dari nisu promatra\u010di politi\u010dkih borbi o povijesti\u201c<\/p>\n\n\n\n<figure class=\"wp-block-embed-wordpress wp-block-embed is-type-wp-embed is-provider-historiografija-hr\"><div class=\"wp-block-embed__wrapper\">\n<blockquote class=\"wp-embedded-content\" data-secret=\"7a2xlTyycU\"><a href=\"https:\/\/historiografija.hr\/?p=21873\">Marino Badurina &#8211; Povjesni\u010dari su partibrejkeri  &#8211; Komentar na tekst Branimira Jankovi\u0107a \u201ePovjesni\u010dari nisu promatra\u010di politi\u010dkih borbi o povijesti\u201c<\/a><\/blockquote><iframe loading=\"lazy\" class=\"wp-embedded-content\" sandbox=\"allow-scripts\" security=\"restricted\" style=\"position: absolute; clip: rect(1px, 1px, 1px, 1px);\" title=\"&#8220;Marino Badurina &#8211; Povjesni\u010dari su partibrejkeri  &#8211; Komentar na tekst Branimira Jankovi\u0107a \u201ePovjesni\u010dari nisu promatra\u010di politi\u010dkih borbi o povijesti\u201c&#8221; &#8212; Historiografija.hr\" src=\"https:\/\/historiografija.hr\/?p=21873&#038;embed=true#?secret=7a2xlTyycU\" data-secret=\"7a2xlTyycU\" width=\"600\" height=\"338\" frameborder=\"0\" marginwidth=\"0\" marginheight=\"0\" scrolling=\"no\"><\/iframe>\n<\/div><\/figure>\n\n\n\n<figure class=\"wp-block-embed-wordpress wp-block-embed is-type-wp-embed is-provider-historiografija-hr\"><div class=\"wp-block-embed__wrapper\">\n<blockquote class=\"wp-embedded-content\" data-secret=\"qVobQCtZ86\"><a href=\"https:\/\/historiografija.hr\/?p=21468\">Deklaracija \u201cObranimo povijest\u201d<\/a><\/blockquote><iframe loading=\"lazy\" class=\"wp-embedded-content\" sandbox=\"allow-scripts\" security=\"restricted\" style=\"position: absolute; clip: rect(1px, 1px, 1px, 1px);\" title=\"&#8220;Deklaracija \u201cObranimo povijest\u201d&#8221; &#8212; Historiografija.hr\" src=\"https:\/\/historiografija.hr\/?p=21468&#038;embed=true#?secret=qVobQCtZ86\" data-secret=\"qVobQCtZ86\" width=\"600\" height=\"338\" frameborder=\"0\" marginwidth=\"0\" marginheight=\"0\" scrolling=\"no\"><\/iframe>\n<\/div><\/figure>\n","protected":false},"excerpt":{"rendered":"","protected":false},"author":2,"featured_media":21853,"comment_status":"open","ping_status":"open","sticky":false,"template":"","format":"standard","meta":{"_acf_changed":false,"jetpack_post_was_ever_published":false,"_jetpack_newsletter_access":"","_jetpack_dont_email_post_to_subs":false,"_jetpack_newsletter_tier_id":0,"_jetpack_memberships_contains_paywalled_content":false,"_jetpack_memberships_contains_paid_content":false,"footnotes":"","jetpack_publicize_message":"","jetpack_publicize_feature_enabled":true,"jetpack_social_post_already_shared":false,"jetpack_social_options":{"image_generator_settings":{"template":"highway","default_image_id":0,"font":"","enabled":false},"version":2}},"categories":[3,17],"tags":[],"class_list":["post-21852","post","type-post","status-publish","format-standard","has-post-thumbnail","hentry","category-novosti","category-rasprave"],"acf":{"facebook_opis":""},"jetpack_publicize_connections":[],"jetpack_featured_media_url":"https:\/\/i0.wp.com\/historiografija.hr\/wp-content\/uploads\/2020\/07\/odbranimo_istoriju.jpg?fit=1200%2C630&ssl=1","jetpack_sharing_enabled":true,"jetpack-related-posts":[{"id":52633,"url":"https:\/\/historiografija.hr\/?p=52633","url_meta":{"origin":21852,"position":0},"title":"POVIJEST TRE\u0160NJEVA\u010cKE GLAZBE: prikupljanje virtualnog fundusa Muzeja susjedstva Tre\u0161njevka","author":"Branimir Jankovi\u0107","date":"23. travnja 2026.","format":false,"excerpt":"utorak 28. 4. 2026. 14 - 18 h Nova BAZA, Nova cesta 66, Zagreb Prvi su dani ljeta 1957. godine. Bo\u017eica Kalafati\u0107 poha\u0111a drugi razred Osnovne \u0161kole Bratstvo i jedinstvo, danas kralja Tomislava, a ide i na muzi\u010dke satove u Mo\u0161\u0107eni\u010dkoj ulici. Na fotografiji s harmonikom u rukama stoji u\u2026","rel":"","context":"U &quot;Novosti&quot;","block_context":{"text":"Novosti","link":"https:\/\/historiografija.hr\/?cat=3"},"img":{"alt_text":"","src":"https:\/\/i0.wp.com\/historiografija.hr\/wp-content\/uploads\/2026\/04\/MST_prikupljanje.jpg?fit=380%2C475&ssl=1&resize=350%2C200","width":350,"height":200},"classes":[]},{"id":52746,"url":"https:\/\/historiografija.hr\/?p=52746","url_meta":{"origin":21852,"position":1},"title":"Predstavljanje djelatnosti povjesni\u010dara: \u201ePisma kao izvor za povijest 18.stolje\u0107a \u2013 iskustva rada na HRZZ projektu LIGHT\u201c","author":"Filip \u0160imunjak","date":"30. travnja 2026.","format":false,"excerpt":"Predstavljanje djelatnosti povjesni\u010dara: \u201ePisma kao izvor za povijest 18. stolje\u0107a \u2013 iskustva rada na HRZZ projektu LIGHT\u201c odr\u017eat \u0107e se u sklopu ovogodi\u0161njega Festivala povijesti Kliofest u Nacionalnoj i sveu\u010dili\u0161noj knji\u017enici u Zagrebu, u utorak 5. svibnja, s po\u010detkom u 16 sati. Sudjeluju: Teodora Shek Brnardi\u0107, Marta Jurkovi\u0107, Matea Maru\u0161i\u0107,\u2026","rel":"","context":"U &quot;Novosti&quot;","block_context":{"text":"Novosti","link":"https:\/\/historiografija.hr\/?cat=3"},"img":{"alt_text":"","src":"https:\/\/i0.wp.com\/historiografija.hr\/wp-content\/uploads\/2026\/04\/Kliofest-01-utorak-I-03-PDP-Pisma-kao-izvor.jpg?fit=1200%2C566&ssl=1&resize=350%2C200","width":350,"height":200,"srcset":"https:\/\/i0.wp.com\/historiografija.hr\/wp-content\/uploads\/2026\/04\/Kliofest-01-utorak-I-03-PDP-Pisma-kao-izvor.jpg?fit=1200%2C566&ssl=1&resize=350%2C200 1x, https:\/\/i0.wp.com\/historiografija.hr\/wp-content\/uploads\/2026\/04\/Kliofest-01-utorak-I-03-PDP-Pisma-kao-izvor.jpg?fit=1200%2C566&ssl=1&resize=525%2C300 1.5x, https:\/\/i0.wp.com\/historiografija.hr\/wp-content\/uploads\/2026\/04\/Kliofest-01-utorak-I-03-PDP-Pisma-kao-izvor.jpg?fit=1200%2C566&ssl=1&resize=700%2C400 2x, https:\/\/i0.wp.com\/historiografija.hr\/wp-content\/uploads\/2026\/04\/Kliofest-01-utorak-I-03-PDP-Pisma-kao-izvor.jpg?fit=1200%2C566&ssl=1&resize=1050%2C600 3x"},"classes":[]},{"id":52496,"url":"https:\/\/historiografija.hr\/?p=52496","url_meta":{"origin":21852,"position":2},"title":"30 godina Podru\u017enice \u2013 Javno predavanje Matea \u010calu\u0161i\u0107a \u201eSlavonski Brod u Domovinskom ratu\u201c","author":"Branimir Jankovi\u0107","date":"17. travnja 2026.","format":false,"excerpt":"U 2026. navr\u0161ava se trideset godina od osnutka Podru\u017enice za povijest Slavonije, Srijema i Baranje Hrvatskoga instituta za povijest. Obilje\u017eavanje ove zna\u010dajne obljetnice zapo\u010dinje ciklusom javnih povijesnih predavanja znanstvenika Instituta. Tre\u0107e po redu je predavanje Matea \u010calu\u0161i\u0107a \u2013 \u201eSLAVONSKI BROD U DOMOVINSKOM RATU\u201c. Predavanje \u0107e se odr\u017eati 21. travnja 2026.\u2026","rel":"","context":"U &quot;Novosti&quot;","block_context":{"text":"Novosti","link":"https:\/\/historiografija.hr\/?cat=3"},"img":{"alt_text":"","src":"https:\/\/i0.wp.com\/historiografija.hr\/wp-content\/uploads\/2026\/04\/Predavanje-Calusic.png?fit=860%2C1200&ssl=1&resize=350%2C200","width":350,"height":200,"srcset":"https:\/\/i0.wp.com\/historiografija.hr\/wp-content\/uploads\/2026\/04\/Predavanje-Calusic.png?fit=860%2C1200&ssl=1&resize=350%2C200 1x, https:\/\/i0.wp.com\/historiografija.hr\/wp-content\/uploads\/2026\/04\/Predavanje-Calusic.png?fit=860%2C1200&ssl=1&resize=525%2C300 1.5x, https:\/\/i0.wp.com\/historiografija.hr\/wp-content\/uploads\/2026\/04\/Predavanje-Calusic.png?fit=860%2C1200&ssl=1&resize=700%2C400 2x"},"classes":[]},{"id":52669,"url":"https:\/\/historiografija.hr\/?p=52669","url_meta":{"origin":21852,"position":3},"title":"Predavanje Igora Dude &#8220;Odmor kao \u017eivotna potreba: o slobodnom vremenu u socijalisti\u010dkoj Jugoslaviji&#8221;","author":"Branimir Jankovi\u0107","date":"27. travnja 2026.","format":false,"excerpt":"U sklopu proljetnog ciklusa programa\u00a0Kriti\u010dka dramaturgija: pauza, u\u00a0subotu, 25. travnja 2026. u 19 sati\u00a0u prostoru Udru\u017eenja hrvatskih arhitekata povjesni\u010dar Igor Duda\u00a0odr\u017eao je predavanje naslovljeno\u00a0Odmor kao \u017eivotna potreba: o slobodnom vremenu u socijalisti\u010dkoj Jugoslaviji. Industrijalizacija i urbanizacija dru\u0161tava u povijesti su zna\u010dile i prelazak s predindustrijskog na industrijsko shva\u0107anje vremena. Ono\u2026","rel":"","context":"U &quot;Novosti&quot;","block_context":{"text":"Novosti","link":"https:\/\/historiografija.hr\/?cat=3"},"img":{"alt_text":"","src":"https:\/\/i0.wp.com\/historiografija.hr\/wp-content\/uploads\/2026\/04\/Duda.png?fit=1200%2C628&ssl=1&resize=350%2C200","width":350,"height":200,"srcset":"https:\/\/i0.wp.com\/historiografija.hr\/wp-content\/uploads\/2026\/04\/Duda.png?fit=1200%2C628&ssl=1&resize=350%2C200 1x, https:\/\/i0.wp.com\/historiografija.hr\/wp-content\/uploads\/2026\/04\/Duda.png?fit=1200%2C628&ssl=1&resize=525%2C300 1.5x, https:\/\/i0.wp.com\/historiografija.hr\/wp-content\/uploads\/2026\/04\/Duda.png?fit=1200%2C628&ssl=1&resize=700%2C400 2x, https:\/\/i0.wp.com\/historiografija.hr\/wp-content\/uploads\/2026\/04\/Duda.png?fit=1200%2C628&ssl=1&resize=1050%2C600 3x"},"classes":[]},{"id":52573,"url":"https:\/\/historiografija.hr\/?p=52573","url_meta":{"origin":21852,"position":4},"title":"Znanstvena konferencija &#8220;Filozofija odgoja: povijest, praksa, perspektive&#8221;","author":"Branimir Jankovi\u0107","date":"21. travnja 2026.","format":false,"excerpt":"Znanstvena konferencija \"Filozofija odgoja: povijest, praksa, perspektive\" odr\u017eat \u0107e se 23. i 24. travnja 2026. u Konferencijskoj dvorani Knji\u017enice Filozofskog fakulteta u Zagrebu (2. kat).\u00a0Konferencija je organizirana u okviru projekta\u00a0SUMKOS (voditeljica prof. dr. sc. Ivana Zagorac, financiran\u00a0sredstvima NextGenerationEU), uz potporu Odsjeka za filozofiju.\u00a0 Uz izlaga\u010dki dio, konferencija obuhva\u0107a i izlo\u017ebu\u2026","rel":"","context":"U &quot;Novosti&quot;","block_context":{"text":"Novosti","link":"https:\/\/historiografija.hr\/?cat=3"},"img":{"alt_text":"","src":"","width":0,"height":0},"classes":[]},{"id":52502,"url":"https:\/\/historiografija.hr\/?p=52502","url_meta":{"origin":21852,"position":5},"title":"Novi znanstveni projekt Hrvatskog instituta za povijest: \u201c\u017drtve ratova i dr\u017eavnog\/politi\u010dkog nasilja u hrvatskoj povijesti 20. stolje\u0107a\u201d","author":"Branimir Jankovi\u0107","date":"17. travnja 2026.","format":false,"excerpt":"Na redovitoj sjednici Vlade RH, 16. travnja 2026., donijet je Zaklju\u010dak kojim se pokre\u0107e znanstveni projekt \u201c\u017drtve ratova i dr\u017eavnog\/politi\u010dkog nasilja u hrvatskoj povijesti 20. stolje\u0107a\u201d. Projekt \u0107e provoditi i koordinirati Hrvatski institut za povijest u razdoblju trajanja projekta od pet godina. Zakljucak Vlade RH Iz teksta projektnog prijedloga: Problematika\u2026","rel":"","context":"U &quot;Novosti&quot;","block_context":{"text":"Novosti","link":"https:\/\/historiografija.hr\/?cat=3"},"img":{"alt_text":"","src":"https:\/\/i0.wp.com\/historiografija.hr\/wp-content\/uploads\/2026\/04\/Vlada-RH.jpg?fit=1200%2C557&ssl=1&resize=350%2C200","width":350,"height":200,"srcset":"https:\/\/i0.wp.com\/historiografija.hr\/wp-content\/uploads\/2026\/04\/Vlada-RH.jpg?fit=1200%2C557&ssl=1&resize=350%2C200 1x, https:\/\/i0.wp.com\/historiografija.hr\/wp-content\/uploads\/2026\/04\/Vlada-RH.jpg?fit=1200%2C557&ssl=1&resize=525%2C300 1.5x, https:\/\/i0.wp.com\/historiografija.hr\/wp-content\/uploads\/2026\/04\/Vlada-RH.jpg?fit=1200%2C557&ssl=1&resize=700%2C400 2x, https:\/\/i0.wp.com\/historiografija.hr\/wp-content\/uploads\/2026\/04\/Vlada-RH.jpg?fit=1200%2C557&ssl=1&resize=1050%2C600 3x"},"classes":[]}],"_links":{"self":[{"href":"https:\/\/historiografija.hr\/index.php?rest_route=\/wp\/v2\/posts\/21852","targetHints":{"allow":["GET"]}}],"collection":[{"href":"https:\/\/historiografija.hr\/index.php?rest_route=\/wp\/v2\/posts"}],"about":[{"href":"https:\/\/historiografija.hr\/index.php?rest_route=\/wp\/v2\/types\/post"}],"author":[{"embeddable":true,"href":"https:\/\/historiografija.hr\/index.php?rest_route=\/wp\/v2\/users\/2"}],"replies":[{"embeddable":true,"href":"https:\/\/historiografija.hr\/index.php?rest_route=%2Fwp%2Fv2%2Fcomments&post=21852"}],"version-history":[{"count":14,"href":"https:\/\/historiografija.hr\/index.php?rest_route=\/wp\/v2\/posts\/21852\/revisions"}],"predecessor-version":[{"id":22417,"href":"https:\/\/historiografija.hr\/index.php?rest_route=\/wp\/v2\/posts\/21852\/revisions\/22417"}],"wp:featuredmedia":[{"embeddable":true,"href":"https:\/\/historiografija.hr\/index.php?rest_route=\/wp\/v2\/media\/21853"}],"wp:attachment":[{"href":"https:\/\/historiografija.hr\/index.php?rest_route=%2Fwp%2Fv2%2Fmedia&parent=21852"}],"wp:term":[{"taxonomy":"category","embeddable":true,"href":"https:\/\/historiografija.hr\/index.php?rest_route=%2Fwp%2Fv2%2Fcategories&post=21852"},{"taxonomy":"post_tag","embeddable":true,"href":"https:\/\/historiografija.hr\/index.php?rest_route=%2Fwp%2Fv2%2Ftags&post=21852"}],"curies":[{"name":"wp","href":"https:\/\/api.w.org\/{rel}","templated":true}]}}