{"id":21844,"date":"2020-07-07T09:20:05","date_gmt":"2020-07-07T09:20:05","guid":{"rendered":"http:\/\/historiografija.hr\/?p=21844"},"modified":"2020-07-07T09:30:27","modified_gmt":"2020-07-07T09:30:27","slug":"izlozba-tanjug-javlja-rat-je-zavrsen-05-07-30-09-2020","status":"publish","type":"post","link":"https:\/\/historiografija.hr\/?p=21844","title":{"rendered":"Izlo\u017eba &#8220;TANJUG javlja, rat je zavr\u0161en&#8221; (Muzej Jugoslavije, Beograd, 05.07-30.09.2020)"},"content":{"rendered":"\n<p><strong>U okviru programa kojim obele\u017eava 75 godina od kraja Drugog svetskog rata, u Muzeju Jugoslavije se 5. jula otvara izlo\u017eba <em>TANJUG javlja, rat je zavr\u0161en<\/em> u objektu Muzej 25. maj. Na dokumentarnim fotografijama velike istorijske vrednosti, koje \u0107e prvi put biti predstavljene javnosti, publika \u0107e mo\u0107i da vidi kako je izgledala Jugoslavija neposredno pre i posle oslobo\u0111enja. Autori izlo\u017ebe su Radovan Cuki\u0107 i Milica Tomi\u0107.<\/strong><\/p>\n\n\n\n<p>Pomenute fotografije koje su snimili TANJUG-ovi foto-reporteri Petar Obradovi\u0107, Branko Savi\u0107 i Isak Koen, tek nedavno su registrovane kao celina u okviru obimne foto-gra\u0111e Muzeja Jugoslavije, a rad na pripremi izlo\u017ebe prati i rad na dokumentaciji, kojom \u0107e \u010ditava zbirka biti za\u0161ti\u0107ena kao kulturno dobro.<\/p>\n\n\n\n<p>\u201eObjektivom foto-reportera TANJUG-a zabele\u017eeni su najva\u017eniji dru\u0161tveno-politi\u010dki doga\u0111aji koji su se desili u ovom periodu. U vi\u0161e foto-reporta\u017ea mogu se videti aktivnosti, poput rada na obnovi saobra\u0107aja, ra\u0161\u010di\u0161\u0107avanju ru\u0161evina, rada bolnica i de\u010djih domova, \u017eivota u selima, a mogu se pratiti i kulturna de\u0161avanja, kao i obnova sportskog i fiskulturnog \u017eivota\u201d, poja\u0161njavaju autori izlo\u017ebe i dodaju:<\/p>\n\n\n\n<p>\u201ePosetioci izlo\u017ebe \u0107e, kroz selekciju snimaka nastalih 1945, mo\u0107i da vide dramati\u010dne scene zavr\u0161nih borbi za oslobo\u0111enje zemlje, najva\u017enije momente dovr\u0161avanja politi\u010dke revolucije, opse\u017enih zahvata na obnovi zemlje i normalizaciji \u017eivota, sveprisutnih o\u017eiljaka i posledica rata, ali i po\u010detka institucionalizovanog rada na stvaranju novog, socijalisti\u010dkog \u010doveka.\u201d<\/p>\n\n\n\n<p>Izlo\u017eba <em>TANJUG javlja, rat je zavr\u0161en<\/em> prvi je korak kojim Muzej Jugoslavije otvara za javnost najstariji sa\u010duvan deo foto-arhive Telegrafske agencije <em>Nove Jugoslavije<\/em>, koji je 1947. prenet u Kabinet mar\u0161ala Tita, da bi kasnije postao deo kolekcije Muzeja.<\/p>\n\n\n\n<p>Pored autora izlo\u017ebe, Radovana Cuki\u0107a i Milice Tomi\u0107, njenoj realizaciji doprinela je i saradnica na obradi fotografije, Jovana Stojadinovi\u0107. Arhitekturu postavke radila je Milica Lopi\u010di\u0107, dok je za dizajn bio zadu\u017een Mane Radmanovi\u0107.<\/p>\n\n\n\n<p>Obele\u017eavanje 75 godina od kraja Drugog svetskog rata, \u010diji je programski deo i izlo\u017eba <em>TANJUG javlja, rat je zavr\u0161en<\/em>, bi\u0107e o\u017eivljeno tokom godine i u okviru aktuelne izlo\u017ebe <em>Muzejska laboratorija<\/em> u zgradi Starog muzeja, koja jugoslovensko nasle\u0111e razmatra kroz prizmu vi\u0161estrukih interpretacija. Za ovu priliku, intervencijom kustosa Muzeja, bi\u0107e markirani eksponati relevantni u kontekstu kraja Drugog svetskog rata.<\/p>\n\n\n\n<p>Pored izlo\u017ebenog, bi\u0107e realizovan govorno-edukativni program, tematska vo\u0111enja, kao i privatni narativi u vidu audio i video-zapisa.<\/p>\n\n\n\n<p>Izlo\u017eba <em>TANJUG javlja, rat je zavr\u0161en<\/em> bi\u0107e otvorena do 30. septembra 2020. godine i realizuje se uz podr\u0161ku Ministarstva kulture i informisanja Republike Srbije.<br>Muzej Jugoslavije zahvaljuje TANJUG JP na ustupanju prava za kori\u0161\u0107enje dela poslovnog imena za potrebe izlo\u017ebe.<\/p>\n\n\n\n<p>Izvor: &nbsp;<a href=\"https:\/\/www.muzej-jugoslavije.org\/exhibition\/tanjug-javlja-rat-je-zavrsen\/\">https:\/\/www.muzej-jugoslavije.org\/exhibition\/tanjug-javlja-rat-je-zavrsen\/<\/a><\/p>\n\n\n\n<p><\/p>\n","protected":false},"excerpt":{"rendered":"","protected":false},"author":2,"featured_media":21845,"comment_status":"open","ping_status":"open","sticky":false,"template":"","format":"standard","meta":{"_acf_changed":false,"jetpack_post_was_ever_published":false,"_jetpack_newsletter_access":"","_jetpack_dont_email_post_to_subs":false,"_jetpack_newsletter_tier_id":0,"_jetpack_memberships_contains_paywalled_content":false,"_jetpack_memberships_contains_paid_content":false,"footnotes":"","jetpack_publicize_message":"","jetpack_publicize_feature_enabled":true,"jetpack_social_post_already_shared":false,"jetpack_social_options":{"image_generator_settings":{"template":"highway","default_image_id":0,"font":"","enabled":false},"version":2}},"categories":[10,3],"tags":[],"class_list":["post-21844","post","type-post","status-publish","format-standard","has-post-thumbnail","hentry","category-izlozbe","category-novosti"],"acf":{"facebook_opis":""},"jetpack_publicize_connections":[],"jetpack_featured_media_url":"https:\/\/i0.wp.com\/historiografija.hr\/wp-content\/uploads\/2020\/07\/Tanjug.jpg?fit=1875%2C1252&ssl=1","jetpack_sharing_enabled":true,"jetpack-related-posts":[{"id":52760,"url":"https:\/\/historiografija.hr\/?p=52760","url_meta":{"origin":21844,"position":0},"title":"Izlo\u017eba \u201cLo\u0161injski brodovi, njihove zastave i ljudi\u201d, 4. svibnja u 19h","author":"Filip \u0160imunjak","date":"30. travnja 2026.","format":false,"excerpt":"Hrvatski pomorski muzej Split, Glagolja\u0161a 18 (Tvr\u0111ava Gripe) Nakon \u0161to je u rujnu 2025. godine na otoku Lo\u0161inju, u suradnji Lo\u0161injskog muzeja i Hrvatskog pomorskog muzeja Split, predstavljena izlo\u017eba posve\u0107ena bogatoj pomorskoj ba\u0161tini otoka, njezino pro\u0161ireno izdanje postavlja se u Splitu. Uo\u010di blagdana svetog Dujma splitskoj \u0107e se publici predstaviti\u2026","rel":"","context":"U &quot;Izlo\u017ebe&quot;","block_context":{"text":"Izlo\u017ebe","link":"https:\/\/historiografija.hr\/?cat=10"},"img":{"alt_text":"","src":"https:\/\/i0.wp.com\/historiografija.hr\/wp-content\/uploads\/2026\/04\/Losinjski-brodovi-Izlozba-1-scaled.webp?fit=840%2C1200&ssl=1&resize=350%2C200","width":350,"height":200,"srcset":"https:\/\/i0.wp.com\/historiografija.hr\/wp-content\/uploads\/2026\/04\/Losinjski-brodovi-Izlozba-1-scaled.webp?fit=840%2C1200&ssl=1&resize=350%2C200 1x, https:\/\/i0.wp.com\/historiografija.hr\/wp-content\/uploads\/2026\/04\/Losinjski-brodovi-Izlozba-1-scaled.webp?fit=840%2C1200&ssl=1&resize=525%2C300 1.5x, https:\/\/i0.wp.com\/historiografija.hr\/wp-content\/uploads\/2026\/04\/Losinjski-brodovi-Izlozba-1-scaled.webp?fit=840%2C1200&ssl=1&resize=700%2C400 2x"},"classes":[]},{"id":52511,"url":"https:\/\/historiografija.hr\/?p=52511","url_meta":{"origin":21844,"position":1},"title":"Izlo\u017eba &#8220;Lica Sljemena&#8221;","author":"Branimir Jankovi\u0107","date":"17. travnja 2026.","format":false,"excerpt":"Srda\u010dno vas pozivamo na otvorenje izlo\u017ebe Lica Sljemena koje \u0107e se odr\u017eati u srijedu 22. travnja 2026. u 18 h ispred Muzeja Prigorja (Trg Dragutina Domjani\u0107a 5, Sesvete). Izlo\u017eba proizlazi iz istra\u017eivanja Nevene \u0160krbi\u0107 Alempijevi\u0107, Petre Kelemen i Sanje Potkonjak te intervjua sa Sljemena\u0161icama i Sljemena\u0161ima, koji su provedeni u\u2026","rel":"","context":"U &quot;Izlo\u017ebe&quot;","block_context":{"text":"Izlo\u017ebe","link":"https:\/\/historiografija.hr\/?cat=10"},"img":{"alt_text":"","src":"https:\/\/i0.wp.com\/historiografija.hr\/wp-content\/uploads\/2026\/04\/Izlozba-Lica-Sljemena.png?fit=1080%2C686&ssl=1&resize=350%2C200","width":350,"height":200,"srcset":"https:\/\/i0.wp.com\/historiografija.hr\/wp-content\/uploads\/2026\/04\/Izlozba-Lica-Sljemena.png?fit=1080%2C686&ssl=1&resize=350%2C200 1x, https:\/\/i0.wp.com\/historiografija.hr\/wp-content\/uploads\/2026\/04\/Izlozba-Lica-Sljemena.png?fit=1080%2C686&ssl=1&resize=525%2C300 1.5x, https:\/\/i0.wp.com\/historiografija.hr\/wp-content\/uploads\/2026\/04\/Izlozba-Lica-Sljemena.png?fit=1080%2C686&ssl=1&resize=700%2C400 2x, https:\/\/i0.wp.com\/historiografija.hr\/wp-content\/uploads\/2026\/04\/Izlozba-Lica-Sljemena.png?fit=1080%2C686&ssl=1&resize=1050%2C600 3x"},"classes":[]},{"id":52505,"url":"https:\/\/historiografija.hr\/?p=52505","url_meta":{"origin":21844,"position":2},"title":"Izlo\u017eba &#8220;Eschenstock \/ Jasenov prut&#8221;","author":"Branimir Jankovi\u0107","date":"17. travnja 2026.","format":false,"excerpt":"Srpsko narodno vije\u0107e (SNV) i Vizura aperta postavljaju izlo\u017ebu \u0161vicarskog slikara Velimira Ili\u0161evi\u0107a: Eschenstock \/ Jasenov prut. Izlo\u017eba se uz prisustvo autora otvara povodom 81. godi\u0161njice proboja logora\u0161a iz usta\u0161kog logora smrti Jasenovac 22. aprila 2026. u 19 sati u Srpskom kulturnom centru (SKC) u Preradovi\u0107evoj ulici 21 u Zagrebu.\u2026","rel":"","context":"U &quot;Izlo\u017ebe&quot;","block_context":{"text":"Izlo\u017ebe","link":"https:\/\/historiografija.hr\/?cat=10"},"img":{"alt_text":"","src":"https:\/\/i0.wp.com\/historiografija.hr\/wp-content\/uploads\/2026\/04\/Jasenov_prut.jpg?fit=1024%2C640&ssl=1&resize=350%2C200","width":350,"height":200,"srcset":"https:\/\/i0.wp.com\/historiografija.hr\/wp-content\/uploads\/2026\/04\/Jasenov_prut.jpg?fit=1024%2C640&ssl=1&resize=350%2C200 1x, https:\/\/i0.wp.com\/historiografija.hr\/wp-content\/uploads\/2026\/04\/Jasenov_prut.jpg?fit=1024%2C640&ssl=1&resize=525%2C300 1.5x, https:\/\/i0.wp.com\/historiografija.hr\/wp-content\/uploads\/2026\/04\/Jasenov_prut.jpg?fit=1024%2C640&ssl=1&resize=700%2C400 2x"},"classes":[]},{"id":52573,"url":"https:\/\/historiografija.hr\/?p=52573","url_meta":{"origin":21844,"position":3},"title":"Znanstvena konferencija &#8220;Filozofija odgoja: povijest, praksa, perspektive&#8221;","author":"Branimir Jankovi\u0107","date":"21. travnja 2026.","format":false,"excerpt":"Znanstvena konferencija \"Filozofija odgoja: povijest, praksa, perspektive\" odr\u017eat \u0107e se 23. i 24. travnja 2026. u Konferencijskoj dvorani Knji\u017enice Filozofskog fakulteta u Zagrebu (2. kat).\u00a0Konferencija je organizirana u okviru projekta\u00a0SUMKOS (voditeljica prof. dr. sc. Ivana Zagorac, financiran\u00a0sredstvima NextGenerationEU), uz potporu Odsjeka za filozofiju.\u00a0 Uz izlaga\u010dki dio, konferencija obuhva\u0107a i izlo\u017ebu\u2026","rel":"","context":"U &quot;Novosti&quot;","block_context":{"text":"Novosti","link":"https:\/\/historiografija.hr\/?cat=3"},"img":{"alt_text":"","src":"","width":0,"height":0},"classes":[]},{"id":52569,"url":"https:\/\/historiografija.hr\/?p=52569","url_meta":{"origin":21844,"position":4},"title":"[Predavanje] Ne \u010dekaju\u0107i inspiraciju \u2013 anga\u017eovane intelektualne, kulturalne i umetni\u010dke prakse u me\u0111uratnom periodu: teorija i praksa kriti\u010dke levice u jugoslovenskoj kulturi (YugoLab)","author":"Branimir Jankovi\u0107","date":"21. travnja 2026.","format":false,"excerpt":"U vreme agresivnog ja\u010danja globalne desnice, (pro)fa\u0161isti\u010dkih, rasisti\u010dkih i imperijalisti\u010dkih politika, dok je istovremeno globalna levica izrazito slaba, a progresivni pokreti atomizirani i fragmentisani, va\u017eno je iz savremene perspektive vratiti se revolucionarnim i emancipatorskim zbivanjima u jugoslovenskom (ali i s njima u vezi internacionalnim de\u0161avanjima), kao i dru\u0161tvenoj ulozi kulturalnih\u2026","rel":"","context":"U &quot;Novosti&quot;","block_context":{"text":"Novosti","link":"https:\/\/historiografija.hr\/?cat=3"},"img":{"alt_text":"","src":"","width":0,"height":0},"classes":[]},{"id":52631,"url":"https:\/\/historiografija.hr\/?p=52631","url_meta":{"origin":21844,"position":5},"title":"Predavanje Ivana Tepe\u0161a: Djelovanje hrvatske politi\u010dke emigracije","author":"Branimir Jankovi\u0107","date":"23. travnja 2026.","format":false,"excerpt":"Odjel za me\u0111unarodnu suradnju i iseljeni\u0161tvo Matice hrvatske Predavanje Ivana Tepe\u0161a: Djelovanje hrvatske politi\u010dke emigracije Utorak, 28. travnja 2026. u 18:00 sati, Dvorana Ljudevita Jonkea (Mala dvorana MH), Strossmayerov trg 4, Zagreb dr. sc. Ivan Tepe\u0161, Institut za istra\u017eivanje migracija Hrvatska politi\u010dka emigracija obilje\u017eila je polustoljetnu hrvatsku povijest u drugoj\u2026","rel":"","context":"U &quot;Novosti&quot;","block_context":{"text":"Novosti","link":"https:\/\/historiografija.hr\/?cat=3"},"img":{"alt_text":"","src":"","width":0,"height":0},"classes":[]}],"_links":{"self":[{"href":"https:\/\/historiografija.hr\/index.php?rest_route=\/wp\/v2\/posts\/21844","targetHints":{"allow":["GET"]}}],"collection":[{"href":"https:\/\/historiografija.hr\/index.php?rest_route=\/wp\/v2\/posts"}],"about":[{"href":"https:\/\/historiografija.hr\/index.php?rest_route=\/wp\/v2\/types\/post"}],"author":[{"embeddable":true,"href":"https:\/\/historiografija.hr\/index.php?rest_route=\/wp\/v2\/users\/2"}],"replies":[{"embeddable":true,"href":"https:\/\/historiografija.hr\/index.php?rest_route=%2Fwp%2Fv2%2Fcomments&post=21844"}],"version-history":[{"count":3,"href":"https:\/\/historiografija.hr\/index.php?rest_route=\/wp\/v2\/posts\/21844\/revisions"}],"predecessor-version":[{"id":21851,"href":"https:\/\/historiografija.hr\/index.php?rest_route=\/wp\/v2\/posts\/21844\/revisions\/21851"}],"wp:featuredmedia":[{"embeddable":true,"href":"https:\/\/historiografija.hr\/index.php?rest_route=\/wp\/v2\/media\/21845"}],"wp:attachment":[{"href":"https:\/\/historiografija.hr\/index.php?rest_route=%2Fwp%2Fv2%2Fmedia&parent=21844"}],"wp:term":[{"taxonomy":"category","embeddable":true,"href":"https:\/\/historiografija.hr\/index.php?rest_route=%2Fwp%2Fv2%2Fcategories&post=21844"},{"taxonomy":"post_tag","embeddable":true,"href":"https:\/\/historiografija.hr\/index.php?rest_route=%2Fwp%2Fv2%2Ftags&post=21844"}],"curies":[{"name":"wp","href":"https:\/\/api.w.org\/{rel}","templated":true}]}}