{"id":21818,"date":"2020-07-04T12:40:59","date_gmt":"2020-07-04T12:40:59","guid":{"rendered":"http:\/\/historiografija.hr\/?p=21818"},"modified":"2020-07-04T12:40:59","modified_gmt":"2020-07-04T12:40:59","slug":"the-legacy-of-yugoslavia-politics-economics-and-society-in-the-modern-balkans-edited-by-othon-anastasakis-adam-bennett-david-madden-adis-merdzanovic","status":"publish","type":"post","link":"https:\/\/historiografija.hr\/?p=21818","title":{"rendered":"The Legacy of Yugoslavia: Politics, Economics and Society in the Modern Balkans. Edited by Othon Anastasakis, Adam Bennett, David Madden, Adis Merdzanovic"},"content":{"rendered":"\n<p>What are the consequences of Yugoslavia&#8217;s existence \u2013 and breakup \u2013 for the present? This book reflects on this very question, identifying and analysing the political legacies left behind by Yugoslavia through the prism of continuities and ruptures between the past and present of the area.<br><br>After the collapse of Yugoslavia, it&#8217;s former states adopted a nation-building process which opted to eradicate the past as such an approach seemed more convenient for the new national projects. The new states adopted new institutions, new market-oriented economic paradigms and new national symbols. Yugoslavia existed for 70 years and to consider the current political situation in post-Yugoslav states such as Slovenia, Croatia, Bosnia and Herzegovina, Serbia, Montenegro, Macedonia, and Kosovo without taking into account the legacy and remnants of Yugoslavia is to discount a vital part of their political history.<br><br>This volume takes a multi-disciplinary and multi-faceted approach to examining the legacy of Yugoslavia, covering politics, society, international relations and economics. Focusing on distinctive features of Yugoslavia including worker self-management, the combination of liberalism and communism and the Cold War policy of Non-Alignment, <em>The Legacy of Yugoslavia <\/em>places Yugoslaviain historical perspective and connects the region&#8217;s past with its contemporary political situation.<\/p>\n\n\n\n<p><strong>Table of contents<\/strong><\/p>\n\n\n\n<p>Introduction (Othon Anastasakis, Adam Bennett, David Madden, Adis Merdzanovic)<br>Part I. Politics and Society<br>1. Adis Merdzanovic (St Antony&#8217;s College, Oxford): Liberalism in Yugoslavia: before and after the disintegration<br>2. Denisa Kostovicova (LSE), Adam Fagan (Queen Mary University, London), and Ivor Sokolic\u00b4 (LSE):<br>Civil society in post-Yugoslav space: The test of discontinuity and democratisation.<br>3. Catherine Baker (Hull University):Music, media and culture one generation after Yugoslavia: do we still need \u201cnostalgia\u201d?<br>Part II: International Affairs<br>4. Ljubica Spaskovska (Exeter University): Transformations of global citizenship in the former Yugoslavia: The legacies of Yugoslav non-aligned multilateralism<br>5. James Ker-Lindsay (LSE):Between a Borderless Yugoslavia and a Europe without Borders: The Legacy of Territorial Disputes in the Western Balkans<br>6. Othon Anastasakis (St Antony&#8217;s College, Oxford):Parallel trajectories and legacies of the past: Russia and Turkey in the Western Balkans<br>Part III: Economics<br>7. Adam Bennett (St Antony&#8217;s College, Oxford):Macroeconomic Stability and Enterprise Self-Management in Yugoslavia: An Impossible Marriage<br>8. Milica Uvalic (University of Perugia): What happened to the Yugoslav economic model?<br>9. Peter Sanfey (European Bank for Reconstruction and Development, EBRD): Are Yugoslav successor states on the path to sustainable market economies?<br>Conclusion (Othon Anastasakis, Adis Merdzanovic, Adam Bennett and David Madden)<br>Index<\/p>\n\n\n\n<p><strong>Reviews<\/strong><\/p>\n\n\n\n<p>\u201cAs the successor states enter their fourth decade, it is tempting to dismiss the legacies of the four decades of a single Yugoslavia that preceded them. This welcome volume addresses the continuing connections of the one with the many, from the strengths and weakness of the former Yugoslavia to its continuities and discontinuities in the seven successor states. Drawn from a recent Oxford conference, its editors have assembled nine instructive chapters primarily from regional scholars. They cover a range of relevant subjects that would daunt any single author. The political chapters examine continuing ambiguities in the role of liberal ideology, civil society and a once common popular culture. Chapters on international affairs consider the legacies of non-alignment, territorial disputes and relations with Russia and Turkey. The final chapters move from two critical appraisals of the Yugoslav economic model that debate its recent relevance to the EU&#8217;s market model and to a third surveying the struggles over its adoption in business practice and public opinion.\u201d&nbsp;<strong><em>\u2013&nbsp; John R. Lampe, Professor Emeritus, Department of History, University of Maryland, USA<\/em><\/strong><\/p>\n\n\n\n<p>\u201cUnlike for example electricity, history does not have a switch button, and thus one cannot just simply turn the <em>darkness<\/em> of one historical period into a <em>light<\/em> of another, or vice versa. Even after major historical events \u2013 wars, state disintegration, revolution or regime collapse \u2013 major characteristics of <em>pre-Event<\/em> system continue well into a new, <em>post-Even<\/em>t era. This book analyses continuities and discontinuities between the Cold War Yugoslavia and post-Yugoslav states, in economic, social, political and ideational spheres. Even 30 years after its collapsing, Yugoslavia still lives in collective memory, institutional practice and identity-designing of its many successor-states. And &#8211; as some of the authors of this collection argue &#8211; the change, where it happened, was not always for better. Remembering the old and trying to preserve as much as one can in new circumstances is thus not always irrational.\u201d&nbsp;<strong><em>\u2013&nbsp; Dejan Jovic, Professor of International Relations, University of Zagreb, Croatia<\/em><\/strong><\/p>\n\n\n\n<p>\u201cYugoslavia\u00b4s legacy is crucial for an understanding of the Western Balkans in the 21st. century. Bringing together a variety of disciplines and analytical perspectives this volume sheds new light on continuities and discontinuities of practices, institutions, and experiences of the successor states until the present day. It is highly recommended to all those interested in the history and recent past of this fascinating region.\u201d&nbsp;\u2013&nbsp; <strong><em>Marie-Janine Calic, Professor of East and Southeast European History, University of Munich, Germany<\/em><\/strong><\/p>\n\n\n\n<p>\u201cThis volume wonderfully captures how, almost twenty years after its violent dissolution, the legacy of Yugoslavia continues to be felt in the post-Yugoslav region in multiple and complex ways. It highlights the many continuities between the structures and policies of the defunct socialist federation and its successor states, despite claims by nationalist elites about breaking with the past in the creation of new political and economic entities and systems. It also shows how Yugoslavia remains a reference point for both elites and societies in the region-providing a useable past in foreign policy and contests around borders, as well as a source of nostalgia when the present is defined by the inequities and hardships of a flawed political and economic transition.\u201d&nbsp;<strong><em>\u2013&nbsp; Jasna Dragovic Soso, Professor of International Politics and History, Goldsmiths, University of London, UK<\/em><\/strong><\/p>\n\n\n\n<p>Published: 23-07-2020<\/p>\n\n\n\n<p>Format: Hardback<\/p>\n\n\n\n<p>Edition: 1st<\/p>\n\n\n\n<p>Extent: 240<\/p>\n\n\n\n<p><a href=\"https:\/\/www.bloomsbury.com\/us\/the-legacy-of-yugoslavia-9781788317962\/\">https:\/\/www.bloomsbury.com\/us\/the-legacy-of-yugoslavia-9781788317962\/<\/a><\/p>\n","protected":false},"excerpt":{"rendered":"","protected":false},"author":2,"featured_media":21819,"comment_status":"open","ping_status":"open","sticky":false,"template":"","format":"standard","meta":{"_acf_changed":false,"jetpack_post_was_ever_published":false,"_jetpack_newsletter_access":"","_jetpack_dont_email_post_to_subs":false,"_jetpack_newsletter_tier_id":0,"_jetpack_memberships_contains_paywalled_content":false,"_jetpack_memberships_contains_paid_content":false,"footnotes":"","jetpack_publicize_message":"","jetpack_publicize_feature_enabled":true,"jetpack_social_post_already_shared":false,"jetpack_social_options":{"image_generator_settings":{"template":"highway","default_image_id":0,"font":"","enabled":false},"version":2}},"categories":[8,3],"tags":[],"class_list":["post-21818","post","type-post","status-publish","format-standard","has-post-thumbnail","hentry","category-knjige","category-novosti"],"acf":{"facebook_opis":""},"jetpack_publicize_connections":[],"jetpack_featured_media_url":"https:\/\/i0.wp.com\/historiografija.hr\/wp-content\/uploads\/2020\/07\/Legacy.jpg?fit=500%2C750&ssl=1","jetpack_sharing_enabled":true,"jetpack-related-posts":[{"id":52516,"url":"https:\/\/historiografija.hr\/?p=52516","url_meta":{"origin":21818,"position":0},"title":"Marko Grde\u0161i\u0107, Mislav \u017ditko, \u201eSocialist Economics in Yugoslavia: A Critical History\u201c","author":"Branimir Jankovi\u0107","date":"17. travnja 2026.","format":false,"excerpt":"This book presents a critical history of Yugoslav socialist economics, from its inception in the late 1940s to its dissolution in the late 1980s. After the dramatic break with the Soviet Union in 1948, Yugoslavia found itself in urgent need of a third way: A socialist trajectory which would not\u2026","rel":"","context":"U &quot;Knjige&quot;","block_context":{"text":"Knjige","link":"https:\/\/historiografija.hr\/?cat=8"},"img":{"alt_text":"","src":"https:\/\/i0.wp.com\/historiografija.hr\/wp-content\/uploads\/2026\/04\/Zitko_Grdesic.jpg?fit=350%2C535&ssl=1&resize=350%2C200","width":350,"height":200},"classes":[]},{"id":52580,"url":"https:\/\/historiografija.hr\/?p=52580","url_meta":{"origin":21818,"position":1},"title":"Conference &#8220;Living in the aftermaths: Trauma, politics and survival in Yugoslavia and successor states, 1945 \u2013 present&#8221;","author":"Branimir Jankovi\u0107","date":"21. travnja 2026.","format":false,"excerpt":"The conference aims to explore how war-related psychological distress was experienced, narrated, debated and reframed in Yugoslavia in the second half of the twentieth century. It asks how the theme of wounded psyche and wartime suffering was addressed and acknowledged in political, psychiatric and broader cultural discourses of socialist Yugoslavia,\u2026","rel":"","context":"U &quot;Novosti&quot;","block_context":{"text":"Novosti","link":"https:\/\/historiografija.hr\/?cat=3"},"img":{"alt_text":"","src":"https:\/\/i0.wp.com\/historiografija.hr\/wp-content\/uploads\/2026\/04\/Battle_of_Neretva_Picasso_poster-Conference-Living-in-the-aftermaths.webp?fit=564%2C954&ssl=1&resize=350%2C200","width":350,"height":200,"srcset":"https:\/\/i0.wp.com\/historiografija.hr\/wp-content\/uploads\/2026\/04\/Battle_of_Neretva_Picasso_poster-Conference-Living-in-the-aftermaths.webp?fit=564%2C954&ssl=1&resize=350%2C200 1x, https:\/\/i0.wp.com\/historiografija.hr\/wp-content\/uploads\/2026\/04\/Battle_of_Neretva_Picasso_poster-Conference-Living-in-the-aftermaths.webp?fit=564%2C954&ssl=1&resize=525%2C300 1.5x"},"classes":[]},{"id":52520,"url":"https:\/\/historiografija.hr\/?p=52520","url_meta":{"origin":21818,"position":2},"title":"Predstavljanje knjige &#8220;Socialist Economics in Yugoslavia: A Critical History&#8221; u Zagrebu","author":"Branimir Jankovi\u0107","date":"17. travnja 2026.","format":false,"excerpt":"Pozivamo vas na predstavljanje knjige \"Socialist Economics in Yugoslavia: A Critical History\", autora Mislava \u00a0\u017ditka i Marka Grde\u0161i\u0107a (Routledge, 2026). Na predstavljanju \u0107e govoriti Branko Milanovi\u0107 (CUNY), Milica Uvali\u0107 (EUI), Zdravko Petak (FPZG) te autori.\u00a0 Predstavljanje \u0107e se odr\u017eati u srijedu 22. travnja u 16:00 sati na Fakultetu politi\u010dkih znanosti\u2026","rel":"","context":"U &quot;Novosti&quot;","block_context":{"text":"Novosti","link":"https:\/\/historiografija.hr\/?cat=3"},"img":{"alt_text":"","src":"https:\/\/i0.wp.com\/historiografija.hr\/wp-content\/uploads\/2026\/04\/Poziv-na-predstavljanje.png?fit=800%2C652&ssl=1&resize=350%2C200","width":350,"height":200,"srcset":"https:\/\/i0.wp.com\/historiografija.hr\/wp-content\/uploads\/2026\/04\/Poziv-na-predstavljanje.png?fit=800%2C652&ssl=1&resize=350%2C200 1x, https:\/\/i0.wp.com\/historiografija.hr\/wp-content\/uploads\/2026\/04\/Poziv-na-predstavljanje.png?fit=800%2C652&ssl=1&resize=525%2C300 1.5x, https:\/\/i0.wp.com\/historiografija.hr\/wp-content\/uploads\/2026\/04\/Poziv-na-predstavljanje.png?fit=800%2C652&ssl=1&resize=700%2C400 2x"},"classes":[]},{"id":52692,"url":"https:\/\/historiografija.hr\/?p=52692","url_meta":{"origin":21818,"position":3},"title":"Florian Bieber \u201eHvar in the Modern Age: Identity and Change in Southeast Europe\u201c","author":"Filip \u0160imunjak","date":"28. travnja 2026.","format":false,"excerpt":"Description\u00a0 In this open-access book, Florian Bieber traces the history of the Adriatic island of Hvar over half a millennium, from the advent of Venetian rule in the 15th century to the end of Yugoslavia in the late 20th century. The history of Hvar tells a larger story about modernity,\u2026","rel":"","context":"U &quot;Knjige&quot;","block_context":{"text":"Knjige","link":"https:\/\/historiografija.hr\/?cat=8"},"img":{"alt_text":"","src":"https:\/\/i0.wp.com\/historiografija.hr\/wp-content\/uploads\/2026\/04\/Florian-Bieber-Hvar-in-the-Modern-Age-Identity-and-Change-in-Southeast-Europe.webp?fit=540%2C810&ssl=1&resize=350%2C200","width":350,"height":200,"srcset":"https:\/\/i0.wp.com\/historiografija.hr\/wp-content\/uploads\/2026\/04\/Florian-Bieber-Hvar-in-the-Modern-Age-Identity-and-Change-in-Southeast-Europe.webp?fit=540%2C810&ssl=1&resize=350%2C200 1x, https:\/\/i0.wp.com\/historiografija.hr\/wp-content\/uploads\/2026\/04\/Florian-Bieber-Hvar-in-the-Modern-Age-Identity-and-Change-in-Southeast-Europe.webp?fit=540%2C810&ssl=1&resize=525%2C300 1.5x"},"classes":[]},{"id":52688,"url":"https:\/\/historiografija.hr\/?p=52688","url_meta":{"origin":21818,"position":4},"title":"Eleonora Naxidou and Yura Konstantinova \u201eBalkan Perspectives of Europe: Between East and West\u201c","author":"Filip \u0160imunjak","date":"28. travnja 2026.","format":false,"excerpt":"Through the lens of the Balkan nations, this volume makes a valuable and significant contribution to the fields of European and Southeast European studies by reconsidering the East\/West dichotomy \u2013 both in terms of the Orient\u2013Occident divide and the Eastern\u2013Western Europe binary. Balkan Perspectives of Europe focuses on concepts of\u2026","rel":"","context":"U &quot;Knjige&quot;","block_context":{"text":"Knjige","link":"https:\/\/historiografija.hr\/?cat=8"},"img":{"alt_text":"","src":"https:\/\/i0.wp.com\/historiografija.hr\/wp-content\/uploads\/2026\/04\/Balkan-Perspectives-of-Europe-Between-East-and-West.jpg?fit=350%2C525&ssl=1&resize=350%2C200","width":350,"height":200},"classes":[]},{"id":52641,"url":"https:\/\/historiografija.hr\/?p=52641","url_meta":{"origin":21818,"position":5},"title":"CfP: WHO OWNS THE PAST? VERNACULAR MEMORY, STATE MEMORY, AND THE POLITICS OF OWNERSHIP","author":"Branimir Jankovi\u0107","date":"24. travnja 2026.","format":false,"excerpt":"VIENNA, 31ST AUGUST\u20133RD SEPTEMBER 2026 (DEADLINE: 24TH APRIL 2026) The Center for Austrian Studies at the European Forum at the Hebrew University and the Austrian Academy of Sciences\/Institute of Culture Studies invite early postdocs, PhD candidates, and advanced Master\u2019s students from the Hebrew University of Jerusalem and universities and academic\u2026","rel":"","context":"U &quot;Novosti&quot;","block_context":{"text":"Novosti","link":"https:\/\/historiografija.hr\/?cat=3"},"img":{"alt_text":"","src":"https:\/\/i0.wp.com\/historiografija.hr\/wp-content\/uploads\/2017\/10\/hsozkult.png?fit=1006%2C241&ssl=1&resize=350%2C200","width":350,"height":200,"srcset":"https:\/\/i0.wp.com\/historiografija.hr\/wp-content\/uploads\/2017\/10\/hsozkult.png?fit=1006%2C241&ssl=1&resize=350%2C200 1x, https:\/\/i0.wp.com\/historiografija.hr\/wp-content\/uploads\/2017\/10\/hsozkult.png?fit=1006%2C241&ssl=1&resize=525%2C300 1.5x, https:\/\/i0.wp.com\/historiografija.hr\/wp-content\/uploads\/2017\/10\/hsozkult.png?fit=1006%2C241&ssl=1&resize=700%2C400 2x"},"classes":[]}],"_links":{"self":[{"href":"https:\/\/historiografija.hr\/index.php?rest_route=\/wp\/v2\/posts\/21818","targetHints":{"allow":["GET"]}}],"collection":[{"href":"https:\/\/historiografija.hr\/index.php?rest_route=\/wp\/v2\/posts"}],"about":[{"href":"https:\/\/historiografija.hr\/index.php?rest_route=\/wp\/v2\/types\/post"}],"author":[{"embeddable":true,"href":"https:\/\/historiografija.hr\/index.php?rest_route=\/wp\/v2\/users\/2"}],"replies":[{"embeddable":true,"href":"https:\/\/historiografija.hr\/index.php?rest_route=%2Fwp%2Fv2%2Fcomments&post=21818"}],"version-history":[{"count":1,"href":"https:\/\/historiografija.hr\/index.php?rest_route=\/wp\/v2\/posts\/21818\/revisions"}],"predecessor-version":[{"id":21820,"href":"https:\/\/historiografija.hr\/index.php?rest_route=\/wp\/v2\/posts\/21818\/revisions\/21820"}],"wp:featuredmedia":[{"embeddable":true,"href":"https:\/\/historiografija.hr\/index.php?rest_route=\/wp\/v2\/media\/21819"}],"wp:attachment":[{"href":"https:\/\/historiografija.hr\/index.php?rest_route=%2Fwp%2Fv2%2Fmedia&parent=21818"}],"wp:term":[{"taxonomy":"category","embeddable":true,"href":"https:\/\/historiografija.hr\/index.php?rest_route=%2Fwp%2Fv2%2Fcategories&post=21818"},{"taxonomy":"post_tag","embeddable":true,"href":"https:\/\/historiografija.hr\/index.php?rest_route=%2Fwp%2Fv2%2Ftags&post=21818"}],"curies":[{"name":"wp","href":"https:\/\/api.w.org\/{rel}","templated":true}]}}