{"id":21795,"date":"2020-07-03T13:43:00","date_gmt":"2020-07-03T13:43:00","guid":{"rendered":"http:\/\/historiografija.hr\/?p=21795"},"modified":"2020-07-09T18:13:06","modified_gmt":"2020-07-09T18:13:06","slug":"znanstveni-skup-modernizacija-kroz-infrastrukturu-zadano-i-ostvareno-u-modernizaciji-hrvatske-hrvatsko-katolicko-sveuciliste-u-zagrebu-8-srpnja-2020","status":"publish","type":"post","link":"https:\/\/historiografija.hr\/?p=21795","title":{"rendered":"Znanstveni skup \u201cModernizacija kroz infrastrukturu \u2013 zadano i ostvareno u modernizaciji Hrvatske\u201d (Hrvatsko katoli\u010dko sveu\u010dili\u0161te u Zagrebu, 8. srpnja 2020)"},"content":{"rendered":"\n<p>Znanstveno-istra\u017eiva\u010dki projekt Hrvatskog instituta za povijest<em> Modernizacija urbanog \u017eivota u Hrvatskoj kroz prizmu razvoja komunalne infrastrukture u 19. i 20. stolje\u0107u<\/em> \u2013 MOZIRA (IP-2016-06-2015), koji financira Hrvatska zaklade za znanost, jest \u010detverogodi\u0161nji projekt koji prou\u010dava razvitak gradova a napose razli\u010ditih aspekata komunalne infrastrukture, od gra\u0111evne legislative, preko proizvodnje i distribucije plina te elektri\u010dne struje, pa sve do telekomunikacija i grobalja. Polaze\u0107i od gospodarskih i demografskih kretanja na podru\u010dju Hrvatske od druge polovice 19. stolje\u0107a do kraja 20. stolje\u0107a, projekt prou\u010dava utjecaj inovacija u navedenim podru\u010djima na svakodnevni \u017eivot i obi\u010daje gra\u0111anstva. Razvoj grada Zagreba poslije njegovog administrativnog ujedinjenja 1850. predstavlja glavnu tematsku cjelinu, ali uslijed gospodarskih potreba obra\u0111ivani su i novonastali gradovi Beli\u0161\u0107e, Ra\u0161a, Li\u010dki Osik, kao i drugi infrastrukturni i socijalni aspekti.&nbsp;<\/p>\n\n\n\n<p>&nbsp;&nbsp;&nbsp;&nbsp;&nbsp;&nbsp;&nbsp;&nbsp;&nbsp;&nbsp;&nbsp; Istra\u017eivanja prezentirana u sklopu projektnih aktivnosti na konferenciji <em>Razvoj novonastalih gradova u Hrvatskoj tijekom 19. i 20. stolje\u0107a<\/em> odr\u017eanoj u velja\u010di 2019. na Hrvatskom institutu za povijest objavljena su u \u010dasopisu <em>Review of Croatian History<\/em> broj 1 za 2020. godinu. Pro\u0161irena i dopunjena ina\u010dica spomenutih znanstvenih radova te bogato ilustrirana, objedinjena je u elektroni\u010dkoj i tiskanoj verziji monografije <em>Moderno lice grada. O urbanizaciji i izgradnji komunalne infrastrukture na podru\u010dju Hrvatske u 19. i 20. stolje\u0107u<\/em>.<\/p>\n\n\n\n<p>&nbsp;&nbsp;&nbsp;&nbsp;&nbsp;&nbsp;&nbsp;&nbsp;&nbsp;&nbsp;&nbsp; Nakon prve faze rada istra\u017eiva\u010dkog tima, zaokru\u017eene monografijom <em>Moderno lice grada<\/em>, sredi\u0161nja aktivnost projekta MOZIRA odnosila se na nastavak postoje\u0107ih i otvaranje novih analiti\u010dkih istra\u017eivanja, koja \u0107e se prezentirati na konferenciji <em>Modernizacija kroz infrastrukturu \u2013 zadano i ostvareno u modernizaciji Hrvatske<\/em> u lipnju 2020. na Hrvatskom katoli\u010dkom sveu\u010dili\u0161tu u Zagrebu. Znanstvene radove predstavljene na konferenciji <em>Modernizacija kroz infrastrukturu \u2013 zadano i ostvareno u modernizaciji Hrvatske <\/em>objavljujemo u tematskom bloku <em>\u010casopisa za suvremenu povijest<\/em> u brojevima 1 i 2 za 2020. godinu.<\/p>\n\n\n\n<p>&nbsp;&nbsp;&nbsp;&nbsp;&nbsp;&nbsp;&nbsp;&nbsp;&nbsp;&nbsp;&nbsp; Nastavljaju\u0107i svoja istra\u017eivanja u okviru projekta MOZIRA, suradnici su obradili niz novih tema o modernizaciji hrvatskih gradova:<\/p>\n\n\n\n<p><em><strong>Modernizacija kroz infrastrukturu \u2013 zadano i ostvareno u modernizaciji Hrvatske<\/strong><\/em><\/p>\n\n\n\n<p><strong>10:00 Otvorenje znanstvenog skupa<\/strong><\/p>\n\n\n\n<p><strong>10:30 \u2013 10:45 Zlatko Juri\u0107<\/strong> \u2013 \u02ddGra\u0111evni redovi i regulatorno planiranje Zagreba od 1900. do 1918. godine \u02dd<\/p>\n\n\n\n<p><strong>10:30 \u2013 10:45 Ivan Brli\u0107<\/strong> \u2013 \u02ddNacionalni park Plitvi\u010dka jezera \u2013&nbsp; za\u0161tita i(li) razvoj koreni\u010dkog kraja \u2013 komunalna infrastruktura kao podloga za turisti\u010dki razvoj (1949. \u2013 1990.)\u02dd<\/p>\n\n\n\n<p><strong>10:45 \u2013 11:00 Mario Bara<\/strong> \u2013 \u02ddModernizacija urbanog \u017eivota u Hrvatskoj kroz prizmu<\/p>\n\n\n\n<p>javnih politika u razdoblju socijalizma\u02dd<\/p>\n\n\n\n<p><strong>11:00 \u2013 11:15 Goran Raji\u010d<\/strong> \u2013 \u02ddZna\u010dajke razvoja javne telefonije u Hrvatskoj od 1990.&nbsp;do 1998. godine\u02dd<\/p>\n\n\n\n<p><strong>&nbsp;11:15 \u2013 11:30 <\/strong>Stanka za kavu<\/p>\n\n\n\n<p><strong>11:30 \u2013 11:45 Hrvoje \u010capo \u2013 <\/strong>\u02ddOdnos zagreba\u010dke gradske vlasti prema ju\u017enoj periferiji izme\u0111u dva svjetska rata\u02dd<\/p>\n\n\n\n<p><strong>11:45 -12:00 Lidija Benceti\u0107 \u2013 <\/strong>\u02ddZagreba\u010dka stanogradnja u prijedlozima planova i generalnim urbanisti\u010dkim planovima od 1945. do 1990.\u02dd<\/p>\n\n\n\n<p><strong>12:00 \u2013 12:15 Marino Manin<\/strong> \u2013 \u02dd Svjetionik Savudrija i njegovo mjesto u povijesti pomorstva\u02dd<\/p>\n\n\n\n<p><strong>12:15 \u2013 12:30 Kristina Milkovi\u0107 <\/strong>\u2013 \u02dd Mirogoj izme\u0111u funkcionalnosti i reprezentativnosti\u02dd<\/p>\n\n\n\n<p><strong>12: 30- 12:45 Tomislav Ani\u0107<\/strong> \u2013 \u02ddPoduze\u0107a \u201eSUFID\u201c i \u201eLa Dalmatienne\u201c od osnutka do Drugoga svjetskog rata: crtice iz povijesti elektrifikacije \u0160ibenika i okolice\u02dd<\/p>\n\n\n\n<p>Znanstveni skup organiziraju Hrvatsko katoli\u010dko sveu\u010dili\u0161te (Odjel za povijest i Odjel za sociologiju) te Hrvatski institut za povijest, i zatvorenog je tipa.&nbsp;<\/p>\n\n\n\n<p><a href=\"http:\/\/www.unicath.hr\/hks2015\/wp-content\/uploads\/2020\/06\/Program.pdf\" target=\"_blank\" rel=\"noreferrer noopener\">PROGRAM<\/a><\/p>\n\n\n\n<p><a href=\"http:\/\/www.unicath.hr\/hks2015\/wp-content\/uploads\/2020\/06\/Znanstveni-skup_knjizica-sazetaka_MOZIRA.pdf\" target=\"_blank\" rel=\"noreferrer noopener\">KNJI\u017dICA SA\u017dETAKA<\/a><\/p>\n\n\n\n<figure class=\"wp-block-embed-wordpress wp-block-embed is-type-wp-embed is-provider-hrvatsko-katolicko-sveuciliste\"><div class=\"wp-block-embed__wrapper\">\n<blockquote class=\"wp-embedded-content\" data-secret=\"WAu0WOW5A6\"><a href=\"http:\/\/www.unicath.hr\/hks-najave\/znanstveni-skup-modernizacija-urbanog-zivota-u-hrvatskoj-kroz-prizmu-razvoja-komunalne-infrastrukture-u-19-i-20-stoljecu\">Znanstveni skup &#8220;Modernizacija kroz infrastrukturu &#8211; zadano i ostvareno u modernizaciji Hrvatske&#8221;<\/a><\/blockquote><iframe loading=\"lazy\" class=\"wp-embedded-content\" sandbox=\"allow-scripts\" security=\"restricted\" style=\"position: absolute; clip: rect(1px, 1px, 1px, 1px);\" title=\"&#8220;Znanstveni skup &#8220;Modernizacija kroz infrastrukturu &#8211; zadano i ostvareno u modernizaciji Hrvatske&#8221;&#8221; &#8212; Hrvatsko katoli\u010dko sveu\u010dili\u0161te\" src=\"http:\/\/www.unicath.hr\/hks-najave\/znanstveni-skup-modernizacija-urbanog-zivota-u-hrvatskoj-kroz-prizmu-razvoja-komunalne-infrastrukture-u-19-i-20-stoljecu\/embed#?secret=WAu0WOW5A6\" data-secret=\"WAu0WOW5A6\" width=\"600\" height=\"338\" frameborder=\"0\" marginwidth=\"0\" marginheight=\"0\" scrolling=\"no\"><\/iframe>\n<\/div><\/figure>\n\n\n\n<p><a href=\"https:\/\/www.isp.hr\/znanstvena-konferencija-modernizacija-kroz-infrastrukturu\/\">https:\/\/www.isp.hr\/znanstvena-konferencija-modernizacija-kroz-infrastrukturu\/<\/a><\/p>\n\n\n\n<figure class=\"wp-block-embed-wordpress wp-block-embed is-type-wp-embed is-provider-mozira\"><div class=\"wp-block-embed__wrapper\">\n<blockquote class=\"wp-embedded-content\" data-secret=\"qiqy7wlumY\"><a href=\"https:\/\/mozira.isp.hr\/2020\/07\/09\/znanstvena-konferencija-modernizacija-kroz-infrastrukturu\/\">Znanstvena konferencija Modernizacija kroz infrastrukturu<\/a><\/blockquote><iframe loading=\"lazy\" class=\"wp-embedded-content\" sandbox=\"allow-scripts\" security=\"restricted\" style=\"position: absolute; clip: rect(1px, 1px, 1px, 1px);\" title=\"&#8220;Znanstvena konferencija Modernizacija kroz infrastrukturu&#8221; &#8212; MOZIRA\" src=\"https:\/\/mozira.isp.hr\/2020\/07\/09\/znanstvena-konferencija-modernizacija-kroz-infrastrukturu\/embed\/#?secret=qiqy7wlumY\" data-secret=\"qiqy7wlumY\" width=\"600\" height=\"338\" frameborder=\"0\" marginwidth=\"0\" marginheight=\"0\" scrolling=\"no\"><\/iframe>\n<\/div><\/figure>\n","protected":false},"excerpt":{"rendered":"","protected":false},"author":2,"featured_media":21796,"comment_status":"open","ping_status":"open","sticky":false,"template":"","format":"standard","meta":{"_acf_changed":false,"jetpack_post_was_ever_published":false,"_jetpack_newsletter_access":"","_jetpack_dont_email_post_to_subs":false,"_jetpack_newsletter_tier_id":0,"_jetpack_memberships_contains_paywalled_content":false,"_jetpack_memberships_contains_paid_content":false,"footnotes":"","jetpack_publicize_message":"","jetpack_publicize_feature_enabled":true,"jetpack_social_post_already_shared":false,"jetpack_social_options":{"image_generator_settings":{"template":"highway","default_image_id":0,"font":"","enabled":false},"version":2}},"categories":[3,9],"tags":[],"class_list":["post-21795","post","type-post","status-publish","format-standard","has-post-thumbnail","hentry","category-novosti","category-skupovi"],"acf":{"facebook_opis":""},"jetpack_publicize_connections":[],"jetpack_featured_media_url":"https:\/\/i0.wp.com\/historiografija.hr\/wp-content\/uploads\/2020\/07\/old-city.jpg?fit=240%2C160&ssl=1","jetpack_sharing_enabled":true,"jetpack-related-posts":[{"id":52502,"url":"https:\/\/historiografija.hr\/?p=52502","url_meta":{"origin":21795,"position":0},"title":"Novi znanstveni projekt Hrvatskog instituta za povijest: \u201c\u017drtve ratova i dr\u017eavnog\/politi\u010dkog nasilja u hrvatskoj povijesti 20. stolje\u0107a\u201d","author":"Branimir Jankovi\u0107","date":"17. travnja 2026.","format":false,"excerpt":"Na redovitoj sjednici Vlade RH, 16. travnja 2026., donijet je Zaklju\u010dak kojim se pokre\u0107e znanstveni projekt \u201c\u017drtve ratova i dr\u017eavnog\/politi\u010dkog nasilja u hrvatskoj povijesti 20. stolje\u0107a\u201d. Projekt \u0107e provoditi i koordinirati Hrvatski institut za povijest u razdoblju trajanja projekta od pet godina. Zakljucak Vlade RH Iz teksta projektnog prijedloga: Problematika\u2026","rel":"","context":"U &quot;Novosti&quot;","block_context":{"text":"Novosti","link":"https:\/\/historiografija.hr\/?cat=3"},"img":{"alt_text":"","src":"https:\/\/i0.wp.com\/historiografija.hr\/wp-content\/uploads\/2026\/04\/Vlada-RH.jpg?fit=1200%2C557&ssl=1&resize=350%2C200","width":350,"height":200,"srcset":"https:\/\/i0.wp.com\/historiografija.hr\/wp-content\/uploads\/2026\/04\/Vlada-RH.jpg?fit=1200%2C557&ssl=1&resize=350%2C200 1x, https:\/\/i0.wp.com\/historiografija.hr\/wp-content\/uploads\/2026\/04\/Vlada-RH.jpg?fit=1200%2C557&ssl=1&resize=525%2C300 1.5x, https:\/\/i0.wp.com\/historiografija.hr\/wp-content\/uploads\/2026\/04\/Vlada-RH.jpg?fit=1200%2C557&ssl=1&resize=700%2C400 2x, https:\/\/i0.wp.com\/historiografija.hr\/wp-content\/uploads\/2026\/04\/Vlada-RH.jpg?fit=1200%2C557&ssl=1&resize=1050%2C600 3x"},"classes":[]},{"id":52499,"url":"https:\/\/historiografija.hr\/?p=52499","url_meta":{"origin":21795,"position":1},"title":"POTPISAN UGOVOR O ZNANSTVENO-ISTRA\u017dIVA\u010cKOJ SURADNJI: PROJEKT \u201eTEMELJI HRVATSKE SAMOSTALNOSTI\u201d","author":"Branimir Jankovi\u0107","date":"17. travnja 2026.","format":false,"excerpt":"Hrvatski institut za povijest, Sveu\u010dili\u0161te obrane i sigurnosti \u201eDr. Franjo Tu\u0111man\u201d, Institut dru\u0161tvenih znanosti Ivo Pilar i Hrvatski dr\u017eavni arhiv\u00a0potpisali su 23. o\u017eujka 2026.\u00a0Ugovor o znanstveno-istra\u017eiva\u010dkoj suradnji s ciljem provedbe projekta \u201eTemelji hrvatske samostalnosti\u201d. Tim projektom obuhva\u0107a se istra\u017eivanje arhivskoga gradiva, priprema znanstvenih publikacija, digitalizacija i javna prezentacija rezultata istra\u017eivanja\u2026","rel":"","context":"U &quot;Novosti&quot;","block_context":{"text":"Novosti","link":"https:\/\/historiografija.hr\/?cat=3"},"img":{"alt_text":"","src":"https:\/\/i0.wp.com\/historiografija.hr\/wp-content\/uploads\/2026\/04\/THS_sporazum.jpg?fit=1200%2C583&ssl=1&resize=350%2C200","width":350,"height":200,"srcset":"https:\/\/i0.wp.com\/historiografija.hr\/wp-content\/uploads\/2026\/04\/THS_sporazum.jpg?fit=1200%2C583&ssl=1&resize=350%2C200 1x, https:\/\/i0.wp.com\/historiografija.hr\/wp-content\/uploads\/2026\/04\/THS_sporazum.jpg?fit=1200%2C583&ssl=1&resize=525%2C300 1.5x, https:\/\/i0.wp.com\/historiografija.hr\/wp-content\/uploads\/2026\/04\/THS_sporazum.jpg?fit=1200%2C583&ssl=1&resize=700%2C400 2x, https:\/\/i0.wp.com\/historiografija.hr\/wp-content\/uploads\/2026\/04\/THS_sporazum.jpg?fit=1200%2C583&ssl=1&resize=1050%2C600 3x"},"classes":[]},{"id":52631,"url":"https:\/\/historiografija.hr\/?p=52631","url_meta":{"origin":21795,"position":2},"title":"Predavanje Ivana Tepe\u0161a: Djelovanje hrvatske politi\u010dke emigracije","author":"Branimir Jankovi\u0107","date":"23. travnja 2026.","format":false,"excerpt":"Odjel za me\u0111unarodnu suradnju i iseljeni\u0161tvo Matice hrvatske Predavanje Ivana Tepe\u0161a: Djelovanje hrvatske politi\u010dke emigracije Utorak, 28. travnja 2026. u 18:00 sati, Dvorana Ljudevita Jonkea (Mala dvorana MH), Strossmayerov trg 4, Zagreb dr. sc. Ivan Tepe\u0161, Institut za istra\u017eivanje migracija Hrvatska politi\u010dka emigracija obilje\u017eila je polustoljetnu hrvatsku povijest u drugoj\u2026","rel":"","context":"U &quot;Novosti&quot;","block_context":{"text":"Novosti","link":"https:\/\/historiografija.hr\/?cat=3"},"img":{"alt_text":"","src":"","width":0,"height":0},"classes":[]},{"id":52619,"url":"https:\/\/historiografija.hr\/?p=52619","url_meta":{"origin":21795,"position":3},"title":"Predavanje \u0110ur\u0111ice Vitkovi\u0107 &#8220;Izme\u0111u pera i objektiva: Zagorka i Foto Tonka&#8221;","author":"Branimir Jankovi\u0107","date":"23. travnja 2026.","format":false,"excerpt":"Memorijalni stan Marije Juri\u0107 Zagorke poziva Vas na predavanje \u0110ur\u0111ice Vitkovi\u0107 \u201eIzme\u0111u pera i objektiva: Zagorka i Foto Tonka\u201c koje \u0107e se odr\u017eati u utorak, 28. travnja 2026. s po\u010detkom u 18 h u sklopu Ciklusa predavanja u Memorijalnom stanu Marije Juri\u0107 Zagorke. Kako su se susrele knji\u017eevnost i fotografija\u2026","rel":"","context":"U &quot;Novosti&quot;","block_context":{"text":"Novosti","link":"https:\/\/historiografija.hr\/?cat=3"},"img":{"alt_text":"","src":"https:\/\/i0.wp.com\/historiografija.hr\/wp-content\/uploads\/2024\/11\/Zagorka_ciklus.jpg?fit=1200%2C1006&ssl=1&resize=350%2C200","width":350,"height":200,"srcset":"https:\/\/i0.wp.com\/historiografija.hr\/wp-content\/uploads\/2024\/11\/Zagorka_ciklus.jpg?fit=1200%2C1006&ssl=1&resize=350%2C200 1x, https:\/\/i0.wp.com\/historiografija.hr\/wp-content\/uploads\/2024\/11\/Zagorka_ciklus.jpg?fit=1200%2C1006&ssl=1&resize=525%2C300 1.5x, https:\/\/i0.wp.com\/historiografija.hr\/wp-content\/uploads\/2024\/11\/Zagorka_ciklus.jpg?fit=1200%2C1006&ssl=1&resize=700%2C400 2x, https:\/\/i0.wp.com\/historiografija.hr\/wp-content\/uploads\/2024\/11\/Zagorka_ciklus.jpg?fit=1200%2C1006&ssl=1&resize=1050%2C600 3x"},"classes":[]},{"id":52508,"url":"https:\/\/historiografija.hr\/?p=52508","url_meta":{"origin":21795,"position":4},"title":"Glazbena radionica \u201eDUGMETARA REVISITED\u201c","author":"Branimir Jankovi\u0107","date":"17. travnja 2026.","format":false,"excerpt":"DUGMETARA REVISITED glazbena radionica vodi: Ana Horvat 13., 20. i 27. travnja, od 18 do 20 sati Radiona, Nova cesta 186 Na tri radioni\u010dka susreta uranjamo u naslje\u0111e Dugmetare, biv\u0161e tvornice dugmadi na Savskoj cesti koja je po\u010detkom 2000-ih igrom slu\u010daja postala \u017eivo, jedinstveno mjesto glazbene proizvodnje. Svoje su probe\u2026","rel":"","context":"U &quot;Novosti&quot;","block_context":{"text":"Novosti","link":"https:\/\/historiografija.hr\/?cat=3"},"img":{"alt_text":"","src":"https:\/\/i0.wp.com\/historiografija.hr\/wp-content\/uploads\/2026\/04\/TRESNJA_TRESTI.jpg?fit=380%2C475&ssl=1&resize=350%2C200","width":350,"height":200},"classes":[]},{"id":52539,"url":"https:\/\/historiografija.hr\/?p=52539","url_meta":{"origin":21795,"position":5},"title":"Drugi po redu studentski simpozij &#8220;In fonte veritas&#8221;","author":"Branimir Jankovi\u0107","date":"20. travnja 2026.","format":false,"excerpt":"U srijedu, 22. travnja 2026. godine, u dvorani C 0.4 na Hrvatskom katoli\u010dkom sveu\u010dili\u0161tu odr\u017eat \u0107e se drugi studentski simpozij \u201eIn fonte veritas\". Ovogodi\u0161nja sredi\u0161nja tema simpozija je Papinstvo. Kroz istra\u017eiva\u010dko suo\u010davanje s povijesnim izvorima deset \u0107e studenata predstaviti rezultate svojih istra\u017eivanja o instituciji koja je stolje\u0107ima oblikovala europsku i\u2026","rel":"","context":"U &quot;Novosti&quot;","block_context":{"text":"Novosti","link":"https:\/\/historiografija.hr\/?cat=3"},"img":{"alt_text":"","src":"https:\/\/i0.wp.com\/historiografija.hr\/wp-content\/uploads\/2026\/04\/Papinstvo.png?fit=1024%2C500&ssl=1&resize=350%2C200","width":350,"height":200,"srcset":"https:\/\/i0.wp.com\/historiografija.hr\/wp-content\/uploads\/2026\/04\/Papinstvo.png?fit=1024%2C500&ssl=1&resize=350%2C200 1x, https:\/\/i0.wp.com\/historiografija.hr\/wp-content\/uploads\/2026\/04\/Papinstvo.png?fit=1024%2C500&ssl=1&resize=525%2C300 1.5x, https:\/\/i0.wp.com\/historiografija.hr\/wp-content\/uploads\/2026\/04\/Papinstvo.png?fit=1024%2C500&ssl=1&resize=700%2C400 2x"},"classes":[]}],"_links":{"self":[{"href":"https:\/\/historiografija.hr\/index.php?rest_route=\/wp\/v2\/posts\/21795","targetHints":{"allow":["GET"]}}],"collection":[{"href":"https:\/\/historiografija.hr\/index.php?rest_route=\/wp\/v2\/posts"}],"about":[{"href":"https:\/\/historiografija.hr\/index.php?rest_route=\/wp\/v2\/types\/post"}],"author":[{"embeddable":true,"href":"https:\/\/historiografija.hr\/index.php?rest_route=\/wp\/v2\/users\/2"}],"replies":[{"embeddable":true,"href":"https:\/\/historiografija.hr\/index.php?rest_route=%2Fwp%2Fv2%2Fcomments&post=21795"}],"version-history":[{"count":3,"href":"https:\/\/historiografija.hr\/index.php?rest_route=\/wp\/v2\/posts\/21795\/revisions"}],"predecessor-version":[{"id":21900,"href":"https:\/\/historiografija.hr\/index.php?rest_route=\/wp\/v2\/posts\/21795\/revisions\/21900"}],"wp:featuredmedia":[{"embeddable":true,"href":"https:\/\/historiografija.hr\/index.php?rest_route=\/wp\/v2\/media\/21796"}],"wp:attachment":[{"href":"https:\/\/historiografija.hr\/index.php?rest_route=%2Fwp%2Fv2%2Fmedia&parent=21795"}],"wp:term":[{"taxonomy":"category","embeddable":true,"href":"https:\/\/historiografija.hr\/index.php?rest_route=%2Fwp%2Fv2%2Fcategories&post=21795"},{"taxonomy":"post_tag","embeddable":true,"href":"https:\/\/historiografija.hr\/index.php?rest_route=%2Fwp%2Fv2%2Ftags&post=21795"}],"curies":[{"name":"wp","href":"https:\/\/api.w.org\/{rel}","templated":true}]}}