{"id":21791,"date":"2020-07-03T11:29:06","date_gmt":"2020-07-03T11:29:06","guid":{"rendered":"http:\/\/historiografija.hr\/?p=21791"},"modified":"2020-12-21T17:10:26","modified_gmt":"2020-12-21T17:10:26","slug":"umro-akademik-tomislav-raukar","status":"publish","type":"post","link":"https:\/\/historiografija.hr\/?p=21791","title":{"rendered":"Umro akademik Tomislav Raukar"},"content":{"rendered":"\n<p>Zagreb, 3. srpnja 2020. \u2013<strong> <\/strong>U \u010detvrtak 2. srpnja u Zagrebu je u 87. godini \u017eivota preminuo <strong>akademik Tomislav Raukar<\/strong>, istaknuti hrvatski povjesni\u010dar, redoviti \u010dlan Hrvatske akademije znanosti i umjetnosti.<\/p>\n\n\n\n<p>Rodio se u Starom Gradu na Hvaru 29. prosinca 1933. Poha\u0111ao je Srednju ekonomsku \u0161kolu u Splitu koju je zavr\u0161io 1952., a 1956. u Splitu je na Vi\u0161oj pedago\u0161koj \u0161koli zavr\u0161io studij povijesti i hrvatskog jezika i knji\u017eevnosti ju\u017enoslavenskih naroda. Na Filozofskom fakultetu u Zagrebu 1963. je diplomirao jednopredmetni studij povijesti i 1975. doktorirao s disertacijom <em>Ekonomsko-dru\u0161tveni odnosi u Zadru u XV. stolje\u0107u<\/em>. Od 1962. do 1963. radio je u Arhivu Hrvatske kao arhivski pomo\u0107nik, a zatim od 1963. do umirovljenja 2004. na Odsjeku za povijest Filozofskog fakulteta u Zagrebu, najprije kao asistent, od 1976. kao docent, od 1980. kao izvanredni i od 1985. redoviti profesor na Katedri za hrvatsku povijest kojoj je od 1993. do 1994. bio predstojnik. Pod njegovim vodstvom izra\u0111eno je 90 diplomskih radnji, 15 magistarskih radnji i sedam doktorskih disertacija.<\/p>\n\n\n\n<p>Za redovitog \u010dlana Hrvatske akademije znanosti i umjetnosti u Razredu za dru\u0161tvene znanosti izabran je 1997., a od 1986. bio je \u010dlan suradnik. Od 2007. do 2014. bio je tajnik Razreda za dru\u0161tvene znanosti i \u010dlan Predsjedni\u0161tva HAZU. Od 2007. bio je i voditelj Odsjeka za povijesne znanosti HAZU. Od 1998. bio je i glavni urednik \u010dasopisa <em>Starine HAZU<\/em>.<\/p>\n\n\n\n<p>Tijekom 1970-ih i 1980-ih godina Tomislav Raukar obavio je niz istra\u017eivanja u hrvatskim i talijanskim arhivima (Zadar, Dubrovnik, Venecija, Ancona, Bari), gdje je posebno istra\u017eivao bilje\u017eni\u010dku gra\u0111u. Oslanjaju\u0107i se na metodologiju francuskih analista i prate\u0107i suvremene tokove europske, posebice talijanske i francuske medievistike, znatno je pridonio modernizaciji prou\u010davanja hrvatskog srednjovjekovlja. Posebno je vrijedan njegov doprinos prou\u010davanju dru\u0161tvenih struktura i gospodarskih kretanja u urbanim i ruralnim sredinama Hrvatske u razvijenom i kasnom srednjem vijeku, kao i komparativnom prou\u010davanju komuna na hrvatskoj i talijanskoj obali Jadrana. U hrvatsku historiografiju uveo je zapostavljene istra\u017eiva\u010dke teme, kao \u0161to su povijest svakodnevnog \u017eivota, mentaliteta i pobo\u017enosti. Izlagao je na brojnim znanstvenim skupovima u zemlji i inozemstvu te sudjelovao u mnogim projektima i uredni\u0161tvima znanstvenih \u010dasopisa, publikacija i ud\u017ebenika.<\/p>\n\n\n\n<p>Najva\u017enija djela akademika Tomislava Raukara su: <em>Zadar u XV. stolje\u0107u: ekonomski razvoj i dru\u0161tveni odnosi<\/em> (1977.), <em>Zadar pod mleta\u010dkom upravom: 1409-1797<\/em> (1987.), <em>Hrvatsko srednjovjekovlje: prostor, ljudi, ideje<\/em> (1997.), <em>Seljak i plemi\u0107 hrvatskoga srednjovjekovlja<\/em> (2002.), <em>Srednjovjekovne ekonomije i hrvatska dru\u0161tva<\/em> (2003.), <em>Hrvatska povijest srednjeg vijeka<\/em> (s Nevenom Budakom, 2006.) te <em>Studije o Dalmaciji u srednjem vijeku: odabrane studije<\/em> (2007.).<\/p>\n\n\n\n<p>Za svoj rad akademik Raukar nagra\u0111en je me\u0111u ostalim Redom Danice hrvatske s likom Ru\u0111era Bo\u0161kovi\u0107a za osobite zasluge za znanost (1998.), Godi\u0161njom Dr\u017eavnom nagradom za znanost u podru\u010dju humanisti\u010dkih znanosti za knjigu <em>Hrvatsko srednjovjekovlje<\/em> (1998.), Poveljom Filozofskog fakulteta u Zagrebu za unapre\u0111enje nastavnoga rada (1999.), Medaljom Filozofskog fakulteta u Zagrebu (2003.), Medaljom Sveu\u010dili\u0161ta u Zagrebu (2004.) te Nagradom \u201eIvan Lu\u010di\u0107\u201c za \u017eivotno djelo (2016.).<\/p>\n\n\n\n<p>Marijan Lipovac<\/p>\n\n\n\n<p>Ured za odnose s javno\u0161\u0107u i medije HAZU<\/p>\n\n\n\n<p>Izvor:<\/p>\n\n\n\n<p><a href=\"http:\/\/info.hazu.hr\/hr\/\">http:\/\/info.hazu.hr\/hr\/<\/a><\/p>\n\n\n\n<p>Iz medija:<\/p>\n\n\n\n<p><a href=\"https:\/\/www.hina.hr\/vijest\/10408831\">https:\/\/www.hina.hr\/vijest\/10408831<\/a><\/p>\n\n\n\n<p><a href=\"https:\/\/vijesti.hrt.hr\/630435\/preminuo-akademik-tomislav-raukar\">https:\/\/vijesti.hrt.hr\/630435\/preminuo-akademik-tomislav-raukar<\/a><\/p>\n\n\n\n<p><a href=\"https:\/\/www.jutarnji.hr\/vijesti\/hrvatska\/umro-akademik-tomislav-raukar-redoviti-clan-hrvatske-akademije-znanosti-i-umjetnosti-15006085\">https:\/\/www.jutarnji.hr\/vijesti\/hrvatska\/umro-akademik-tomislav-raukar-redoviti-clan-hrvatske-akademije-znanosti-i-umjetnosti-15006085<\/a><\/p>\n\n\n\n<p><a href=\"https:\/\/www.vecernji.hr\/kultura\/preminuo-redovni-clan-hazu-i-povjesnicar-tomislav-raukar-1414506\">https:\/\/www.vecernji.hr\/kultura\/preminuo-redovni-clan-hazu-i-povjesnicar-tomislav-raukar-1414506<\/a><\/p>\n\n\n\n<p><a href=\"https:\/\/www.tportal.hr\/kultura\/clanak\/preminuo-povjesnicar-tomislav-raukar-20200703\">https:\/\/www.tportal.hr\/kultura\/clanak\/preminuo-povjesnicar-tomislav-raukar-20200703<\/a><\/p>\n\n\n\n<p><a href=\"https:\/\/www.index.hr\/vijesti\/clanak\/umro-akademik-tomislav-raukar\/2195143.aspx\">https:\/\/www.index.hr\/vijesti\/clanak\/umro-akademik-tomislav-raukar\/2195143.aspx<\/a><\/p>\n\n\n\n<p><a href=\"https:\/\/narod.hr\/hrvatska\/preminuo-akademik-tomislav-raukar\">https:\/\/narod.hr\/hrvatska\/preminuo-akademik-tomislav-raukar<\/a><\/p>\n\n\n\n<figure class=\"wp-block-embed-wordpress wp-block-embed is-type-wp-embed is-provider-kzmz\"><div class=\"wp-block-embed__wrapper\">\n<blockquote class=\"wp-embedded-content\" data-secret=\"uSDvyVzaLy\"><a href=\"https:\/\/www.kzmz.hr\/2020\/07\/06\/in-memoriam-tomislav-raukar\/\">In memoriam: Tomislav Raukar<\/a><\/blockquote><iframe loading=\"lazy\" class=\"wp-embedded-content\" sandbox=\"allow-scripts\" security=\"restricted\" style=\"position: absolute; clip: rect(1px, 1px, 1px, 1px);\" title=\"&#8220;In memoriam: Tomislav Raukar&#8221; &#8212; KZMZ\" src=\"https:\/\/www.kzmz.hr\/2020\/07\/06\/in-memoriam-tomislav-raukar\/embed\/#?secret=uSDvyVzaLy\" data-secret=\"uSDvyVzaLy\" width=\"600\" height=\"338\" frameborder=\"0\" marginwidth=\"0\" marginheight=\"0\" scrolling=\"no\"><\/iframe>\n<\/div><\/figure>\n\n\n\n<figure class=\"wp-block-embed-wordpress wp-block-embed is-type-wp-embed is-provider-biram-dobro\"><div class=\"wp-block-embed__wrapper\">\n<blockquote class=\"wp-embedded-content\" data-secret=\"Vgzb5kUXYu\"><a href=\"https:\/\/biramdobro.com\/hrvatski-povjesnicari-tomislav-raukar\/\">Hrvatski povjesni\u010dari: Tomislav Raukar<\/a><\/blockquote><iframe loading=\"lazy\" class=\"wp-embedded-content\" sandbox=\"allow-scripts\" security=\"restricted\" style=\"position: absolute; clip: rect(1px, 1px, 1px, 1px);\" title=\"&#8220;Hrvatski povjesni\u010dari: Tomislav Raukar&#8221; &#8212; Biram DOBRO\" src=\"https:\/\/biramdobro.com\/hrvatski-povjesnicari-tomislav-raukar\/embed\/#?secret=Vgzb5kUXYu\" data-secret=\"Vgzb5kUXYu\" width=\"600\" height=\"338\" frameborder=\"0\" marginwidth=\"0\" marginheight=\"0\" scrolling=\"no\"><\/iframe>\n<\/div><\/figure>\n\n\n\n<hr class=\"wp-block-separator\"\/>\n","protected":false},"excerpt":{"rendered":"","protected":false},"author":2,"featured_media":21792,"comment_status":"open","ping_status":"open","sticky":false,"template":"","format":"standard","meta":{"_acf_changed":false,"jetpack_post_was_ever_published":false,"_jetpack_newsletter_access":"","_jetpack_dont_email_post_to_subs":false,"_jetpack_newsletter_tier_id":0,"_jetpack_memberships_contains_paywalled_content":false,"_jetpack_memberships_contains_paid_content":false,"footnotes":"","jetpack_publicize_message":"","jetpack_publicize_feature_enabled":true,"jetpack_social_post_already_shared":false,"jetpack_social_options":{"image_generator_settings":{"template":"highway","default_image_id":0,"font":"","enabled":false},"version":2}},"categories":[3,20],"tags":[],"class_list":["post-21791","post","type-post","status-publish","format-standard","has-post-thumbnail","hentry","category-novosti","category-obavijesti-o-smrti-i-nekrolozi"],"acf":{"facebook_opis":""},"jetpack_publicize_connections":[],"jetpack_featured_media_url":"https:\/\/i0.wp.com\/historiografija.hr\/wp-content\/uploads\/2020\/07\/raukar.jpg?fit=1441%2C959&ssl=1","jetpack_sharing_enabled":true,"jetpack-related-posts":[{"id":52563,"url":"https:\/\/historiografija.hr\/?p=52563","url_meta":{"origin":21791,"position":0},"title":"Predavanje Nenada Fabijani\u0107a o stadionu Poljud u Splitu","author":"Branimir Jankovi\u0107","date":"21. travnja 2026.","format":false,"excerpt":"Znanstveno vije\u0107e za arhitekturu, urbanizam i ure\u0111enje prostora Hrvatske akademije znanosti i umjetnosti organizira predavanje \u201cPo Poljudu\u201d koje \u0107e u srijedu 22. travnja 2026. s po\u010detkom u 14 sati u Knji\u017enici HAZU, Strossmayerov trg 14 u Zagrebu, odr\u017eati\u00a0prof. emerit. dr. art. Nenad Fabijani\u0107,\u00a0\u010dlan suradnik HAZU. Predavanje \u201ePo Poljudu\u201c (Projekt obnove)\u2026","rel":"","context":"U &quot;Novosti&quot;","block_context":{"text":"Novosti","link":"https:\/\/historiografija.hr\/?cat=3"},"img":{"alt_text":"","src":"https:\/\/i0.wp.com\/historiografija.hr\/wp-content\/uploads\/2026\/04\/Poljud-scaled.jpeg?fit=1200%2C800&ssl=1&resize=350%2C200","width":350,"height":200,"srcset":"https:\/\/i0.wp.com\/historiografija.hr\/wp-content\/uploads\/2026\/04\/Poljud-scaled.jpeg?fit=1200%2C800&ssl=1&resize=350%2C200 1x, https:\/\/i0.wp.com\/historiografija.hr\/wp-content\/uploads\/2026\/04\/Poljud-scaled.jpeg?fit=1200%2C800&ssl=1&resize=525%2C300 1.5x, https:\/\/i0.wp.com\/historiografija.hr\/wp-content\/uploads\/2026\/04\/Poljud-scaled.jpeg?fit=1200%2C800&ssl=1&resize=700%2C400 2x, https:\/\/i0.wp.com\/historiografija.hr\/wp-content\/uploads\/2026\/04\/Poljud-scaled.jpeg?fit=1200%2C800&ssl=1&resize=1050%2C600 3x"},"classes":[]},{"id":52704,"url":"https:\/\/historiografija.hr\/?p=52704","url_meta":{"origin":21791,"position":1},"title":"Predstavljanje knjige &#8220;Vladimir Vasiljevi\u0107: Moji do\u017eivljaji. Dnevni\u010dki zapisi iz Prvoga svjetskog rata i poratnoga vremena&#8221;","author":"Filip \u0160imunjak","date":"29. travnja 2026.","format":false,"excerpt":"Doga\u0111anja ovogodi\u0161njega Festivala povijesti Kliofest zapo\u010dinjemo ve\u0107 i prije samoga slu\u017ebenog otvaranja, predstavljanjem knjige \u201eMoji do\u017eivljaji. Dnevni\u010dki zapisi iz Prvoga svjetskog rata i poratnoga vremena\u201d Vladimira Vasiljevi\u0107a, koju su priredili Karlo Rukavina i Damir Agi\u010di\u0107. Pozivamo Vas na predstavljanje koje \u0107e se odr\u017eati u ponedjeljak 4. svibnja, s po\u010detkom u\u2026","rel":"","context":"U &quot;Knjige&quot;","block_context":{"text":"Knjige","link":"https:\/\/historiografija.hr\/?cat=8"},"img":{"alt_text":"","src":"https:\/\/i0.wp.com\/historiografija.hr\/wp-content\/uploads\/2026\/04\/Naslovna-V.-Vasiljevic.webp?fit=1200%2C600&ssl=1&resize=350%2C200","width":350,"height":200,"srcset":"https:\/\/i0.wp.com\/historiografija.hr\/wp-content\/uploads\/2026\/04\/Naslovna-V.-Vasiljevic.webp?fit=1200%2C600&ssl=1&resize=350%2C200 1x, https:\/\/i0.wp.com\/historiografija.hr\/wp-content\/uploads\/2026\/04\/Naslovna-V.-Vasiljevic.webp?fit=1200%2C600&ssl=1&resize=525%2C300 1.5x, https:\/\/i0.wp.com\/historiografija.hr\/wp-content\/uploads\/2026\/04\/Naslovna-V.-Vasiljevic.webp?fit=1200%2C600&ssl=1&resize=700%2C400 2x, https:\/\/i0.wp.com\/historiografija.hr\/wp-content\/uploads\/2026\/04\/Naslovna-V.-Vasiljevic.webp?fit=1200%2C600&ssl=1&resize=1050%2C600 3x"},"classes":[]},{"id":52669,"url":"https:\/\/historiografija.hr\/?p=52669","url_meta":{"origin":21791,"position":2},"title":"Predavanje Igora Dude &#8220;Odmor kao \u017eivotna potreba: o slobodnom vremenu u socijalisti\u010dkoj Jugoslaviji&#8221;","author":"Branimir Jankovi\u0107","date":"27. travnja 2026.","format":false,"excerpt":"U sklopu proljetnog ciklusa programa\u00a0Kriti\u010dka dramaturgija: pauza, u\u00a0subotu, 25. travnja 2026. u 19 sati\u00a0u prostoru Udru\u017eenja hrvatskih arhitekata povjesni\u010dar Igor Duda\u00a0odr\u017eao je predavanje naslovljeno\u00a0Odmor kao \u017eivotna potreba: o slobodnom vremenu u socijalisti\u010dkoj Jugoslaviji. Industrijalizacija i urbanizacija dru\u0161tava u povijesti su zna\u010dile i prelazak s predindustrijskog na industrijsko shva\u0107anje vremena. Ono\u2026","rel":"","context":"U &quot;Novosti&quot;","block_context":{"text":"Novosti","link":"https:\/\/historiografija.hr\/?cat=3"},"img":{"alt_text":"","src":"https:\/\/i0.wp.com\/historiografija.hr\/wp-content\/uploads\/2026\/04\/Duda.png?fit=1200%2C628&ssl=1&resize=350%2C200","width":350,"height":200,"srcset":"https:\/\/i0.wp.com\/historiografija.hr\/wp-content\/uploads\/2026\/04\/Duda.png?fit=1200%2C628&ssl=1&resize=350%2C200 1x, https:\/\/i0.wp.com\/historiografija.hr\/wp-content\/uploads\/2026\/04\/Duda.png?fit=1200%2C628&ssl=1&resize=525%2C300 1.5x, https:\/\/i0.wp.com\/historiografija.hr\/wp-content\/uploads\/2026\/04\/Duda.png?fit=1200%2C628&ssl=1&resize=700%2C400 2x, https:\/\/i0.wp.com\/historiografija.hr\/wp-content\/uploads\/2026\/04\/Duda.png?fit=1200%2C628&ssl=1&resize=1050%2C600 3x"},"classes":[]},{"id":52666,"url":"https:\/\/historiografija.hr\/?p=52666","url_meta":{"origin":21791,"position":3},"title":"Najava programa Festivala povijesti Kliofest (5-8. V. 2026)","author":"Branimir Jankovi\u0107","date":"24. travnja 2026.","format":false,"excerpt":"Po trinaesti put odr\u017eava se Festival povijesti Kliofest! Do petka \u0107emo odr\u017eati osam okruglih stolova i dva kolokvija te niz predstavljanja knjiga i projekata razli\u010dite tematike, od antike do suvremenosti. Bit \u0107e predstavljeno i nekoliko izlo\u017ebi te odr\u017ean jedan povijesni kviz. Prikazat \u0107emo i jedan film \u2013 o generalu Boroevi\u0107u.\u2026","rel":"","context":"U &quot;Novosti&quot;","block_context":{"text":"Novosti","link":"https:\/\/historiografija.hr\/?cat=3"},"img":{"alt_text":"","src":"https:\/\/i0.wp.com\/historiografija.hr\/wp-content\/uploads\/2026\/04\/Kliofest-2026.jpg?fit=526%2C526&ssl=1&resize=350%2C200","width":350,"height":200,"srcset":"https:\/\/i0.wp.com\/historiografija.hr\/wp-content\/uploads\/2026\/04\/Kliofest-2026.jpg?fit=526%2C526&ssl=1&resize=350%2C200 1x, https:\/\/i0.wp.com\/historiografija.hr\/wp-content\/uploads\/2026\/04\/Kliofest-2026.jpg?fit=526%2C526&ssl=1&resize=525%2C300 1.5x"},"classes":[]},{"id":52681,"url":"https:\/\/historiografija.hr\/?p=52681","url_meta":{"origin":21791,"position":4},"title":"XIII. Festival povijesti Kliofest 2026.","author":"Branimir Jankovi\u0107","date":"27. travnja 2026.","format":false,"excerpt":"Trinaesti Festival povijesti Kliofest odr\u017eava se od 5. do 8. svibnja 2026. u Nacionalnoj i sveu\u010dili\u0161noj knji\u017enici u Zagrebu, kao i na nekoliko drugih lokacija u gradu. Cjelokupni program nalazi se u programskoj knji\u017eici u nastavku. Kliofest 2026 - ProgramPreuzmi","rel":"","context":"U &quot;Prikazi i osvrti&quot;","block_context":{"text":"Prikazi i osvrti","link":"https:\/\/historiografija.hr\/?cat=4"},"img":{"alt_text":"","src":"","width":0,"height":0},"classes":[]},{"id":52592,"url":"https:\/\/historiografija.hr\/?p=52592","url_meta":{"origin":21791,"position":5},"title":"Predstavljanje knjige &#8220;Turska ku\u0107a u Rijeci&#8221; u Zagrebu","author":"Branimir Jankovi\u0107","date":"22. travnja 2026.","format":false,"excerpt":"U prostorijama Turskog kulturnog centra Yunus Emre u Zagrebu, u utorak 21. travnja 2026. godine, odr\u017eano je sve\u010dano predstavljanje dopunjenog izdanja knjige Turska ku\u0107a u Rijeci, u organizaciji Hrvatsko-turskog dru\u0161tva Rijeka i partnerstvu sa Skupinom prijateljstva Hrvatska-Turska Hrvatskog sabora, Veleposlanstvom Republike Turske u Republici Hrvatskoj te Turskim kulturnim centrom Yunus\u2026","rel":"","context":"U &quot;Novosti&quot;","block_context":{"text":"Novosti","link":"https:\/\/historiografija.hr\/?cat=3"},"img":{"alt_text":"","src":"https:\/\/i0.wp.com\/historiografija.hr\/wp-content\/uploads\/2026\/04\/Turska-kuca-ZG.jpg?fit=1200%2C800&ssl=1&resize=350%2C200","width":350,"height":200,"srcset":"https:\/\/i0.wp.com\/historiografija.hr\/wp-content\/uploads\/2026\/04\/Turska-kuca-ZG.jpg?fit=1200%2C800&ssl=1&resize=350%2C200 1x, https:\/\/i0.wp.com\/historiografija.hr\/wp-content\/uploads\/2026\/04\/Turska-kuca-ZG.jpg?fit=1200%2C800&ssl=1&resize=525%2C300 1.5x, https:\/\/i0.wp.com\/historiografija.hr\/wp-content\/uploads\/2026\/04\/Turska-kuca-ZG.jpg?fit=1200%2C800&ssl=1&resize=700%2C400 2x, https:\/\/i0.wp.com\/historiografija.hr\/wp-content\/uploads\/2026\/04\/Turska-kuca-ZG.jpg?fit=1200%2C800&ssl=1&resize=1050%2C600 3x"},"classes":[]}],"_links":{"self":[{"href":"https:\/\/historiografija.hr\/index.php?rest_route=\/wp\/v2\/posts\/21791","targetHints":{"allow":["GET"]}}],"collection":[{"href":"https:\/\/historiografija.hr\/index.php?rest_route=\/wp\/v2\/posts"}],"about":[{"href":"https:\/\/historiografija.hr\/index.php?rest_route=\/wp\/v2\/types\/post"}],"author":[{"embeddable":true,"href":"https:\/\/historiografija.hr\/index.php?rest_route=\/wp\/v2\/users\/2"}],"replies":[{"embeddable":true,"href":"https:\/\/historiografija.hr\/index.php?rest_route=%2Fwp%2Fv2%2Fcomments&post=21791"}],"version-history":[{"count":3,"href":"https:\/\/historiografija.hr\/index.php?rest_route=\/wp\/v2\/posts\/21791\/revisions"}],"predecessor-version":[{"id":22186,"href":"https:\/\/historiografija.hr\/index.php?rest_route=\/wp\/v2\/posts\/21791\/revisions\/22186"}],"wp:featuredmedia":[{"embeddable":true,"href":"https:\/\/historiografija.hr\/index.php?rest_route=\/wp\/v2\/media\/21792"}],"wp:attachment":[{"href":"https:\/\/historiografija.hr\/index.php?rest_route=%2Fwp%2Fv2%2Fmedia&parent=21791"}],"wp:term":[{"taxonomy":"category","embeddable":true,"href":"https:\/\/historiografija.hr\/index.php?rest_route=%2Fwp%2Fv2%2Fcategories&post=21791"},{"taxonomy":"post_tag","embeddable":true,"href":"https:\/\/historiografija.hr\/index.php?rest_route=%2Fwp%2Fv2%2Ftags&post=21791"}],"curies":[{"name":"wp","href":"https:\/\/api.w.org\/{rel}","templated":true}]}}