{"id":21712,"date":"2020-06-27T13:05:00","date_gmt":"2020-06-27T13:05:00","guid":{"rendered":"http:\/\/historiografija.hr\/?p=21712"},"modified":"2020-06-27T14:33:17","modified_gmt":"2020-06-27T14:33:17","slug":"14-festival-tolerancije-open-air-izdanje-na-bundeku","status":"publish","type":"post","link":"https:\/\/historiografija.hr\/?p=21712","title":{"rendered":"14. FESTIVAL TOLERANCIJE: OPEN AIR IZDANJE NA BUNDEKU"},"content":{"rendered":"\n<p>Odli\u010dni filmovi, zanimljive i provokativne izlo\u017ebe, dru\u0161tveno va\u017ena predavanja i edukativni programi, predstavljanja udruga i sjajni koncerti uz uvijek istu misiju &#8211; brigu za tolerantno, napredno, solidarno i potencijalima bogato dru\u0161tvo. <strong>14. Festival tolerancije<\/strong>&nbsp;ove \u0107e se godine odr\u017eati <strong>od 28. lipnja do 4. srpnja<\/strong> na otvorenom, na zagreba\u010dkom <strong>Bundeku<\/strong>, a ulaz na sve projekcije i popratne sadr\u017eaje je <strong>besplatan<\/strong>.<\/p>\n\n\n\n<p>\u201dMislili smo kako je trinaesto izdanje Festivala bilo nesretno za nas s obzirom da smo se morali izmjestiti u zadnji \u010das iz Kina Europa, no evo ga \u2013 ni broj \u010detrnaest nije puno sretniji. Svejedno, unato\u010d svim neda\u0107ama, vjerujemo da imamo sjajno izdanje Festivala. Relevantnost, atraktivnost i originalnost bili su nam nit vodilja. Festival tolerancije je inkluzivan festival, namijenjen svima i za sve jednako pristupa\u010dan \u2013 ne trebaju vam ulaznice, samo dobra volja i interes\u201d, rekla je <strong>Nata\u0161a Popovi\u0107<\/strong>, direktorica Festivala tolerancije.<\/p>\n\n\n\n<p>Velika retrospektiva donedavnog po\u010dasnog predsjednika Festivala tolerancije, jedinstvenog <strong>Branka Lustiga<\/strong>, trebala je biti sredi\u0161nje filmsko zbivanje, no s obzirom na okolnosti petnaest Lustigovih filmova bit \u0107e prikazani na sljede\u0107em, jubilarnom petnaestom izdanju Festivala. Na Branka Lustiga se nije zaboravilo jer \u0107e prvi izlazak Festivala tolerancije iz kino dvorana biti otvoren upravo jednim njegovim filmom &#8211; <em>Dobrom godinom<\/em> redatelja <strong>Ridleya Scotta<\/strong> s<strong> Russelom Croweom<\/strong> u glavnoj ulozi. <em>Dobru je godinu<\/em> Branko Lustig potpisao kao izvr\u0161ni producent.<\/p>\n\n\n\n<p>\u201dPlanirali smo puno toga za ovu godinu i na kraju i pripremili sjajan filmski program \u010diji \u0107e dio, vjerujem, odu\u0161eviti publiku na Bundeku. Dvanaest iznimnih filmova progovaraju na atraktivan, \u010dak i humoristi\u010dan na\u010din o svim onim temama kojima se kao Festival i Udruga bavimo: promicanjem ljudskih prava. Filmovi dolaze sa svih strana svijeta, imat \u0107emo i zanimljivih gostiju, a vjerujem da \u0107e cjelokupan program zaokupiti i zainteresirati publiku kako za ono \u0161to \u0107emo im ponuditi tako i za promi\u0161ljanje mjesta i vremena u kojem \u017eivimo. Prosperitetno, slobodno dru\u0161tvo je mogu\u0107e, ali samo ukoliko ga svi zajedno \u017eivimo i gradimo\u201d, izjavio je <strong>Hrvoje Puk\u0161ec<\/strong>, voditelj filmskih programa Festivala tolerancije.<\/p>\n\n\n\n<p>Festival nudi i dvije sjajne izlo\u017ebe. U suradnji s poznatim hrvatskim dizajnerima i UNHCR-om Hrvatska u javnom prijevozu u Dubrovniku, Osijeku, Splitu, Zadru i Zagrebu postavljena je <strong>ReD<\/strong> &#8211; izlo\u017eba dizajniranih plakata koji tematiziraju polo\u017eaj izbjeglica u svijetu i Hrvatskoj i koja se mo\u017ee pogledati do 28. lipnja. <strong>Kri\u017e pomirenja<\/strong> &#8211; izlo\u017ebu multimedijalne, anga\u017eirane i avangardne umjetnice <strong>Vere Fischer<\/strong> mo\u0107i \u0107e se vidjeti od 29. lipnja u Galeriji Erdeljac. Izlo\u017eba spaja motive kri\u017ea i Davidove zvijezde kroz ideju pomirenja i tolerancije.<\/p>\n\n\n\n<p><strong>Biom<\/strong>, <strong>Humana Nova<\/strong>,<strong> JRS \u2013 Isusova\u010dka slu\u017eba za izbjeglice<\/strong>, <strong>Nismo same<\/strong>, <strong>Prava \u0161apa<\/strong>, <strong>YIHR<\/strong>, <strong>Zaklada Zajedni\u010dki put <\/strong>i <strong>Domino<\/strong> udruge su koje \u0107e predstaviti svoj rad i programe tijekom festivala.<\/p>\n\n\n\n<p>Edukacijski programi 14. Festivala tolerancije odr\u017eat \u0107e se u listopadu i studenom i nastaviti rad Branka Lustiga. Tradicionalna Edukacijska jutra govore o va\u017enosti o\u010duvanja sje\u0107anja na holokaust zahvaljuju\u0107i svjedo\u010danstvima pre\u017eivjelih holokausta i predavanjima me\u0111unarodnih stru\u010dnjaka iz Francuske, Njema\u010dke i Austrije. Program Film i diskusija na kreativan na\u010din \u0107e u\u010diti djecu o problemima s kojima se susre\u0107u izbjeglice prilikom integracije u dru\u0161tvo te o va\u017enosti prihva\u0107anja razli\u010ditosti.<\/p>\n\n\n\n<p>A kako je festival poznat i po sjajnoj svirci, ove \u0107e godine zasvirati <strong>Porto Morto DJ Set<\/strong>, <strong>DJ Felver<\/strong>, <strong>The Bonebomb<\/strong>, <strong>SoulBeat<\/strong>, <strong>Nepenthe<\/strong>, <strong>Le Zbor<\/strong> i <strong>Zbor Doma\u0107igosti<\/strong>.<\/p>\n\n\n\n<p>Izvor: <a href=\"https:\/\/festivaloftolerance.com\/zagreb\/14-festival-tolerancije-open-air-izdanje-na-bundeku\/2791\">https:\/\/festivaloftolerance.com\/zagreb\/14-festival-tolerancije-open-air-izdanje-na-bundeku\/2791<\/a><\/p>\n\n\n\n<p><\/p>\n","protected":false},"excerpt":{"rendered":"","protected":false},"author":2,"featured_media":21713,"comment_status":"open","ping_status":"open","sticky":false,"template":"","format":"standard","meta":{"_acf_changed":false,"jetpack_post_was_ever_published":false,"_jetpack_newsletter_access":"","_jetpack_dont_email_post_to_subs":false,"_jetpack_newsletter_tier_id":0,"_jetpack_memberships_contains_paywalled_content":false,"_jetpack_memberships_contains_paid_content":false,"footnotes":"","jetpack_publicize_message":"","jetpack_publicize_feature_enabled":true,"jetpack_social_post_already_shared":false,"jetpack_social_options":{"image_generator_settings":{"template":"highway","default_image_id":0,"font":"","enabled":false},"version":2}},"categories":[13,3],"tags":[],"class_list":["post-21712","post","type-post","status-publish","format-standard","has-post-thumbnail","hentry","category-filmovi-i-serije","category-novosti"],"acf":{"facebook_opis":""},"jetpack_publicize_connections":[],"jetpack_featured_media_url":"https:\/\/i0.wp.com\/historiografija.hr\/wp-content\/uploads\/2020\/06\/festival-tolerancije.jpg?fit=1200%2C628&ssl=1","jetpack_sharing_enabled":true,"jetpack-related-posts":[{"id":52760,"url":"https:\/\/historiografija.hr\/?p=52760","url_meta":{"origin":21712,"position":0},"title":"Izlo\u017eba \u201cLo\u0161injski brodovi, njihove zastave i ljudi\u201d, 4. svibnja u 19h","author":"Filip \u0160imunjak","date":"30. travnja 2026.","format":false,"excerpt":"Hrvatski pomorski muzej Split, Glagolja\u0161a 18 (Tvr\u0111ava Gripe) Nakon \u0161to je u rujnu 2025. godine na otoku Lo\u0161inju, u suradnji Lo\u0161injskog muzeja i Hrvatskog pomorskog muzeja Split, predstavljena izlo\u017eba posve\u0107ena bogatoj pomorskoj ba\u0161tini otoka, njezino pro\u0161ireno izdanje postavlja se u Splitu. Uo\u010di blagdana svetog Dujma splitskoj \u0107e se publici predstaviti\u2026","rel":"","context":"U &quot;Izlo\u017ebe&quot;","block_context":{"text":"Izlo\u017ebe","link":"https:\/\/historiografija.hr\/?cat=10"},"img":{"alt_text":"","src":"https:\/\/i0.wp.com\/historiografija.hr\/wp-content\/uploads\/2026\/04\/Losinjski-brodovi-Izlozba-1-scaled.webp?fit=840%2C1200&ssl=1&resize=350%2C200","width":350,"height":200,"srcset":"https:\/\/i0.wp.com\/historiografija.hr\/wp-content\/uploads\/2026\/04\/Losinjski-brodovi-Izlozba-1-scaled.webp?fit=840%2C1200&ssl=1&resize=350%2C200 1x, https:\/\/i0.wp.com\/historiografija.hr\/wp-content\/uploads\/2026\/04\/Losinjski-brodovi-Izlozba-1-scaled.webp?fit=840%2C1200&ssl=1&resize=525%2C300 1.5x, https:\/\/i0.wp.com\/historiografija.hr\/wp-content\/uploads\/2026\/04\/Losinjski-brodovi-Izlozba-1-scaled.webp?fit=840%2C1200&ssl=1&resize=700%2C400 2x"},"classes":[]},{"id":52666,"url":"https:\/\/historiografija.hr\/?p=52666","url_meta":{"origin":21712,"position":1},"title":"Najava programa Festivala povijesti Kliofest (5-8. V. 2026)","author":"Branimir Jankovi\u0107","date":"24. travnja 2026.","format":false,"excerpt":"Po trinaesti put odr\u017eava se Festival povijesti Kliofest! Do petka \u0107emo odr\u017eati osam okruglih stolova i dva kolokvija te niz predstavljanja knjiga i projekata razli\u010dite tematike, od antike do suvremenosti. Bit \u0107e predstavljeno i nekoliko izlo\u017ebi te odr\u017ean jedan povijesni kviz. Prikazat \u0107emo i jedan film \u2013 o generalu Boroevi\u0107u.\u2026","rel":"","context":"U &quot;Novosti&quot;","block_context":{"text":"Novosti","link":"https:\/\/historiografija.hr\/?cat=3"},"img":{"alt_text":"","src":"https:\/\/i0.wp.com\/historiografija.hr\/wp-content\/uploads\/2026\/04\/Kliofest-2026.jpg?fit=526%2C526&ssl=1&resize=350%2C200","width":350,"height":200,"srcset":"https:\/\/i0.wp.com\/historiografija.hr\/wp-content\/uploads\/2026\/04\/Kliofest-2026.jpg?fit=526%2C526&ssl=1&resize=350%2C200 1x, https:\/\/i0.wp.com\/historiografija.hr\/wp-content\/uploads\/2026\/04\/Kliofest-2026.jpg?fit=526%2C526&ssl=1&resize=525%2C300 1.5x"},"classes":[]},{"id":52592,"url":"https:\/\/historiografija.hr\/?p=52592","url_meta":{"origin":21712,"position":2},"title":"Predstavljanje knjige &#8220;Turska ku\u0107a u Rijeci&#8221; u Zagrebu","author":"Branimir Jankovi\u0107","date":"22. travnja 2026.","format":false,"excerpt":"U prostorijama Turskog kulturnog centra Yunus Emre u Zagrebu, u utorak 21. travnja 2026. godine, odr\u017eano je sve\u010dano predstavljanje dopunjenog izdanja knjige Turska ku\u0107a u Rijeci, u organizaciji Hrvatsko-turskog dru\u0161tva Rijeka i partnerstvu sa Skupinom prijateljstva Hrvatska-Turska Hrvatskog sabora, Veleposlanstvom Republike Turske u Republici Hrvatskoj te Turskim kulturnim centrom Yunus\u2026","rel":"","context":"U &quot;Novosti&quot;","block_context":{"text":"Novosti","link":"https:\/\/historiografija.hr\/?cat=3"},"img":{"alt_text":"","src":"https:\/\/i0.wp.com\/historiografija.hr\/wp-content\/uploads\/2026\/04\/Turska-kuca-ZG.jpg?fit=1200%2C800&ssl=1&resize=350%2C200","width":350,"height":200,"srcset":"https:\/\/i0.wp.com\/historiografija.hr\/wp-content\/uploads\/2026\/04\/Turska-kuca-ZG.jpg?fit=1200%2C800&ssl=1&resize=350%2C200 1x, https:\/\/i0.wp.com\/historiografija.hr\/wp-content\/uploads\/2026\/04\/Turska-kuca-ZG.jpg?fit=1200%2C800&ssl=1&resize=525%2C300 1.5x, https:\/\/i0.wp.com\/historiografija.hr\/wp-content\/uploads\/2026\/04\/Turska-kuca-ZG.jpg?fit=1200%2C800&ssl=1&resize=700%2C400 2x, https:\/\/i0.wp.com\/historiografija.hr\/wp-content\/uploads\/2026\/04\/Turska-kuca-ZG.jpg?fit=1200%2C800&ssl=1&resize=1050%2C600 3x"},"classes":[]},{"id":52704,"url":"https:\/\/historiografija.hr\/?p=52704","url_meta":{"origin":21712,"position":3},"title":"Predstavljanje knjige &#8220;Vladimir Vasiljevi\u0107: Moji do\u017eivljaji. Dnevni\u010dki zapisi iz Prvoga svjetskog rata i poratnoga vremena&#8221;","author":"Filip \u0160imunjak","date":"29. travnja 2026.","format":false,"excerpt":"Doga\u0111anja ovogodi\u0161njega Festivala povijesti Kliofest zapo\u010dinjemo ve\u0107 i prije samoga slu\u017ebenog otvaranja, predstavljanjem knjige \u201eMoji do\u017eivljaji. Dnevni\u010dki zapisi iz Prvoga svjetskog rata i poratnoga vremena\u201d Vladimira Vasiljevi\u0107a, koju su priredili Karlo Rukavina i Damir Agi\u010di\u0107. Pozivamo Vas na predstavljanje koje \u0107e se odr\u017eati u ponedjeljak 4. svibnja, s po\u010detkom u\u2026","rel":"","context":"U &quot;Knjige&quot;","block_context":{"text":"Knjige","link":"https:\/\/historiografija.hr\/?cat=8"},"img":{"alt_text":"","src":"https:\/\/i0.wp.com\/historiografija.hr\/wp-content\/uploads\/2026\/04\/Naslovna-V.-Vasiljevic.webp?fit=1200%2C600&ssl=1&resize=350%2C200","width":350,"height":200,"srcset":"https:\/\/i0.wp.com\/historiografija.hr\/wp-content\/uploads\/2026\/04\/Naslovna-V.-Vasiljevic.webp?fit=1200%2C600&ssl=1&resize=350%2C200 1x, https:\/\/i0.wp.com\/historiografija.hr\/wp-content\/uploads\/2026\/04\/Naslovna-V.-Vasiljevic.webp?fit=1200%2C600&ssl=1&resize=525%2C300 1.5x, https:\/\/i0.wp.com\/historiografija.hr\/wp-content\/uploads\/2026\/04\/Naslovna-V.-Vasiljevic.webp?fit=1200%2C600&ssl=1&resize=700%2C400 2x, https:\/\/i0.wp.com\/historiografija.hr\/wp-content\/uploads\/2026\/04\/Naslovna-V.-Vasiljevic.webp?fit=1200%2C600&ssl=1&resize=1050%2C600 3x"},"classes":[]},{"id":52556,"url":"https:\/\/historiografija.hr\/?p=52556","url_meta":{"origin":21712,"position":4},"title":"ZagrebDox 2026.","author":"Branimir Jankovi\u0107","date":"20. travnja 2026.","format":false,"excerpt":"Me\u0111unarodni festival dokumentarnog filma 19. - 26. travnja 2026. Kaptol Boutique Cinema, Zagreb Program i dodatne obavijesti: https:\/\/zagrebdox.net\/hr","rel":"","context":"U &quot;Filmovi i serije&quot;","block_context":{"text":"Filmovi i serije","link":"https:\/\/historiografija.hr\/?cat=13"},"img":{"alt_text":"","src":"https:\/\/i0.wp.com\/historiografija.hr\/wp-content\/uploads\/2026\/04\/DOX-logo.jpg?fit=600%2C600&ssl=1&resize=350%2C200","width":350,"height":200,"srcset":"https:\/\/i0.wp.com\/historiografija.hr\/wp-content\/uploads\/2026\/04\/DOX-logo.jpg?fit=600%2C600&ssl=1&resize=350%2C200 1x, https:\/\/i0.wp.com\/historiografija.hr\/wp-content\/uploads\/2026\/04\/DOX-logo.jpg?fit=600%2C600&ssl=1&resize=525%2C300 1.5x"},"classes":[]},{"id":52646,"url":"https:\/\/historiografija.hr\/?p=52646","url_meta":{"origin":21712,"position":5},"title":"5. MALI FESTIVAL POVIJESTI U LASTOVU","author":"Branimir Jankovi\u0107","date":"24. travnja 2026.","format":false,"excerpt":"Peti Mali festival povijesti odr\u017eava se od 25. do 27. travnja 2026. na Lastovu, u suradnji Zavoda za povijesne znanosti HAZU u Dubrovniku, Op\u0107ine Lastovo i Turisti\u010dke zajednice te uz potporu Dubrova\u010dko-neretvanske \u017eupanije. Predavanja: Dr. sc. Jasna \u010capo \u201eKu\u0107a kao zalog budu\u0107nosti i most izme\u0111u iseljenika i domovine\u201c Dr. sc.\u2026","rel":"","context":"U &quot;Novosti&quot;","block_context":{"text":"Novosti","link":"https:\/\/historiografija.hr\/?cat=3"},"img":{"alt_text":"","src":"https:\/\/i0.wp.com\/historiografija.hr\/wp-content\/uploads\/2026\/04\/Lastovo.jpg?fit=1200%2C700&ssl=1&resize=350%2C200","width":350,"height":200,"srcset":"https:\/\/i0.wp.com\/historiografija.hr\/wp-content\/uploads\/2026\/04\/Lastovo.jpg?fit=1200%2C700&ssl=1&resize=350%2C200 1x, https:\/\/i0.wp.com\/historiografija.hr\/wp-content\/uploads\/2026\/04\/Lastovo.jpg?fit=1200%2C700&ssl=1&resize=525%2C300 1.5x, https:\/\/i0.wp.com\/historiografija.hr\/wp-content\/uploads\/2026\/04\/Lastovo.jpg?fit=1200%2C700&ssl=1&resize=700%2C400 2x, https:\/\/i0.wp.com\/historiografija.hr\/wp-content\/uploads\/2026\/04\/Lastovo.jpg?fit=1200%2C700&ssl=1&resize=1050%2C600 3x"},"classes":[]}],"_links":{"self":[{"href":"https:\/\/historiografija.hr\/index.php?rest_route=\/wp\/v2\/posts\/21712","targetHints":{"allow":["GET"]}}],"collection":[{"href":"https:\/\/historiografija.hr\/index.php?rest_route=\/wp\/v2\/posts"}],"about":[{"href":"https:\/\/historiografija.hr\/index.php?rest_route=\/wp\/v2\/types\/post"}],"author":[{"embeddable":true,"href":"https:\/\/historiografija.hr\/index.php?rest_route=\/wp\/v2\/users\/2"}],"replies":[{"embeddable":true,"href":"https:\/\/historiografija.hr\/index.php?rest_route=%2Fwp%2Fv2%2Fcomments&post=21712"}],"version-history":[{"count":3,"href":"https:\/\/historiografija.hr\/index.php?rest_route=\/wp\/v2\/posts\/21712\/revisions"}],"predecessor-version":[{"id":21716,"href":"https:\/\/historiografija.hr\/index.php?rest_route=\/wp\/v2\/posts\/21712\/revisions\/21716"}],"wp:featuredmedia":[{"embeddable":true,"href":"https:\/\/historiografija.hr\/index.php?rest_route=\/wp\/v2\/media\/21713"}],"wp:attachment":[{"href":"https:\/\/historiografija.hr\/index.php?rest_route=%2Fwp%2Fv2%2Fmedia&parent=21712"}],"wp:term":[{"taxonomy":"category","embeddable":true,"href":"https:\/\/historiografija.hr\/index.php?rest_route=%2Fwp%2Fv2%2Fcategories&post=21712"},{"taxonomy":"post_tag","embeddable":true,"href":"https:\/\/historiografija.hr\/index.php?rest_route=%2Fwp%2Fv2%2Ftags&post=21712"}],"curies":[{"name":"wp","href":"https:\/\/api.w.org\/{rel}","templated":true}]}}