{"id":21695,"date":"2020-06-26T08:10:02","date_gmt":"2020-06-26T08:10:02","guid":{"rendered":"http:\/\/historiografija.hr\/?p=21695"},"modified":"2020-06-26T08:10:02","modified_gmt":"2020-06-26T08:10:02","slug":"ante-matijevic-povijest-dalmacije-za-vrijeme-prve-austrijske-vladavine-1797-1806-priredio-marko-trogrlic","status":"publish","type":"post","link":"https:\/\/historiografija.hr\/?p=21695","title":{"rendered":"Ante Matijevi\u0107, \u201cPovijest Dalmacije za vrijeme prve Austrijske vladavine 1797.-1806.\u201d (priredio Marko Trogrli\u0107)"},"content":{"rendered":"\n<p>Ante Matijevi\u0107 autor je doktorske disertacije koju je napisao i obranio na Sveu\u010dili\u0161tu u Be\u010du 1926. godine. Rije\u010d je o dalmatinskom franjevcu (Zabla\u0107e kraj \u0160ibenika, 11. XI. 1895. \u2013 Zadar, 10. XI. 1956.). Stupio 1912. u Franjeva\u010dki red u Zadru. Teol. studij zapo\u010deo je u Centralnoj nadbiskupskoj teologiji u Zadru, a zavr\u0161io na Franjeva\u010dkoj teologiji u Dubrovniku gdje je 1920. zare\u0111en za sve\u0107enika. Od 1922. studirao je povijest u Beogradu, a od 1923. u Be\u010du gdje je je poha\u0111ao trogodi\u0161nji te\u010daj iz paleografije i diplomatike te dvogodi\u0161nji te\u010daj crkv. glazbe. Godine 1926. u Be\u010du je doktorirao upravo u naslovu navedenom temom: \u201eDie Geschichte Dalmatiens zur Zeit der ersten \u00f6sterreichischen Besitznahme\u201c. Nakon zavr\u0161etka studija bio je profesor na ni\u017eoj franj. gimnaziji s pravom javnosti na Badiji i vi\u0161oj franj. gimnaziji s pravom javnosti u Dubrovniku 1935. \u2013 1943., ravnatelj dr\u017eavne glazbene \u0161kole u Dubrovniku 1943. \u2013 1946., profesor glazbe u dr\u017eavnoj glazbenoj \u0161koli u Splitu 1946. \u2013 1948. te profesor u gimnaziji nadbiskupskoga sjemeni\u0161ta u Zadru 1948. \u2013 1955. Profesorsku slu\u017ebu napustio je zbog bolesti. Objavljivao je radove iz povijesti muzikologije, diplomatike i arhivistike u Vjesniku Kr. hrvatsko-slavonsko-dalmatinskoga zemaljskoga arhiva (1937.), Radovima Instituta JAZU u Zadru (1954-55., 1957.), Zadarskoj reviji (1953.), zborniku Zadar (Zagreb, 1964.). Manje priloge objavio je u Novoj reviji (1931.), Obzoru (1933.), Franjeva\u010dkom vjesniku (1936.) i Alma Mater Croatica (1931., 1940.).<\/p>\n\n\n\n<p><br><br>Disertacija Ante Matijevi\u0107a na njema\u010dkom jeziku dostupna je u Sveu\u010dili\u0161noj knji\u017enici u Be\u010du (Universit\u00e4tsbibliothek Wien), pod signaturom D 964. Tako je registrira stari katalog ove Knji\u017enice, sada lako dostupan i za elektroni\u010dko pretra\u017eivanje internetom. Uvezana je u tvrdi uvez i broji ukupno 294 stranice. Sadr\u017eaj je na po\u010detku, slijedi zatim Uvod (str. I-VIII.) i u nastavku popis uporabljene literature (str. IX-XI.). Bilje\u0161ke uz pojedina poglavlja te obja\u0161njenje kratica nalaze se na kraju disertacije (str. 266-294.). Sam korpus disertacije, razdijeljen u \u0161est poglavlja, obuhva\u0107a stranice 1-265. U Sadr\u017eaju se navode, i to na str. 295., i Prilozi (Beilagen), no njih u ovom primjerku disertacije nema. Ovdje ju u hrvatskom prijevodu donosimo u toj istoj njezinoj unutarnjoj strukturi i rasporedu, koju je priredio Marko Trogrli\u0107, te uz njegovu Uvodnu studiju na po\u010detku knjige.<\/p>\n\n\n\n<p><br>Djelo obiluje \u010dvrstom argumentacijom koja se temelji na prvorazrednim izvornim arhivskim vrelima. Rije\u010d je naime o vrelima, kako to Matijevi\u0107 u svoj disertaciji navodi, iz Dr\u017eavnog arhiva u Be\u010du (Staatsarchiv in Wien), iz Arhiva unutarnjih poslova (Archiv des Inneren), iz Ratnog arhiva (Kriegsarchiv) te iz Prosvjetnog arhiva (Unterrichtsarchiv). Neka od njih, koje on u ovome svom radu navodi i njima se ovdje slu\u017ei, nama su danas, zbog po\u017eara be\u010dke Pala\u010de pravde (Wiener Justizpalastbrand), 15. srpnja 1927., ili u potpunosti nedostupna jer su ili nepovratno uni\u0161tena u tom ognju ili je pak ono \u0161to je od njih ostalo u takvu stanju da su gotovo neuporabljiva (tzv. Brandakten). Na temelju tih izvora Matijevi\u0107 je pokazao i dokazao svoju temeljnu tezu, a ta je da su upravo u ovom razdoblju nastali brojni planovi za modernizaciju Dalmacije, koji su temeljito razra\u0111eni, ali su na\u017ealost ostali na papiru zbog kratko\u0107e austrijske vladavine i onda\u0161njih op\u0107ih geopoliti\u010dkih uvjeta. Francuska vlast, koja je nakon 1806. godine uslijedila u Dalmaciji, prona\u0161la je u Zadru ove planove i provela ih. Ante Matijevi\u0107 dokazao je da kamen me\u0111a\u0161 izme\u0111u srednjega i novog vijeka u hrvatskoj povijesti ne stoji u godini 1806., nego u godini 1797. kad je u Dalmaciji po\u010deo strujati nov duh, koji je nadahnuo i vodio brojne reformske projekte za Dalmaciju te kad su se ra\u0111ali i poticaji i ideje za njihova ostvarenja.<\/p>\n\n\n\n<p>Izvor: <a href=\"http:\/\/www.leykam-international.hr\/publikacija.php?id=203\">http:\/\/www.leykam-international.hr\/publikacija.php?id=203<\/a><\/p>\n","protected":false},"excerpt":{"rendered":"","protected":false},"author":2,"featured_media":21696,"comment_status":"open","ping_status":"open","sticky":false,"template":"","format":"standard","meta":{"_acf_changed":false,"jetpack_post_was_ever_published":false,"_jetpack_newsletter_access":"","_jetpack_dont_email_post_to_subs":false,"_jetpack_newsletter_tier_id":0,"_jetpack_memberships_contains_paywalled_content":false,"_jetpack_memberships_contains_paid_content":false,"footnotes":"","jetpack_publicize_message":"","jetpack_publicize_feature_enabled":true,"jetpack_social_post_already_shared":false,"jetpack_social_options":{"image_generator_settings":{"template":"highway","default_image_id":0,"font":"","enabled":false},"version":2}},"categories":[8,3],"tags":[],"class_list":["post-21695","post","type-post","status-publish","format-standard","has-post-thumbnail","hentry","category-knjige","category-novosti"],"acf":{"facebook_opis":""},"jetpack_publicize_connections":[],"jetpack_featured_media_url":"https:\/\/i0.wp.com\/historiografija.hr\/wp-content\/uploads\/2020\/06\/matijevic.jpg?fit=246%2C344&ssl=1","jetpack_sharing_enabled":true,"jetpack-related-posts":[{"id":52633,"url":"https:\/\/historiografija.hr\/?p=52633","url_meta":{"origin":21695,"position":0},"title":"POVIJEST TRE\u0160NJEVA\u010cKE GLAZBE: prikupljanje virtualnog fundusa Muzeja susjedstva Tre\u0161njevka","author":"Branimir Jankovi\u0107","date":"23. travnja 2026.","format":false,"excerpt":"utorak 28. 4. 2026. 14 - 18 h Nova BAZA, Nova cesta 66, Zagreb Prvi su dani ljeta 1957. godine. Bo\u017eica Kalafati\u0107 poha\u0111a drugi razred Osnovne \u0161kole Bratstvo i jedinstvo, danas kralja Tomislava, a ide i na muzi\u010dke satove u Mo\u0161\u0107eni\u010dkoj ulici. Na fotografiji s harmonikom u rukama stoji u\u2026","rel":"","context":"U &quot;Novosti&quot;","block_context":{"text":"Novosti","link":"https:\/\/historiografija.hr\/?cat=3"},"img":{"alt_text":"","src":"https:\/\/i0.wp.com\/historiografija.hr\/wp-content\/uploads\/2026\/04\/MST_prikupljanje.jpg?fit=380%2C475&ssl=1&resize=350%2C200","width":350,"height":200},"classes":[]},{"id":52631,"url":"https:\/\/historiografija.hr\/?p=52631","url_meta":{"origin":21695,"position":1},"title":"Predavanje Ivana Tepe\u0161a: Djelovanje hrvatske politi\u010dke emigracije","author":"Branimir Jankovi\u0107","date":"23. travnja 2026.","format":false,"excerpt":"Odjel za me\u0111unarodnu suradnju i iseljeni\u0161tvo Matice hrvatske Predavanje Ivana Tepe\u0161a: Djelovanje hrvatske politi\u010dke emigracije Utorak, 28. travnja 2026. u 18:00 sati, Dvorana Ljudevita Jonkea (Mala dvorana MH), Strossmayerov trg 4, Zagreb dr. sc. Ivan Tepe\u0161, Institut za istra\u017eivanje migracija Hrvatska politi\u010dka emigracija obilje\u017eila je polustoljetnu hrvatsku povijest u drugoj\u2026","rel":"","context":"U &quot;Novosti&quot;","block_context":{"text":"Novosti","link":"https:\/\/historiografija.hr\/?cat=3"},"img":{"alt_text":"","src":"","width":0,"height":0},"classes":[]},{"id":52496,"url":"https:\/\/historiografija.hr\/?p=52496","url_meta":{"origin":21695,"position":2},"title":"30 godina Podru\u017enice \u2013 Javno predavanje Matea \u010calu\u0161i\u0107a \u201eSlavonski Brod u Domovinskom ratu\u201c","author":"Branimir Jankovi\u0107","date":"17. travnja 2026.","format":false,"excerpt":"U 2026. navr\u0161ava se trideset godina od osnutka Podru\u017enice za povijest Slavonije, Srijema i Baranje Hrvatskoga instituta za povijest. Obilje\u017eavanje ove zna\u010dajne obljetnice zapo\u010dinje ciklusom javnih povijesnih predavanja znanstvenika Instituta. Tre\u0107e po redu je predavanje Matea \u010calu\u0161i\u0107a \u2013 \u201eSLAVONSKI BROD U DOMOVINSKOM RATU\u201c. Predavanje \u0107e se odr\u017eati 21. travnja 2026.\u2026","rel":"","context":"U &quot;Novosti&quot;","block_context":{"text":"Novosti","link":"https:\/\/historiografija.hr\/?cat=3"},"img":{"alt_text":"","src":"https:\/\/i0.wp.com\/historiografija.hr\/wp-content\/uploads\/2026\/04\/Predavanje-Calusic.png?fit=860%2C1200&ssl=1&resize=350%2C200","width":350,"height":200,"srcset":"https:\/\/i0.wp.com\/historiografija.hr\/wp-content\/uploads\/2026\/04\/Predavanje-Calusic.png?fit=860%2C1200&ssl=1&resize=350%2C200 1x, https:\/\/i0.wp.com\/historiografija.hr\/wp-content\/uploads\/2026\/04\/Predavanje-Calusic.png?fit=860%2C1200&ssl=1&resize=525%2C300 1.5x, https:\/\/i0.wp.com\/historiografija.hr\/wp-content\/uploads\/2026\/04\/Predavanje-Calusic.png?fit=860%2C1200&ssl=1&resize=700%2C400 2x"},"classes":[]},{"id":52669,"url":"https:\/\/historiografija.hr\/?p=52669","url_meta":{"origin":21695,"position":3},"title":"Predavanje Igora Dude &#8220;Odmor kao \u017eivotna potreba: o slobodnom vremenu u socijalisti\u010dkoj Jugoslaviji&#8221;","author":"Branimir Jankovi\u0107","date":"27. travnja 2026.","format":false,"excerpt":"U sklopu proljetnog ciklusa programa\u00a0Kriti\u010dka dramaturgija: pauza, u\u00a0subotu, 25. travnja 2026. u 19 sati\u00a0u prostoru Udru\u017eenja hrvatskih arhitekata povjesni\u010dar Igor Duda\u00a0odr\u017eao je predavanje naslovljeno\u00a0Odmor kao \u017eivotna potreba: o slobodnom vremenu u socijalisti\u010dkoj Jugoslaviji. Industrijalizacija i urbanizacija dru\u0161tava u povijesti su zna\u010dile i prelazak s predindustrijskog na industrijsko shva\u0107anje vremena. Ono\u2026","rel":"","context":"U &quot;Novosti&quot;","block_context":{"text":"Novosti","link":"https:\/\/historiografija.hr\/?cat=3"},"img":{"alt_text":"","src":"https:\/\/i0.wp.com\/historiografija.hr\/wp-content\/uploads\/2026\/04\/Duda.png?fit=1200%2C628&ssl=1&resize=350%2C200","width":350,"height":200,"srcset":"https:\/\/i0.wp.com\/historiografija.hr\/wp-content\/uploads\/2026\/04\/Duda.png?fit=1200%2C628&ssl=1&resize=350%2C200 1x, https:\/\/i0.wp.com\/historiografija.hr\/wp-content\/uploads\/2026\/04\/Duda.png?fit=1200%2C628&ssl=1&resize=525%2C300 1.5x, https:\/\/i0.wp.com\/historiografija.hr\/wp-content\/uploads\/2026\/04\/Duda.png?fit=1200%2C628&ssl=1&resize=700%2C400 2x, https:\/\/i0.wp.com\/historiografija.hr\/wp-content\/uploads\/2026\/04\/Duda.png?fit=1200%2C628&ssl=1&resize=1050%2C600 3x"},"classes":[]},{"id":52536,"url":"https:\/\/historiografija.hr\/?p=52536","url_meta":{"origin":21695,"position":4},"title":"Kader Abdolah, \u201ePrije nego \u0161to bude kasno\u201c","author":"Branimir Jankovi\u0107","date":"20. travnja 2026.","format":false,"excerpt":"Kader Abdolah \u017eeli se vratiti ku\u0107i. Ali povratak je nemogu\u0107: u Iranu bi bio uhap\u0161en. Pod la\u017enim imenom i s krivotvorenim paso\u0161em ipak uspijeva u\u0107i u domovinu i sti\u017ee do roditeljske ku\u0107e, visoko u planinama. Majka ga ne prepoznaje, otac je mrtav, a sve \u0161to je tra\u017eio izmi\u010de mu pred\u2026","rel":"","context":"U &quot;Novosti&quot;","block_context":{"text":"Novosti","link":"https:\/\/historiografija.hr\/?cat=3"},"img":{"alt_text":"","src":"https:\/\/i0.wp.com\/historiografija.hr\/wp-content\/uploads\/2026\/04\/Prije-nego-sto-bude-kasno.webp?fit=566%2C872&ssl=1&resize=350%2C200","width":350,"height":200,"srcset":"https:\/\/i0.wp.com\/historiografija.hr\/wp-content\/uploads\/2026\/04\/Prije-nego-sto-bude-kasno.webp?fit=566%2C872&ssl=1&resize=350%2C200 1x, https:\/\/i0.wp.com\/historiografija.hr\/wp-content\/uploads\/2026\/04\/Prije-nego-sto-bude-kasno.webp?fit=566%2C872&ssl=1&resize=525%2C300 1.5x"},"classes":[]},{"id":52559,"url":"https:\/\/historiografija.hr\/?p=52559","url_meta":{"origin":21695,"position":5},"title":"Dobitnici dr\u017eavne nagrade za znanost za 2024. godinu","author":"Branimir Jankovi\u0107","date":"20. travnja 2026.","format":false,"excerpt":"Na sjednici Odbora za podjelu dr\u017eavnih nagrada za znanost odr\u017eanoj 16. travnja 2026. godine donesena je Odluka o dodjeli dr\u017eavnih nagrada za znanost za 2024. godinu. Godi\u0161njom nagradom za popularizaciju i promid\u017ebu znanosti nagra\u0111eni su u podru\u010dju humanisti\u010dkih znanosti znanstveni suradnici dr. sc. Josip Mihaljevi\u0107 i dr. sc. Gordan Ravan\u010di\u0107,\u2026","rel":"","context":"U &quot;Novosti&quot;","block_context":{"text":"Novosti","link":"https:\/\/historiografija.hr\/?cat=3"},"img":{"alt_text":"","src":"https:\/\/i0.wp.com\/historiografija.hr\/wp-content\/uploads\/2021\/12\/povijesne-kontroverze.jpg?fit=1200%2C675&ssl=1&resize=350%2C200","width":350,"height":200,"srcset":"https:\/\/i0.wp.com\/historiografija.hr\/wp-content\/uploads\/2021\/12\/povijesne-kontroverze.jpg?fit=1200%2C675&ssl=1&resize=350%2C200 1x, https:\/\/i0.wp.com\/historiografija.hr\/wp-content\/uploads\/2021\/12\/povijesne-kontroverze.jpg?fit=1200%2C675&ssl=1&resize=525%2C300 1.5x, https:\/\/i0.wp.com\/historiografija.hr\/wp-content\/uploads\/2021\/12\/povijesne-kontroverze.jpg?fit=1200%2C675&ssl=1&resize=700%2C400 2x, https:\/\/i0.wp.com\/historiografija.hr\/wp-content\/uploads\/2021\/12\/povijesne-kontroverze.jpg?fit=1200%2C675&ssl=1&resize=1050%2C600 3x"},"classes":[]}],"_links":{"self":[{"href":"https:\/\/historiografija.hr\/index.php?rest_route=\/wp\/v2\/posts\/21695","targetHints":{"allow":["GET"]}}],"collection":[{"href":"https:\/\/historiografija.hr\/index.php?rest_route=\/wp\/v2\/posts"}],"about":[{"href":"https:\/\/historiografija.hr\/index.php?rest_route=\/wp\/v2\/types\/post"}],"author":[{"embeddable":true,"href":"https:\/\/historiografija.hr\/index.php?rest_route=\/wp\/v2\/users\/2"}],"replies":[{"embeddable":true,"href":"https:\/\/historiografija.hr\/index.php?rest_route=%2Fwp%2Fv2%2Fcomments&post=21695"}],"version-history":[{"count":1,"href":"https:\/\/historiografija.hr\/index.php?rest_route=\/wp\/v2\/posts\/21695\/revisions"}],"predecessor-version":[{"id":21697,"href":"https:\/\/historiografija.hr\/index.php?rest_route=\/wp\/v2\/posts\/21695\/revisions\/21697"}],"wp:featuredmedia":[{"embeddable":true,"href":"https:\/\/historiografija.hr\/index.php?rest_route=\/wp\/v2\/media\/21696"}],"wp:attachment":[{"href":"https:\/\/historiografija.hr\/index.php?rest_route=%2Fwp%2Fv2%2Fmedia&parent=21695"}],"wp:term":[{"taxonomy":"category","embeddable":true,"href":"https:\/\/historiografija.hr\/index.php?rest_route=%2Fwp%2Fv2%2Fcategories&post=21695"},{"taxonomy":"post_tag","embeddable":true,"href":"https:\/\/historiografija.hr\/index.php?rest_route=%2Fwp%2Fv2%2Ftags&post=21695"}],"curies":[{"name":"wp","href":"https:\/\/api.w.org\/{rel}","templated":true}]}}