{"id":21683,"date":"2020-06-25T15:37:49","date_gmt":"2020-06-25T15:37:49","guid":{"rendered":"http:\/\/historiografija.hr\/?p=21683"},"modified":"2020-06-25T15:38:57","modified_gmt":"2020-06-25T15:38:57","slug":"darko-cvijetic-sto-na-podu-spavas","status":"publish","type":"post","link":"https:\/\/historiografija.hr\/?p=21683","title":{"rendered":"Darko Cvijeti\u0107, \u201c\u0160to na podu spava\u0161\u201d"},"content":{"rendered":"\n<p>Nakon romana \u201cSchindlerov lift\u201d, Darko Cvijeti\u0107 objavio je roman \u201c\u0160to na podu spava\u0161\u201d (Sarajevo \u2013 Zagreb: Buybook, 2020; Beograd: Knji\u017eevna radionica Ra\u0161i\u0107, 2020) o regrutima JNA \u2013 raznih nacionalnosti \u2013 koji su se zatekli u kasarni u Sarajevu 1992. godine. \u00a0\u00a0<\/p>\n\n\n\n<p>&#8212;<\/p>\n\n\n\n<p>&#8221;Ako si odlu\u010dio biti pisac, onda si odlu\u010dio o sebi govoriti ono \u0161to se me\u0111u pristojnim svijetom ne govori, odlu\u010dio si pisati ono \u0161to se ne mo\u017ee i ne smije napisati, odlu\u010dio si lije\u010diti svijet tako \u0161to \u0107e\u0161 ubijati sebe. Zataji\u0161 li, ne\u0107e\u0161 vi\u0161e biti pisac.<\/p>\n\n\n\n<p><br>Knji\u017eevnost Darka Cvijeti\u0107a hrabar je i uzaludan trud da se razumije drugog i da se ima srca za njegovu patnju. A ljudi vole kada su \u017ertve, u tome u\u017eivaju vi\u0161e nego u i\u010demu drugom u \u017eivotu, ali ih tu\u0111a patnja ugro\u017eava i poni\u017eava. Ako i taj drugi pati, tada je i on \u017ertva. A ako je ve\u0107 \u017ertva, onda mora da negdje postoji i onaj koji ga je u\u010dinio \u017ertvom. Ljude vrije\u0111a i sama pomisao da su odgovorni za patnju drugih. Nakon \u0161to je vrlo pomno opisao svijet crvenog nebodera, Cvijeti\u0107 se odva\u017eio baviti na\u010dinom na koji se odlazilo iz kasarni opkoljenog grada. Pri\u010da koju je pritom ispri\u010dao neo\u010dekivana je i stra\u0161na. I u njoj opet ni\u0161ta nije pre\u0161u\u0107eno. I opet je, kao i prvi put, morala biti ispri\u010dana. Ovaj je put \u010dovjek \u010dovjeku brat. Ali vi\u0161e ne u metafori.&#8221;<\/p>\n\n\n\n<p>Miljenko Jergovi\u0107<\/p>\n\n\n\n<p>&#8221;Kada utihnu topovi, himne, sprovodi i d\u017eenaze, nastane ti\u0161ina koju smrt najvi\u0161e voli, jer nakon nje dolazi zaborav, kona\u010dno ni\u0161ta, njen puni trijumf. Cvijeti\u0107 govori u toj ti\u0161ini, mrtvima daje glas koji se nije \u010duo dok su bili \u017eivi. Dozvoljava im da svjedo\u010de, upozoravaju, savjetuju. Vra\u0107a im oduzetu ljudskost. Pred vama je novi roman, novi vrtlog tragedije koji opisuje Cvijeti\u0107. Ni iz ove knjige ne\u0107ete saznati istorijsku istinu. Dobi\u0107ete mnogo dragocjenije saznanje \u2013 kako se osje\u0107aju \u017ertve. Dok pi\u0161e o smrti, Darko Cvijeti\u0107 bori se za svaki \u017eivot.&#8221;<\/p>\n\n\n\n<p>Selvedin Avdi\u0107<\/p>\n\n\n\n<p>Izvori:<\/p>\n\n\n\n<p><a href=\"https:\/\/www.buybook.hr\/shop\/product\/1648\/sto-na-podu-spavas\">https:\/\/www.buybook.hr\/shop\/product\/1648\/sto-na-podu-spavas<\/a><\/p>\n\n\n\n<p><a href=\"http:\/\/krr.rs\/cvijetic.html#sto\">http:\/\/krr.rs\/cvijetic.html#sto<\/a><\/p>\n\n\n\n<p>Op\u0161irnije:<\/p>\n\n\n\n<p><a href=\"https:\/\/www.vreme.com\/cms\/view.php?id=1788463\">https:\/\/www.vreme.com\/cms\/view.php?id=1788463<\/a><\/p>\n\n\n\n<p><a href=\"https:\/\/www.portalnovosti.com\/razbijac-tabua\">https:\/\/www.portalnovosti.com\/razbijac-tabua<\/a><\/p>\n\n\n\n<p><a href=\"https:\/\/slobodnadalmacija.hr\/kultura\/knjizevnost\/neboder-se-stisnuo-u-stan-1023625\">https:\/\/slobodnadalmacija.hr\/kultura\/knjizevnost\/neboder-se-stisnuo-u-stan-1023625<\/a><\/p>\n\n\n\n<p><a href=\"https:\/\/www.oslobodjenje.ba\/o2\/kultura\/osvrt-nebo-ne-nisani-561828\">https:\/\/www.oslobodjenje.ba\/o2\/kultura\/osvrt-nebo-ne-nisani-561828<\/a><\/p>\n\n\n\n<p><a href=\"https:\/\/www.telegram.hr\/kultura\/darko-cvijetic-autor-nagradivanog-schindlerovog-lifta-ima-novi-vazan-roman-razgovarali-smo-s-njim\/\">https:\/\/www.telegram.hr\/kultura\/darko-cvijetic-autor-nagradivanog-schindlerovog-lifta-ima-novi-vazan-roman-razgovarali-smo-s-njim\/<\/a><\/p>\n\n\n\n<p><a href=\"https:\/\/darkocvijetic.wordpress.com\/\">https:\/\/darkocvijetic.wordpress.com\/<\/a><\/p>\n","protected":false},"excerpt":{"rendered":"","protected":false},"author":2,"featured_media":21684,"comment_status":"open","ping_status":"open","sticky":false,"template":"","format":"standard","meta":{"_acf_changed":false,"jetpack_post_was_ever_published":false,"_jetpack_newsletter_access":"","_jetpack_dont_email_post_to_subs":false,"_jetpack_newsletter_tier_id":0,"_jetpack_memberships_contains_paywalled_content":false,"_jetpack_memberships_contains_paid_content":false,"footnotes":"","jetpack_publicize_message":"","jetpack_publicize_feature_enabled":true,"jetpack_social_post_already_shared":false,"jetpack_social_options":{"image_generator_settings":{"template":"highway","default_image_id":0,"font":"","enabled":false},"version":2}},"categories":[3,12],"tags":[],"class_list":["post-21683","post","type-post","status-publish","format-standard","has-post-thumbnail","hentry","category-novosti","category-knjizevnost"],"acf":{"facebook_opis":""},"jetpack_publicize_connections":[],"jetpack_featured_media_url":"https:\/\/i0.wp.com\/historiografija.hr\/wp-content\/uploads\/2020\/06\/sto-na-podu-spavas.jpg?fit=570%2C678&ssl=1","jetpack_sharing_enabled":true,"jetpack-related-posts":[{"id":52536,"url":"https:\/\/historiografija.hr\/?p=52536","url_meta":{"origin":21683,"position":0},"title":"Kader Abdolah, \u201ePrije nego \u0161to bude kasno\u201c","author":"Branimir Jankovi\u0107","date":"20. travnja 2026.","format":false,"excerpt":"Kader Abdolah \u017eeli se vratiti ku\u0107i. Ali povratak je nemogu\u0107: u Iranu bi bio uhap\u0161en. Pod la\u017enim imenom i s krivotvorenim paso\u0161em ipak uspijeva u\u0107i u domovinu i sti\u017ee do roditeljske ku\u0107e, visoko u planinama. Majka ga ne prepoznaje, otac je mrtav, a sve \u0161to je tra\u017eio izmi\u010de mu pred\u2026","rel":"","context":"U &quot;Novosti&quot;","block_context":{"text":"Novosti","link":"https:\/\/historiografija.hr\/?cat=3"},"img":{"alt_text":"","src":"https:\/\/i0.wp.com\/historiografija.hr\/wp-content\/uploads\/2026\/04\/Prije-nego-sto-bude-kasno.webp?fit=566%2C872&ssl=1&resize=350%2C200","width":350,"height":200,"srcset":"https:\/\/i0.wp.com\/historiografija.hr\/wp-content\/uploads\/2026\/04\/Prije-nego-sto-bude-kasno.webp?fit=566%2C872&ssl=1&resize=350%2C200 1x, https:\/\/i0.wp.com\/historiografija.hr\/wp-content\/uploads\/2026\/04\/Prije-nego-sto-bude-kasno.webp?fit=566%2C872&ssl=1&resize=525%2C300 1.5x"},"classes":[]},{"id":52733,"url":"https:\/\/historiografija.hr\/?p=52733","url_meta":{"origin":21683,"position":1},"title":"Vlado Raji\u0107 \u201eGranica na kraju stolje\u0107a\u201c","author":"Filip \u0160imunjak","date":"29. travnja 2026.","format":false,"excerpt":"U suizdanju Durieuxa i Beletre objavljena je 2025. godine knjiga Granica na kraju stolje\u0107a autora Vlade Raji\u0107a.\u00a0 O knjizi\u00a0 Romansirana biografija Vladimira Iblera mnogo je vi\u0161e od zanimljive pri\u010de o privatnom \u017eivotu i impresivnoj profesionalnoj karijeri istaknutog stru\u010dnjaka za me\u0111unarodno pravo i dugo\u00adgodi\u0161njeg profesora na zagreba\u010dkom Pravnom fakultetu, akademika, koji\u2026","rel":"","context":"U &quot;Knjige&quot;","block_context":{"text":"Knjige","link":"https:\/\/historiografija.hr\/?cat=8"},"img":{"alt_text":"","src":"https:\/\/i0.wp.com\/historiografija.hr\/wp-content\/uploads\/2026\/04\/VLADO-RAJIC-GRANICA-NA-KRAJU-STOLJECA.jpg?fit=450%2C650&ssl=1&resize=350%2C200","width":350,"height":200},"classes":[]},{"id":52628,"url":"https:\/\/historiografija.hr\/?p=52628","url_meta":{"origin":21683,"position":2},"title":"Predavanje dopisnog \u010dlana HAZU Alaina Finkielkrauta Izrael, Europa, antisemitizam","author":"Branimir Jankovi\u0107","date":"23. travnja 2026.","format":false,"excerpt":"Francuski filozof Alain Finkielkraut, redoviti \u010dlan Francuske akademije i dopisni \u010dlan HAZU, odr\u017eat \u0107e predavanje\u00a0Izrael, Europa, antisemitizam u utorak 28. travnja 2026. u 13 sati u Knji\u017enici HAZU,\u00a0Strossmayerov trg 14 u Zagrebu. Uvodne rije\u010di odr\u017eat \u0107e\u00a0akademkinja \u017deljka \u010corak i\u00a0akademik Dra\u017een Katunari\u0107. Predavanje \u0107e se odr\u017eati na francuskom jeziku uz konsekutivno\u2026","rel":"","context":"U &quot;Novosti&quot;","block_context":{"text":"Novosti","link":"https:\/\/historiografija.hr\/?cat=3"},"img":{"alt_text":"","src":"https:\/\/i0.wp.com\/historiografija.hr\/wp-content\/uploads\/2026\/04\/Alain_Finkielkraut.jpg?fit=350%2C407&ssl=1&resize=350%2C200","width":350,"height":200},"classes":[]},{"id":52607,"url":"https:\/\/historiografija.hr\/?p=52607","url_meta":{"origin":21683,"position":3},"title":"No\u0107 knjige: Kako je prije 410 godina smr\u0107u Shakespearea i Cervantesa zavr\u0161ilo razdoblje renesanse u knji\u017eevnosti","author":"Branimir Jankovi\u0107","date":"22. travnja 2026.","format":false,"excerpt":"\u010cetvrtak, 23. travnja 2026. u 18:00 sati, Knji\u017eara Matice hrvatske, Ulica Matice hrvatske 2, Zagreb Uvodna rije\u010d: dr. sc.\u00a0Dubravka Brezak Stama\u0107, pro\u010delnica Odjela za knji\u017eevnost Matice hrvatske Prof. dr. sc. Ivan Lupi\u0107, redoviti profesor u Odsjeku za anglistiku i Odsjeku za kroatistiku Sveu\u010dili\u0161ta u RijeciShakespeare, kazali\u0161te, glazbaKada se susre\u0107emo sa\u2026","rel":"","context":"U &quot;Novosti&quot;","block_context":{"text":"Novosti","link":"https:\/\/historiografija.hr\/?cat=3"},"img":{"alt_text":"","src":"https:\/\/i0.wp.com\/historiografija.hr\/wp-content\/uploads\/2026\/04\/noc_knjige_2026.jpg?fit=680%2C276&ssl=1&resize=350%2C200","width":350,"height":200,"srcset":"https:\/\/i0.wp.com\/historiografija.hr\/wp-content\/uploads\/2026\/04\/noc_knjige_2026.jpg?fit=680%2C276&ssl=1&resize=350%2C200 1x, https:\/\/i0.wp.com\/historiografija.hr\/wp-content\/uploads\/2026\/04\/noc_knjige_2026.jpg?fit=680%2C276&ssl=1&resize=525%2C300 1.5x"},"classes":[]},{"id":52592,"url":"https:\/\/historiografija.hr\/?p=52592","url_meta":{"origin":21683,"position":4},"title":"Predstavljanje knjige &#8220;Turska ku\u0107a u Rijeci&#8221; u Zagrebu","author":"Branimir Jankovi\u0107","date":"22. travnja 2026.","format":false,"excerpt":"U prostorijama Turskog kulturnog centra Yunus Emre u Zagrebu, u utorak 21. travnja 2026. godine, odr\u017eano je sve\u010dano predstavljanje dopunjenog izdanja knjige Turska ku\u0107a u Rijeci, u organizaciji Hrvatsko-turskog dru\u0161tva Rijeka i partnerstvu sa Skupinom prijateljstva Hrvatska-Turska Hrvatskog sabora, Veleposlanstvom Republike Turske u Republici Hrvatskoj te Turskim kulturnim centrom Yunus\u2026","rel":"","context":"U &quot;Novosti&quot;","block_context":{"text":"Novosti","link":"https:\/\/historiografija.hr\/?cat=3"},"img":{"alt_text":"","src":"https:\/\/i0.wp.com\/historiografija.hr\/wp-content\/uploads\/2026\/04\/Turska-kuca-ZG.jpg?fit=1200%2C800&ssl=1&resize=350%2C200","width":350,"height":200,"srcset":"https:\/\/i0.wp.com\/historiografija.hr\/wp-content\/uploads\/2026\/04\/Turska-kuca-ZG.jpg?fit=1200%2C800&ssl=1&resize=350%2C200 1x, https:\/\/i0.wp.com\/historiografija.hr\/wp-content\/uploads\/2026\/04\/Turska-kuca-ZG.jpg?fit=1200%2C800&ssl=1&resize=525%2C300 1.5x, https:\/\/i0.wp.com\/historiografija.hr\/wp-content\/uploads\/2026\/04\/Turska-kuca-ZG.jpg?fit=1200%2C800&ssl=1&resize=700%2C400 2x, https:\/\/i0.wp.com\/historiografija.hr\/wp-content\/uploads\/2026\/04\/Turska-kuca-ZG.jpg?fit=1200%2C800&ssl=1&resize=1050%2C600 3x"},"classes":[]},{"id":52631,"url":"https:\/\/historiografija.hr\/?p=52631","url_meta":{"origin":21683,"position":5},"title":"Predavanje Ivana Tepe\u0161a: Djelovanje hrvatske politi\u010dke emigracije","author":"Branimir Jankovi\u0107","date":"23. travnja 2026.","format":false,"excerpt":"Odjel za me\u0111unarodnu suradnju i iseljeni\u0161tvo Matice hrvatske Predavanje Ivana Tepe\u0161a: Djelovanje hrvatske politi\u010dke emigracije Utorak, 28. travnja 2026. u 18:00 sati, Dvorana Ljudevita Jonkea (Mala dvorana MH), Strossmayerov trg 4, Zagreb dr. sc. Ivan Tepe\u0161, Institut za istra\u017eivanje migracija Hrvatska politi\u010dka emigracija obilje\u017eila je polustoljetnu hrvatsku povijest u drugoj\u2026","rel":"","context":"U &quot;Novosti&quot;","block_context":{"text":"Novosti","link":"https:\/\/historiografija.hr\/?cat=3"},"img":{"alt_text":"","src":"","width":0,"height":0},"classes":[]}],"_links":{"self":[{"href":"https:\/\/historiografija.hr\/index.php?rest_route=\/wp\/v2\/posts\/21683","targetHints":{"allow":["GET"]}}],"collection":[{"href":"https:\/\/historiografija.hr\/index.php?rest_route=\/wp\/v2\/posts"}],"about":[{"href":"https:\/\/historiografija.hr\/index.php?rest_route=\/wp\/v2\/types\/post"}],"author":[{"embeddable":true,"href":"https:\/\/historiografija.hr\/index.php?rest_route=\/wp\/v2\/users\/2"}],"replies":[{"embeddable":true,"href":"https:\/\/historiografija.hr\/index.php?rest_route=%2Fwp%2Fv2%2Fcomments&post=21683"}],"version-history":[{"count":3,"href":"https:\/\/historiografija.hr\/index.php?rest_route=\/wp\/v2\/posts\/21683\/revisions"}],"predecessor-version":[{"id":21687,"href":"https:\/\/historiografija.hr\/index.php?rest_route=\/wp\/v2\/posts\/21683\/revisions\/21687"}],"wp:featuredmedia":[{"embeddable":true,"href":"https:\/\/historiografija.hr\/index.php?rest_route=\/wp\/v2\/media\/21684"}],"wp:attachment":[{"href":"https:\/\/historiografija.hr\/index.php?rest_route=%2Fwp%2Fv2%2Fmedia&parent=21683"}],"wp:term":[{"taxonomy":"category","embeddable":true,"href":"https:\/\/historiografija.hr\/index.php?rest_route=%2Fwp%2Fv2%2Fcategories&post=21683"},{"taxonomy":"post_tag","embeddable":true,"href":"https:\/\/historiografija.hr\/index.php?rest_route=%2Fwp%2Fv2%2Ftags&post=21683"}],"curies":[{"name":"wp","href":"https:\/\/api.w.org\/{rel}","templated":true}]}}