{"id":21640,"date":"2020-06-15T16:23:00","date_gmt":"2020-06-15T16:23:00","guid":{"rendered":"http:\/\/historiografija.hr\/?p=21640"},"modified":"2020-06-23T16:24:15","modified_gmt":"2020-06-23T16:24:15","slug":"ivan-krastev-pandemija-nostalgije-kako-koronavirus-mijenja-europu","status":"publish","type":"post","link":"https:\/\/historiografija.hr\/?p=21640","title":{"rendered":"Ivan Krastev, \u201cPandemija nostalgije: Kako koronavirus mijenja Europu\u201d"},"content":{"rendered":"\n<p>Kad su se ljudi upitali za\u0161to u nekim europskim zemljama ima manje zara\u017eenih i umrlih, nestala je ideja o zajedni\u010dkoj Europi. Nitko nije mario za brojenje mrtvih i&nbsp; zara\u017eenih na razini kontinenta. Nijedna vlada nije tra\u017eila europsku zdravstvenu politiku niti europeizaciju osobnih podataka povezanih s pandemijom. Tijekom ove krize, Europska unija ponekad je nalikovala na posljednja desetlje\u0107a Svetog Rimskog Carstva, kada ljudi koji su \u017eivjeli na njegovu teritoriju nisu vi\u0161e ni znali da su u njemu. Na mnogim mjestima u Europi ova je kriza smanjila entuzijazam gra\u0111ana za EU, ali je istodobno prisilila vlade da shvate koliko ovise o njoj.<\/p>\n\n\n\n<p>Kad pandemija zavr\u0161i, ljudi \u0107e osje\u0107ati nostalgiju za onim minulim vremenima kad smo lako mogli letjeti gotovo svugdje na svijetu, kad su restorani bili krcati i kad je umiranje bilo tako neprirodno da smo se poslije smrti starije osobe pitali nije li umrla zbog lije\u010dni\u010dke pogre\u0161ke. Ali premda bi se ljudi drage volje vratili u normalu, ustanovit \u0107e da je to nemogu\u0107e. U svijetu ju\u010dera\u0161njice uvijek postoji i ne\u0161to \u0161to uznemirava. Pro\u0161lost i sada\u0161njost razlikuju se po tome \u0161to ne mo\u017eemo znati budu\u0107nost sada\u0161njosti, ali ve\u0107 smo pro\u017eivjeli budu\u0107nost pro\u0161losti. I znamo da je budu\u0107nost ju\u010dera\u0161njice pandemija u kojoj \u017eivimo sada.<br>Mo\u017eemo samo naga\u0111ati ho\u0107e li dovesti do onoga \u0161to ina\u010de posti\u017eu ratovi, ali bez obzira na ono \u0161to nas \u010deka, mo\u017eemo biti sigurni da \u0107e nakon suzbijanja virusa svijet obuzeti \u201epandemija nostalgije\u201c.<br><em>Ivan Krastev<\/em><\/p>\n\n\n\n<p><em>Ne radi se samo o tome da ova pandemija donosi besmislenu smrt. Ona donosi i smrt bez dostojanstva. U svim svjedo\u010danstvima o godinama kuge, suvremenici su smatrali da je posebno tragi\u010dno \u0161to ljudi umiru bez pravog sprovoda. Ni ovaj put nije druk\u010dije. Zbog straha od zaraze mnogi ne idu na sprovod rodbini, a on se \u010desto ni ne organizira.<\/em><\/p>\n\n\n\n<p>* * *<br><em>Time \u0161to ga vlade progla\u0161avaju \u201enevid\u00adljivim neprijateljem\u201c i za pra\u0107enje zaraze primjenjuju tehnologiju nadzora kakva se do sada koristila za otkrivanje terorista, ostavlja se dojam da je koronavirus nekakav novi terorizam. Sli\u010dno tomu, zatvaranje granica izme\u0111u zemalja \u010dlanica EU-a kao reakcija na pandemiju podsje\u0107a na izbjegli\u010dku krizu 2015. i strah od \u0161ire\u00adnja etni\u010dkog nacionalizma. I dok je pandemija u\u010dvrstila jaku nacionalnu dr\u017eavu, postoji opasnost od toga da politi\u010dki \u010delnici ne prepoznaju posebnu vrstu nacionalizma koju je ova kriza potaknula.<\/em><br>* * *<br><em>U ranim fazama krize ljudi su drage vo\u00adlje dali izvanredne ovlasti vladi, ali bit \u0107e sve manje sno\u0161ljivi kad gospodarske brige zamijene one zdravstvene. To je promje\u00adnjiva narav po\u0161asti kao \u0161to je COVID-19; zdravstvena katastrofa pretvorit \u0107e se u ekonomsku, zbog \u010dega je nevjerojatno te\u0161ko predvidjeti politi\u010dke posljedice krize.<\/em><\/p>\n\n\n\n<p>* * *<\/p>\n\n\n\n<p>Politolog Ivan Krastev (1965.) jedan je od najistaknutijih javnih intelektualaca dana\u0161nje Europe i stru\u010dnjak za isto\u010dnoeuropske demokracije. Predsjednik je Centra za liberalne strategije u Sofiji, stalni suradnik Instituta za znanosti o \u010dovjeku u Be\u010du te \u010dlan upravnog odbora Europskog vije\u0107a za vanjske poslove i odbora povjerenika Me\u0111unarodne krizne skupine. Od 2015. godine za me\u0111unarodno izdanje <em>New York Timesa<\/em> pi\u0161e mjese\u010dne kolumne o politi\u010dkim i kulturnim pitanjima srednje i isto\u010dne Europe.<br>Krastev je od 2004. do 2006. godine bio izvr\u0161ni direktor Me\u0111unarodne komisije za Balkan, a od 2005. do 2011. glavni urednik bugarskog izdanja \u010dasopisa <em>Foreign policy<\/em> i \u010dlan Vije\u0107a Me\u0111unarodnog instituta za strate\u0161ke studije u Londonu.<br>Iz njegova bogatog stvarala\u010dkog opusa izdvajamo naslove <em>\u0160to nakon Europe?<\/em> (TIM press, 2019.), <em>The Light That Failed: A Reckoning<\/em> (2019., u suautorstvu sa Stephenom Holmesom) <em>Democracy Disrupted: The Politics of Global Protest<\/em> (2014.), <em>In Mistrust We Trust: Can Democracy Survive When We Don\u2019t Trust Our Leaders?<\/em> (2013.) i <em>Shifting Obsessions: Three Essays on the Politics of Anticorruption<\/em> (2004.).<\/p>\n\n\n\n<ul class=\"wp-block-list\"><li><strong>ISBN:<\/strong> 978-953-8075-76-6<\/li><li><strong>Dimenzije:<\/strong> 125&#215;200 mm<\/li><li><strong>Broj stranica:<\/strong> 84<\/li><li><strong>Uvez:<\/strong> meki<\/li><li><strong>Godina izdanja:<\/strong> 2020.<\/li><li><strong>Jezik izvornika:<\/strong> Is it Tomorrow, Yet?<\/li><li><strong>Jezik izvornika:<\/strong> engleski<\/li><li><strong>Prijevod:<\/strong> Marko Maras<\/li><\/ul>\n\n\n\n<p>Izvor: <a href=\"https:\/\/tim-press.hr\/hr\/knjige\/pandemija-nostalgije\/\">https:\/\/tim-press.hr\/hr\/knjige\/pandemija-nostalgije\/<\/a><\/p>\n\n\n\n<p><\/p>\n","protected":false},"excerpt":{"rendered":"","protected":false},"author":2,"featured_media":21641,"comment_status":"open","ping_status":"open","sticky":false,"template":"","format":"standard","meta":{"_acf_changed":false,"jetpack_post_was_ever_published":false,"_jetpack_newsletter_access":"","_jetpack_dont_email_post_to_subs":false,"_jetpack_newsletter_tier_id":0,"_jetpack_memberships_contains_paywalled_content":false,"_jetpack_memberships_contains_paid_content":false,"footnotes":"","jetpack_publicize_message":"","jetpack_publicize_feature_enabled":true,"jetpack_social_post_already_shared":false,"jetpack_social_options":{"image_generator_settings":{"template":"highway","default_image_id":0,"font":"","enabled":false},"version":2}},"categories":[8,3],"tags":[],"class_list":["post-21640","post","type-post","status-publish","format-standard","has-post-thumbnail","hentry","category-knjige","category-novosti"],"acf":{"facebook_opis":""},"jetpack_publicize_connections":[],"jetpack_featured_media_url":"https:\/\/i0.wp.com\/historiografija.hr\/wp-content\/uploads\/2020\/06\/pandemija-nostalgije.jpg?fit=300%2C465&ssl=1","jetpack_sharing_enabled":true,"jetpack-related-posts":[{"id":52628,"url":"https:\/\/historiografija.hr\/?p=52628","url_meta":{"origin":21640,"position":0},"title":"Predavanje dopisnog \u010dlana HAZU Alaina Finkielkrauta Izrael, Europa, antisemitizam","author":"Branimir Jankovi\u0107","date":"23. travnja 2026.","format":false,"excerpt":"Francuski filozof Alain Finkielkraut, redoviti \u010dlan Francuske akademije i dopisni \u010dlan HAZU, odr\u017eat \u0107e predavanje\u00a0Izrael, Europa, antisemitizam u utorak 28. travnja 2026. u 13 sati u Knji\u017enici HAZU,\u00a0Strossmayerov trg 14 u Zagrebu. Uvodne rije\u010di odr\u017eat \u0107e\u00a0akademkinja \u017deljka \u010corak i\u00a0akademik Dra\u017een Katunari\u0107. Predavanje \u0107e se odr\u017eati na francuskom jeziku uz konsekutivno\u2026","rel":"","context":"U &quot;Novosti&quot;","block_context":{"text":"Novosti","link":"https:\/\/historiografija.hr\/?cat=3"},"img":{"alt_text":"","src":"https:\/\/i0.wp.com\/historiografija.hr\/wp-content\/uploads\/2026\/04\/Alain_Finkielkraut.jpg?fit=350%2C407&ssl=1&resize=350%2C200","width":350,"height":200},"classes":[]},{"id":52592,"url":"https:\/\/historiografija.hr\/?p=52592","url_meta":{"origin":21640,"position":1},"title":"Predstavljanje knjige &#8220;Turska ku\u0107a u Rijeci&#8221; u Zagrebu","author":"Branimir Jankovi\u0107","date":"22. travnja 2026.","format":false,"excerpt":"U prostorijama Turskog kulturnog centra Yunus Emre u Zagrebu, u utorak 21. travnja 2026. godine, odr\u017eano je sve\u010dano predstavljanje dopunjenog izdanja knjige Turska ku\u0107a u Rijeci, u organizaciji Hrvatsko-turskog dru\u0161tva Rijeka i partnerstvu sa Skupinom prijateljstva Hrvatska-Turska Hrvatskog sabora, Veleposlanstvom Republike Turske u Republici Hrvatskoj te Turskim kulturnim centrom Yunus\u2026","rel":"","context":"U &quot;Novosti&quot;","block_context":{"text":"Novosti","link":"https:\/\/historiografija.hr\/?cat=3"},"img":{"alt_text":"","src":"https:\/\/i0.wp.com\/historiografija.hr\/wp-content\/uploads\/2026\/04\/Turska-kuca-ZG.jpg?fit=1200%2C800&ssl=1&resize=350%2C200","width":350,"height":200,"srcset":"https:\/\/i0.wp.com\/historiografija.hr\/wp-content\/uploads\/2026\/04\/Turska-kuca-ZG.jpg?fit=1200%2C800&ssl=1&resize=350%2C200 1x, https:\/\/i0.wp.com\/historiografija.hr\/wp-content\/uploads\/2026\/04\/Turska-kuca-ZG.jpg?fit=1200%2C800&ssl=1&resize=525%2C300 1.5x, https:\/\/i0.wp.com\/historiografija.hr\/wp-content\/uploads\/2026\/04\/Turska-kuca-ZG.jpg?fit=1200%2C800&ssl=1&resize=700%2C400 2x, https:\/\/i0.wp.com\/historiografija.hr\/wp-content\/uploads\/2026\/04\/Turska-kuca-ZG.jpg?fit=1200%2C800&ssl=1&resize=1050%2C600 3x"},"classes":[]},{"id":52589,"url":"https:\/\/historiografija.hr\/?p=52589","url_meta":{"origin":21640,"position":2},"title":"Predstavljena knjiga Miomira \u017du\u017eula &#8220;Dayton: Diplomacija &#8211; druga strana rata&#8221;","author":"Branimir Jankovi\u0107","date":"22. travnja 2026.","format":false,"excerpt":"Knjiga Miomira \u017du\u017eula \u201eDayton: Diplomacija \u2013 druga strana rata\u201d predstavljena je u srijedu, 22. travnja 2026. godine u foajeu Hrvatskoga narodnog kazali\u0161ta u Zagrebu. Op\u0161irnije: https:\/\/vijesti.hrt.hr\/hrvatska\/predstavljena-knjiga-miomira-zuzula-dayton-diplomacija-druga-strana-rata-12683259 https:\/\/www.vecernji.ba\/amp\/vijesti\/zuzulova-knjiga-o-daytonu-predstavljena-u-zagrebu-diplomacija-kao-druga-strana-rata-1953700 https:\/\/www.tportal.hr\/vijesti\/clanak\/bivsi-sanaderov-ministar-odrzao-promociju-evo-tko-je-sve-dosao-na-predstavljanje-knjige-miomira-zuzula-foto-20260422 https:\/\/direktno.hr\/zivot\/kultura\/zuzul-otkrio-sve-o-drugoj-strani-rata-za-hrvatsku-se-nije-libio-povuci-nekoga-i-za-kosu-395042 https:\/\/www.24sata.hr\/news\/miomir-zuzul-predstavio-je-knjigu-o-daytonu-diplomacija-je-bila-druga-strana-rata-1123152 https:\/\/www.vecernji.hr\/kultura\/kolinda-grabar-kitarovic-otvoreno-miomir-zuzul-nije-vukao-samo-za-rukav-nego-i-za-kosu-1953722 https:\/\/www.vecernji.hr\/kultura\/i-papa-lav-xiv-eksplicitno-je-daytonski-sporazum-istaknuo-kao-primjer-uspjesna-rjesavanja-sukoba-1952215","rel":"","context":"U &quot;Novosti&quot;","block_context":{"text":"Novosti","link":"https:\/\/historiografija.hr\/?cat=3"},"img":{"alt_text":"","src":"https:\/\/i0.wp.com\/historiografija.hr\/wp-content\/uploads\/2026\/04\/Dayton.jpg?fit=1024%2C683&ssl=1&resize=350%2C200","width":350,"height":200,"srcset":"https:\/\/i0.wp.com\/historiografija.hr\/wp-content\/uploads\/2026\/04\/Dayton.jpg?fit=1024%2C683&ssl=1&resize=350%2C200 1x, https:\/\/i0.wp.com\/historiografija.hr\/wp-content\/uploads\/2026\/04\/Dayton.jpg?fit=1024%2C683&ssl=1&resize=525%2C300 1.5x, https:\/\/i0.wp.com\/historiografija.hr\/wp-content\/uploads\/2026\/04\/Dayton.jpg?fit=1024%2C683&ssl=1&resize=700%2C400 2x"},"classes":[]},{"id":52148,"url":"https:\/\/historiografija.hr\/?p=52148","url_meta":{"origin":21640,"position":3},"title":"Poziv za prijavu na me\u0111unarodnu znanstvenu konferenciju \u201eGranice (ne)slobode: Zadarski krug 1966. Intelektualna opozicija u totalitarnom dru\u0161tvu\u201c","author":"Branimir Jankovi\u0107","date":"27. o\u017eujka 2026.","format":false,"excerpt":"\u00a0\u00a0\u00a0\u00a0 Povodom \u0161ezdesete obljetnice poku\u0161aja osnivanja \u010dasopisa Slobodan glas u Zadru 1966. godine, pozivamo vas na znanstvenu konferenciju posve\u0107enu istra\u017eivanju disidentstva, intelektualne opozicije i granica divergentnog mi\u0161ljenja nasuprot slu\u017ebenoj ideologiji u komunisti\u010dkoj Jugoslaviji. Ideja konferencije je analizirati konkretan fenomen zadarskog slu\u010daja razloge i okolnosti njegove pojave, ali uz otvaranje komparativnih\u2026","rel":"","context":"U &quot;Novosti&quot;","block_context":{"text":"Novosti","link":"https:\/\/historiografija.hr\/?cat=3"},"img":{"alt_text":"","src":"https:\/\/i0.wp.com\/historiografija.hr\/wp-content\/uploads\/2026\/03\/Poziv-konferencija-Zadar.jpg?fit=1200%2C509&ssl=1&resize=350%2C200","width":350,"height":200,"srcset":"https:\/\/i0.wp.com\/historiografija.hr\/wp-content\/uploads\/2026\/03\/Poziv-konferencija-Zadar.jpg?fit=1200%2C509&ssl=1&resize=350%2C200 1x, https:\/\/i0.wp.com\/historiografija.hr\/wp-content\/uploads\/2026\/03\/Poziv-konferencija-Zadar.jpg?fit=1200%2C509&ssl=1&resize=525%2C300 1.5x, https:\/\/i0.wp.com\/historiografija.hr\/wp-content\/uploads\/2026\/03\/Poziv-konferencija-Zadar.jpg?fit=1200%2C509&ssl=1&resize=700%2C400 2x, https:\/\/i0.wp.com\/historiografija.hr\/wp-content\/uploads\/2026\/03\/Poziv-konferencija-Zadar.jpg?fit=1200%2C509&ssl=1&resize=1050%2C600 3x"},"classes":[]},{"id":52669,"url":"https:\/\/historiografija.hr\/?p=52669","url_meta":{"origin":21640,"position":4},"title":"Predavanje Igora Dude &#8220;Odmor kao \u017eivotna potreba: o slobodnom vremenu u socijalisti\u010dkoj Jugoslaviji&#8221;","author":"Branimir Jankovi\u0107","date":"27. travnja 2026.","format":false,"excerpt":"U sklopu proljetnog ciklusa programa\u00a0Kriti\u010dka dramaturgija: pauza, u\u00a0subotu, 25. travnja 2026. u 19 sati\u00a0u prostoru Udru\u017eenja hrvatskih arhitekata povjesni\u010dar Igor Duda\u00a0odr\u017eao je predavanje naslovljeno\u00a0Odmor kao \u017eivotna potreba: o slobodnom vremenu u socijalisti\u010dkoj Jugoslaviji. Industrijalizacija i urbanizacija dru\u0161tava u povijesti su zna\u010dile i prelazak s predindustrijskog na industrijsko shva\u0107anje vremena. Ono\u2026","rel":"","context":"U &quot;Novosti&quot;","block_context":{"text":"Novosti","link":"https:\/\/historiografija.hr\/?cat=3"},"img":{"alt_text":"","src":"https:\/\/i0.wp.com\/historiografija.hr\/wp-content\/uploads\/2026\/04\/Duda.png?fit=1200%2C628&ssl=1&resize=350%2C200","width":350,"height":200,"srcset":"https:\/\/i0.wp.com\/historiografija.hr\/wp-content\/uploads\/2026\/04\/Duda.png?fit=1200%2C628&ssl=1&resize=350%2C200 1x, https:\/\/i0.wp.com\/historiografija.hr\/wp-content\/uploads\/2026\/04\/Duda.png?fit=1200%2C628&ssl=1&resize=525%2C300 1.5x, https:\/\/i0.wp.com\/historiografija.hr\/wp-content\/uploads\/2026\/04\/Duda.png?fit=1200%2C628&ssl=1&resize=700%2C400 2x, https:\/\/i0.wp.com\/historiografija.hr\/wp-content\/uploads\/2026\/04\/Duda.png?fit=1200%2C628&ssl=1&resize=1050%2C600 3x"},"classes":[]},{"id":52536,"url":"https:\/\/historiografija.hr\/?p=52536","url_meta":{"origin":21640,"position":5},"title":"Kader Abdolah, \u201ePrije nego \u0161to bude kasno\u201c","author":"Branimir Jankovi\u0107","date":"20. travnja 2026.","format":false,"excerpt":"Kader Abdolah \u017eeli se vratiti ku\u0107i. Ali povratak je nemogu\u0107: u Iranu bi bio uhap\u0161en. Pod la\u017enim imenom i s krivotvorenim paso\u0161em ipak uspijeva u\u0107i u domovinu i sti\u017ee do roditeljske ku\u0107e, visoko u planinama. Majka ga ne prepoznaje, otac je mrtav, a sve \u0161to je tra\u017eio izmi\u010de mu pred\u2026","rel":"","context":"U &quot;Novosti&quot;","block_context":{"text":"Novosti","link":"https:\/\/historiografija.hr\/?cat=3"},"img":{"alt_text":"","src":"https:\/\/i0.wp.com\/historiografija.hr\/wp-content\/uploads\/2026\/04\/Prije-nego-sto-bude-kasno.webp?fit=566%2C872&ssl=1&resize=350%2C200","width":350,"height":200,"srcset":"https:\/\/i0.wp.com\/historiografija.hr\/wp-content\/uploads\/2026\/04\/Prije-nego-sto-bude-kasno.webp?fit=566%2C872&ssl=1&resize=350%2C200 1x, https:\/\/i0.wp.com\/historiografija.hr\/wp-content\/uploads\/2026\/04\/Prije-nego-sto-bude-kasno.webp?fit=566%2C872&ssl=1&resize=525%2C300 1.5x"},"classes":[]}],"_links":{"self":[{"href":"https:\/\/historiografija.hr\/index.php?rest_route=\/wp\/v2\/posts\/21640","targetHints":{"allow":["GET"]}}],"collection":[{"href":"https:\/\/historiografija.hr\/index.php?rest_route=\/wp\/v2\/posts"}],"about":[{"href":"https:\/\/historiografija.hr\/index.php?rest_route=\/wp\/v2\/types\/post"}],"author":[{"embeddable":true,"href":"https:\/\/historiografija.hr\/index.php?rest_route=\/wp\/v2\/users\/2"}],"replies":[{"embeddable":true,"href":"https:\/\/historiografija.hr\/index.php?rest_route=%2Fwp%2Fv2%2Fcomments&post=21640"}],"version-history":[{"count":1,"href":"https:\/\/historiografija.hr\/index.php?rest_route=\/wp\/v2\/posts\/21640\/revisions"}],"predecessor-version":[{"id":21642,"href":"https:\/\/historiografija.hr\/index.php?rest_route=\/wp\/v2\/posts\/21640\/revisions\/21642"}],"wp:featuredmedia":[{"embeddable":true,"href":"https:\/\/historiografija.hr\/index.php?rest_route=\/wp\/v2\/media\/21641"}],"wp:attachment":[{"href":"https:\/\/historiografija.hr\/index.php?rest_route=%2Fwp%2Fv2%2Fmedia&parent=21640"}],"wp:term":[{"taxonomy":"category","embeddable":true,"href":"https:\/\/historiografija.hr\/index.php?rest_route=%2Fwp%2Fv2%2Fcategories&post=21640"},{"taxonomy":"post_tag","embeddable":true,"href":"https:\/\/historiografija.hr\/index.php?rest_route=%2Fwp%2Fv2%2Ftags&post=21640"}],"curies":[{"name":"wp","href":"https:\/\/api.w.org\/{rel}","templated":true}]}}