{"id":21529,"date":"2020-06-19T15:51:55","date_gmt":"2020-06-19T15:51:55","guid":{"rendered":"http:\/\/historiografija.hr\/?p=21529"},"modified":"2020-12-21T16:59:14","modified_gmt":"2020-12-21T16:59:14","slug":"preminuo-janos-m-bak","status":"publish","type":"post","link":"https:\/\/historiografija.hr\/?p=21529","title":{"rendered":"Preminuo J\u00e1nos M. Bak"},"content":{"rendered":"\n<p>U 91. godini umro je 18. lipnja povjesni\u010dar J\u00e1nos M. Bak (1929-2020), professor emeritus Srednjoeuropskog sveu\u010dili\u0161ta u Budimpe\u0161ti (CEU), koji je intenzivno sura\u0111ivao s mnogim hrvatskim medijevistima.<\/p>\n\n\n\n<p><strong>&#8212;<\/strong><\/p>\n\n\n\n<p><strong>J\u00e1nos M. Bak (1929-2020)<\/strong><\/p>\n\n\n\n<p>J\u00e1nos M. Bak, founding member and Professor Emeritus of CEU&#8217;s Department of Medieval Studies has passed away on June 18, at the age of 91. Until the last moment of his life, he was an engaged scholar, an authoritative and caring professor, an indefatigable worker for an international cooperation for the advancement of learning and the broadening of the \u2018Republic of Letters\u2019. When mourning and remembering him, let us recall a few things of his rich, adventurous, life \u2013 the <em>Festschrift<\/em> he received from us when he was 70, was entitled <em>The Man of Many Devices, Who Wandered Full Many Ways&#8230;<\/em> The adventures started towards the end of World War II, when he had to survive as a teenager the Holocaust, with tricks and hiding in Arrow-Cross dominated Budapest. Subsequently, after a brief period of enthusiastic conversion to Marxism, he quickly got disillusioned from the unfolding Stalinist regime, and he became an active participant in the 1956 revolution. At its defeat he left Hungary and earned a medieval studies doctorate in G\u00f6ttingen, as a pupil of Percy Ernst Schramm. As a postgraduate, he spent two years in Oxford, then worked at the University of Marburg, and published a much-cited monograph on \u2018Kingdom and estates in late medieval Hungary\u2019. In 1966 he moved to the US and subsequently to Canada, he became professor at the University of British Columbia in Vancouver. As a member of the world-wide community of 1956 \u00e9migr\u00e9 intellectuals, he was very active in supporting Hungarian colleagues with books, invitations, scholarships, publication opportunities. At the same time, he became a major organizer in international medieval studies. After some years of investment into the history of \u2018East-Central Europe\u2019, and \u2018peasant studies\u2019, in the 1980s he organized Majestas, a scholarly association for the study of rulership, which functioned for two decades, organized many successful conferences and published a review with the same name.<\/p>\n\n\n\n<p>When he retired as Professor Emeritus from Vancouver in 1993, it was not for having a rest, but for joining a new, ever-more demanding academic adventure: building a Department of Medieval Studies at the recently founded CEU in Budapest. He brought home his world-wide network and made the largest contribution in turning our department a thriving new center in this field. And this was not only thanks to his high-class German and American experience, but above all thanks to his passionate engagement with the wonderful, passionate, enthusiastic international group of our graduate students. Like probably all other departments in CEU, our seminars became fascinating scholarly workshops combining hidden treasures of local knowledge with high standards of cutting-edge international scholarship. And, in all this, J\u00e1nos was a lively, critical, once funny and cheerful, other times nervous and grumpy participant, sometimes scaring students to death with angry explosions, but then giving them due respect, fatherly protection and friendly encouragement \u2013 multiple generations of students are weeping now over this departure. The efficient and warmly human impact on the formation of future scholars was paired by his tireless organizational drive: after Majestas he initiated research projects on the comparative history of medieval nobility, on the \u2018uses and abuses\u2019 of the Middle Ages, on source-repertory handbooks. He started a bilingual source edition series entitled Central European Medieval Texts (11 volumes at CEU Press), he published in 5 volumes the \u2018Laws of Medieval Hungary\u2019. He retired form CEU as Professor Emeritus in 2007, but he kept being active: he played a key role in the foundation of MECERN, Medieval Central European Network in 2014 \u2013 he corrected the proofs of his chapter in a new OUP Handbook on Medieval Central Europe last week, a few days before his death. He had several injuries during the past years, he walked with a stick, but he took the effort, until this winter, to come to CEU for listening to the MA or PhD defenses of his students, or to hear the public lectures of his younger colleagues or his friends, colleagues from the world-wide company. We were exceptionally fortunate to have him as a friend and a colleague for three decades, his departure is a great loss for us, for CEU and for medievalist scholarship around the world.<\/p>\n\n\n\n<p>To conclude this obituary, let me quote the words of our rector, Michael Ignatieff: \u201cI knew Janos for 40 years, as a scholar, friend, bon vivant, intellectual provocateur. He embodied the spirit of CEU at its best: morally serious, intellectually irreverent, and fiercely loyal to ideals. We will all miss him.\u201d<\/p>\n\n\n\n<p>And another word by Patrick Geary: \u201cMay his memory be a blessing for us all.\u201d<\/p>\n\n\n\n<p>G\u00e1bor Klaniczay,&nbsp;<em>Head of the Department of Medieval Studies<\/em><\/p>\n\n\n\n<p>Izvor: <a href=\"https:\/\/www.ceu.edu\/article\/2020-06-19\/janos-m-bak-1929-2020\">https:\/\/www.ceu.edu\/article\/2020-06-19\/janos-m-bak-1929-2020<\/a><\/p>\n\n\n\n<p><\/p>\n","protected":false},"excerpt":{"rendered":"","protected":false},"author":2,"featured_media":21530,"comment_status":"open","ping_status":"open","sticky":false,"template":"","format":"standard","meta":{"_acf_changed":false,"jetpack_post_was_ever_published":false,"_jetpack_newsletter_access":"","_jetpack_dont_email_post_to_subs":false,"_jetpack_newsletter_tier_id":0,"_jetpack_memberships_contains_paywalled_content":false,"_jetpack_memberships_contains_paid_content":false,"footnotes":"","jetpack_publicize_message":"","jetpack_publicize_feature_enabled":true,"jetpack_social_post_already_shared":false,"jetpack_social_options":{"image_generator_settings":{"template":"highway","default_image_id":0,"font":"","enabled":false},"version":2}},"categories":[3,20],"tags":[],"class_list":["post-21529","post","type-post","status-publish","format-standard","has-post-thumbnail","hentry","category-novosti","category-obavijesti-o-smrti-i-nekrolozi"],"acf":{"facebook_opis":""},"jetpack_publicize_connections":[],"jetpack_featured_media_url":"https:\/\/i0.wp.com\/historiografija.hr\/wp-content\/uploads\/2020\/06\/Bak.jpg?fit=1200%2C600&ssl=1","jetpack_sharing_enabled":true,"jetpack-related-posts":[{"id":52531,"url":"https:\/\/historiografija.hr\/?p=52531","url_meta":{"origin":21529,"position":0},"title":"Jonathan G. Leslie, \u201eFear and Insecurity: Israel and the Iran Threat Narrative\u201c","author":"Branimir Jankovi\u0107","date":"17. travnja 2026.","format":false,"excerpt":"Why is Israel\u2019s former ally Iran now perceived as the country\u2019s greatest threat? Description To observers of the Iran-Israel conflict, its vitriolic rhetoric might suggest an ancient hatred between Jews and Muslims\u2013a biblical feud dating back hundreds, or thousands, of years. But this rivalry is a far more modern development.\u2026","rel":"","context":"U &quot;Knjige&quot;","block_context":{"text":"Knjige","link":"https:\/\/historiografija.hr\/?cat=8"},"img":{"alt_text":"","src":"https:\/\/i0.wp.com\/historiografija.hr\/wp-content\/uploads\/2026\/04\/Leslie.jpg?fit=391%2C612&ssl=1&resize=350%2C200","width":350,"height":200},"classes":[]},{"id":52563,"url":"https:\/\/historiografija.hr\/?p=52563","url_meta":{"origin":21529,"position":1},"title":"Predavanje Nenada Fabijani\u0107a o stadionu Poljud u Splitu","author":"Branimir Jankovi\u0107","date":"21. travnja 2026.","format":false,"excerpt":"Znanstveno vije\u0107e za arhitekturu, urbanizam i ure\u0111enje prostora Hrvatske akademije znanosti i umjetnosti organizira predavanje \u201cPo Poljudu\u201d koje \u0107e u srijedu 22. travnja 2026. s po\u010detkom u 14 sati u Knji\u017enici HAZU, Strossmayerov trg 14 u Zagrebu, odr\u017eati\u00a0prof. emerit. dr. art. Nenad Fabijani\u0107,\u00a0\u010dlan suradnik HAZU. Predavanje \u201ePo Poljudu\u201c (Projekt obnove)\u2026","rel":"","context":"U &quot;Novosti&quot;","block_context":{"text":"Novosti","link":"https:\/\/historiografija.hr\/?cat=3"},"img":{"alt_text":"","src":"https:\/\/i0.wp.com\/historiografija.hr\/wp-content\/uploads\/2026\/04\/Poljud-scaled.jpeg?fit=1200%2C800&ssl=1&resize=350%2C200","width":350,"height":200,"srcset":"https:\/\/i0.wp.com\/historiografija.hr\/wp-content\/uploads\/2026\/04\/Poljud-scaled.jpeg?fit=1200%2C800&ssl=1&resize=350%2C200 1x, https:\/\/i0.wp.com\/historiografija.hr\/wp-content\/uploads\/2026\/04\/Poljud-scaled.jpeg?fit=1200%2C800&ssl=1&resize=525%2C300 1.5x, https:\/\/i0.wp.com\/historiografija.hr\/wp-content\/uploads\/2026\/04\/Poljud-scaled.jpeg?fit=1200%2C800&ssl=1&resize=700%2C400 2x, https:\/\/i0.wp.com\/historiografija.hr\/wp-content\/uploads\/2026\/04\/Poljud-scaled.jpeg?fit=1200%2C800&ssl=1&resize=1050%2C600 3x"},"classes":[]},{"id":52643,"url":"https:\/\/historiografija.hr\/?p=52643","url_meta":{"origin":21529,"position":2},"title":"BRACEWELL TRAVELLING SCHOLARSHIP\u202fFOR PHD STUDENTS (DEADLINE: 30TH APRIL 2026)","author":"Branimir Jankovi\u0107","date":"24. travnja 2026.","format":false,"excerpt":"The Bracewell Travelling Scholarship\u202fis funded by a gift from SSEES Emeritus Professor of History Wendy Bracewell, whose research examines South Slav history, and travel writing in eastern Europe. The Scholarship honours the long tradition of mutual curiosity between the UK and eastern, central and southeastern Europe by supporting PhD students\u2026","rel":"","context":"U &quot;Novosti&quot;","block_context":{"text":"Novosti","link":"https:\/\/historiografija.hr\/?cat=3"},"img":{"alt_text":"","src":"https:\/\/i0.wp.com\/historiografija.hr\/wp-content\/uploads\/2026\/04\/Bracewell-Travelling-Scholarship-.webp?fit=980%2C700&ssl=1&resize=350%2C200","width":350,"height":200,"srcset":"https:\/\/i0.wp.com\/historiografija.hr\/wp-content\/uploads\/2026\/04\/Bracewell-Travelling-Scholarship-.webp?fit=980%2C700&ssl=1&resize=350%2C200 1x, https:\/\/i0.wp.com\/historiografija.hr\/wp-content\/uploads\/2026\/04\/Bracewell-Travelling-Scholarship-.webp?fit=980%2C700&ssl=1&resize=525%2C300 1.5x, https:\/\/i0.wp.com\/historiografija.hr\/wp-content\/uploads\/2026\/04\/Bracewell-Travelling-Scholarship-.webp?fit=980%2C700&ssl=1&resize=700%2C400 2x"},"classes":[]},{"id":52625,"url":"https:\/\/historiografija.hr\/?p=52625","url_meta":{"origin":21529,"position":3},"title":"Omer Bartov, \u201eIsrael: What Went Wrong?\u201c","author":"Branimir Jankovi\u0107","date":"23. travnja 2026.","format":false,"excerpt":"Professor Omer Bartov was born on a kibbutz, grew up in Tel Aviv and served in the Israel Defence Forces during the Yom Kippur War. He went on to become an expert on the German army and the Holocaust, before turning his attention to his native country.In Israel: What Went\u2026","rel":"","context":"U &quot;Knjige&quot;","block_context":{"text":"Knjige","link":"https:\/\/historiografija.hr\/?cat=8"},"img":{"alt_text":"","src":"https:\/\/i0.wp.com\/historiografija.hr\/wp-content\/uploads\/2026\/04\/Bartov.jpeg?fit=320%2C500&ssl=1&resize=350%2C200","width":350,"height":200},"classes":[]},{"id":52505,"url":"https:\/\/historiografija.hr\/?p=52505","url_meta":{"origin":21529,"position":4},"title":"Izlo\u017eba &#8220;Eschenstock \/ Jasenov prut&#8221;","author":"Branimir Jankovi\u0107","date":"17. travnja 2026.","format":false,"excerpt":"Srpsko narodno vije\u0107e (SNV) i Vizura aperta postavljaju izlo\u017ebu \u0161vicarskog slikara Velimira Ili\u0161evi\u0107a: Eschenstock \/ Jasenov prut. Izlo\u017eba se uz prisustvo autora otvara povodom 81. godi\u0161njice proboja logora\u0161a iz usta\u0161kog logora smrti Jasenovac 22. aprila 2026. u 19 sati u Srpskom kulturnom centru (SKC) u Preradovi\u0107evoj ulici 21 u Zagrebu.\u2026","rel":"","context":"U &quot;Izlo\u017ebe&quot;","block_context":{"text":"Izlo\u017ebe","link":"https:\/\/historiografija.hr\/?cat=10"},"img":{"alt_text":"","src":"https:\/\/i0.wp.com\/historiografija.hr\/wp-content\/uploads\/2026\/04\/Jasenov_prut.jpg?fit=1024%2C640&ssl=1&resize=350%2C200","width":350,"height":200,"srcset":"https:\/\/i0.wp.com\/historiografija.hr\/wp-content\/uploads\/2026\/04\/Jasenov_prut.jpg?fit=1024%2C640&ssl=1&resize=350%2C200 1x, https:\/\/i0.wp.com\/historiografija.hr\/wp-content\/uploads\/2026\/04\/Jasenov_prut.jpg?fit=1024%2C640&ssl=1&resize=525%2C300 1.5x, https:\/\/i0.wp.com\/historiografija.hr\/wp-content\/uploads\/2026\/04\/Jasenov_prut.jpg?fit=1024%2C640&ssl=1&resize=700%2C400 2x"},"classes":[]},{"id":52569,"url":"https:\/\/historiografija.hr\/?p=52569","url_meta":{"origin":21529,"position":5},"title":"[Predavanje] Ne \u010dekaju\u0107i inspiraciju \u2013 anga\u017eovane intelektualne, kulturalne i umetni\u010dke prakse u me\u0111uratnom periodu: teorija i praksa kriti\u010dke levice u jugoslovenskoj kulturi (YugoLab)","author":"Branimir Jankovi\u0107","date":"21. travnja 2026.","format":false,"excerpt":"U vreme agresivnog ja\u010danja globalne desnice, (pro)fa\u0161isti\u010dkih, rasisti\u010dkih i imperijalisti\u010dkih politika, dok je istovremeno globalna levica izrazito slaba, a progresivni pokreti atomizirani i fragmentisani, va\u017eno je iz savremene perspektive vratiti se revolucionarnim i emancipatorskim zbivanjima u jugoslovenskom (ali i s njima u vezi internacionalnim de\u0161avanjima), kao i dru\u0161tvenoj ulozi kulturalnih\u2026","rel":"","context":"U &quot;Novosti&quot;","block_context":{"text":"Novosti","link":"https:\/\/historiografija.hr\/?cat=3"},"img":{"alt_text":"","src":"","width":0,"height":0},"classes":[]}],"_links":{"self":[{"href":"https:\/\/historiografija.hr\/index.php?rest_route=\/wp\/v2\/posts\/21529","targetHints":{"allow":["GET"]}}],"collection":[{"href":"https:\/\/historiografija.hr\/index.php?rest_route=\/wp\/v2\/posts"}],"about":[{"href":"https:\/\/historiografija.hr\/index.php?rest_route=\/wp\/v2\/types\/post"}],"author":[{"embeddable":true,"href":"https:\/\/historiografija.hr\/index.php?rest_route=\/wp\/v2\/users\/2"}],"replies":[{"embeddable":true,"href":"https:\/\/historiografija.hr\/index.php?rest_route=%2Fwp%2Fv2%2Fcomments&post=21529"}],"version-history":[{"count":1,"href":"https:\/\/historiografija.hr\/index.php?rest_route=\/wp\/v2\/posts\/21529\/revisions"}],"predecessor-version":[{"id":21531,"href":"https:\/\/historiografija.hr\/index.php?rest_route=\/wp\/v2\/posts\/21529\/revisions\/21531"}],"wp:featuredmedia":[{"embeddable":true,"href":"https:\/\/historiografija.hr\/index.php?rest_route=\/wp\/v2\/media\/21530"}],"wp:attachment":[{"href":"https:\/\/historiografija.hr\/index.php?rest_route=%2Fwp%2Fv2%2Fmedia&parent=21529"}],"wp:term":[{"taxonomy":"category","embeddable":true,"href":"https:\/\/historiografija.hr\/index.php?rest_route=%2Fwp%2Fv2%2Fcategories&post=21529"},{"taxonomy":"post_tag","embeddable":true,"href":"https:\/\/historiografija.hr\/index.php?rest_route=%2Fwp%2Fv2%2Ftags&post=21529"}],"curies":[{"name":"wp","href":"https:\/\/api.w.org\/{rel}","templated":true}]}}