{"id":21484,"date":"2020-06-17T21:15:04","date_gmt":"2020-06-17T21:15:04","guid":{"rendered":"http:\/\/historiografija.hr\/?p=21484"},"modified":"2020-06-17T21:15:04","modified_gmt":"2020-06-17T21:15:04","slug":"izlozba-meko-okidanje-upoznajemo-povijest-zenske-fotografije-u-hrvatskoj-15-6-4-9-2020-galerija-spot-caniceva-6-zagreb","status":"publish","type":"post","link":"https:\/\/historiografija.hr\/?p=21484","title":{"rendered":"Izlo\u017eba \u201c\u2018Meko\u2019 okidanje? Upoznajemo povijest \u017eenske fotografije u Hrvatskoj\u201d (15.6.-4.9.2020. Galerija Spot, \u010cani\u0107eva 6, Zagreb)"},"content":{"rendered":"\n<p>Izborom radova <strong>Slavke Pavi\u0107, Erike \u0160mider, Danijele Lu\u0161in, Ivan\u010dice Privora-Kurtela i Jadranke Fatur,<\/strong> ukazujemo na teme kojima su se bavile, upoznajemo na\u010dine stjecanja znanja i upoznavanja s klupskim zbivanjima koja su barem djelomi\u010dno ostavila trag u njihovim opusima.<\/p>\n\n\n\n<p>Otvorenje izlo\u017ebe odr\u017eat \u0107e se <strong>15. 6.<\/strong>, pri \u010demu \u0107e izlo\u017ebeni prostor za posjetitelje biti otvoren <strong>od<\/strong> <strong>16.00 do 20.00 sati<\/strong>, bez uobi\u010dajenog razgovora s umjetnicama prilikom otvorenja. Izlo\u017eba \u0107e trajati do <strong>4. 9.<\/strong> uz ljetnu stanku od <strong>24.7.<\/strong> do <strong>17.8.<\/strong> Osim same izlo\u017ebe, UzF \u0107e prirediti i dodatni program otvoren za posjetitelje te prirediti i broj \u010dasopisa <em>Fototxt<\/em> posve\u0107en upravo fotografkinjama.<\/p>\n\n\n\n<p>U povijesti fotografije u Hrvatskoj postoji jo\u0161 mnogo neistra\u017eenih tema, a i sam razvoj medija \u010deka svoju sintezu. Kada govorimo o poslijeratnoj fotografiji u Hrvatskoj, ona je pak u velikoj mjeri obilje\u017eena sku\u010denim prilikama za obrazovanje, nerazvijenom izlo\u017ebenom politikom i nepostojanjem kritike. Va\u017enu ulogu za njezin razvoj, pogotovo kasnih \u010detrdesetih i u prvoj polovini pedesetih godina, ostvarili su fotoklubovi, kojima je jedan od glavnih zadataka bilo upravo obrazovanje fotoamatera. Spomenimo, da je Fotoklub Zagreb bio jedan od najsna\u017enijih u biv\u0161oj Jugoslaviji te je ostvario va\u017enu ulogu u op\u0107em tehni\u010dkom obrazovanju stanovni\u0161tva, postaviv\u0161i temelj umjetni\u010dkog rada svojih \u010dlanova. Nakon kratkotrajne ideolo\u0161ke dominacije, od po\u010detka 50-ih zapa\u017ea se otvaranje prostora slobode te prevlast klupske amaterske fotografije, a \u0161to \u0107e pokazati klju\u010dnim za razvoj \u017eenske fotografije. Iako fotografkinje stvaraju i sudjeluju u klupskim aktivnostima u cijelom poslijeratnom periodu, njihov prvi zajedni\u010dki nastup uslijedit \u0107e tek 1973. godine, kada se na inicijativu predsjednika zagreba\u010dkog kluba \u0110ure Griesbacha osniva \u017denska sekcija. Prva izlo\u017eba organizirana je iste godine u Galeriji umjetni\u010dke fotografije (GUF) u Zagrebu, dok su se kasnija izdanja godi\u0161nje odr\u017eavala u Muzeju grada Zagreba, tradicionalno povezana s obilje\u017eavanjem Osmog marta.<\/p>\n\n\n\n<p>Izlo\u017eba <em><strong>\u2018Meko\u2019 okidanje?<\/strong><\/em> nije zami\u0161ljena kao retrospektiva svega \u0161to je \u017denska sekcija uspjela posti\u0107i na nacionalom fotografskom planu. Njome prvenstveno \u017eelimo potaknuti raspravu o na\u010dinima i putovima kako su \u017eene djelovale fotografski, polaze\u0107i od \u010dinjenice da, kada govorimo o podru\u010dju biv\u0161e Jugoslavije, \u017eene u fotografiju ulaze kasno i ne bez prepreka. Tiskani mediji bili su va\u017eno mjesto prodora fotografije u razli\u010dite slojeve dru\u0161tva. Unato\u010d razvoja specijaliziranih fotografskih \u010dasopisa, koji se na podru\u010dju biv\u0161e Jugoslavije po\u010dinju objavljivati od 1911., ve\u0107ina njih uglavnom je posve\u0107ena tehni\u010dkim pitanjima, savjetima fotoamaterima i reklamiranju novih proizvoda. Takvo \u0107e stanje dugo potrajati, dok \u0107e se tema \u017eenske fotografije po\u010deti razmatrati tek nakon Drugog svjetskog rata, a i tada tek sporadi\u010dno i nesustavno. Osim toga, nekoliko \u017eena djelovalo je u sklopu privatnih fotografskih studija. Atelijerska aktivnost smatrala se primjerenom \u017eenama, ponajvi\u0161e zbog mi\u0161ljenja da je u takvoj vrsti izolacije mogu\u0107e ostvariti intenzivniji odnos sa subjektima, u \u010demu su \u017eene uspje\u0161nije od mu\u0161karaca.<\/p>\n\n\n\n<p>Fotografiju nisu prigrlile isklju\u010divo autorice koje su djelovale samo u tom polju, nego i umjetnice koje ju upoznaju \u0161kolovanjem na umjetni\u010dkim \u0161kolama i akademijama u zemlji i&nbsp; inozemstvu. No ipak, upravo su fotoklubovi generatori promjena koje su obilje\u017eile razdoblje izme\u0111u 1950-ih i 1980-ih godina.<\/p>\n\n\n\n<p>Izborom radova <strong>Slavke Pavi\u0107, Erike \u0160mider, Danijele Lu\u0161in, Ivan\u010dice Privora-Kurtela i Jadranke Fatur<\/strong>, ukazujemo na teme kojima su se bavile, upoznajemo na\u010dine stjecanja znanja i upoznavanja sa klupskim zbivanjima koja su barem djelomi\u010dno ostavila trag u njihovim opusima. Zapitat \u0107emo se postoje li kriti\u010dki prikazi dru\u0161tva, \u0161to su o <strong>\u017eenama s kamerom u rukama<\/strong> govorili drugi, i postoji li uop\u0107e ne\u0161to \u0161to mo\u017eemo okarakterizirati kao \u201c\u017eenski pogled\u201d. Je li na\u010din kako su okidale snimke uistinu \u201cmekan\u201d, ili iza objektiva ne postoje rodne razlike?<\/p>\n\n\n\n<p>Izlo\u017eba je dio <em><strong>Arhiva umjetnica na mre\u017ei<\/strong><\/em> (<em>Not Yet Written Stories \u2013 Women Artists\u2019 Archives Online<\/em>), me\u0111unarodnog istra\u017eiva\u010dkog projekta financiranog sredstvima Kreativne Europe, u kojem Ured za fotografiju sura\u0111uje s Fundacijom Arton iz Var\u0161ave, SCCA \u2013 Centrom za suvremenu umjetnost iz Ljubljane i Latvijskim centrom za suvremenu umjetnost, baze podataka umjetnika i arhive iz Rige. Cilj projekta je uklju\u010diti djela umjetnica u javni diskurs o vizualnim umjetnostima, kako bi se izbjegla daljnja diskriminacija umjetnica, ve\u0107inom eliminiranih iz europske povijesti umjetnosti.<\/p>\n\n\n\n<p>Kustosica izlo\u017ebe: Sandra Kri\u017ei\u0107 Roban<\/p>\n\n\n\n<p>Suradnica: Sara Simi\u0107<\/p>\n\n\n\n<p>Radno vrijeme Galerije Spot: pon&nbsp;\u2013 pet \/ 16&nbsp;\u2013 20<\/p>\n\n\n\n<p>Izvor:<\/p>\n\n\n\n<figure class=\"wp-block-embed-wordpress wp-block-embed is-type-wp-embed is-provider-suvremena-hrvatska-fotografija\"><div class=\"wp-block-embed__wrapper\">\n<blockquote class=\"wp-embedded-content\" data-secret=\"uKsLJP3T16\"><a href=\"https:\/\/croatian-photography.com\/meko-okidanje-upoznajemo-povijest-zenske-fotografije-u-hrvatskoj\/\">&#8216;Meko&#8217; okidanje? Upoznajemo povijest \u017eenske fotografije u Hrvatskoj<\/a><\/blockquote><iframe loading=\"lazy\" class=\"wp-embedded-content\" sandbox=\"allow-scripts\" security=\"restricted\" style=\"position: absolute; clip: rect(1px, 1px, 1px, 1px);\" title=\"&#8220;&#8216;Meko&#8217; okidanje? Upoznajemo povijest \u017eenske fotografije u Hrvatskoj&#8221; &#8212; Suvremena hrvatska fotografija\" src=\"https:\/\/croatian-photography.com\/meko-okidanje-upoznajemo-povijest-zenske-fotografije-u-hrvatskoj\/embed\/#?secret=uKsLJP3T16\" data-secret=\"uKsLJP3T16\" width=\"600\" height=\"338\" frameborder=\"0\" marginwidth=\"0\" marginheight=\"0\" scrolling=\"no\"><\/iframe>\n<\/div><\/figure>\n","protected":false},"excerpt":{"rendered":"","protected":false},"author":2,"featured_media":21485,"comment_status":"open","ping_status":"open","sticky":false,"template":"","format":"standard","meta":{"_acf_changed":false,"jetpack_post_was_ever_published":false,"_jetpack_newsletter_access":"","_jetpack_dont_email_post_to_subs":false,"_jetpack_newsletter_tier_id":0,"_jetpack_memberships_contains_paywalled_content":false,"_jetpack_memberships_contains_paid_content":false,"footnotes":"","jetpack_publicize_message":"","jetpack_publicize_feature_enabled":true,"jetpack_social_post_already_shared":false,"jetpack_social_options":{"image_generator_settings":{"template":"highway","default_image_id":0,"font":"","enabled":false},"version":2}},"categories":[10,3],"tags":[],"class_list":["post-21484","post","type-post","status-publish","format-standard","has-post-thumbnail","hentry","category-izlozbe","category-novosti"],"acf":{"facebook_opis":""},"jetpack_publicize_connections":[],"jetpack_featured_media_url":"https:\/\/i0.wp.com\/historiografija.hr\/wp-content\/uploads\/2020\/06\/Jadranka-Fatur.jpg?fit=1024%2C641&ssl=1","jetpack_sharing_enabled":true,"jetpack-related-posts":[{"id":52760,"url":"https:\/\/historiografija.hr\/?p=52760","url_meta":{"origin":21484,"position":0},"title":"Izlo\u017eba \u201cLo\u0161injski brodovi, njihove zastave i ljudi\u201d, 4. svibnja u 19h","author":"Filip \u0160imunjak","date":"30. travnja 2026.","format":false,"excerpt":"Hrvatski pomorski muzej Split, Glagolja\u0161a 18 (Tvr\u0111ava Gripe) Nakon \u0161to je u rujnu 2025. godine na otoku Lo\u0161inju, u suradnji Lo\u0161injskog muzeja i Hrvatskog pomorskog muzeja Split, predstavljena izlo\u017eba posve\u0107ena bogatoj pomorskoj ba\u0161tini otoka, njezino pro\u0161ireno izdanje postavlja se u Splitu. Uo\u010di blagdana svetog Dujma splitskoj \u0107e se publici predstaviti\u2026","rel":"","context":"U &quot;Izlo\u017ebe&quot;","block_context":{"text":"Izlo\u017ebe","link":"https:\/\/historiografija.hr\/?cat=10"},"img":{"alt_text":"","src":"https:\/\/i0.wp.com\/historiografija.hr\/wp-content\/uploads\/2026\/04\/Losinjski-brodovi-Izlozba-1-scaled.webp?fit=840%2C1200&ssl=1&resize=350%2C200","width":350,"height":200,"srcset":"https:\/\/i0.wp.com\/historiografija.hr\/wp-content\/uploads\/2026\/04\/Losinjski-brodovi-Izlozba-1-scaled.webp?fit=840%2C1200&ssl=1&resize=350%2C200 1x, https:\/\/i0.wp.com\/historiografija.hr\/wp-content\/uploads\/2026\/04\/Losinjski-brodovi-Izlozba-1-scaled.webp?fit=840%2C1200&ssl=1&resize=525%2C300 1.5x, https:\/\/i0.wp.com\/historiografija.hr\/wp-content\/uploads\/2026\/04\/Losinjski-brodovi-Izlozba-1-scaled.webp?fit=840%2C1200&ssl=1&resize=700%2C400 2x"},"classes":[]},{"id":52511,"url":"https:\/\/historiografija.hr\/?p=52511","url_meta":{"origin":21484,"position":1},"title":"Izlo\u017eba &#8220;Lica Sljemena&#8221;","author":"Branimir Jankovi\u0107","date":"17. travnja 2026.","format":false,"excerpt":"Srda\u010dno vas pozivamo na otvorenje izlo\u017ebe Lica Sljemena koje \u0107e se odr\u017eati u srijedu 22. travnja 2026. u 18 h ispred Muzeja Prigorja (Trg Dragutina Domjani\u0107a 5, Sesvete). Izlo\u017eba proizlazi iz istra\u017eivanja Nevene \u0160krbi\u0107 Alempijevi\u0107, Petre Kelemen i Sanje Potkonjak te intervjua sa Sljemena\u0161icama i Sljemena\u0161ima, koji su provedeni u\u2026","rel":"","context":"U &quot;Izlo\u017ebe&quot;","block_context":{"text":"Izlo\u017ebe","link":"https:\/\/historiografija.hr\/?cat=10"},"img":{"alt_text":"","src":"https:\/\/i0.wp.com\/historiografija.hr\/wp-content\/uploads\/2026\/04\/Izlozba-Lica-Sljemena.png?fit=1080%2C686&ssl=1&resize=350%2C200","width":350,"height":200,"srcset":"https:\/\/i0.wp.com\/historiografija.hr\/wp-content\/uploads\/2026\/04\/Izlozba-Lica-Sljemena.png?fit=1080%2C686&ssl=1&resize=350%2C200 1x, https:\/\/i0.wp.com\/historiografija.hr\/wp-content\/uploads\/2026\/04\/Izlozba-Lica-Sljemena.png?fit=1080%2C686&ssl=1&resize=525%2C300 1.5x, https:\/\/i0.wp.com\/historiografija.hr\/wp-content\/uploads\/2026\/04\/Izlozba-Lica-Sljemena.png?fit=1080%2C686&ssl=1&resize=700%2C400 2x, https:\/\/i0.wp.com\/historiografija.hr\/wp-content\/uploads\/2026\/04\/Izlozba-Lica-Sljemena.png?fit=1080%2C686&ssl=1&resize=1050%2C600 3x"},"classes":[]},{"id":52505,"url":"https:\/\/historiografija.hr\/?p=52505","url_meta":{"origin":21484,"position":2},"title":"Izlo\u017eba &#8220;Eschenstock \/ Jasenov prut&#8221;","author":"Branimir Jankovi\u0107","date":"17. travnja 2026.","format":false,"excerpt":"Srpsko narodno vije\u0107e (SNV) i Vizura aperta postavljaju izlo\u017ebu \u0161vicarskog slikara Velimira Ili\u0161evi\u0107a: Eschenstock \/ Jasenov prut. Izlo\u017eba se uz prisustvo autora otvara povodom 81. godi\u0161njice proboja logora\u0161a iz usta\u0161kog logora smrti Jasenovac 22. aprila 2026. u 19 sati u Srpskom kulturnom centru (SKC) u Preradovi\u0107evoj ulici 21 u Zagrebu.\u2026","rel":"","context":"U &quot;Izlo\u017ebe&quot;","block_context":{"text":"Izlo\u017ebe","link":"https:\/\/historiografija.hr\/?cat=10"},"img":{"alt_text":"","src":"https:\/\/i0.wp.com\/historiografija.hr\/wp-content\/uploads\/2026\/04\/Jasenov_prut.jpg?fit=1024%2C640&ssl=1&resize=350%2C200","width":350,"height":200,"srcset":"https:\/\/i0.wp.com\/historiografija.hr\/wp-content\/uploads\/2026\/04\/Jasenov_prut.jpg?fit=1024%2C640&ssl=1&resize=350%2C200 1x, https:\/\/i0.wp.com\/historiografija.hr\/wp-content\/uploads\/2026\/04\/Jasenov_prut.jpg?fit=1024%2C640&ssl=1&resize=525%2C300 1.5x, https:\/\/i0.wp.com\/historiografija.hr\/wp-content\/uploads\/2026\/04\/Jasenov_prut.jpg?fit=1024%2C640&ssl=1&resize=700%2C400 2x"},"classes":[]},{"id":52573,"url":"https:\/\/historiografija.hr\/?p=52573","url_meta":{"origin":21484,"position":3},"title":"Znanstvena konferencija &#8220;Filozofija odgoja: povijest, praksa, perspektive&#8221;","author":"Branimir Jankovi\u0107","date":"21. travnja 2026.","format":false,"excerpt":"Znanstvena konferencija \"Filozofija odgoja: povijest, praksa, perspektive\" odr\u017eat \u0107e se 23. i 24. travnja 2026. u Konferencijskoj dvorani Knji\u017enice Filozofskog fakulteta u Zagrebu (2. kat).\u00a0Konferencija je organizirana u okviru projekta\u00a0SUMKOS (voditeljica prof. dr. sc. Ivana Zagorac, financiran\u00a0sredstvima NextGenerationEU), uz potporu Odsjeka za filozofiju.\u00a0 Uz izlaga\u010dki dio, konferencija obuhva\u0107a i izlo\u017ebu\u2026","rel":"","context":"U &quot;Novosti&quot;","block_context":{"text":"Novosti","link":"https:\/\/historiografija.hr\/?cat=3"},"img":{"alt_text":"","src":"","width":0,"height":0},"classes":[]},{"id":52575,"url":"https:\/\/historiografija.hr\/?p=52575","url_meta":{"origin":21484,"position":4},"title":"Izlo\u017eba dje\u010djih radova \u201cU po\u010detku bija\u0161e crte\u017e\u2026\u201d","author":"Branimir Jankovi\u0107","date":"21. travnja 2026.","format":false,"excerpt":"U subotu, 25. travnja 2026. u 11 sati u Galeriji Klovi\u0107evi dvori sve\u010dano otvaramo izlo\u017ebu dje\u010djih radova pod nazivom U po\u010detku bija\u0161e crte\u017e\u2026 Radovi su nastali u sklopu likovnih radionica uz izlo\u017ebu U po\u010detku bija\u0161e kraljevstvo \u2013 izlo\u017eba povodom 1100 godina Hrvatskoga Kraljevstva. Na brojnim likovnim radionicama, uz \u0161kolsku djecu,\u2026","rel":"","context":"U &quot;Izlo\u017ebe&quot;","block_context":{"text":"Izlo\u017ebe","link":"https:\/\/historiografija.hr\/?cat=10"},"img":{"alt_text":"","src":"https:\/\/i0.wp.com\/historiografija.hr\/wp-content\/uploads\/2025\/10\/Klovicevi_sluzbeni-plakat.png?fit=840%2C1200&ssl=1&resize=350%2C200","width":350,"height":200,"srcset":"https:\/\/i0.wp.com\/historiografija.hr\/wp-content\/uploads\/2025\/10\/Klovicevi_sluzbeni-plakat.png?fit=840%2C1200&ssl=1&resize=350%2C200 1x, https:\/\/i0.wp.com\/historiografija.hr\/wp-content\/uploads\/2025\/10\/Klovicevi_sluzbeni-plakat.png?fit=840%2C1200&ssl=1&resize=525%2C300 1.5x, https:\/\/i0.wp.com\/historiografija.hr\/wp-content\/uploads\/2025\/10\/Klovicevi_sluzbeni-plakat.png?fit=840%2C1200&ssl=1&resize=700%2C400 2x"},"classes":[]},{"id":52752,"url":"https:\/\/historiografija.hr\/?p=52752","url_meta":{"origin":21484,"position":5},"title":"Otvaranje izlo\u017ebe &#8220;Hrvati na So\u010danskom frontu&#8221; i predavanje &#8220;So\u010danska fronta u Prvome svjetskom ratu&#8221;","author":"Filip \u0160imunjak","date":"30. travnja 2026.","format":false,"excerpt":"Otvaranje izlo\u017ebe \u201eHrvati na So\u010danskom frontu\u201c, Kobari\u0161ki muzej Prvog svjetskog rata, Kobarid, odr\u017eat \u0107e se u sklopu ovogodi\u0161njega Festivala povijesti Kliofest u Nacionalnoj i sveu\u010dili\u0161noj knji\u017enici u Zagrebu, u utorak 5. svibnja, s po\u010detkom u 10 sati, uz sudjelovanje: Ga\u0161pera Dov\u017eana, veleposlanika Republike Slovenije u RH, te Martina \u0160olara, direktora\u2026","rel":"","context":"U &quot;Izlo\u017ebe&quot;","block_context":{"text":"Izlo\u017ebe","link":"https:\/\/historiografija.hr\/?cat=10"},"img":{"alt_text":"","src":"https:\/\/i0.wp.com\/historiografija.hr\/wp-content\/uploads\/2026\/04\/Kliofest-01-utorak-II-08-P-Socanska-fronta.jpg?fit=1200%2C566&ssl=1&resize=350%2C200","width":350,"height":200,"srcset":"https:\/\/i0.wp.com\/historiografija.hr\/wp-content\/uploads\/2026\/04\/Kliofest-01-utorak-II-08-P-Socanska-fronta.jpg?fit=1200%2C566&ssl=1&resize=350%2C200 1x, https:\/\/i0.wp.com\/historiografija.hr\/wp-content\/uploads\/2026\/04\/Kliofest-01-utorak-II-08-P-Socanska-fronta.jpg?fit=1200%2C566&ssl=1&resize=525%2C300 1.5x, https:\/\/i0.wp.com\/historiografija.hr\/wp-content\/uploads\/2026\/04\/Kliofest-01-utorak-II-08-P-Socanska-fronta.jpg?fit=1200%2C566&ssl=1&resize=700%2C400 2x, https:\/\/i0.wp.com\/historiografija.hr\/wp-content\/uploads\/2026\/04\/Kliofest-01-utorak-II-08-P-Socanska-fronta.jpg?fit=1200%2C566&ssl=1&resize=1050%2C600 3x"},"classes":[]}],"_links":{"self":[{"href":"https:\/\/historiografija.hr\/index.php?rest_route=\/wp\/v2\/posts\/21484","targetHints":{"allow":["GET"]}}],"collection":[{"href":"https:\/\/historiografija.hr\/index.php?rest_route=\/wp\/v2\/posts"}],"about":[{"href":"https:\/\/historiografija.hr\/index.php?rest_route=\/wp\/v2\/types\/post"}],"author":[{"embeddable":true,"href":"https:\/\/historiografija.hr\/index.php?rest_route=\/wp\/v2\/users\/2"}],"replies":[{"embeddable":true,"href":"https:\/\/historiografija.hr\/index.php?rest_route=%2Fwp%2Fv2%2Fcomments&post=21484"}],"version-history":[{"count":1,"href":"https:\/\/historiografija.hr\/index.php?rest_route=\/wp\/v2\/posts\/21484\/revisions"}],"predecessor-version":[{"id":21486,"href":"https:\/\/historiografija.hr\/index.php?rest_route=\/wp\/v2\/posts\/21484\/revisions\/21486"}],"wp:featuredmedia":[{"embeddable":true,"href":"https:\/\/historiografija.hr\/index.php?rest_route=\/wp\/v2\/media\/21485"}],"wp:attachment":[{"href":"https:\/\/historiografija.hr\/index.php?rest_route=%2Fwp%2Fv2%2Fmedia&parent=21484"}],"wp:term":[{"taxonomy":"category","embeddable":true,"href":"https:\/\/historiografija.hr\/index.php?rest_route=%2Fwp%2Fv2%2Fcategories&post=21484"},{"taxonomy":"post_tag","embeddable":true,"href":"https:\/\/historiografija.hr\/index.php?rest_route=%2Fwp%2Fv2%2Ftags&post=21484"}],"curies":[{"name":"wp","href":"https:\/\/api.w.org\/{rel}","templated":true}]}}