{"id":21323,"date":"2020-06-02T11:27:53","date_gmt":"2020-06-02T11:27:53","guid":{"rendered":"http:\/\/historiografija.hr\/?p=21323"},"modified":"2020-06-02T11:27:53","modified_gmt":"2020-06-02T11:27:53","slug":"david-bidussa-la-misura-del-potere-pio-xii-e-i-totalitarismi-tra-il-1932-e-il-1948","status":"publish","type":"post","link":"https:\/\/historiografija.hr\/?p=21323","title":{"rendered":"David Bidussa, &#8220;La misura del potere. Pio XII e i totalitarismi tra il 1932 e il 1948&#8221;"},"content":{"rendered":"<p>U svibnju 2020. godine objavljena je knjiga Davida Bidusse &#8220;La misura del potere. Pio XII e i totalitarismi tra il 1932 e il 1948&#8221; o papi Piju XII i totalitarizmima u periodu od 1932. do 1948. godine, o kojoj je ve\u0107 pisano i kod nas.<\/p>\n<p>&nbsp;<\/p>\n<p>&#8212;<\/p>\n<p>&nbsp;<\/p>\n<p><strong>La misura del potere<\/strong><\/p>\n<p>Autore: David Bidussa<\/p>\n<p>Pagine: 272<\/p>\n<p>Anno: 2020<\/p>\n<p>&nbsp;<\/p>\n<p>I decenni pi\u00f9 neri dell\u2019Europa: tra gli anni Trenta e l\u2019inizio della guerra fredda. Un tempo in cui tutto cambia e anche la Chiesa deve confrontarsi con i nuovi poteri via via emergenti: prima i totalitarismi europei, poi le due superpotenze del mondo bipolare.<\/p>\n<p>&nbsp;<\/p>\n<p>In questo quadro, risulta centrale la questione del rapporto tra mondo cattolico ed ebraismo, non solo negli anni della persecuzione e dello sterminio ma anche dopo, con un \u00abritorno a casa\u00bb dei sopravvissuti segnato da ostilit\u00e0 e da pogrom, e con la partita aperta della questione mediorientale.<\/p>\n<p>&nbsp;<\/p>\n<p>Quale fu, rispetto a questi temi, la posizione della Chiesa e in particolare di papa Pio XII, che era stato nunzio apostolico a Berlino durante l\u2019ascesa di Hitler? Come mut\u00f2 in quegli anni la visione di politica internazionale della Santa Sede? Chi era il nemico irriducibile: il nazismo pagano, il fascismo con i suoi richiami alla religione di Stato, o il comunismo tenacemente ateo? Quando, e in quali modi, la Chiesa si avvicin\u00f2 alle posizioni dell\u2019alleato americano, non sempre in sintonia con le priorit\u00e0 strategiche del Vaticano?<\/p>\n<p>&nbsp;<\/p>\n<p>Interrogando i documenti, molti inediti, alcuni recentemente desecretati, questo saggio indaga il periodo tra il 1932 e il 1948. Tre lustri durante i quali il mondo cambi\u00f2 aspetto, ma pregiudizi e timori profondamente radicati rimasero vivi nelle menti e nelle prassi di popoli e istituzioni. Indagarne la persistenza, capire come influenzarono azioni, inazioni, silenzi e decisioni della Chiesa come degli altri protagonisti di quegli eventi, \u00e8 oggi pi\u00f9 necessario che mai.<\/p>\n<p>&nbsp;<\/p>\n<p><a href=\"http:\/\/www.solferinolibri.it\/libri\/la-misura-del-potere\/\">http:\/\/www.solferinolibri.it\/libri\/la-misura-del-potere\/<\/a><\/p>\n<p>&nbsp;<\/p>\n<p><strong>Odjeci:<\/strong><\/p>\n<p><a href=\"https:\/\/www.radioradicale.it\/scheda\/606396\/le-parole-e-le-cose-conversazione-con-david-bidussa-autore-del-libro-la-misura-del\">https:\/\/www.radioradicale.it\/scheda\/606396\/le-parole-e-le-cose-conversazione-con-david-bidussa-autore-del-libro-la-misura-del<\/a><\/p>\n<p><a href=\"https:\/\/www.osservatorioantisemitismo.it\/articoli\/david-bidussa-la-misura-del-potere-pio-xii-e-i-totalitarismi-tra-il-1932-e-il-1948-solferino-milano\/\">https:\/\/www.osservatorioantisemitismo.it\/articoli\/david-bidussa-la-misura-del-potere-pio-xii-e-i-totalitarismi-tra-il-1932-e-il-1948-solferino-milano\/<\/a><\/p>\n<p><a href=\"https:\/\/moked.it\/blog\/2020\/05\/15\/la-chiesa-di-pio-xii-e-i-totalitarismi\/\">https:\/\/moked.it\/blog\/2020\/05\/15\/la-chiesa-di-pio-xii-e-i-totalitarismi\/<\/a><\/p>\n<p><a href=\"https:\/\/gazzettadimantova.gelocal.it\/tempo-libero\/2020\/05\/27\/news\/fra-alleanze-e-nemici-irriducibili-il-mondo-e-la-chiesa-di-pio-xii-1.38898646\">https:\/\/gazzettadimantova.gelocal.it\/tempo-libero\/2020\/05\/27\/news\/fra-alleanze-e-nemici-irriducibili-il-mondo-e-la-chiesa-di-pio-xii-1.38898646<\/a><\/p>\n<p><a href=\"https:\/\/euractiv.jutarnji.hr\/PiD\/unutarnjapolitika\/papa-pio-xii-nije-odobravao-genocid-zidova-i-srba-ali-je-kod-ustasa-volio-to-sto-su-protiv-abortusa-pornografije-i-komunizma\/10345273\/\">https:\/\/euractiv.jutarnji.hr\/PiD\/unutarnjapolitika\/papa-pio-xii-nije-odobravao-genocid-zidova-i-srba-ali-je-kod-ustasa-volio-to-sto-su-protiv-abortusa-pornografije-i-komunizma\/10345273\/<\/a><\/p>\n<p>&nbsp;<\/p>\n<p>&nbsp;<\/p>\n","protected":false},"excerpt":{"rendered":"","protected":false},"author":2,"featured_media":21324,"comment_status":"open","ping_status":"open","sticky":false,"template":"","format":"standard","meta":{"_acf_changed":false,"jetpack_post_was_ever_published":false,"_jetpack_newsletter_access":"","_jetpack_dont_email_post_to_subs":false,"_jetpack_newsletter_tier_id":0,"_jetpack_memberships_contains_paywalled_content":false,"_jetpack_memberships_contains_paid_content":false,"footnotes":"","jetpack_publicize_message":"","jetpack_publicize_feature_enabled":true,"jetpack_social_post_already_shared":true,"jetpack_social_options":{"image_generator_settings":{"template":"highway","default_image_id":0,"font":"","enabled":false},"version":2}},"categories":[8,3],"tags":[],"class_list":["post-21323","post","type-post","status-publish","format-standard","has-post-thumbnail","hentry","category-knjige","category-novosti"],"acf":{"facebook_opis":""},"jetpack_publicize_connections":[],"jetpack_featured_media_url":"https:\/\/i0.wp.com\/historiografija.hr\/wp-content\/uploads\/2020\/06\/Bidussa_La-MISURA.jpg?fit=350%2C551&ssl=1","jetpack_sharing_enabled":true,"jetpack-related-posts":[{"id":52439,"url":"https:\/\/historiografija.hr\/?p=52439","url_meta":{"origin":21323,"position":0},"title":"Tribina &#8220;Ahmi\u0107i 33 godine kasnije: Ne u na\u0161e ime&#8221;","author":"Branimir Jankovi\u0107","date":"16. travnja 2026.","format":false,"excerpt":"U \u010detvrtak, 16. travnja 2026. u 17 sati u Knji\u017enici i \u010ditaonici Bogdana Ogrizovi\u0107a u Zagrebu odr\u017eat \u0107e se tribina pod nazivom Ahmi\u0107i 33 godine kasnije: Ne u na\u0161e ime. Na tribini \u0107e govoriti Ivica \u0110iki\u0107, novinar, Mubera Masli\u0107 \u2013 \u017ddralovi\u0107, aktivistikinja, prevoditeljica za arapski, Domagoj Fuk, student politologije, \u010dlan\u2026","rel":"","context":"U &quot;Novosti&quot;","block_context":{"text":"Novosti","link":"https:\/\/historiografija.hr\/?cat=3"},"img":{"alt_text":"","src":"https:\/\/i0.wp.com\/historiografija.hr\/wp-content\/uploads\/2026\/04\/Zagreb_2026.jpeg?fit=1200%2C900&ssl=1&resize=350%2C200","width":350,"height":200,"srcset":"https:\/\/i0.wp.com\/historiografija.hr\/wp-content\/uploads\/2026\/04\/Zagreb_2026.jpeg?fit=1200%2C900&ssl=1&resize=350%2C200 1x, https:\/\/i0.wp.com\/historiografija.hr\/wp-content\/uploads\/2026\/04\/Zagreb_2026.jpeg?fit=1200%2C900&ssl=1&resize=525%2C300 1.5x, https:\/\/i0.wp.com\/historiografija.hr\/wp-content\/uploads\/2026\/04\/Zagreb_2026.jpeg?fit=1200%2C900&ssl=1&resize=700%2C400 2x, https:\/\/i0.wp.com\/historiografija.hr\/wp-content\/uploads\/2026\/04\/Zagreb_2026.jpeg?fit=1200%2C900&ssl=1&resize=1050%2C600 3x"},"classes":[]},{"id":52616,"url":"https:\/\/historiografija.hr\/?p=52616","url_meta":{"origin":21323,"position":1},"title":"No\u0107 knjige 2026.","author":"Branimir Jankovi\u0107","date":"22. travnja 2026.","format":false,"excerpt":"Slavljeni\u010dka 15. No\u0107 knjige odr\u017eat \u0107e se 23. travnja diljem Hrvatske u povodu Svjetskog dana knjige i autorskih prava te Dana hrvatske knjige. S vi\u0161e od 1.000 prijavljenih programa i akcija s pravom nosi epitet najmasovnije doma\u0107e kulturne manifestacije, a ove \u0107e godine prote\u0107i u znaku mira, razumijevanja, tolerancije, srodnosti\u2026","rel":"","context":"U &quot;Novosti&quot;","block_context":{"text":"Novosti","link":"https:\/\/historiografija.hr\/?cat=3"},"img":{"alt_text":"","src":"https:\/\/i0.wp.com\/historiografija.hr\/wp-content\/uploads\/2026\/04\/noc_knjige_2026.jpg?fit=680%2C276&ssl=1&resize=350%2C200","width":350,"height":200,"srcset":"https:\/\/i0.wp.com\/historiografija.hr\/wp-content\/uploads\/2026\/04\/noc_knjige_2026.jpg?fit=680%2C276&ssl=1&resize=350%2C200 1x, https:\/\/i0.wp.com\/historiografija.hr\/wp-content\/uploads\/2026\/04\/noc_knjige_2026.jpg?fit=680%2C276&ssl=1&resize=525%2C300 1.5x"},"classes":[]},{"id":52666,"url":"https:\/\/historiografija.hr\/?p=52666","url_meta":{"origin":21323,"position":2},"title":"Najava programa Festivala povijesti Kliofest (5-8. V. 2026)","author":"Branimir Jankovi\u0107","date":"24. travnja 2026.","format":false,"excerpt":"Po trinaesti put odr\u017eava se Festival povijesti Kliofest! Do petka \u0107emo odr\u017eati osam okruglih stolova i dva kolokvija te niz predstavljanja knjiga i projekata razli\u010dite tematike, od antike do suvremenosti. Bit \u0107e predstavljeno i nekoliko izlo\u017ebi te odr\u017ean jedan povijesni kviz. Prikazat \u0107emo i jedan film \u2013 o generalu Boroevi\u0107u.\u2026","rel":"","context":"U &quot;Novosti&quot;","block_context":{"text":"Novosti","link":"https:\/\/historiografija.hr\/?cat=3"},"img":{"alt_text":"","src":"https:\/\/i0.wp.com\/historiografija.hr\/wp-content\/uploads\/2026\/04\/Kliofest-2026.jpg?fit=526%2C526&ssl=1&resize=350%2C200","width":350,"height":200,"srcset":"https:\/\/i0.wp.com\/historiografija.hr\/wp-content\/uploads\/2026\/04\/Kliofest-2026.jpg?fit=526%2C526&ssl=1&resize=350%2C200 1x, https:\/\/i0.wp.com\/historiografija.hr\/wp-content\/uploads\/2026\/04\/Kliofest-2026.jpg?fit=526%2C526&ssl=1&resize=525%2C300 1.5x"},"classes":[]},{"id":52559,"url":"https:\/\/historiografija.hr\/?p=52559","url_meta":{"origin":21323,"position":3},"title":"Dobitnici dr\u017eavne nagrade za znanost za 2024. godinu","author":"Branimir Jankovi\u0107","date":"20. travnja 2026.","format":false,"excerpt":"Na sjednici Odbora za podjelu dr\u017eavnih nagrada za znanost odr\u017eanoj 16. travnja 2026. godine donesena je Odluka o dodjeli dr\u017eavnih nagrada za znanost za 2024. godinu. Godi\u0161njom nagradom za popularizaciju i promid\u017ebu znanosti nagra\u0111eni su u podru\u010dju humanisti\u010dkih znanosti znanstveni suradnici dr. sc. Josip Mihaljevi\u0107 i dr. sc. Gordan Ravan\u010di\u0107,\u2026","rel":"","context":"U &quot;Novosti&quot;","block_context":{"text":"Novosti","link":"https:\/\/historiografija.hr\/?cat=3"},"img":{"alt_text":"","src":"https:\/\/i0.wp.com\/historiografija.hr\/wp-content\/uploads\/2021\/12\/povijesne-kontroverze.jpg?fit=1200%2C675&ssl=1&resize=350%2C200","width":350,"height":200,"srcset":"https:\/\/i0.wp.com\/historiografija.hr\/wp-content\/uploads\/2021\/12\/povijesne-kontroverze.jpg?fit=1200%2C675&ssl=1&resize=350%2C200 1x, https:\/\/i0.wp.com\/historiografija.hr\/wp-content\/uploads\/2021\/12\/povijesne-kontroverze.jpg?fit=1200%2C675&ssl=1&resize=525%2C300 1.5x, https:\/\/i0.wp.com\/historiografija.hr\/wp-content\/uploads\/2021\/12\/povijesne-kontroverze.jpg?fit=1200%2C675&ssl=1&resize=700%2C400 2x, https:\/\/i0.wp.com\/historiografija.hr\/wp-content\/uploads\/2021\/12\/povijesne-kontroverze.jpg?fit=1200%2C675&ssl=1&resize=1050%2C600 3x"},"classes":[]},{"id":52547,"url":"https:\/\/historiografija.hr\/?p=52547","url_meta":{"origin":21323,"position":4},"title":"ISHA Zagreb \u2013 Filmska ve\u010der: Povratak Martina Guerrea","author":"Branimir Jankovi\u0107","date":"20. travnja 2026.","format":false,"excerpt":"Klub studenata povijesti \u2013 ISHA Zagreb poziva Vas na filmsku ve\u010der na kojoj \u0107e se prikazivati \u201ePovratak Martina Guerrea\u201c, povijesna drama iz 1982. godine s radnjom smje\u0161tenom u 16. stolje\u0107u. Radnja je utemeljena na stvarnoj povijesnoj li\u010dnosti Martina Guerrea koji se nakon mnogo godina izbivanja vra\u0107a u svoje rodno mjesto\u2026","rel":"","context":"U &quot;Filmovi i serije&quot;","block_context":{"text":"Filmovi i serije","link":"https:\/\/historiografija.hr\/?cat=13"},"img":{"alt_text":"","src":"https:\/\/i0.wp.com\/historiografija.hr\/wp-content\/uploads\/2026\/04\/M-Guerre.png?fit=702%2C1006&ssl=1&resize=350%2C200","width":350,"height":200,"srcset":"https:\/\/i0.wp.com\/historiografija.hr\/wp-content\/uploads\/2026\/04\/M-Guerre.png?fit=702%2C1006&ssl=1&resize=350%2C200 1x, https:\/\/i0.wp.com\/historiografija.hr\/wp-content\/uploads\/2026\/04\/M-Guerre.png?fit=702%2C1006&ssl=1&resize=525%2C300 1.5x, https:\/\/i0.wp.com\/historiografija.hr\/wp-content\/uploads\/2026\/04\/M-Guerre.png?fit=702%2C1006&ssl=1&resize=700%2C400 2x"},"classes":[]},{"id":52569,"url":"https:\/\/historiografija.hr\/?p=52569","url_meta":{"origin":21323,"position":5},"title":"[Predavanje] Ne \u010dekaju\u0107i inspiraciju \u2013 anga\u017eovane intelektualne, kulturalne i umetni\u010dke prakse u me\u0111uratnom periodu: teorija i praksa kriti\u010dke levice u jugoslovenskoj kulturi (YugoLab)","author":"Branimir Jankovi\u0107","date":"21. travnja 2026.","format":false,"excerpt":"U vreme agresivnog ja\u010danja globalne desnice, (pro)fa\u0161isti\u010dkih, rasisti\u010dkih i imperijalisti\u010dkih politika, dok je istovremeno globalna levica izrazito slaba, a progresivni pokreti atomizirani i fragmentisani, va\u017eno je iz savremene perspektive vratiti se revolucionarnim i emancipatorskim zbivanjima u jugoslovenskom (ali i s njima u vezi internacionalnim de\u0161avanjima), kao i dru\u0161tvenoj ulozi kulturalnih\u2026","rel":"","context":"U &quot;Novosti&quot;","block_context":{"text":"Novosti","link":"https:\/\/historiografija.hr\/?cat=3"},"img":{"alt_text":"","src":"","width":0,"height":0},"classes":[]}],"_links":{"self":[{"href":"https:\/\/historiografija.hr\/index.php?rest_route=\/wp\/v2\/posts\/21323","targetHints":{"allow":["GET"]}}],"collection":[{"href":"https:\/\/historiografija.hr\/index.php?rest_route=\/wp\/v2\/posts"}],"about":[{"href":"https:\/\/historiografija.hr\/index.php?rest_route=\/wp\/v2\/types\/post"}],"author":[{"embeddable":true,"href":"https:\/\/historiografija.hr\/index.php?rest_route=\/wp\/v2\/users\/2"}],"replies":[{"embeddable":true,"href":"https:\/\/historiografija.hr\/index.php?rest_route=%2Fwp%2Fv2%2Fcomments&post=21323"}],"version-history":[{"count":1,"href":"https:\/\/historiografija.hr\/index.php?rest_route=\/wp\/v2\/posts\/21323\/revisions"}],"predecessor-version":[{"id":21325,"href":"https:\/\/historiografija.hr\/index.php?rest_route=\/wp\/v2\/posts\/21323\/revisions\/21325"}],"wp:featuredmedia":[{"embeddable":true,"href":"https:\/\/historiografija.hr\/index.php?rest_route=\/wp\/v2\/media\/21324"}],"wp:attachment":[{"href":"https:\/\/historiografija.hr\/index.php?rest_route=%2Fwp%2Fv2%2Fmedia&parent=21323"}],"wp:term":[{"taxonomy":"category","embeddable":true,"href":"https:\/\/historiografija.hr\/index.php?rest_route=%2Fwp%2Fv2%2Fcategories&post=21323"},{"taxonomy":"post_tag","embeddable":true,"href":"https:\/\/historiografija.hr\/index.php?rest_route=%2Fwp%2Fv2%2Ftags&post=21323"}],"curies":[{"name":"wp","href":"https:\/\/api.w.org\/{rel}","templated":true}]}}