{"id":21277,"date":"2020-05-29T10:19:12","date_gmt":"2020-05-29T10:19:12","guid":{"rendered":"http:\/\/historiografija.hr\/?p=21277"},"modified":"2020-05-29T10:19:12","modified_gmt":"2020-05-29T10:19:12","slug":"mike-davis-and-jon-wiener-set-the-night-on-fire-l-a-in-the-sixties","status":"publish","type":"post","link":"https:\/\/historiografija.hr\/?p=21277","title":{"rendered":"Mike Davis and Jon Wiener, \u201cSet the Night on Fire: L.A. in the Sixties\u201d"},"content":{"rendered":"<p>Los Angeles in the sixties was a hotbed of political and social upheaval. The city was a launchpad for Black Power\u2014where Malcolm X and Angela Davis first came to prominence and the Watts uprising shook the nation. The city was home to the Chicano Blowouts and Chicano Moratorium, as well as being the birthplace of \u201cAsian American\u201d as a political identity. It was a locus of the antiwar movement, gay liberation movement, and women\u2019s movement, and, of course, the capital of California counterculture.<\/p>\n<p>Mike Davis and Jon Wiener provide the first comprehensive movement history of L.A. in the sixties, drawing on extensive archival research and dozens of interviews with principal figures, as well as the authors\u2019 storied personal histories as activists. Following on from Davis\u2019s awardwinning L.A. history, <em>City of Quartz<\/em>, <em>Set the Night on Fire<\/em> is a historical tour de force, delivered in scintillating and fiercely beautiful prose.<\/p>\n<p>&nbsp;<\/p>\n<p><em>A magisterial, riveting movement history of Los Angeles in the Sixties<\/em><\/p>\n<p>&nbsp;<\/p>\n<p>800 pages \/ April 2020 \/ 9781784780227<\/p>\n<p>&nbsp;<\/p>\n<p><a href=\"https:\/\/www.versobooks.com\/books\/3164-set-the-night-on-fire\">https:\/\/www.versobooks.com\/books\/3164-set-the-night-on-fire<\/a><\/p>\n<p>&nbsp;<\/p>\n<p><strong>Reviews<\/strong><\/p>\n<p>\u201cThe familiar, monochromatic picture of Los Angeles in the sixties\u2014all Hollywood pop and Didion ennui\u2014required a million people of African, Asian, and Mexican ancestry to be \u2018edited out of utopia,\u2019 as Mike Davis and Jon Wiener put it. What those people actually did, alongside antiwar feminists, high school students, and others, is the heart of this book, and it\u2019s a big heart. No one could tell these intersecting stories better than Davis and Wiener, and their book gives us back a great city\u2019s greatness in its movements, edges, and other centers, so many of them forgotten.\u201d<\/p>\n<p>\u2013 Rebecca Solnit, author of <em>Recollections of My Nonexistence<\/em><\/p>\n<p>&nbsp;<\/p>\n<p>\u201cThe great task of <em>Set the Night on Fire<\/em> is to remedy the erasures of the black, brown and queer activists who put their bodies on the line. Mike Davis and Jon Wiener remind us that what there is of progressivism in the city today (we can debate how much) has a very deep history of struggle against unforgiving reactionary forces. Revolutionary artist-nuns, educator-organizers and free-jazz visionaries are just a few of a vast cast of characters that together paint a stirring portrait of a visionary Los Angeles ever-emerging from the shadows of the old order. It\u2019s high time radical LA came out of the closet. This book blows the door wide open. Viva Los Angeles Libre!\u201d<\/p>\n<p>\u2013 Rub\u00e9n Mart\u00ednez, author of <em>Desert America: A Journey Across Our Most Divided Landscape<\/em><\/p>\n<p>&nbsp;<\/p>\n<p>\u201cDavis\u2019s and Wiener\u2019s L.A. is not the glossy theme park of mansions, beaches, and glitzed-up noir, but the undercity of outsiders struggling to get out from under the savage police to stake out a place in the sun. Their book is a rare and necessary saga of unsung heroes, vicious authorities, and unpunished crimes\u2014a timely reminder of opportunities seized and opportunities wasted.\u201d<\/p>\n<p>\u2013 Todd Gitlin, author of <em>The Sixties: Years of Hope, Days of Rage<\/em><\/p>\n<p>&nbsp;<\/p>\n<p>\u201cThis is history from below, in the very best sense, focusing on grassroots heroes and struggles. A magnificent mural of the local Sixties, written with verve and passion by two of my favorite locals.\u201d<\/p>\n<p>\u2013 Barbara Ehrenreich, author of <em>Natural Causes: An Epidemic of Wellness, the Certainty of Dying, and Killing Ourselves to Live Longer<\/em><\/p>\n<p>&nbsp;<\/p>\n<p>\u201cThis huge and exhilarating work of history aims to restore some depth and accuracy to how we talk about Los Angeles in the 1960s \u2026 Davis and Wiener have created an important book to read in a time where LA needs more than ever to be mobilized.\u201d<\/p>\n<p>\u2013 John Freeman, <a href=\"https:\/\/lithub.com\/lit-hubs-most-anticipated-books-of-2020\/?single=true\"><em>Lit Hub (\u201cMost Anticipated Books of 2020\u201d)<\/em><\/a><\/p>\n<p>&nbsp;<\/p>\n<p>\u201cFrom the Ash Grove to Aztl\u00e1n, from the Valley to Vietnam, it\u2019s all here. Step inside and meet an amazing array of characters who risked life and limb to drag the City of Angels out of the dark ages. In showing how struggles for free health care, adequate housing, functional schools, racial and sexual liberation, new forms of creative expression, and the human right of freedom from brutal police violence came together into a mighty torrent, Wiener and Davis have written a revolutionary history for an age of continuing contradictions.\u201d<\/p>\n<p>\u2013 Daniel Widener, author of <em>Black Arts West: Culture and Struggle in Postwar Los Angeles<\/em><\/p>\n<p>&nbsp;<\/p>\n<p>\u201cA richly detailed portrait of a city that seethed with rebellious energy.\u201d<\/p>\n<p>\u2013 <em>Kirkus<\/em><\/p>\n<p>&nbsp;<\/p>\n<p>\u201cSet the Night on Fire fixes on one mission\u2014collate the stories of emancipation struggle in \u201960s LA\u2014and runs with it, using document research to complete the job. This is the approach Davis has been using in the twenty-first century, and it works.\u201d<\/p>\n<p>\u2013 Sasha Frere-Jones, <a href=\"https:\/\/www.bookforum.com\/print\/2701\/a-new-history-of-60s-radicalism-on-the-west-coast-23940\"><em>Bookforum<\/em><\/a><\/p>\n<p>&nbsp;<\/p>\n<p>\u201cAn indispensable portrait of an unexplored chapter in the history of American progressivism.\u201d<\/p>\n<p>\u2013 <a href=\"https:\/\/www.publishersweekly.com\/9781784780227\"><em>Publishers Weekly<\/em><\/a>, 20 April 2020<\/p>\n<p>&nbsp;<\/p>\n<p>\u201cInsightful and innovative &#8230;\u00a0Set the Night on Fire: L.A. in the Sixties is both a fierce political and cultural history and a geographic corrective.\u201d<\/p>\n<p>\u2013 William Deverell, <a href=\"https:\/\/altaonline.com\/mike-davis-and-jon-wiener-set-the-night-on-fire-los-angeles-in-the-sixties\/\"><em>Alta<\/em><\/a><\/p>\n<p>&nbsp;<\/p>\n<p>\u201cAuthoritative and impressive &#8230; Set the Night on Fire is an essential reference to L.A.\u2019s rich history of civil unrest, with a hopeful undercurrent. Movements can and often do force change.\u201d<\/p>\n<p>\u2013 Erik Himmelsbach-Weinstein, <a href=\"https:\/\/www.latimes.com\/entertainment-arts\/books\/story\/2020-04-13\/the-60s-movements-for-justice-in-los-angeles\"><em>Los Angeles Times<\/em><\/a>, 20 April 2020<\/p>\n<p>&nbsp;<\/p>\n<p>\u201cA monumental history of rebellion and resistance.\u201d<\/p>\n<p>\u2013 <a href=\"https:\/\/lareviewofbooks.org\/article\/set-night-fire\/\"><em>Los Angeles Review of Books<\/em><\/a><\/p>\n<p>&nbsp;<\/p>\n<p>\u201cCombining comprehensive, mineshaft-deep research with unique firsthand knowledge, [Davis and Wiener&#8217;s] recounting of the radical \u201960s in Los Angeles will likely not be surpassed.\u201d<\/p>\n<p>\u2013 Jerald Podair, <a href=\"https:\/\/lareviewofbooks.org\/article\/the-fire-and-the-fizzle\/\"><em>Los Angeles Review of Books<\/em><\/a><\/p>\n<p>&nbsp;<\/p>\n<p>\u201cSet the Night on Fire: L.A. in the Sixties is a book as vast as the city itself.\u201d<\/p>\n<p>\u2013 Ron Jacobs, <a href=\"https:\/\/www.counterpunch.org\/2020\/04\/17\/the-sixties-in-the-city-of-the-fallen-angels\/\"><em>CounterPunch<\/em><\/a><\/p>\n<p>&nbsp;<\/p>\n<p>\u201cMonumental. &#8230; For new generations growing up in a city whose very history is rarely acknowledged to exist, Set the Night on Fire is a vital primer in resistance, a gift to the future from the past.\u201d<\/p>\n<p>\u2013 Ben Ehrenreich, <a href=\"https:\/\/www.theguardian.com\/books\/2020\/apr\/22\/set-the-night-on-fire-by-mike-davis-and-jon-wiener-review-la-in-the-sixties\"><em>Guardian<\/em><\/a><\/p>\n<p>&nbsp;<\/p>\n<p>\u201cThese are war stories, the intended audience of which is the young organizers of today, many of them the children and grandchildren of his friends and heroes in the sixties.\u201d<\/p>\n<p>\u2013 Dana Goodyear, <a href=\"https:\/\/www.newyorker.com\/news\/california-chronicles\/mike-davis-in-the-age-of-catastrophe\"><em>New Yorker<\/em><\/a><\/p>\n<p>&nbsp;<\/p>\n<p>\u201cAnyone familiar with Mike Davis\u2019s magisterial social history of Los Angeles, City of Quartz, will know what to expect in terms of the epic sweep and questioning tone of Set the Night on Fire.\u00a0This time, the focus is firmly on race and rebellion, but he and Wiener also map out the myriad protest movements, countercultural voices and campaigns that made 1960s Los Angeles an altogether more edgy and volatile city than the state\u2019s hippy capital, San Francisco.\u201d<\/p>\n<p>\u2013 Sean O&#8217;Hagan, <a href=\"https:\/\/www.theguardian.com\/books\/2020\/apr\/26\/set-the-night-on-fire-la-in-the-sixties-mike-davis-jon-wiener-review-\"><em>Observer<\/em><\/a><\/p>\n<p>&nbsp;<\/p>\n<p>\u201cDavis and Wiener have crafted a book that is both encyclopedic and prophetic, scholarly and polemical \u2026 Readers would be hard-pressed to find better guides for a tour of leftist Los Angeles.\u201d<\/p>\n<p>\u2013 Sean Dempsey, S.J., <a href=\"https:\/\/www.americamagazine.org\/arts-culture\/2020\/04\/26\/review-exploring-radical-politics-los-angeles-1960s\"><em>America magazine<\/em><\/a><\/p>\n<p>&nbsp;<\/p>\n<p>\u201cThis very readable but meticulously detailed year-by-year account has relevance far beyond its time and place. The sixties were a decade that shaped politics for half a century and the authors show how different struggles were interlinked across the US.\u201d<\/p>\n<p>\u2013 Glyn Robbins, <a href=\"https:\/\/morningstaronline.co.uk\/article\/c\/power-people-city-angels\"><em>Morning Star<\/em><\/a><\/p>\n<p>&nbsp;<\/p>\n<p>\u201cAn essential rescued history\u201d<\/p>\n<p>\u2013 <a href=\"https:\/\/www.nyjournalofbooks.com\/book-review\/set-night-fire-la-sixties\"><em>New York Journal of Books<\/em><\/a><\/p>\n<p>&nbsp;<\/p>\n<p>&nbsp;<\/p>\n<p>&nbsp;<\/p>\n","protected":false},"excerpt":{"rendered":"","protected":false},"author":2,"featured_media":21278,"comment_status":"open","ping_status":"open","sticky":false,"template":"","format":"standard","meta":{"_acf_changed":false,"jetpack_post_was_ever_published":false,"_jetpack_newsletter_access":"","_jetpack_dont_email_post_to_subs":false,"_jetpack_newsletter_tier_id":0,"_jetpack_memberships_contains_paywalled_content":false,"_jetpack_memberships_contains_paid_content":false,"footnotes":"","jetpack_publicize_message":"","jetpack_publicize_feature_enabled":true,"jetpack_social_post_already_shared":true,"jetpack_social_options":{"image_generator_settings":{"template":"highway","default_image_id":0,"font":"","enabled":false},"version":2}},"categories":[8,3],"tags":[],"class_list":["post-21277","post","type-post","status-publish","format-standard","has-post-thumbnail","hentry","category-knjige","category-novosti"],"acf":{"facebook_opis":""},"jetpack_publicize_connections":[],"jetpack_featured_media_url":"https:\/\/i0.wp.com\/historiografija.hr\/wp-content\/uploads\/2020\/05\/LA.jpg?fit=800%2C1231&ssl=1","jetpack_sharing_enabled":true,"jetpack-related-posts":[{"id":52586,"url":"https:\/\/historiografija.hr\/?p=52586","url_meta":{"origin":21277,"position":0},"title":"Aur\u00e9lie Daher, \u201eHezbollah: Mobilisation and Power\u201c","author":"Branimir Jankovi\u0107","date":"22. travnja 2026.","format":false,"excerpt":"Morning Star \u2018Book of the Year\u2019 Social movement, liberation party or terrorist group? With Hezbollah\u2019s growing involvement in the war in Syria, this study of its impact on Lebanon, drawing heavily on first-hand interviews, could not be more timely. Description Almost forty years after its foundation, Hezbollah remains an enigma.\u2026","rel":"","context":"U &quot;Knjige&quot;","block_context":{"text":"Knjige","link":"https:\/\/historiografija.hr\/?cat=8"},"img":{"alt_text":"","src":"https:\/\/i0.wp.com\/historiografija.hr\/wp-content\/uploads\/2026\/04\/Daher-Hezbollah.jpg?fit=600%2C931&ssl=1&resize=350%2C200","width":350,"height":200,"srcset":"https:\/\/i0.wp.com\/historiografija.hr\/wp-content\/uploads\/2026\/04\/Daher-Hezbollah.jpg?fit=600%2C931&ssl=1&resize=350%2C200 1x, https:\/\/i0.wp.com\/historiografija.hr\/wp-content\/uploads\/2026\/04\/Daher-Hezbollah.jpg?fit=600%2C931&ssl=1&resize=525%2C300 1.5x"},"classes":[]},{"id":52673,"url":"https:\/\/historiografija.hr\/?p=52673","url_meta":{"origin":21277,"position":1},"title":"TWO POSTDOCTORAL POSITIONS IN THE &#8220;PROLETGARD ERC STARTING GRANT PROJECT&#8221;, KASS\u00c1K FOUNDATION, BUDAPEST (DEADLINE: 1ST MAY 2026)","author":"Branimir Jankovi\u0107","date":"27. travnja 2026.","format":false,"excerpt":"This five-year ERC-funded project examines how avant-garde art contributed to the formation of a workers\u2019 movement counterculture in East Central Europe after 1918. It argues that socialist and avant-garde periodicals, groups, and figures shaped both avant-garde culture and transnational workers\u2019 movements. Focusing on the successor states of the Austro\u2013Hungarian Empire\u2026","rel":"","context":"U &quot;Novosti&quot;","block_context":{"text":"Novosti","link":"https:\/\/historiografija.hr\/?cat=3"},"img":{"alt_text":"","src":"https:\/\/i0.wp.com\/historiografija.hr\/wp-content\/uploads\/2017\/10\/hsozkult.png?fit=1006%2C241&ssl=1&resize=350%2C200","width":350,"height":200,"srcset":"https:\/\/i0.wp.com\/historiografija.hr\/wp-content\/uploads\/2017\/10\/hsozkult.png?fit=1006%2C241&ssl=1&resize=350%2C200 1x, https:\/\/i0.wp.com\/historiografija.hr\/wp-content\/uploads\/2017\/10\/hsozkult.png?fit=1006%2C241&ssl=1&resize=525%2C300 1.5x, https:\/\/i0.wp.com\/historiografija.hr\/wp-content\/uploads\/2017\/10\/hsozkult.png?fit=1006%2C241&ssl=1&resize=700%2C400 2x"},"classes":[]},{"id":52625,"url":"https:\/\/historiografija.hr\/?p=52625","url_meta":{"origin":21277,"position":2},"title":"Omer Bartov, \u201eIsrael: What Went Wrong?\u201c","author":"Branimir Jankovi\u0107","date":"23. travnja 2026.","format":false,"excerpt":"Professor Omer Bartov was born on a kibbutz, grew up in Tel Aviv and served in the Israel Defence Forces during the Yom Kippur War. He went on to become an expert on the German army and the Holocaust, before turning his attention to his native country.In Israel: What Went\u2026","rel":"","context":"U &quot;Knjige&quot;","block_context":{"text":"Knjige","link":"https:\/\/historiografija.hr\/?cat=8"},"img":{"alt_text":"","src":"https:\/\/i0.wp.com\/historiografija.hr\/wp-content\/uploads\/2026\/04\/Bartov.jpeg?fit=320%2C500&ssl=1&resize=350%2C200","width":350,"height":200},"classes":[]},{"id":52516,"url":"https:\/\/historiografija.hr\/?p=52516","url_meta":{"origin":21277,"position":3},"title":"Marko Grde\u0161i\u0107, Mislav \u017ditko, \u201eSocialist Economics in Yugoslavia: A Critical History\u201c","author":"Branimir Jankovi\u0107","date":"17. travnja 2026.","format":false,"excerpt":"This book presents a critical history of Yugoslav socialist economics, from its inception in the late 1940s to its dissolution in the late 1980s. After the dramatic break with the Soviet Union in 1948, Yugoslavia found itself in urgent need of a third way: A socialist trajectory which would not\u2026","rel":"","context":"U &quot;Knjige&quot;","block_context":{"text":"Knjige","link":"https:\/\/historiografija.hr\/?cat=8"},"img":{"alt_text":"","src":"https:\/\/i0.wp.com\/historiografija.hr\/wp-content\/uploads\/2026\/04\/Zitko_Grdesic.jpg?fit=350%2C535&ssl=1&resize=350%2C200","width":350,"height":200},"classes":[]},{"id":52664,"url":"https:\/\/historiografija.hr\/?p=52664","url_meta":{"origin":21277,"position":4},"title":"CfP: CONFERENCE OF THE HISTORY OF CONCEPTS GROUP, HELSINKI, 19TH\u201321ST AUGUST 2026 (DEADLINE: 30TH APRIL 2026)","author":"Branimir Jankovi\u0107","date":"24. travnja 2026.","format":false,"excerpt":"The annual conference of the History of Concepts Group is held at the University of Helsinki, 19-21 August 2026. Conference of the History of Concepts Group Conceptual history studies the use of concepts and tries to understand how historical actors have linguistically articulated views of the world. Studying concepts from\u2026","rel":"","context":"U &quot;Novosti&quot;","block_context":{"text":"Novosti","link":"https:\/\/historiografija.hr\/?cat=3"},"img":{"alt_text":"","src":"https:\/\/i0.wp.com\/historiografija.hr\/wp-content\/uploads\/2017\/10\/hsozkult.png?fit=1006%2C241&ssl=1&resize=350%2C200","width":350,"height":200,"srcset":"https:\/\/i0.wp.com\/historiografija.hr\/wp-content\/uploads\/2017\/10\/hsozkult.png?fit=1006%2C241&ssl=1&resize=350%2C200 1x, https:\/\/i0.wp.com\/historiografija.hr\/wp-content\/uploads\/2017\/10\/hsozkult.png?fit=1006%2C241&ssl=1&resize=525%2C300 1.5x, https:\/\/i0.wp.com\/historiografija.hr\/wp-content\/uploads\/2017\/10\/hsozkult.png?fit=1006%2C241&ssl=1&resize=700%2C400 2x"},"classes":[]},{"id":52531,"url":"https:\/\/historiografija.hr\/?p=52531","url_meta":{"origin":21277,"position":5},"title":"Jonathan G. Leslie, \u201eFear and Insecurity: Israel and the Iran Threat Narrative\u201c","author":"Branimir Jankovi\u0107","date":"17. travnja 2026.","format":false,"excerpt":"Why is Israel\u2019s former ally Iran now perceived as the country\u2019s greatest threat? Description To observers of the Iran-Israel conflict, its vitriolic rhetoric might suggest an ancient hatred between Jews and Muslims\u2013a biblical feud dating back hundreds, or thousands, of years. But this rivalry is a far more modern development.\u2026","rel":"","context":"U &quot;Knjige&quot;","block_context":{"text":"Knjige","link":"https:\/\/historiografija.hr\/?cat=8"},"img":{"alt_text":"","src":"https:\/\/i0.wp.com\/historiografija.hr\/wp-content\/uploads\/2026\/04\/Leslie.jpg?fit=391%2C612&ssl=1&resize=350%2C200","width":350,"height":200},"classes":[]}],"_links":{"self":[{"href":"https:\/\/historiografija.hr\/index.php?rest_route=\/wp\/v2\/posts\/21277","targetHints":{"allow":["GET"]}}],"collection":[{"href":"https:\/\/historiografija.hr\/index.php?rest_route=\/wp\/v2\/posts"}],"about":[{"href":"https:\/\/historiografija.hr\/index.php?rest_route=\/wp\/v2\/types\/post"}],"author":[{"embeddable":true,"href":"https:\/\/historiografija.hr\/index.php?rest_route=\/wp\/v2\/users\/2"}],"replies":[{"embeddable":true,"href":"https:\/\/historiografija.hr\/index.php?rest_route=%2Fwp%2Fv2%2Fcomments&post=21277"}],"version-history":[{"count":1,"href":"https:\/\/historiografija.hr\/index.php?rest_route=\/wp\/v2\/posts\/21277\/revisions"}],"predecessor-version":[{"id":21279,"href":"https:\/\/historiografija.hr\/index.php?rest_route=\/wp\/v2\/posts\/21277\/revisions\/21279"}],"wp:featuredmedia":[{"embeddable":true,"href":"https:\/\/historiografija.hr\/index.php?rest_route=\/wp\/v2\/media\/21278"}],"wp:attachment":[{"href":"https:\/\/historiografija.hr\/index.php?rest_route=%2Fwp%2Fv2%2Fmedia&parent=21277"}],"wp:term":[{"taxonomy":"category","embeddable":true,"href":"https:\/\/historiografija.hr\/index.php?rest_route=%2Fwp%2Fv2%2Fcategories&post=21277"},{"taxonomy":"post_tag","embeddable":true,"href":"https:\/\/historiografija.hr\/index.php?rest_route=%2Fwp%2Fv2%2Ftags&post=21277"}],"curies":[{"name":"wp","href":"https:\/\/api.w.org\/{rel}","templated":true}]}}