{"id":21223,"date":"2020-05-26T14:47:47","date_gmt":"2020-05-26T14:47:47","guid":{"rendered":"http:\/\/historiografija.hr\/?p=21223"},"modified":"2020-05-26T14:49:26","modified_gmt":"2020-05-26T14:49:26","slug":"slavko-goldstein-1941-godina-koja-se-vraca","status":"publish","type":"post","link":"https:\/\/historiografija.hr\/?p=21223","title":{"rendered":"Slavko Goldstein, \u201c1941. Godina koja se vra\u0107a\u201d"},"content":{"rendered":"<p>Nakladni\u010dka ku\u0107a Fraktura objavila je 2020. godine novo izdanje knjige Slavka Goldsteina \u201c1941. Godina koja se vra\u0107a\u201d, prvi put objavljene 2007. godine. Englesko izdanje &#8220;1941: The Year That Keeps Returning\u201d objavljeno je 2013. godine, a njema\u010dko \u201c1941 \u2013 Das Jahr, das nicht vergeht. Die Saat des Hasses auf dem Balkan\u201d 2018. godine.<\/p>\n<p>&nbsp;<\/p>\n<p>&#8212;<\/p>\n<p><strong>\u00a0<\/strong><\/p>\n<p>Slavko Goldstein<\/p>\n<p><strong>1941. Godina koja se vra\u0107a<\/strong><\/p>\n<p>&nbsp;<\/p>\n<p>Slavko Goldstein bio je iznimna osoba koja je zadu\u017eila hrvatsko dru\u0161tvo na mnogo razina kao nakladnik, publicist, scenarist, neustra\u0161ivi intelektualac, pisac&#8230; Kruna njegove karijere bila je <em>1941. \u2013 Godina koja se vra\u0107a<\/em>, jedna od najva\u017enijih knjiga o na\u0161oj povijesti.<\/p>\n<p>Pisana iz osobne perspektive, kao sje\u0107anje, no jo\u0161 vi\u0161e kao intelektualni uvid u moralno i humano potonu\u0107e koje se dogodilo dolaskom usta\u0161a na vlast, ovo je knjiga koja najdublje razmatra zlo i njegove trajne posljedice. Slavko Goldstein beskompromisno razotkriva svoje traume jednako kao i veselja, spremno priznaje da se svega ne sje\u0107a te zato pomno istra\u017euje gra\u0111u kako bi dao cjelovitu, jasnu sliku vremena i prostora. <em>1941. \u2013 Godina koja se vra\u0107a<\/em> knjiga je o uzrocima sukoba u Drugom svjetskom ratu, ali jo\u0161 vi\u0161e knjiga o naslje\u0111u tog vremena i njegovu utjecaju na na\u0161e \u017eivote do dana\u0161njih dana. Goldstein analizira \u0161to se doga\u0111a kada se o pro\u0161losti ne govori jasno, i kada se traume skrivaju pod tepihom.<\/p>\n<p><em>1941. \u2013 Godina koja se vra\u0107a<\/em> kapitalno je djelo na\u0161e povijesne publicistike, knjiga bez koje nije mogu\u0107e razumjeti ni na\u0161u opsjednutost pro\u0161lo\u0161\u0107u, ni animozitete izme\u0111u Hrvata i Srba, ni sudbinu \u017eidovske zajednice u Hrvatskoj, no iznad svega ona je iskren i otvoren zagovor za humanije i bolje sutra.<\/p>\n<p>&nbsp;<\/p>\n<p>\u201cKona\u010dno postoji memoarska knjiga \u010diji autor spremno priznaje da njegova sje\u0107anja iz djetinjstva nisu nu\u017eno kristalno \u010dista, no koja su nadopunjena marljivim istra\u017eivanjem i brojnim intervjuima, \u0161to je svrstava me\u0111u najbolje tekstove o vje\u0161ti\u010djem kotlu kakva je bila Hitlerova Europa 1941. Ona se fokusira na Hrvatsku, gdje su, pod zapovjedni\u0161tvom sotonskih usta\u0161kih fa\u0161ista, susjedi prijavljivali, plja\u010dkali i ubijali susjede. <em>1941.<\/em> Slavka Goldsteina mo\u017ee se odnositi na svaku zemlju gdje su rat i strana okupacija pretvorili dotad bezazlene ljude u razbojnike.\u201d \u2013 Istv\u00e1n De\u00e1k<\/p>\n<p>&nbsp;<\/p>\n<p>\u201cOvoj savr\u0161eno uspje\u0161noj kombinaciji sje\u0107anja iz djetinjstva i povijesne analize nema ravne u europskoj knji\u017eevnosti o Drugom svjetskom ratu. Svi koji je pro\u010ditaju pro\u0161irit \u0107e svoje znanje o kontinentu kroz Goldsteinov u\u010den prikaz Jugoslavije, a njihova savjest bit \u0107e nahranjena zbog njegova humanog razumijevanja isku\u0161ane okrutnosti.\u201d \u2013 Timothy Snyder<\/p>\n<p>&nbsp;<\/p>\n<p>\u201cSusreo sam se s ovom izvanrednom knjigom dok sam nedavno pisao o ratovima u biv\u0161oj Jugoslaviji 1990-ih. Ona zaslu\u017euje pa\u017enju jer, mo\u017eda bolje nego bilo koja druga knjiga koju poznajem, obja\u0161njava kako su razli\u010dite etni\u010dke grupe, koje su stolje\u0107ima \u017eivjele jedna do druge u miru, natjerane da se okrenu jedna protiv druge i postanu me\u0111usobni krvnici u toj nesretnoj zemlji.\u201d \u2013 Charles Simic<\/p>\n<p>&nbsp;<\/p>\n<p>\u201cPrekasno je za kona\u010dnu knjigu o 1941., onakvu kakvu je Jaspers za Nijemce po\u010deo ispisivati ve\u0107 1945, a Mann u <em>Doktoru Faustusu<\/em> i koju godinu ranije, ali Slavko Goldstein dao je svoj veliki, hrabri i \u010destiti prilog toj nikada napisanoj hrvatskoj knjizi, ili katalogu hrvatske odgovornosti. Mali je utjecaj knjiga na stvarnost, ali vjerujem da bi, zahvaljuju\u0107i i Goldsteinu, 1941. jednom, i u na\u0161im du\u0161ama, ipak mogla postati godina koja je pro\u0161la.\u201d \u2013 Miljenko Jergovi\u0107<\/p>\n<p>&nbsp;<\/p>\n<p>\u201cU ovoj ambicioznoj kombinaciji povijesti i memoara Goldstein, hrvatski pisac, prou\u010dava Drugi svjetski rat i njegov utjecaj na svoj \u017eivot, obitelj i susjede\u2026 Goldstein u svom istra\u017eivanju obuhva\u0107a velik prostor, brutalni etni\u010dki rat izme\u0111u Srba i Hrvata od 1941. nadalje te razmatra kako je nacisti\u010dki pogrom dodatno utjecao na \u017eidovsku zajednicu u njegovoj zemlji\u2026 Goldsteinova knjiga rekonstruira osobno iskustvo te kroz brojne intervjue i povijesne dokumente pru\u017ea neprocjenjiv uvid u Hrvatsku tijekom Drugog svjetskog rata.\u201d \u2013 <em>Publishers Weekly<\/em><\/p>\n<p>&nbsp;<\/p>\n<p>\u201cGoldsteina zanimaju mjesta na kojima banalno klizi u grozno, a ljudsko u neljudsko.\u201d \u2013 Norbert Mappes-Niediek<\/p>\n<p>&nbsp;<\/p>\n<ul>\n<li><strong>Jezik izvornika: hrvatski <\/strong><\/li>\n<li><strong>Broj stranica: 632 <\/strong><\/li>\n<li><strong>Datum izdanja: svibanj 2020. <\/strong><\/li>\n<\/ul>\n<p><strong>\u00a0<\/strong><\/p>\n<p><strong>Slavko Goldstein<\/strong><\/p>\n<p>Slavko Goldstein (Sarajevo, 22. kolovoza 1928.\u2013Zagreb, 13. rujna 2017.), odrastao je u Karlovcu, a od 1947. do smrti \u017eivio je u Zagrebu. Od prolje\u0107a 1942. do 1945. bio je partizan, u terenskim i borbenim jedinicama NOV-a, i odlikovan je Ordenom za hrabrost. Godine 1952. postaje \u010dlan osniva\u010dke redakcije <em>Vjesnika u srijedu<\/em> i odonda je neprekidno aktivan u novinarstvu, nakladni\u0161tvu i javnom \u017eivotu Hrvatske, a do 1990. i Jugoslavije. Bio je urednik kulturne rubrike <em>Vjesnika u srijedu<\/em>, urednik i komentator Radio Zagreba i glavni urednik izdava\u010dkog poduze\u0107a Stvarnost. Osniva\u010d je i direktor Sveu\u010dili\u0161ne naklade Liber (1970.\u20131982.), urednik hrvatskih izdanja Cankarjeve zalo\u017ebe (1983.\u20131990.), osniva\u010d i urednik Novog Libera (1990.\u20132015.) i glavni urednik \u010dasopisa <em>Erasmus<\/em> (1993.\u20131997.). Bio je predsjednik Izvr\u0161nog odbora Poslovne zajednice izdava\u010da i knji\u017eara Hrvatske (1978.\u20131982.), predsjednik \u017didovske op\u0107ine Zagreb (1986.\u20131990.), prvi predsjednik Hrvatske socijalno-liberalne stranke (1989.\u20131990.), predsjednik Kulturnog dru\u0161tva \u201cMiroslav \u0160alom Freiberger\u201d i predsjednik Savjeta Javne ustanove Spomen-podru\u010dje Jasenovac (2001.\u20132005.). Objavio je vi\u0161e od \u0161esto novinskih, publicisti\u010dkih i esejisti\u010dkih radova te predgovora i pogovora knjigama koje je ure\u0111ivao, pisao je scenarije za dokumentarne i za igrane filmove (<em>Signali nad gradom<\/em>, <em>Prometej s otoka Vi\u0161evice<\/em>, <em>Akcija stadion<\/em> i dr.), suautor je knjiga <em>Okrug Karlovac 1941<\/em>, <em>Holokaust u Zagrebu<\/em> i <em>Jasenovac i Bleiburg nisu isto<\/em> te autor knjiga <em>Prijedlog 85<\/em>,\u00a0<em>1941 \u2013 Godina koja se<\/em> <em>vra\u0107a\u00a0\u00a0<\/em>i\u00a0<em>Jasenovac \u2013 tragika, mitomanija, istina<\/em>.\u00a0Primio je niz nagrada za novinarsku, publicisti\u010dku, nakladni\u010dku i filmsku djelatnost.<\/p>\n<p><strong>\u00a0<\/strong><\/p>\n<p>Izvor: <a href=\"https:\/\/fraktura.hr\/1941-godina-koja-se-vraca.html\">https:\/\/fraktura.hr\/1941-godina-koja-se-vraca.html<\/a><\/p>\n<p>&nbsp;<\/p>\n<p>&nbsp;<\/p>\n","protected":false},"excerpt":{"rendered":"","protected":false},"author":2,"featured_media":21224,"comment_status":"open","ping_status":"open","sticky":false,"template":"","format":"standard","meta":{"_acf_changed":false,"jetpack_post_was_ever_published":false,"_jetpack_newsletter_access":"","_jetpack_dont_email_post_to_subs":false,"_jetpack_newsletter_tier_id":0,"_jetpack_memberships_contains_paywalled_content":false,"_jetpack_memberships_contains_paid_content":false,"footnotes":"","jetpack_publicize_message":"","jetpack_publicize_feature_enabled":true,"jetpack_social_post_already_shared":true,"jetpack_social_options":{"image_generator_settings":{"template":"highway","default_image_id":0,"font":"","enabled":false},"version":2}},"categories":[8,3],"tags":[],"class_list":["post-21223","post","type-post","status-publish","format-standard","has-post-thumbnail","hentry","category-knjige","category-novosti"],"acf":{"facebook_opis":""},"jetpack_publicize_connections":[],"jetpack_featured_media_url":"https:\/\/i0.wp.com\/historiografija.hr\/wp-content\/uploads\/2020\/05\/1941.jpg?fit=403%2C610&ssl=1","jetpack_sharing_enabled":true,"jetpack-related-posts":[{"id":52592,"url":"https:\/\/historiografija.hr\/?p=52592","url_meta":{"origin":21223,"position":0},"title":"Predstavljanje knjige &#8220;Turska ku\u0107a u Rijeci&#8221; u Zagrebu","author":"Branimir Jankovi\u0107","date":"22. travnja 2026.","format":false,"excerpt":"U prostorijama Turskog kulturnog centra Yunus Emre u Zagrebu, u utorak 21. travnja 2026. godine, odr\u017eano je sve\u010dano predstavljanje dopunjenog izdanja knjige Turska ku\u0107a u Rijeci, u organizaciji Hrvatsko-turskog dru\u0161tva Rijeka i partnerstvu sa Skupinom prijateljstva Hrvatska-Turska Hrvatskog sabora, Veleposlanstvom Republike Turske u Republici Hrvatskoj te Turskim kulturnim centrom Yunus\u2026","rel":"","context":"U &quot;Novosti&quot;","block_context":{"text":"Novosti","link":"https:\/\/historiografija.hr\/?cat=3"},"img":{"alt_text":"","src":"https:\/\/i0.wp.com\/historiografija.hr\/wp-content\/uploads\/2026\/04\/Turska-kuca-ZG.jpg?fit=1200%2C800&ssl=1&resize=350%2C200","width":350,"height":200,"srcset":"https:\/\/i0.wp.com\/historiografija.hr\/wp-content\/uploads\/2026\/04\/Turska-kuca-ZG.jpg?fit=1200%2C800&ssl=1&resize=350%2C200 1x, https:\/\/i0.wp.com\/historiografija.hr\/wp-content\/uploads\/2026\/04\/Turska-kuca-ZG.jpg?fit=1200%2C800&ssl=1&resize=525%2C300 1.5x, https:\/\/i0.wp.com\/historiografija.hr\/wp-content\/uploads\/2026\/04\/Turska-kuca-ZG.jpg?fit=1200%2C800&ssl=1&resize=700%2C400 2x, https:\/\/i0.wp.com\/historiografija.hr\/wp-content\/uploads\/2026\/04\/Turska-kuca-ZG.jpg?fit=1200%2C800&ssl=1&resize=1050%2C600 3x"},"classes":[]},{"id":52528,"url":"https:\/\/historiografija.hr\/?p=52528","url_meta":{"origin":21223,"position":1},"title":"[Promocija knjige] Banja Luka u ratu: Etnopolitika i svakodnevica (1990\u20131995) (ActiveLab, YugoLab)","author":"Branimir Jankovi\u0107","date":"17. travnja 2026.","format":false,"excerpt":"Institut za filozofiju i dru\u0161tvenu teoriju i O\u0161tra Nula organizuju promociju knjige Banja Luka u ratu: Etnopolitika i svakodnevica (1990\u20131995) autorke Armine Galija\u0161, koja \u0107e se odr\u017eati 20. aprila 2026. u 12.00 sati u prostorijama Instituta (Kraljice Natalije 45, Beograd). Re\u010d je o prvom nau\u010dno utemeljenom i sistematskom radu koji\u2026","rel":"","context":"U &quot;Novosti&quot;","block_context":{"text":"Novosti","link":"https:\/\/historiografija.hr\/?cat=3"},"img":{"alt_text":"","src":"https:\/\/i0.wp.com\/historiografija.hr\/wp-content\/uploads\/2026\/04\/20-april-RS.jpg?fit=1200%2C675&ssl=1&resize=350%2C200","width":350,"height":200,"srcset":"https:\/\/i0.wp.com\/historiografija.hr\/wp-content\/uploads\/2026\/04\/20-april-RS.jpg?fit=1200%2C675&ssl=1&resize=350%2C200 1x, https:\/\/i0.wp.com\/historiografija.hr\/wp-content\/uploads\/2026\/04\/20-april-RS.jpg?fit=1200%2C675&ssl=1&resize=525%2C300 1.5x, https:\/\/i0.wp.com\/historiografija.hr\/wp-content\/uploads\/2026\/04\/20-april-RS.jpg?fit=1200%2C675&ssl=1&resize=700%2C400 2x, https:\/\/i0.wp.com\/historiografija.hr\/wp-content\/uploads\/2026\/04\/20-april-RS.jpg?fit=1200%2C675&ssl=1&resize=1050%2C600 3x"},"classes":[]},{"id":52547,"url":"https:\/\/historiografija.hr\/?p=52547","url_meta":{"origin":21223,"position":2},"title":"ISHA Zagreb \u2013 Filmska ve\u010der: Povratak Martina Guerrea","author":"Branimir Jankovi\u0107","date":"20. travnja 2026.","format":false,"excerpt":"Klub studenata povijesti \u2013 ISHA Zagreb poziva Vas na filmsku ve\u010der na kojoj \u0107e se prikazivati \u201ePovratak Martina Guerrea\u201c, povijesna drama iz 1982. godine s radnjom smje\u0161tenom u 16. stolje\u0107u. Radnja je utemeljena na stvarnoj povijesnoj li\u010dnosti Martina Guerrea koji se nakon mnogo godina izbivanja vra\u0107a u svoje rodno mjesto\u2026","rel":"","context":"U &quot;Filmovi i serije&quot;","block_context":{"text":"Filmovi i serije","link":"https:\/\/historiografija.hr\/?cat=13"},"img":{"alt_text":"","src":"https:\/\/i0.wp.com\/historiografija.hr\/wp-content\/uploads\/2026\/04\/M-Guerre.png?fit=702%2C1006&ssl=1&resize=350%2C200","width":350,"height":200,"srcset":"https:\/\/i0.wp.com\/historiografija.hr\/wp-content\/uploads\/2026\/04\/M-Guerre.png?fit=702%2C1006&ssl=1&resize=350%2C200 1x, https:\/\/i0.wp.com\/historiografija.hr\/wp-content\/uploads\/2026\/04\/M-Guerre.png?fit=702%2C1006&ssl=1&resize=525%2C300 1.5x, https:\/\/i0.wp.com\/historiografija.hr\/wp-content\/uploads\/2026\/04\/M-Guerre.png?fit=702%2C1006&ssl=1&resize=700%2C400 2x"},"classes":[]},{"id":52589,"url":"https:\/\/historiografija.hr\/?p=52589","url_meta":{"origin":21223,"position":3},"title":"Predstavljena knjiga Miomira \u017du\u017eula &#8220;Dayton: Diplomacija &#8211; druga strana rata&#8221;","author":"Branimir Jankovi\u0107","date":"22. travnja 2026.","format":false,"excerpt":"Knjiga Miomira \u017du\u017eula \u201eDayton: Diplomacija \u2013 druga strana rata\u201d predstavljena je u srijedu, 22. travnja 2026. godine u foajeu Hrvatskoga narodnog kazali\u0161ta u Zagrebu. Op\u0161irnije: https:\/\/vijesti.hrt.hr\/hrvatska\/predstavljena-knjiga-miomira-zuzula-dayton-diplomacija-druga-strana-rata-12683259 https:\/\/www.vecernji.ba\/amp\/vijesti\/zuzulova-knjiga-o-daytonu-predstavljena-u-zagrebu-diplomacija-kao-druga-strana-rata-1953700 https:\/\/www.tportal.hr\/vijesti\/clanak\/bivsi-sanaderov-ministar-odrzao-promociju-evo-tko-je-sve-dosao-na-predstavljanje-knjige-miomira-zuzula-foto-20260422 https:\/\/direktno.hr\/zivot\/kultura\/zuzul-otkrio-sve-o-drugoj-strani-rata-za-hrvatsku-se-nije-libio-povuci-nekoga-i-za-kosu-395042 https:\/\/www.24sata.hr\/news\/miomir-zuzul-predstavio-je-knjigu-o-daytonu-diplomacija-je-bila-druga-strana-rata-1123152 https:\/\/www.vecernji.hr\/kultura\/kolinda-grabar-kitarovic-otvoreno-miomir-zuzul-nije-vukao-samo-za-rukav-nego-i-za-kosu-1953722 https:\/\/www.vecernji.hr\/kultura\/i-papa-lav-xiv-eksplicitno-je-daytonski-sporazum-istaknuo-kao-primjer-uspjesna-rjesavanja-sukoba-1952215","rel":"","context":"U &quot;Novosti&quot;","block_context":{"text":"Novosti","link":"https:\/\/historiografija.hr\/?cat=3"},"img":{"alt_text":"","src":"https:\/\/i0.wp.com\/historiografija.hr\/wp-content\/uploads\/2026\/04\/Dayton.jpg?fit=1024%2C683&ssl=1&resize=350%2C200","width":350,"height":200,"srcset":"https:\/\/i0.wp.com\/historiografija.hr\/wp-content\/uploads\/2026\/04\/Dayton.jpg?fit=1024%2C683&ssl=1&resize=350%2C200 1x, https:\/\/i0.wp.com\/historiografija.hr\/wp-content\/uploads\/2026\/04\/Dayton.jpg?fit=1024%2C683&ssl=1&resize=525%2C300 1.5x, https:\/\/i0.wp.com\/historiografija.hr\/wp-content\/uploads\/2026\/04\/Dayton.jpg?fit=1024%2C683&ssl=1&resize=700%2C400 2x"},"classes":[]},{"id":52666,"url":"https:\/\/historiografija.hr\/?p=52666","url_meta":{"origin":21223,"position":4},"title":"Najava programa Festivala povijesti Kliofest (5-8. V. 2026)","author":"Branimir Jankovi\u0107","date":"24. travnja 2026.","format":false,"excerpt":"Po trinaesti put odr\u017eava se Festival povijesti Kliofest! Do petka \u0107emo odr\u017eati osam okruglih stolova i dva kolokvija te niz predstavljanja knjiga i projekata razli\u010dite tematike, od antike do suvremenosti. Bit \u0107e predstavljeno i nekoliko izlo\u017ebi te odr\u017ean jedan povijesni kviz. Prikazat \u0107emo i jedan film \u2013 o generalu Boroevi\u0107u.\u2026","rel":"","context":"U &quot;Novosti&quot;","block_context":{"text":"Novosti","link":"https:\/\/historiografija.hr\/?cat=3"},"img":{"alt_text":"","src":"https:\/\/i0.wp.com\/historiografija.hr\/wp-content\/uploads\/2026\/04\/Kliofest-2026.jpg?fit=526%2C526&ssl=1&resize=350%2C200","width":350,"height":200,"srcset":"https:\/\/i0.wp.com\/historiografija.hr\/wp-content\/uploads\/2026\/04\/Kliofest-2026.jpg?fit=526%2C526&ssl=1&resize=350%2C200 1x, https:\/\/i0.wp.com\/historiografija.hr\/wp-content\/uploads\/2026\/04\/Kliofest-2026.jpg?fit=526%2C526&ssl=1&resize=525%2C300 1.5x"},"classes":[]},{"id":52631,"url":"https:\/\/historiografija.hr\/?p=52631","url_meta":{"origin":21223,"position":5},"title":"Predavanje Ivana Tepe\u0161a: Djelovanje hrvatske politi\u010dke emigracije","author":"Branimir Jankovi\u0107","date":"23. travnja 2026.","format":false,"excerpt":"Odjel za me\u0111unarodnu suradnju i iseljeni\u0161tvo Matice hrvatske Predavanje Ivana Tepe\u0161a: Djelovanje hrvatske politi\u010dke emigracije Utorak, 28. travnja 2026. u 18:00 sati, Dvorana Ljudevita Jonkea (Mala dvorana MH), Strossmayerov trg 4, Zagreb dr. sc. Ivan Tepe\u0161, Institut za istra\u017eivanje migracija Hrvatska politi\u010dka emigracija obilje\u017eila je polustoljetnu hrvatsku povijest u drugoj\u2026","rel":"","context":"U &quot;Novosti&quot;","block_context":{"text":"Novosti","link":"https:\/\/historiografija.hr\/?cat=3"},"img":{"alt_text":"","src":"","width":0,"height":0},"classes":[]}],"_links":{"self":[{"href":"https:\/\/historiografija.hr\/index.php?rest_route=\/wp\/v2\/posts\/21223","targetHints":{"allow":["GET"]}}],"collection":[{"href":"https:\/\/historiografija.hr\/index.php?rest_route=\/wp\/v2\/posts"}],"about":[{"href":"https:\/\/historiografija.hr\/index.php?rest_route=\/wp\/v2\/types\/post"}],"author":[{"embeddable":true,"href":"https:\/\/historiografija.hr\/index.php?rest_route=\/wp\/v2\/users\/2"}],"replies":[{"embeddable":true,"href":"https:\/\/historiografija.hr\/index.php?rest_route=%2Fwp%2Fv2%2Fcomments&post=21223"}],"version-history":[{"count":3,"href":"https:\/\/historiografija.hr\/index.php?rest_route=\/wp\/v2\/posts\/21223\/revisions"}],"predecessor-version":[{"id":21227,"href":"https:\/\/historiografija.hr\/index.php?rest_route=\/wp\/v2\/posts\/21223\/revisions\/21227"}],"wp:featuredmedia":[{"embeddable":true,"href":"https:\/\/historiografija.hr\/index.php?rest_route=\/wp\/v2\/media\/21224"}],"wp:attachment":[{"href":"https:\/\/historiografija.hr\/index.php?rest_route=%2Fwp%2Fv2%2Fmedia&parent=21223"}],"wp:term":[{"taxonomy":"category","embeddable":true,"href":"https:\/\/historiografija.hr\/index.php?rest_route=%2Fwp%2Fv2%2Fcategories&post=21223"},{"taxonomy":"post_tag","embeddable":true,"href":"https:\/\/historiografija.hr\/index.php?rest_route=%2Fwp%2Fv2%2Ftags&post=21223"}],"curies":[{"name":"wp","href":"https:\/\/api.w.org\/{rel}","templated":true}]}}