{"id":21201,"date":"2020-05-25T13:56:04","date_gmt":"2020-05-25T13:56:04","guid":{"rendered":"http:\/\/historiografija.hr\/?p=21201"},"modified":"2020-05-25T13:58:29","modified_gmt":"2020-05-25T13:58:29","slug":"ana-marija-ambrusec-heraldicka-bastina-krizevacko-kalnickog-podrucja-meleagrina-i-hgzd-zagreb-2019","status":"publish","type":"post","link":"https:\/\/historiografija.hr\/?p=21201","title":{"rendered":"Ana Marija Ambru\u0161ec, \u201cHeraldi\u010dka ba\u0161tina kri\u017eeva\u010dko-kalni\u010dkog podru\u010dja\u201d (Meleagrina i HGZD, Zagreb, 2019.)"},"content":{"rendered":"<p>HGZD je zajedno s vrbova\u010dkom dizajnerskom tvrtkom Meleagrina nakladnik vrijedne monografije mlade povjesni\u010darke Ane Marije Ambru\u0161ec pod naslovom \u00bbHeraldi\u010dka ba\u0161tina kri\u017eeva\u010dko-kalni\u010dkog podru\u010dja\u00ab. Njezina monografija proiza\u0161la je iz njezinog diplomskog rada obranjenog na Odsjeku za povijest Filozofskog fakulteta Sveu\u010dili\u0161ta u Zagrebu, a predstavlja svje\u017ee istra\u017eivanje grbova, prije svega kalni\u010dkog plemstva, specifi\u010dnog oblika \u201csitnog\u201d plemstva koje je stolje\u0107ima u\u017eivalo odre\u0111ene povlastice, obra\u0111ivalo zemlju i branilo ovaj kraj.<\/p>\n<p>&nbsp;<\/p>\n<p>Iz predgovora izv. prof. dr. sc. Tomislava Galovi\u0107a prenosimo:<\/p>\n<p>Hrvatska heraldi\u010dka ba\u0161tina koja se \u010duva u brojnim arhivima, muzejima i knji\u017enicama te na javnim i privatnim prostorima veliko je istra\u017eiva\u010dko podru\u010dje koje \u010deka svoje stru\u010dnjake, pregaoce i promotore. Iako je podru\u010dje kontinentalne Hrvatske jo\u0161 koncem 19. stolje\u0107a obra\u0111eno u kapitalnom djelu \u2013 heraldi\u010dkom zborniku Ivana Bojni\u010di\u0107a Kninskog (1858. \u2013 1925.) na njema\u010dkom jeziku <em>Der Adel von Kroatien und Slavonien<\/em> (\u201ePlemstvo Hrvatske i Slavonije\u201c) tiskanom u N\u00fcrnbergu 1899. godine u glasovitoj ediciji \u00bbJ. Siebmacher\u2019s grosses und allgemeines Wappenbuch\u00ab (IV, 13) \u2013 ostalo je vi\u0161e nego dovoljno prostora za nova istra\u017eivanja i prou\u010davanja ovog vrijednog segmenta hrvatske i europske povijesti.<\/p>\n<p>Knjiga, odnosno monografija Heraldi\u010dka ba\u0161tina kri\u017eeva\u010dko-kalni\u010dkog podru\u010dja koja je pred nama i zainteresiranim \u010ditateljima u rukama upravo nastavlja tim putem, ujedno ga oboga\u0107uju\u0107i, a rezultat je istra\u017eiva\u010dkog rada i zalaganja Ane Marije Ambru\u0161ec, povjesni\u010darke s diplomom Filozofskoga fakulteta Sveu\u010dili\u0161ta u Zagrebu. Heraldi\u010dka ba\u0161tina kontinentalne Hrvatske specifi\u010dno je podru\u010dje istra\u017eivanja, ali i prostor koji nudi brojna nova saznanja i sukladno tome nove historiografske rezultate. Za razliku od isto\u010dnojadranskoga prostora (i njegovih ve\u0107ih gradova) koji je mnogo bolje istra\u017een i o\u010duvan, heraldi\u010dka ba\u0161tina kri\u017eeva\u010dko-kalni\u010dkog podru\u010dja istra\u017eiva\u010dki je izazov te se upravo ovim radom u sredi\u0161te pozornosti postavlja tamo\u0161nje plemstvo i njegova heraldi\u010dka ba\u0161tina u rasponu od srednjega do ranoga novog vijeka.<\/p>\n<p>\u2026<\/p>\n<p>Monografija Heraldi\u010dka ba\u0161tina kri\u017eeva\u010dko-kalni\u010dkog podru\u010dja zami\u0161ljena je i ostvarena kao pregled, rekapitulacija, ali i izvorno arhivsko istra\u017eivanje povijesnih vrela i terenskog obilaska tog prostora kontinentalne Hrvatske s usmjerenjem na heraldi\u010dke spomenike koji su dosad ipak velikom dijelom bili neobra\u0111eni i(li) nepoznati. Rad stoga predstavlja vrstan prinos istra\u017eivanju kri\u017eeva\u010dko-kalni\u010dke heraldi\u010dke ba\u0161tine u razdoblju srednjeg i ranog novog vijeka. Publikacija se objavljuje u sunakladni\u0161tvu Meleagrina iz Vrbovca i vrlo agilnog Hrvatskog grboslovnog i zastavoslovnog dru\u0161tva u Zagrebu, koje je odmah prepoznalo njezinu stru\u010dnu vrijednost, te uz financijsku podr\u0161ku Op\u0107ine Kalnik.<\/p>\n<p>&nbsp;<\/p>\n<hr \/>\n<p>&nbsp;<\/p>\n<p>Autor: <strong>Ana Marija Ambru\u0161ec<\/strong><br \/>\nNaslov: <strong>Heraldi\u010dka ba\u0161tina kri\u017eeva\u010dko-kalni\u010dkog podru\u010dja<\/strong><\/p>\n<p>Nakladnici: <strong>Meleagrina d.o.o.<\/strong>, Vrbovec; <strong>Hrvatsko grboslovno i zastavoslovno dru\u0161tvo<\/strong>, Zagreb<br \/>\nUrednik: izv. prof. dr. sc. <strong>Tomislav Galovi\u0107<\/strong><strong><br \/>\n<\/strong>Recenzenti: prof. dr. sc. <strong>Mirjana Matijevi\u0107 Sokol<\/strong>, prof. dr. sc. <strong>Hrvoje Petri\u0107<\/strong><br \/>\nBroj stranica: <strong>150<\/strong><\/p>\n<p>Tiskanje ove knjige financijski je pomogla Op\u0107ina Kalnik.<\/p>\n<p>&nbsp;<\/p>\n<p>Izvor: <a href=\"http:\/\/hgzd.hr\/3102\/\">http:\/\/hgzd.hr\/3102\/<\/a><\/p>\n<p>&nbsp;<\/p>\n<p>&nbsp;<\/p>\n<p>&nbsp;<\/p>\n","protected":false},"excerpt":{"rendered":"","protected":false},"author":2,"featured_media":21202,"comment_status":"open","ping_status":"open","sticky":false,"template":"","format":"standard","meta":{"_acf_changed":false,"jetpack_post_was_ever_published":false,"_jetpack_newsletter_access":"","_jetpack_dont_email_post_to_subs":false,"_jetpack_newsletter_tier_id":0,"_jetpack_memberships_contains_paywalled_content":false,"_jetpack_memberships_contains_paid_content":false,"footnotes":"","jetpack_publicize_message":"","jetpack_publicize_feature_enabled":true,"jetpack_social_post_already_shared":true,"jetpack_social_options":{"image_generator_settings":{"template":"highway","default_image_id":0,"font":"","enabled":false},"version":2}},"categories":[8,3],"tags":[],"class_list":["post-21201","post","type-post","status-publish","format-standard","has-post-thumbnail","hentry","category-knjige","category-novosti"],"acf":{"facebook_opis":""},"jetpack_publicize_connections":[],"jetpack_featured_media_url":"https:\/\/i0.wp.com\/historiografija.hr\/wp-content\/uploads\/2020\/05\/ambrusec.jpg?fit=413%2C512&ssl=1","jetpack_sharing_enabled":true,"jetpack-related-posts":[{"id":52511,"url":"https:\/\/historiografija.hr\/?p=52511","url_meta":{"origin":21201,"position":0},"title":"Izlo\u017eba &#8220;Lica Sljemena&#8221;","author":"Branimir Jankovi\u0107","date":"17. travnja 2026.","format":false,"excerpt":"Srda\u010dno vas pozivamo na otvorenje izlo\u017ebe Lica Sljemena koje \u0107e se odr\u017eati u srijedu 22. travnja 2026. u 18 h ispred Muzeja Prigorja (Trg Dragutina Domjani\u0107a 5, Sesvete). Izlo\u017eba proizlazi iz istra\u017eivanja Nevene \u0160krbi\u0107 Alempijevi\u0107, Petre Kelemen i Sanje Potkonjak te intervjua sa Sljemena\u0161icama i Sljemena\u0161ima, koji su provedeni u\u2026","rel":"","context":"U &quot;Izlo\u017ebe&quot;","block_context":{"text":"Izlo\u017ebe","link":"https:\/\/historiografija.hr\/?cat=10"},"img":{"alt_text":"","src":"https:\/\/i0.wp.com\/historiografija.hr\/wp-content\/uploads\/2026\/04\/Izlozba-Lica-Sljemena.png?fit=1080%2C686&ssl=1&resize=350%2C200","width":350,"height":200,"srcset":"https:\/\/i0.wp.com\/historiografija.hr\/wp-content\/uploads\/2026\/04\/Izlozba-Lica-Sljemena.png?fit=1080%2C686&ssl=1&resize=350%2C200 1x, https:\/\/i0.wp.com\/historiografija.hr\/wp-content\/uploads\/2026\/04\/Izlozba-Lica-Sljemena.png?fit=1080%2C686&ssl=1&resize=525%2C300 1.5x, https:\/\/i0.wp.com\/historiografija.hr\/wp-content\/uploads\/2026\/04\/Izlozba-Lica-Sljemena.png?fit=1080%2C686&ssl=1&resize=700%2C400 2x, https:\/\/i0.wp.com\/historiografija.hr\/wp-content\/uploads\/2026\/04\/Izlozba-Lica-Sljemena.png?fit=1080%2C686&ssl=1&resize=1050%2C600 3x"},"classes":[]},{"id":52654,"url":"https:\/\/historiografija.hr\/?p=52654","url_meta":{"origin":21201,"position":1},"title":"Gostuju\u0107e predavanje &#8211; Danijel D\u017eino \u201eKasnoanti\u010dke i ranosrednjovjekovne gra\u0111evine u Brezi: Spomenici nepotpune biografije\u201c","author":"Branimir Jankovi\u0107","date":"24. travnja 2026.","format":false,"excerpt":"Doktorski studij predmoderne povijesti poziva na predavanje \"Kasnoanti\u010dke i ranosrednjovjekovne gra\u0111evine u Brezi: Spomenici nepotpune biografije\u201d koje \u0107e odr\u017eati profesor Danijel D\u017eino sa Sveu\u010dili\u0161ta Macquarie u Sydneyu u\u00a0utorak 28. travnja 2026. u 17h u Konferencijskoj dvorani Knji\u017enice Filozofskog fakulteta u Zagrebu. Predavanje \u0107e predo\u010diti nova saznanja dobivena kroz arhivsko-dokumentarna istra\u017eivanja\u2026","rel":"","context":"U &quot;Novosti&quot;","block_context":{"text":"Novosti","link":"https:\/\/historiografija.hr\/?cat=3"},"img":{"alt_text":"","src":"https:\/\/i0.wp.com\/historiografija.hr\/wp-content\/uploads\/2026\/04\/Dzino.jpg?fit=980%2C819&ssl=1&resize=350%2C200","width":350,"height":200,"srcset":"https:\/\/i0.wp.com\/historiografija.hr\/wp-content\/uploads\/2026\/04\/Dzino.jpg?fit=980%2C819&ssl=1&resize=350%2C200 1x, https:\/\/i0.wp.com\/historiografija.hr\/wp-content\/uploads\/2026\/04\/Dzino.jpg?fit=980%2C819&ssl=1&resize=525%2C300 1.5x, https:\/\/i0.wp.com\/historiografija.hr\/wp-content\/uploads\/2026\/04\/Dzino.jpg?fit=980%2C819&ssl=1&resize=700%2C400 2x"},"classes":[]},{"id":52508,"url":"https:\/\/historiografija.hr\/?p=52508","url_meta":{"origin":21201,"position":2},"title":"Glazbena radionica \u201eDUGMETARA REVISITED\u201c","author":"Branimir Jankovi\u0107","date":"17. travnja 2026.","format":false,"excerpt":"DUGMETARA REVISITED glazbena radionica vodi: Ana Horvat 13., 20. i 27. travnja, od 18 do 20 sati Radiona, Nova cesta 186 Na tri radioni\u010dka susreta uranjamo u naslje\u0111e Dugmetare, biv\u0161e tvornice dugmadi na Savskoj cesti koja je po\u010detkom 2000-ih igrom slu\u010daja postala \u017eivo, jedinstveno mjesto glazbene proizvodnje. Svoje su probe\u2026","rel":"","context":"U &quot;Novosti&quot;","block_context":{"text":"Novosti","link":"https:\/\/historiografija.hr\/?cat=3"},"img":{"alt_text":"","src":"https:\/\/i0.wp.com\/historiografija.hr\/wp-content\/uploads\/2026\/04\/TRESNJA_TRESTI.jpg?fit=380%2C475&ssl=1&resize=350%2C200","width":350,"height":200},"classes":[]},{"id":52505,"url":"https:\/\/historiografija.hr\/?p=52505","url_meta":{"origin":21201,"position":3},"title":"Izlo\u017eba &#8220;Eschenstock \/ Jasenov prut&#8221;","author":"Branimir Jankovi\u0107","date":"17. travnja 2026.","format":false,"excerpt":"Srpsko narodno vije\u0107e (SNV) i Vizura aperta postavljaju izlo\u017ebu \u0161vicarskog slikara Velimira Ili\u0161evi\u0107a: Eschenstock \/ Jasenov prut. Izlo\u017eba se uz prisustvo autora otvara povodom 81. godi\u0161njice proboja logora\u0161a iz usta\u0161kog logora smrti Jasenovac 22. aprila 2026. u 19 sati u Srpskom kulturnom centru (SKC) u Preradovi\u0107evoj ulici 21 u Zagrebu.\u2026","rel":"","context":"U &quot;Izlo\u017ebe&quot;","block_context":{"text":"Izlo\u017ebe","link":"https:\/\/historiografija.hr\/?cat=10"},"img":{"alt_text":"","src":"https:\/\/i0.wp.com\/historiografija.hr\/wp-content\/uploads\/2026\/04\/Jasenov_prut.jpg?fit=1024%2C640&ssl=1&resize=350%2C200","width":350,"height":200,"srcset":"https:\/\/i0.wp.com\/historiografija.hr\/wp-content\/uploads\/2026\/04\/Jasenov_prut.jpg?fit=1024%2C640&ssl=1&resize=350%2C200 1x, https:\/\/i0.wp.com\/historiografija.hr\/wp-content\/uploads\/2026\/04\/Jasenov_prut.jpg?fit=1024%2C640&ssl=1&resize=525%2C300 1.5x, https:\/\/i0.wp.com\/historiografija.hr\/wp-content\/uploads\/2026\/04\/Jasenov_prut.jpg?fit=1024%2C640&ssl=1&resize=700%2C400 2x"},"classes":[]},{"id":52631,"url":"https:\/\/historiografija.hr\/?p=52631","url_meta":{"origin":21201,"position":4},"title":"Predavanje Ivana Tepe\u0161a: Djelovanje hrvatske politi\u010dke emigracije","author":"Branimir Jankovi\u0107","date":"23. travnja 2026.","format":false,"excerpt":"Odjel za me\u0111unarodnu suradnju i iseljeni\u0161tvo Matice hrvatske Predavanje Ivana Tepe\u0161a: Djelovanje hrvatske politi\u010dke emigracije Utorak, 28. travnja 2026. u 18:00 sati, Dvorana Ljudevita Jonkea (Mala dvorana MH), Strossmayerov trg 4, Zagreb dr. sc. Ivan Tepe\u0161, Institut za istra\u017eivanje migracija Hrvatska politi\u010dka emigracija obilje\u017eila je polustoljetnu hrvatsku povijest u drugoj\u2026","rel":"","context":"U &quot;Novosti&quot;","block_context":{"text":"Novosti","link":"https:\/\/historiografija.hr\/?cat=3"},"img":{"alt_text":"","src":"","width":0,"height":0},"classes":[]},{"id":52592,"url":"https:\/\/historiografija.hr\/?p=52592","url_meta":{"origin":21201,"position":5},"title":"Predstavljanje knjige &#8220;Turska ku\u0107a u Rijeci&#8221; u Zagrebu","author":"Branimir Jankovi\u0107","date":"22. travnja 2026.","format":false,"excerpt":"U prostorijama Turskog kulturnog centra Yunus Emre u Zagrebu, u utorak 21. travnja 2026. godine, odr\u017eano je sve\u010dano predstavljanje dopunjenog izdanja knjige Turska ku\u0107a u Rijeci, u organizaciji Hrvatsko-turskog dru\u0161tva Rijeka i partnerstvu sa Skupinom prijateljstva Hrvatska-Turska Hrvatskog sabora, Veleposlanstvom Republike Turske u Republici Hrvatskoj te Turskim kulturnim centrom Yunus\u2026","rel":"","context":"U &quot;Novosti&quot;","block_context":{"text":"Novosti","link":"https:\/\/historiografija.hr\/?cat=3"},"img":{"alt_text":"","src":"https:\/\/i0.wp.com\/historiografija.hr\/wp-content\/uploads\/2026\/04\/Turska-kuca-ZG.jpg?fit=1200%2C800&ssl=1&resize=350%2C200","width":350,"height":200,"srcset":"https:\/\/i0.wp.com\/historiografija.hr\/wp-content\/uploads\/2026\/04\/Turska-kuca-ZG.jpg?fit=1200%2C800&ssl=1&resize=350%2C200 1x, https:\/\/i0.wp.com\/historiografija.hr\/wp-content\/uploads\/2026\/04\/Turska-kuca-ZG.jpg?fit=1200%2C800&ssl=1&resize=525%2C300 1.5x, https:\/\/i0.wp.com\/historiografija.hr\/wp-content\/uploads\/2026\/04\/Turska-kuca-ZG.jpg?fit=1200%2C800&ssl=1&resize=700%2C400 2x, https:\/\/i0.wp.com\/historiografija.hr\/wp-content\/uploads\/2026\/04\/Turska-kuca-ZG.jpg?fit=1200%2C800&ssl=1&resize=1050%2C600 3x"},"classes":[]}],"_links":{"self":[{"href":"https:\/\/historiografija.hr\/index.php?rest_route=\/wp\/v2\/posts\/21201","targetHints":{"allow":["GET"]}}],"collection":[{"href":"https:\/\/historiografija.hr\/index.php?rest_route=\/wp\/v2\/posts"}],"about":[{"href":"https:\/\/historiografija.hr\/index.php?rest_route=\/wp\/v2\/types\/post"}],"author":[{"embeddable":true,"href":"https:\/\/historiografija.hr\/index.php?rest_route=\/wp\/v2\/users\/2"}],"replies":[{"embeddable":true,"href":"https:\/\/historiografija.hr\/index.php?rest_route=%2Fwp%2Fv2%2Fcomments&post=21201"}],"version-history":[{"count":1,"href":"https:\/\/historiografija.hr\/index.php?rest_route=\/wp\/v2\/posts\/21201\/revisions"}],"predecessor-version":[{"id":21203,"href":"https:\/\/historiografija.hr\/index.php?rest_route=\/wp\/v2\/posts\/21201\/revisions\/21203"}],"wp:featuredmedia":[{"embeddable":true,"href":"https:\/\/historiografija.hr\/index.php?rest_route=\/wp\/v2\/media\/21202"}],"wp:attachment":[{"href":"https:\/\/historiografija.hr\/index.php?rest_route=%2Fwp%2Fv2%2Fmedia&parent=21201"}],"wp:term":[{"taxonomy":"category","embeddable":true,"href":"https:\/\/historiografija.hr\/index.php?rest_route=%2Fwp%2Fv2%2Fcategories&post=21201"},{"taxonomy":"post_tag","embeddable":true,"href":"https:\/\/historiografija.hr\/index.php?rest_route=%2Fwp%2Fv2%2Ftags&post=21201"}],"curies":[{"name":"wp","href":"https:\/\/api.w.org\/{rel}","templated":true}]}}