{"id":21176,"date":"2020-05-22T13:47:27","date_gmt":"2020-05-22T13:47:27","guid":{"rendered":"http:\/\/historiografija.hr\/?p=21176"},"modified":"2020-05-22T13:47:27","modified_gmt":"2020-05-22T13:47:27","slug":"mariana-mazzucato-drzava-poduzetnica-razotkrivanje-mitova-o-javnome-nasuprot-privatnom","status":"publish","type":"post","link":"https:\/\/historiografija.hr\/?p=21176","title":{"rendered":"Mariana Mazzucato, \u201cDr\u017eava poduzetnica \u2013 Razotkrivanje mitova o javnome nasuprot privatnom\u201d"},"content":{"rendered":"<p>Autorica je \u201cDr\u017eavu poduzetnicu \u2013 Razotkrivanje mitova o javnome nasuprot privatnom\u201d napisala 2013. godine kako bi se obra\u010dunala s mi\u0161ljenjem da je za obnovu gospodarskog rasta nakon financijske krize iz 2008. trebalo samo smanjiti prora\u010dunski deficit rezanjem dr\u017eavne potro\u0161nje. Osim \u0161to je \u017eeljela podsjetiti da je krizu izazvala privatna zadu\u017eenost, a ne dr\u017eavna, dokazivala je da je zemljama uzaludno pomi\u0161ljati kako do rasta mogu do\u0107i \u201erezanjem\u201d kad je poznato da su glavni pokreta\u010di gospodarskog rasta upravo ulaganja u podru\u010dja kao \u0161to su obrazovanje, istra\u017eivanja i tehnolo\u0161ko unapre\u0111ivanje.<\/p>\n<p>&nbsp;<\/p>\n<p>Kod zadu\u017eenosti je va\u017ena kvaliteta duga, a ne veli\u010dina jer kvaliteta mo\u017ee utjecati na dugoro\u010dne prilike za rast. Zato je nu\u017eno dublje razumijevanje dinamike javnih ulaganja koja su dovela do interneta, inovacija u zdravstvu te onih koja danas omogu\u0107uju proboj zelene revolucije. U svim tim primjerima javna su sredstva osiguravala strpljiv rad i dugoro\u010dnu strategiju \u0161to je poslije potaknulo na ulaganje i privatni sektor manje spreman na rizik. Problem pritom nije u suprotstavljanju javnoga i privatnoga, nego u tome kako raspravu o ulozi dr\u017eave u gospodarstvu odvojiti od ideologije i usmjeriti je prema prakti\u010dnom razmi\u0161ljanju koje ekonomiju mo\u017ee usmjeriti tako da odgovori na dru\u0161tvene i tehnolo\u0161ke izazove koji su pred njom.<\/p>\n<p>&nbsp;<\/p>\n<p>Prvo je izdanje autorica dopunila i objavila 2018., a \u0160kolska knjiga prevela ga i objavila kao da je prvo izdanje. U ovom izdanju autorica isti\u010de da se na po\u010detku 2018. godine ponovno zahuktava rasprava me\u0111u ekonomistima, duga cijelo desetlje\u0107e, te se name\u0107e pitanje poma\u017ee li gospodarskom rastu politika \u0161tednje i rezanja potro\u0161nje ili mu \u0161teti. Pojednostavnjeno govore\u0107i, sudionici rasprave mogu se podijeliti u dvije skupine: na konzervativce koji se zala\u017eu za ograni\u010davanje javne potro\u0161nje, pa tako i manju dr\u017eavu, i progresivce koji se zala\u017eu za ve\u0107a ulaganja u javna dobra i usluge poput infrastrukture, obrazovanja i zdravstvene za\u0161tite.<\/p>\n<p>&nbsp;<\/p>\n<p>U takvoj je intelektualnoj klimi politi\u010darima postalo mnogo lak\u0161e pozivati se na smanjivanje uloge javnog sektora nego braniti prihva\u0107anje njegova rizika. U tom procesu oni ne napadaju samo veli\u010dinu prora\u010duna javnog sektora nego i njegovu organizacijsku strukturu. Zato nas ne treba \u010duditi \u0161to je ameri\u010dki predsjednik Donald Trump nasrnuo na Agenciju za napredna istra\u017eivanja u energetici (US Advanced Research Project Agency \u2013 Energy \u2013 ARPA-E), glavnu inovacijsku agenciju Ministarstva energetike (Department of Energy \u2013 DoE), sestrinsku organizaciju \u2013 Agenciju za napredna istra\u017eivanja (Defence Advanced Research Projects Agency \u2013 DARPA), Ministarstvo obrane (Department of Defense \u2013 DoD), a kongresmeni iz Republikanske stranke rutinski su prijetili javnoj televiziji PBS. U Ujedinjenom Kraljevstvu ni presti\u017eni BBC nije bio po\u0161te\u0111en silovitih napada tijekom godina.<\/p>\n<p>&nbsp;<\/p>\n<p>&nbsp;<\/p>\n<p>\u201eU svojoj briljantnoj knjizi Mariana Mazzucato dokazuje da nije privatni sektor onaj koji najhrabrije ulazi u rizike i dolazi do najve\u0107ih otkri\u0107a, nego je to dr\u017eava koja \u010desto trpi nepravedne kritike i u osnovi je u pravu. Propust da se dr\u017eavi prizna va\u017ena uloga u pokretanju inovacija mogao bi biti najve\u0107om prijetnjom za pove\u0107anje blagostanja.\u201d<\/p>\n<p>&#8211; Martin Wolf, Financial Times<\/p>\n<p>&nbsp;<\/p>\n<p>\u201e&#8230; knjigu Mariane Mazzucato trebali biste pro\u010ditati. Potaknut \u0107e vas da preispitate svoja stajali\u0161ta.\u201d<\/p>\n<p>&#8211; Forbes<\/p>\n<p>&nbsp;<\/p>\n<p>\u201eKnjiga je izazvala naj\u0161iru raspravu o ulozi dr\u017eave u stvaranju inovacija&#8230; i mnogima je osigurala upori\u0161nu to\u010dku za okupljanje, ne samo onima na ljevici.\u201d<\/p>\n<p>&#8211; Guardian<\/p>\n<p>&nbsp;<\/p>\n<p>DOBITNICA NAGRADE LEONTIEF ZA 2018. GODINU ZA POMICANJE GRANICA EKONOMSKE MISLI.<\/p>\n<p>&nbsp;<\/p>\n<p>Izdava\u010d: \u0160kolska knjiga<\/p>\n<p>Broj stranica: 336<\/p>\n<p>Godina izdanja: 2020<\/p>\n<p>&nbsp;<\/p>\n<p><strong>Prelistaj izdanje:<\/strong><\/p>\n<p><a href=\"https:\/\/shop.skolskaknjiga.hr\/drzava-poduzetnica-uz-10-popusta-do-5-lipnja.html\">https:\/\/shop.skolskaknjiga.hr\/drzava-poduzetnica-uz-10-popusta-do-5-lipnja.html<\/a><\/p>\n<p>&nbsp;<\/p>\n<p>&nbsp;<\/p>\n","protected":false},"excerpt":{"rendered":"","protected":false},"author":2,"featured_media":21177,"comment_status":"open","ping_status":"open","sticky":false,"template":"","format":"standard","meta":{"_acf_changed":false,"jetpack_post_was_ever_published":false,"_jetpack_newsletter_access":"","_jetpack_dont_email_post_to_subs":false,"_jetpack_newsletter_tier_id":0,"_jetpack_memberships_contains_paywalled_content":false,"_jetpack_memberships_contains_paid_content":false,"footnotes":"","jetpack_publicize_message":"","jetpack_publicize_feature_enabled":true,"jetpack_social_post_already_shared":true,"jetpack_social_options":{"image_generator_settings":{"template":"highway","default_image_id":0,"font":"","enabled":false},"version":2}},"categories":[8,3],"tags":[],"class_list":["post-21176","post","type-post","status-publish","format-standard","has-post-thumbnail","hentry","category-knjige","category-novosti"],"acf":{"facebook_opis":""},"jetpack_publicize_connections":[],"jetpack_featured_media_url":"https:\/\/i0.wp.com\/historiografija.hr\/wp-content\/uploads\/2020\/05\/drzava-poduzetnica.jpg?fit=652%2C1000&ssl=1","jetpack_sharing_enabled":true,"jetpack-related-posts":[{"id":52607,"url":"https:\/\/historiografija.hr\/?p=52607","url_meta":{"origin":21176,"position":0},"title":"No\u0107 knjige: Kako je prije 410 godina smr\u0107u Shakespearea i Cervantesa zavr\u0161ilo razdoblje renesanse u knji\u017eevnosti","author":"Branimir Jankovi\u0107","date":"22. travnja 2026.","format":false,"excerpt":"\u010cetvrtak, 23. travnja 2026. u 18:00 sati, Knji\u017eara Matice hrvatske, Ulica Matice hrvatske 2, Zagreb Uvodna rije\u010d: dr. sc.\u00a0Dubravka Brezak Stama\u0107, pro\u010delnica Odjela za knji\u017eevnost Matice hrvatske Prof. dr. sc. Ivan Lupi\u0107, redoviti profesor u Odsjeku za anglistiku i Odsjeku za kroatistiku Sveu\u010dili\u0161ta u RijeciShakespeare, kazali\u0161te, glazbaKada se susre\u0107emo sa\u2026","rel":"","context":"U &quot;Novosti&quot;","block_context":{"text":"Novosti","link":"https:\/\/historiografija.hr\/?cat=3"},"img":{"alt_text":"","src":"https:\/\/i0.wp.com\/historiografija.hr\/wp-content\/uploads\/2026\/04\/noc_knjige_2026.jpg?fit=680%2C276&ssl=1&resize=350%2C200","width":350,"height":200,"srcset":"https:\/\/i0.wp.com\/historiografija.hr\/wp-content\/uploads\/2026\/04\/noc_knjige_2026.jpg?fit=680%2C276&ssl=1&resize=350%2C200 1x, https:\/\/i0.wp.com\/historiografija.hr\/wp-content\/uploads\/2026\/04\/noc_knjige_2026.jpg?fit=680%2C276&ssl=1&resize=525%2C300 1.5x"},"classes":[]},{"id":52536,"url":"https:\/\/historiografija.hr\/?p=52536","url_meta":{"origin":21176,"position":1},"title":"Kader Abdolah, \u201ePrije nego \u0161to bude kasno\u201c","author":"Branimir Jankovi\u0107","date":"20. travnja 2026.","format":false,"excerpt":"Kader Abdolah \u017eeli se vratiti ku\u0107i. Ali povratak je nemogu\u0107: u Iranu bi bio uhap\u0161en. Pod la\u017enim imenom i s krivotvorenim paso\u0161em ipak uspijeva u\u0107i u domovinu i sti\u017ee do roditeljske ku\u0107e, visoko u planinama. Majka ga ne prepoznaje, otac je mrtav, a sve \u0161to je tra\u017eio izmi\u010de mu pred\u2026","rel":"","context":"U &quot;Novosti&quot;","block_context":{"text":"Novosti","link":"https:\/\/historiografija.hr\/?cat=3"},"img":{"alt_text":"","src":"https:\/\/i0.wp.com\/historiografija.hr\/wp-content\/uploads\/2026\/04\/Prije-nego-sto-bude-kasno.webp?fit=566%2C872&ssl=1&resize=350%2C200","width":350,"height":200,"srcset":"https:\/\/i0.wp.com\/historiografija.hr\/wp-content\/uploads\/2026\/04\/Prije-nego-sto-bude-kasno.webp?fit=566%2C872&ssl=1&resize=350%2C200 1x, https:\/\/i0.wp.com\/historiografija.hr\/wp-content\/uploads\/2026\/04\/Prije-nego-sto-bude-kasno.webp?fit=566%2C872&ssl=1&resize=525%2C300 1.5x"},"classes":[]},{"id":52592,"url":"https:\/\/historiografija.hr\/?p=52592","url_meta":{"origin":21176,"position":2},"title":"Predstavljanje knjige &#8220;Turska ku\u0107a u Rijeci&#8221; u Zagrebu","author":"Branimir Jankovi\u0107","date":"22. travnja 2026.","format":false,"excerpt":"U prostorijama Turskog kulturnog centra Yunus Emre u Zagrebu, u utorak 21. travnja 2026. godine, odr\u017eano je sve\u010dano predstavljanje dopunjenog izdanja knjige Turska ku\u0107a u Rijeci, u organizaciji Hrvatsko-turskog dru\u0161tva Rijeka i partnerstvu sa Skupinom prijateljstva Hrvatska-Turska Hrvatskog sabora, Veleposlanstvom Republike Turske u Republici Hrvatskoj te Turskim kulturnim centrom Yunus\u2026","rel":"","context":"U &quot;Novosti&quot;","block_context":{"text":"Novosti","link":"https:\/\/historiografija.hr\/?cat=3"},"img":{"alt_text":"","src":"https:\/\/i0.wp.com\/historiografija.hr\/wp-content\/uploads\/2026\/04\/Turska-kuca-ZG.jpg?fit=1200%2C800&ssl=1&resize=350%2C200","width":350,"height":200,"srcset":"https:\/\/i0.wp.com\/historiografija.hr\/wp-content\/uploads\/2026\/04\/Turska-kuca-ZG.jpg?fit=1200%2C800&ssl=1&resize=350%2C200 1x, https:\/\/i0.wp.com\/historiografija.hr\/wp-content\/uploads\/2026\/04\/Turska-kuca-ZG.jpg?fit=1200%2C800&ssl=1&resize=525%2C300 1.5x, https:\/\/i0.wp.com\/historiografija.hr\/wp-content\/uploads\/2026\/04\/Turska-kuca-ZG.jpg?fit=1200%2C800&ssl=1&resize=700%2C400 2x, https:\/\/i0.wp.com\/historiografija.hr\/wp-content\/uploads\/2026\/04\/Turska-kuca-ZG.jpg?fit=1200%2C800&ssl=1&resize=1050%2C600 3x"},"classes":[]},{"id":52660,"url":"https:\/\/historiografija.hr\/?p=52660","url_meta":{"origin":21176,"position":3},"title":"Medijski odjeci \u010dlanka Steve \u0110ura\u0161kovi\u0107a \u201e\u017dupanovljeva ne\u017eeljena djeca: ideolo\u0161ko pribli\u017eavanje neoliberala i kr\u0161\u0107anske radikalne desnice u Hrvatskoj\u201c","author":"Branimir Jankovi\u0107","date":"24. travnja 2026.","format":false,"excerpt":"U sklopu projekta \u201eIzazovi intelektualne povijesti: recepcije, preobrazbe i upotrebe politi\u010dkih ideja\u201c objavljen je polemi\u010dki \u010dlanak Steve \u0110ura\u0161kovi\u0107a \u201e\u017dupanovljeva ne\u017eeljena djeca: ideolo\u0161ko pribli\u017eavanje neoliberala i kr\u0161\u0107anske radikalne desnice u Hrvatskoj\u201c, koji je izazvao odre\u0111ene medijske reakcije. Stevo \u0110ura\u0161kovi\u0107 \u017dupanovljeva ne\u017eeljena djeca: ideolo\u0161ko pribli\u017eavanje neoliberala i kr\u0161\u0107anske radikalne desnice u Hrvatskoj\u2026","rel":"","context":"U &quot;Novosti&quot;","block_context":{"text":"Novosti","link":"https:\/\/historiografija.hr\/?cat=3"},"img":{"alt_text":"","src":"https:\/\/i0.wp.com\/historiografija.hr\/wp-content\/uploads\/2026\/04\/SD.png?fit=809%2C821&ssl=1&resize=350%2C200","width":350,"height":200,"srcset":"https:\/\/i0.wp.com\/historiografija.hr\/wp-content\/uploads\/2026\/04\/SD.png?fit=809%2C821&ssl=1&resize=350%2C200 1x, https:\/\/i0.wp.com\/historiografija.hr\/wp-content\/uploads\/2026\/04\/SD.png?fit=809%2C821&ssl=1&resize=525%2C300 1.5x, https:\/\/i0.wp.com\/historiografija.hr\/wp-content\/uploads\/2026\/04\/SD.png?fit=809%2C821&ssl=1&resize=700%2C400 2x"},"classes":[]},{"id":52148,"url":"https:\/\/historiografija.hr\/?p=52148","url_meta":{"origin":21176,"position":4},"title":"Poziv za prijavu na me\u0111unarodnu znanstvenu konferenciju \u201eGranice (ne)slobode: Zadarski krug 1966. Intelektualna opozicija u totalitarnom dru\u0161tvu\u201c","author":"Branimir Jankovi\u0107","date":"27. o\u017eujka 2026.","format":false,"excerpt":"\u00a0\u00a0\u00a0\u00a0 Povodom \u0161ezdesete obljetnice poku\u0161aja osnivanja \u010dasopisa Slobodan glas u Zadru 1966. godine, pozivamo vas na znanstvenu konferenciju posve\u0107enu istra\u017eivanju disidentstva, intelektualne opozicije i granica divergentnog mi\u0161ljenja nasuprot slu\u017ebenoj ideologiji u komunisti\u010dkoj Jugoslaviji. Ideja konferencije je analizirati konkretan fenomen zadarskog slu\u010daja razloge i okolnosti njegove pojave, ali uz otvaranje komparativnih\u2026","rel":"","context":"U &quot;Novosti&quot;","block_context":{"text":"Novosti","link":"https:\/\/historiografija.hr\/?cat=3"},"img":{"alt_text":"","src":"https:\/\/i0.wp.com\/historiografija.hr\/wp-content\/uploads\/2026\/03\/Poziv-konferencija-Zadar.jpg?fit=1200%2C509&ssl=1&resize=350%2C200","width":350,"height":200,"srcset":"https:\/\/i0.wp.com\/historiografija.hr\/wp-content\/uploads\/2026\/03\/Poziv-konferencija-Zadar.jpg?fit=1200%2C509&ssl=1&resize=350%2C200 1x, https:\/\/i0.wp.com\/historiografija.hr\/wp-content\/uploads\/2026\/03\/Poziv-konferencija-Zadar.jpg?fit=1200%2C509&ssl=1&resize=525%2C300 1.5x, https:\/\/i0.wp.com\/historiografija.hr\/wp-content\/uploads\/2026\/03\/Poziv-konferencija-Zadar.jpg?fit=1200%2C509&ssl=1&resize=700%2C400 2x, https:\/\/i0.wp.com\/historiografija.hr\/wp-content\/uploads\/2026\/03\/Poziv-konferencija-Zadar.jpg?fit=1200%2C509&ssl=1&resize=1050%2C600 3x"},"classes":[]},{"id":52654,"url":"https:\/\/historiografija.hr\/?p=52654","url_meta":{"origin":21176,"position":5},"title":"Gostuju\u0107e predavanje &#8211; Danijel D\u017eino \u201eKasnoanti\u010dke i ranosrednjovjekovne gra\u0111evine u Brezi: Spomenici nepotpune biografije\u201c","author":"Branimir Jankovi\u0107","date":"24. travnja 2026.","format":false,"excerpt":"Doktorski studij predmoderne povijesti poziva na predavanje \"Kasnoanti\u010dke i ranosrednjovjekovne gra\u0111evine u Brezi: Spomenici nepotpune biografije\u201d koje \u0107e odr\u017eati profesor Danijel D\u017eino sa Sveu\u010dili\u0161ta Macquarie u Sydneyu u\u00a0utorak 28. travnja 2026. u 17h u Konferencijskoj dvorani Knji\u017enice Filozofskog fakulteta u Zagrebu. Predavanje \u0107e predo\u010diti nova saznanja dobivena kroz arhivsko-dokumentarna istra\u017eivanja\u2026","rel":"","context":"U &quot;Novosti&quot;","block_context":{"text":"Novosti","link":"https:\/\/historiografija.hr\/?cat=3"},"img":{"alt_text":"","src":"https:\/\/i0.wp.com\/historiografija.hr\/wp-content\/uploads\/2026\/04\/Dzino.jpg?fit=980%2C819&ssl=1&resize=350%2C200","width":350,"height":200,"srcset":"https:\/\/i0.wp.com\/historiografija.hr\/wp-content\/uploads\/2026\/04\/Dzino.jpg?fit=980%2C819&ssl=1&resize=350%2C200 1x, https:\/\/i0.wp.com\/historiografija.hr\/wp-content\/uploads\/2026\/04\/Dzino.jpg?fit=980%2C819&ssl=1&resize=525%2C300 1.5x, https:\/\/i0.wp.com\/historiografija.hr\/wp-content\/uploads\/2026\/04\/Dzino.jpg?fit=980%2C819&ssl=1&resize=700%2C400 2x"},"classes":[]}],"_links":{"self":[{"href":"https:\/\/historiografija.hr\/index.php?rest_route=\/wp\/v2\/posts\/21176","targetHints":{"allow":["GET"]}}],"collection":[{"href":"https:\/\/historiografija.hr\/index.php?rest_route=\/wp\/v2\/posts"}],"about":[{"href":"https:\/\/historiografija.hr\/index.php?rest_route=\/wp\/v2\/types\/post"}],"author":[{"embeddable":true,"href":"https:\/\/historiografija.hr\/index.php?rest_route=\/wp\/v2\/users\/2"}],"replies":[{"embeddable":true,"href":"https:\/\/historiografija.hr\/index.php?rest_route=%2Fwp%2Fv2%2Fcomments&post=21176"}],"version-history":[{"count":1,"href":"https:\/\/historiografija.hr\/index.php?rest_route=\/wp\/v2\/posts\/21176\/revisions"}],"predecessor-version":[{"id":21178,"href":"https:\/\/historiografija.hr\/index.php?rest_route=\/wp\/v2\/posts\/21176\/revisions\/21178"}],"wp:featuredmedia":[{"embeddable":true,"href":"https:\/\/historiografija.hr\/index.php?rest_route=\/wp\/v2\/media\/21177"}],"wp:attachment":[{"href":"https:\/\/historiografija.hr\/index.php?rest_route=%2Fwp%2Fv2%2Fmedia&parent=21176"}],"wp:term":[{"taxonomy":"category","embeddable":true,"href":"https:\/\/historiografija.hr\/index.php?rest_route=%2Fwp%2Fv2%2Fcategories&post=21176"},{"taxonomy":"post_tag","embeddable":true,"href":"https:\/\/historiografija.hr\/index.php?rest_route=%2Fwp%2Fv2%2Ftags&post=21176"}],"curies":[{"name":"wp","href":"https:\/\/api.w.org\/{rel}","templated":true}]}}