{"id":21170,"date":"2020-05-22T13:40:50","date_gmt":"2020-05-22T13:40:50","guid":{"rendered":"http:\/\/historiografija.hr\/?p=21170"},"modified":"2020-05-22T13:40:50","modified_gmt":"2020-05-22T13:40:50","slug":"cfp-shaping-the-socialist-self-the-role-of-psy-sciences-in-communist-states-of-the-eastern-bloc-1948-1989","status":"publish","type":"post","link":"https:\/\/historiografija.hr\/?p=21170","title":{"rendered":"CFP: Shaping the \u2018socialist self\u2019? The role of psy-sciences in communist states of the Eastern Bloc (1948\u20131989)"},"content":{"rendered":"<p>The history of psy-sciences under communist rule in the former Eastern Bloc has been widely perceived as a mirror image of state socialist mental health policies. In the last years, however, the situation has changed: the history of psy-sciences in communist Europe has become an evolving field of research dealing with a variety of topics ranging from the transnational history of psychiatry to the history of social control and criminality. Following post-Foucauldian ideas, many historians and other scholars started to turn their attention to the relation between psy-sciences and distinctive communist art of governing. The role of psy-sciences in communist dictatorships came to be perceived within a broader framework of biopolitics and technologies of the self. Furthermore, drawing inspiration from science and technology studies, many of these works aim to analyse knowledge and practices of psy-sciences in relation to complex networks of agents and objects.<\/p>\n<p>Following these newest developments, this workshop aims to bring together researchers dealing with the history of psy-sciences in communist Europe. The main aim is to (1) discuss contemporary approaches, topics and themes in current research about the role of psy-sciences in the communist states of the Eastern Bloc and to (2) outline possible questions and issues relevant for future research in this field.<\/p>\n<p>We are interested in papers from various methodological backgrounds dealing with the history of psy-sciences in communist Europe. We especially welcome papers focusing on aspects and questions such as:<\/p>\n<p><strong>Psy-sciences between East and West: circulation of ideas and practices<\/strong><\/p>\n<ul>\n<li>How did the production of knowledge and practices of psy-experts look like in Eastern Europe?<\/li>\n<li>Were psy-experts involved in discussions with their colleagues from other parts of Europe or were they working in isolation?<\/li>\n<li>Were psy-experts in Eastern Europe more influenced by their national scientific traditions or by globalising trends in the field?<\/li>\n<li>Was there any forum for exchanging ideas and theories?<\/li>\n<li>What kind of role had international conferences in shaping the knowledge of psy-experts?<\/li>\n<\/ul>\n<p><strong>Creating the \u2018socialist self\u2019: psy-sciences, identity and politics<\/strong><\/p>\n<ul>\n<li>How did the knowledge and practices of psy-sciences form the \u2018self\u2019 of people under the communist rule?<\/li>\n<li>How was the concept of \u2018socialist personality\u2019 constructed and where was it operating (e.g. in mental health institutions, at schools or in the military)?<\/li>\n<li>Was the discourse of psy-sciences subjugating or empowering?<\/li>\n<li>What kind of \u2018techniques of the self did psy-sciences produce and to what extent did people internalize them?<\/li>\n<li>How did psy-sciences shape the communist art of governing?<\/li>\n<\/ul>\n<p><strong>Regulating the socialist society: psy-sciences, security and social control <\/strong><\/p>\n<ul>\n<li>What was perceived as \u2018abnormal\u2019 or \u2018anti-social\u2019 behaviour and how was it treated by psy-experts and the state?<\/li>\n<li>How did the knowledge and practices of psy-science influence socialist criminology and penology?<\/li>\n<li>How was the \u2018medicalisation\u2019 of crime integrated into the socialist criminal justice system?<\/li>\n<li>To what extent did psy-sciences get involved public health campaigns propagated by the socialist state?<\/li>\n<\/ul>\n<p>We welcome all contributions in different phases of research (e.g. an outline of research, a presentation of a chapter\/article or finished research). Please send us a short biography (ca. 150 words) and an abstract of your paper (up to 400 words for a 20-minute presentation) before 30 June 2020. The workshop will be held in English.<\/p>\n<p>Participants who are not able to secure funding for travel and accommodation will have the possibility to apply for financial assistance.<\/p>\n<p><strong>Organisation:<\/strong> Jakub St\u0159elec (Faculty of Social Sciences, Charles University \/ Cefres PhD Fellow)<\/p>\n<p><strong>Scientific Committee<\/strong><\/p>\n<ul>\n<li>J\u00e9r\u00f4me Heurtaux (CEFRES Director)<\/li>\n<li>Ad\u00e9la Gjuri\u010dov\u00e1 (Senior Researcher, Institute of Contemporary History of the Czech Academy of Sciences)<\/li>\n<li>Martin Schulze Wessel (Institute Director of Collegium Carolinum)<\/li>\n<\/ul>\n<p>&nbsp;<\/p>\n<p><strong>International Workshop <\/strong><\/p>\n<p><strong>Venue: <\/strong>Prague<br \/>\n<strong>Date: <\/strong>6 November 2020<br \/>\n<strong>Deadline for applications: <\/strong>30 June 2020<br \/>\n<strong>Contacts: <\/strong>jakub.strelec@fsv.cuni.cz<br \/>\n<strong>Organizing institutions<\/strong>: CEFRES, Institute of Contemporary History of the Czech Academy of Sciences, Collegium Carolinum in Prague<\/p>\n<p>&nbsp;<\/p>\n<p><a href=\"http:\/\/www.cefres.cz\/en\/13499\">http:\/\/www.cefres.cz\/en\/13499<\/a><\/p>\n<p>&nbsp;<\/p>\n<p>&nbsp;<\/p>\n<p>&nbsp;<\/p>\n","protected":false},"excerpt":{"rendered":"","protected":false},"author":2,"featured_media":21171,"comment_status":"open","ping_status":"open","sticky":false,"template":"","format":"standard","meta":{"_acf_changed":false,"jetpack_post_was_ever_published":false,"_jetpack_newsletter_access":"","_jetpack_dont_email_post_to_subs":false,"_jetpack_newsletter_tier_id":0,"_jetpack_memberships_contains_paywalled_content":false,"_jetpack_memberships_contains_paid_content":false,"footnotes":"","jetpack_publicize_message":"","jetpack_publicize_feature_enabled":true,"jetpack_social_post_already_shared":true,"jetpack_social_options":{"image_generator_settings":{"template":"highway","default_image_id":0,"font":"","enabled":false},"version":2}},"categories":[3,9],"tags":[],"class_list":["post-21170","post","type-post","status-publish","format-standard","has-post-thumbnail","hentry","category-novosti","category-skupovi"],"acf":{"facebook_opis":""},"jetpack_publicize_connections":[],"jetpack_featured_media_url":"https:\/\/i0.wp.com\/historiografija.hr\/wp-content\/uploads\/2020\/05\/CEFRES.jpg?fit=1260%2C240&ssl=1","jetpack_sharing_enabled":true,"jetpack-related-posts":[{"id":52580,"url":"https:\/\/historiografija.hr\/?p=52580","url_meta":{"origin":21170,"position":0},"title":"Conference &#8220;Living in the aftermaths: Trauma, politics and survival in Yugoslavia and successor states, 1945 \u2013 present&#8221;","author":"Branimir Jankovi\u0107","date":"21. travnja 2026.","format":false,"excerpt":"The conference aims to explore how war-related psychological distress was experienced, narrated, debated and reframed in Yugoslavia in the second half of the twentieth century. It asks how the theme of wounded psyche and wartime suffering was addressed and acknowledged in political, psychiatric and broader cultural discourses of socialist Yugoslavia,\u2026","rel":"","context":"U &quot;Novosti&quot;","block_context":{"text":"Novosti","link":"https:\/\/historiografija.hr\/?cat=3"},"img":{"alt_text":"","src":"https:\/\/i0.wp.com\/historiografija.hr\/wp-content\/uploads\/2026\/04\/Battle_of_Neretva_Picasso_poster-Conference-Living-in-the-aftermaths.webp?fit=564%2C954&ssl=1&resize=350%2C200","width":350,"height":200,"srcset":"https:\/\/i0.wp.com\/historiografija.hr\/wp-content\/uploads\/2026\/04\/Battle_of_Neretva_Picasso_poster-Conference-Living-in-the-aftermaths.webp?fit=564%2C954&ssl=1&resize=350%2C200 1x, https:\/\/i0.wp.com\/historiografija.hr\/wp-content\/uploads\/2026\/04\/Battle_of_Neretva_Picasso_poster-Conference-Living-in-the-aftermaths.webp?fit=564%2C954&ssl=1&resize=525%2C300 1.5x"},"classes":[]},{"id":52516,"url":"https:\/\/historiografija.hr\/?p=52516","url_meta":{"origin":21170,"position":1},"title":"Marko Grde\u0161i\u0107, Mislav \u017ditko, \u201eSocialist Economics in Yugoslavia: A Critical History\u201c","author":"Branimir Jankovi\u0107","date":"17. travnja 2026.","format":false,"excerpt":"This book presents a critical history of Yugoslav socialist economics, from its inception in the late 1940s to its dissolution in the late 1980s. After the dramatic break with the Soviet Union in 1948, Yugoslavia found itself in urgent need of a third way: A socialist trajectory which would not\u2026","rel":"","context":"U &quot;Knjige&quot;","block_context":{"text":"Knjige","link":"https:\/\/historiografija.hr\/?cat=8"},"img":{"alt_text":"","src":"https:\/\/i0.wp.com\/historiografija.hr\/wp-content\/uploads\/2026\/04\/Zitko_Grdesic.jpg?fit=350%2C535&ssl=1&resize=350%2C200","width":350,"height":200},"classes":[]},{"id":52520,"url":"https:\/\/historiografija.hr\/?p=52520","url_meta":{"origin":21170,"position":2},"title":"Predstavljanje knjige &#8220;Socialist Economics in Yugoslavia: A Critical History&#8221; u Zagrebu","author":"Branimir Jankovi\u0107","date":"17. travnja 2026.","format":false,"excerpt":"Pozivamo vas na predstavljanje knjige \"Socialist Economics in Yugoslavia: A Critical History\", autora Mislava \u00a0\u017ditka i Marka Grde\u0161i\u0107a (Routledge, 2026). Na predstavljanju \u0107e govoriti Branko Milanovi\u0107 (CUNY), Milica Uvali\u0107 (EUI), Zdravko Petak (FPZG) te autori.\u00a0 Predstavljanje \u0107e se odr\u017eati u srijedu 22. travnja u 16:00 sati na Fakultetu politi\u010dkih znanosti\u2026","rel":"","context":"U &quot;Novosti&quot;","block_context":{"text":"Novosti","link":"https:\/\/historiografija.hr\/?cat=3"},"img":{"alt_text":"","src":"https:\/\/i0.wp.com\/historiografija.hr\/wp-content\/uploads\/2026\/04\/Poziv-na-predstavljanje.png?fit=800%2C652&ssl=1&resize=350%2C200","width":350,"height":200,"srcset":"https:\/\/i0.wp.com\/historiografija.hr\/wp-content\/uploads\/2026\/04\/Poziv-na-predstavljanje.png?fit=800%2C652&ssl=1&resize=350%2C200 1x, https:\/\/i0.wp.com\/historiografija.hr\/wp-content\/uploads\/2026\/04\/Poziv-na-predstavljanje.png?fit=800%2C652&ssl=1&resize=525%2C300 1.5x, https:\/\/i0.wp.com\/historiografija.hr\/wp-content\/uploads\/2026\/04\/Poziv-na-predstavljanje.png?fit=800%2C652&ssl=1&resize=700%2C400 2x"},"classes":[]},{"id":52664,"url":"https:\/\/historiografija.hr\/?p=52664","url_meta":{"origin":21170,"position":3},"title":"CfP: CONFERENCE OF THE HISTORY OF CONCEPTS GROUP, HELSINKI, 19TH\u201321ST AUGUST 2026 (DEADLINE: 30TH APRIL 2026)","author":"Branimir Jankovi\u0107","date":"24. travnja 2026.","format":false,"excerpt":"The annual conference of the History of Concepts Group is held at the University of Helsinki, 19-21 August 2026. Conference of the History of Concepts Group Conceptual history studies the use of concepts and tries to understand how historical actors have linguistically articulated views of the world. Studying concepts from\u2026","rel":"","context":"U &quot;Novosti&quot;","block_context":{"text":"Novosti","link":"https:\/\/historiografija.hr\/?cat=3"},"img":{"alt_text":"","src":"https:\/\/i0.wp.com\/historiografija.hr\/wp-content\/uploads\/2017\/10\/hsozkult.png?fit=1006%2C241&ssl=1&resize=350%2C200","width":350,"height":200,"srcset":"https:\/\/i0.wp.com\/historiografija.hr\/wp-content\/uploads\/2017\/10\/hsozkult.png?fit=1006%2C241&ssl=1&resize=350%2C200 1x, https:\/\/i0.wp.com\/historiografija.hr\/wp-content\/uploads\/2017\/10\/hsozkult.png?fit=1006%2C241&ssl=1&resize=525%2C300 1.5x, https:\/\/i0.wp.com\/historiografija.hr\/wp-content\/uploads\/2017\/10\/hsozkult.png?fit=1006%2C241&ssl=1&resize=700%2C400 2x"},"classes":[]},{"id":52586,"url":"https:\/\/historiografija.hr\/?p=52586","url_meta":{"origin":21170,"position":4},"title":"Aur\u00e9lie Daher, \u201eHezbollah: Mobilisation and Power\u201c","author":"Branimir Jankovi\u0107","date":"22. travnja 2026.","format":false,"excerpt":"Morning Star \u2018Book of the Year\u2019 Social movement, liberation party or terrorist group? With Hezbollah\u2019s growing involvement in the war in Syria, this study of its impact on Lebanon, drawing heavily on first-hand interviews, could not be more timely. Description Almost forty years after its foundation, Hezbollah remains an enigma.\u2026","rel":"","context":"U &quot;Knjige&quot;","block_context":{"text":"Knjige","link":"https:\/\/historiografija.hr\/?cat=8"},"img":{"alt_text":"","src":"https:\/\/i0.wp.com\/historiografija.hr\/wp-content\/uploads\/2026\/04\/Daher-Hezbollah.jpg?fit=600%2C931&ssl=1&resize=350%2C200","width":350,"height":200,"srcset":"https:\/\/i0.wp.com\/historiografija.hr\/wp-content\/uploads\/2026\/04\/Daher-Hezbollah.jpg?fit=600%2C931&ssl=1&resize=350%2C200 1x, https:\/\/i0.wp.com\/historiografija.hr\/wp-content\/uploads\/2026\/04\/Daher-Hezbollah.jpg?fit=600%2C931&ssl=1&resize=525%2C300 1.5x"},"classes":[]},{"id":52641,"url":"https:\/\/historiografija.hr\/?p=52641","url_meta":{"origin":21170,"position":5},"title":"CfP: WHO OWNS THE PAST? VERNACULAR MEMORY, STATE MEMORY, AND THE POLITICS OF OWNERSHIP","author":"Branimir Jankovi\u0107","date":"24. travnja 2026.","format":false,"excerpt":"VIENNA, 31ST AUGUST\u20133RD SEPTEMBER 2026 (DEADLINE: 24TH APRIL 2026) The Center for Austrian Studies at the European Forum at the Hebrew University and the Austrian Academy of Sciences\/Institute of Culture Studies invite early postdocs, PhD candidates, and advanced Master\u2019s students from the Hebrew University of Jerusalem and universities and academic\u2026","rel":"","context":"U &quot;Novosti&quot;","block_context":{"text":"Novosti","link":"https:\/\/historiografija.hr\/?cat=3"},"img":{"alt_text":"","src":"https:\/\/i0.wp.com\/historiografija.hr\/wp-content\/uploads\/2017\/10\/hsozkult.png?fit=1006%2C241&ssl=1&resize=350%2C200","width":350,"height":200,"srcset":"https:\/\/i0.wp.com\/historiografija.hr\/wp-content\/uploads\/2017\/10\/hsozkult.png?fit=1006%2C241&ssl=1&resize=350%2C200 1x, https:\/\/i0.wp.com\/historiografija.hr\/wp-content\/uploads\/2017\/10\/hsozkult.png?fit=1006%2C241&ssl=1&resize=525%2C300 1.5x, https:\/\/i0.wp.com\/historiografija.hr\/wp-content\/uploads\/2017\/10\/hsozkult.png?fit=1006%2C241&ssl=1&resize=700%2C400 2x"},"classes":[]}],"_links":{"self":[{"href":"https:\/\/historiografija.hr\/index.php?rest_route=\/wp\/v2\/posts\/21170","targetHints":{"allow":["GET"]}}],"collection":[{"href":"https:\/\/historiografija.hr\/index.php?rest_route=\/wp\/v2\/posts"}],"about":[{"href":"https:\/\/historiografija.hr\/index.php?rest_route=\/wp\/v2\/types\/post"}],"author":[{"embeddable":true,"href":"https:\/\/historiografija.hr\/index.php?rest_route=\/wp\/v2\/users\/2"}],"replies":[{"embeddable":true,"href":"https:\/\/historiografija.hr\/index.php?rest_route=%2Fwp%2Fv2%2Fcomments&post=21170"}],"version-history":[{"count":1,"href":"https:\/\/historiografija.hr\/index.php?rest_route=\/wp\/v2\/posts\/21170\/revisions"}],"predecessor-version":[{"id":21172,"href":"https:\/\/historiografija.hr\/index.php?rest_route=\/wp\/v2\/posts\/21170\/revisions\/21172"}],"wp:featuredmedia":[{"embeddable":true,"href":"https:\/\/historiografija.hr\/index.php?rest_route=\/wp\/v2\/media\/21171"}],"wp:attachment":[{"href":"https:\/\/historiografija.hr\/index.php?rest_route=%2Fwp%2Fv2%2Fmedia&parent=21170"}],"wp:term":[{"taxonomy":"category","embeddable":true,"href":"https:\/\/historiografija.hr\/index.php?rest_route=%2Fwp%2Fv2%2Fcategories&post=21170"},{"taxonomy":"post_tag","embeddable":true,"href":"https:\/\/historiografija.hr\/index.php?rest_route=%2Fwp%2Fv2%2Ftags&post=21170"}],"curies":[{"name":"wp","href":"https:\/\/api.w.org\/{rel}","templated":true}]}}