{"id":21161,"date":"2020-05-22T13:31:39","date_gmt":"2020-05-22T13:31:39","guid":{"rendered":"http:\/\/historiografija.hr\/?p=21161"},"modified":"2020-05-22T13:31:39","modified_gmt":"2020-05-22T13:31:39","slug":"danijela-lugaric-vukas-izleti-u-drugo-rasprave-o-ruskoj-knjizevnosti-filmu-i-popularnoj-kulturi","status":"publish","type":"post","link":"https:\/\/historiografija.hr\/?p=21161","title":{"rendered":"Danijela Lugari\u0107 Vukas, \u201cIzleti u Drugo (rasprave o ruskoj knji\u017eevnosti, filmu i popularnoj kulturi)\u201d"},"content":{"rendered":"<p>\u201cPosebna su vrijednost analize koje kontekstualno uokviruju kulturne tekstove u zbivanjima koja se opiru jezi\u010dnoj simbolizaciji (Drugi svjetski rat, Gulag), osvjetljuju\u0107i u njima lokalne (mitske, klasne i rodne) specifi\u010dnosti, ali i neke op\u0107e (globalne) tendencije. Kao \u0161to se isti\u010de i u nacrtu Uvoda, knjiga pokazuje da se ruska i sovjetska kulturna povijest, promatrana iz zacrtanih vizura, nipo\u0161to ne mo\u017ee promatrati kroz linearnu, uzro\u010dno-posljedi\u010dnu logiku razvoja. Logika ruskog i sovjetskog prije je logika amalgama: niz prekida, procjepa, nedosljednosti i \u201cslu\u010dajnosti\u201d, \u0161to aktualizira poznato obja\u0161njenje logike povijesnoga razvoja ruskog formalista Jurija Tynjanova u formi \u201ckonji\u0107eva skoka\u201d.\u201d<\/p>\n<p><strong>\u00a0<\/strong><\/p>\n<p><strong>&#8212;<\/strong><\/p>\n<p><strong>\u00a0<\/strong><\/p>\n<p><strong>IZLETI U DRUGO: (rasprave o ruskoj knji\u017eevnosti, filmu i popularnoj kulturi)<\/strong><\/p>\n<p><strong>Autorica:<\/strong> Danijela Lugari\u0107 Vukas<\/p>\n<p><strong>ISBN<\/strong>: 978-953-175-694-5<\/p>\n<p><strong>Izdava\u010d<\/strong>: Hrvatska sveu\u010dili\u0161na naklada, Filozofski fakultet<\/p>\n<p><strong>Godina izdavanja<\/strong>: 2019<\/p>\n<p><strong>Op\u0107e informacije<\/strong>: Meki uvez, 233 str.<\/p>\n<p>&nbsp;<\/p>\n<p><strong>IZLETI U DRUGO <\/strong>Danijele Lugari\u0107 Vukas (234 str) bavi se razli\u010ditim tekstovima ruske i sovjetske kulture (pod pojmom \u00abtekst\u00bb autorica podrazumijeva i visokoumjetni\u010dke, ali i popularno-kulturne pojave), od kojih dio promatra samostalno, a dio u poredbenoj perspektivi (poglavlja o \u00abprozi u trapericama\u00bb i Gulagu). Tekstovima o kulturi pristupa se kroz intrigantne i u suvremenoj doma\u0107oj humanistici podzastupljene kategorije mita, klase i roda, koji se ne promatraju kao odvojene kategorije znanja i svijesti, nego u me\u0111uovisnosti. Gotovo sve analize, kako se navodi i u nacrtu Uvoda, pokazuju da su klasne artikulacije zna\u010denja ovisne o rodnim, a neke i da mitsko kapilarno premre\u017euje klasno i rodno polje ruske i (post)sovjetske kulture. Tuma\u010denja kulture u knjizi <em>Izleti u Drugo: mit, klasa i rod (rasprave o ruskoj knji\u017eevnosti, filmu i popularnoj kulturi)<\/em> svje\u017e je, nov i aktualan (uskla\u0111en sa strujanjima u suvremenoj humanistici i dru\u0161tvenim znanostima) uvid u rusku i sovjetsku kulturnu proizvodnju.<\/p>\n<p>Posebna su vrijednost analize koje kontekstualno uokviruju kulturne tekstove u zbivanjima koja se opiru jezi\u010dnoj simbolizaciji (Drugi svjetski rat, Gulag), osvjetljuju\u0107i u njima lokalne (mitske, klasne i rodne) specifi\u010dnosti, ali i neke op\u0107e (globalne) tendencije. Kao \u0161to se isti\u010de i u nacrtu Uvoda, knjiga pokazuje da se ruska i sovjetska kulturna povijest, promatrana iz zacrtanih vizura, nipo\u0161to ne mo\u017ee promatrati kroz linearnu, uzro\u010dno-posljedi\u010dnu logiku razvoja. Logika ruskog i sovjetskog prije je logika amalgama: niz prekida, procjepa, nedosljednosti i \u201cslu\u010dajnosti\u201d, \u0161to aktualizira poznato obja\u0161njenje logike povijesnoga razvoja ruskog formalista Jurija Tynjanova u formi \u201ckonji\u0107eva skoka\u201d.<\/p>\n<p>Unato\u010d tomu \u0161to nakana knjige nije bila prikazati sve tendencije u ruskoj i sovjetskoj knji\u017eevnosti, filmu i popularnoj kulturi, nego upravo one njihove kriti\u010dne momente u kojima su pukotine, prijelomi, liminalnost, prijelaznost i \u201cslu\u010dajnosti\u201d najvidljiviji, analize su ipak uspjele pokazati \u2013 odabirom dobrih primjera \u2013 gotovo sva klju\u010dna strujanja u umjetnosti i popularnoj kulturi ruske i sovjetske novije kulture.<\/p>\n<p>Knjiga \u0107e biti zanimljiva svima koji se bave sovjetskom \/ ruskom kulturom, (post)socijalizmom; rodnim studijima; mitopoetikom; materijalnim uvjetima knji\u017eevnih i kulturnih praksi. Osim filolozima, knjiga mo\u017ee biti zanimljiva i zainteresiranima za interdisciplinarni pristup kulturi, povjesni\u010darima, filozofima, politolozima, sociolozima, kulturnim antropolozima i etnolozima.<\/p>\n<p>&nbsp;<\/p>\n<p>Izvor: <a href=\"https:\/\/www.hsn.hr\/product\/451\/izleti-u-drugo-rasprave-o-ruskoj-knjizevnosti-filmu-i-popularnoj-kulturi\">https:\/\/www.hsn.hr\/product\/451\/izleti-u-drugo-rasprave-o-ruskoj-knjizevnosti-filmu-i-popularnoj-kulturi<\/a><\/p>\n<p>&nbsp;<\/p>\n<p>&#8212;<\/p>\n<p>&nbsp;<\/p>\n<p><strong>FF Open Press &#8211; izdanja Filozofskog fakulteta u Zagrebu u otvorenom pristupu<\/strong><\/p>\n<p>Izleti u Drugo: mit, klasa i rod (rasprave o ruskoj knji\u017eevnosti, filmu i popularnoj kulturi)<\/p>\n<p><a href=\"https:\/\/openbooks.ffzg.unizg.hr\/index.php\/FFpress\/catalog\/book\/48\">https:\/\/openbooks.ffzg.unizg.hr\/index.php\/FFpress\/catalog\/book\/48<\/a><\/p>\n<p>&nbsp;<\/p>\n<p>&nbsp;<\/p>\n<p>&nbsp;<\/p>\n","protected":false},"excerpt":{"rendered":"","protected":false},"author":2,"featured_media":21162,"comment_status":"open","ping_status":"open","sticky":false,"template":"","format":"standard","meta":{"_acf_changed":false,"jetpack_post_was_ever_published":false,"_jetpack_newsletter_access":"","_jetpack_dont_email_post_to_subs":false,"_jetpack_newsletter_tier_id":0,"_jetpack_memberships_contains_paywalled_content":false,"_jetpack_memberships_contains_paid_content":false,"footnotes":"","jetpack_publicize_message":"","jetpack_publicize_feature_enabled":true,"jetpack_social_post_already_shared":true,"jetpack_social_options":{"image_generator_settings":{"template":"highway","default_image_id":0,"font":"","enabled":false},"version":2}},"categories":[8,3],"tags":[],"class_list":["post-21161","post","type-post","status-publish","format-standard","has-post-thumbnail","hentry","category-knjige","category-novosti"],"acf":{"facebook_opis":""},"jetpack_publicize_connections":[],"jetpack_featured_media_url":"https:\/\/i0.wp.com\/historiografija.hr\/wp-content\/uploads\/2020\/05\/Izleti-u-Drugo.jpg?fit=616%2C700&ssl=1","jetpack_sharing_enabled":true,"jetpack-related-posts":[{"id":52536,"url":"https:\/\/historiografija.hr\/?p=52536","url_meta":{"origin":21161,"position":0},"title":"Kader Abdolah, \u201ePrije nego \u0161to bude kasno\u201c","author":"Branimir Jankovi\u0107","date":"20. travnja 2026.","format":false,"excerpt":"Kader Abdolah \u017eeli se vratiti ku\u0107i. Ali povratak je nemogu\u0107: u Iranu bi bio uhap\u0161en. Pod la\u017enim imenom i s krivotvorenim paso\u0161em ipak uspijeva u\u0107i u domovinu i sti\u017ee do roditeljske ku\u0107e, visoko u planinama. Majka ga ne prepoznaje, otac je mrtav, a sve \u0161to je tra\u017eio izmi\u010de mu pred\u2026","rel":"","context":"U &quot;Novosti&quot;","block_context":{"text":"Novosti","link":"https:\/\/historiografija.hr\/?cat=3"},"img":{"alt_text":"","src":"https:\/\/i0.wp.com\/historiografija.hr\/wp-content\/uploads\/2026\/04\/Prije-nego-sto-bude-kasno.webp?fit=566%2C872&ssl=1&resize=350%2C200","width":350,"height":200,"srcset":"https:\/\/i0.wp.com\/historiografija.hr\/wp-content\/uploads\/2026\/04\/Prije-nego-sto-bude-kasno.webp?fit=566%2C872&ssl=1&resize=350%2C200 1x, https:\/\/i0.wp.com\/historiografija.hr\/wp-content\/uploads\/2026\/04\/Prije-nego-sto-bude-kasno.webp?fit=566%2C872&ssl=1&resize=525%2C300 1.5x"},"classes":[]},{"id":52552,"url":"https:\/\/historiografija.hr\/?p=52552","url_meta":{"origin":21161,"position":1},"title":"Besplatni glazbeni antikvarijat","author":"Branimir Jankovi\u0107","date":"20. travnja 2026.","format":false,"excerpt":"Muzi\u010dka akademija Sveu\u010dili\u0161ta u Zagrebu 23. travnja 2026. od 10 do 17 sati Pozivamo Vas na Besplatni glazbeni antikvarijat, koji u sklopu manifestacije No\u0107 knjige 2026. organizira Hrvatska udruga muzi\u010dkih knji\u017enica, arhiva i dokumentacijskih centara (HUMKAD). Antikvarijat \u0107e se odr\u017eati na Svjetski dan knjige \u2013 u \u010detvrtak 23. travnja 2026.\u2026","rel":"","context":"U &quot;Novosti&quot;","block_context":{"text":"Novosti","link":"https:\/\/historiografija.hr\/?cat=3"},"img":{"alt_text":"","src":"https:\/\/i0.wp.com\/historiografija.hr\/wp-content\/uploads\/2026\/04\/Besplatni-glazbeni-antikvarijat-23.-4.-2026.jpg?fit=1200%2C848&ssl=1&resize=350%2C200","width":350,"height":200,"srcset":"https:\/\/i0.wp.com\/historiografija.hr\/wp-content\/uploads\/2026\/04\/Besplatni-glazbeni-antikvarijat-23.-4.-2026.jpg?fit=1200%2C848&ssl=1&resize=350%2C200 1x, https:\/\/i0.wp.com\/historiografija.hr\/wp-content\/uploads\/2026\/04\/Besplatni-glazbeni-antikvarijat-23.-4.-2026.jpg?fit=1200%2C848&ssl=1&resize=525%2C300 1.5x, https:\/\/i0.wp.com\/historiografija.hr\/wp-content\/uploads\/2026\/04\/Besplatni-glazbeni-antikvarijat-23.-4.-2026.jpg?fit=1200%2C848&ssl=1&resize=700%2C400 2x, https:\/\/i0.wp.com\/historiografija.hr\/wp-content\/uploads\/2026\/04\/Besplatni-glazbeni-antikvarijat-23.-4.-2026.jpg?fit=1200%2C848&ssl=1&resize=1050%2C600 3x"},"classes":[]},{"id":52654,"url":"https:\/\/historiografija.hr\/?p=52654","url_meta":{"origin":21161,"position":2},"title":"Gostuju\u0107e predavanje &#8211; Danijel D\u017eino \u201eKasnoanti\u010dke i ranosrednjovjekovne gra\u0111evine u Brezi: Spomenici nepotpune biografije\u201c","author":"Branimir Jankovi\u0107","date":"24. travnja 2026.","format":false,"excerpt":"Doktorski studij predmoderne povijesti poziva na predavanje \"Kasnoanti\u010dke i ranosrednjovjekovne gra\u0111evine u Brezi: Spomenici nepotpune biografije\u201d koje \u0107e odr\u017eati profesor Danijel D\u017eino sa Sveu\u010dili\u0161ta Macquarie u Sydneyu u\u00a0utorak 28. travnja 2026. u 17h u Konferencijskoj dvorani Knji\u017enice Filozofskog fakulteta u Zagrebu. Predavanje \u0107e predo\u010diti nova saznanja dobivena kroz arhivsko-dokumentarna istra\u017eivanja\u2026","rel":"","context":"U &quot;Novosti&quot;","block_context":{"text":"Novosti","link":"https:\/\/historiografija.hr\/?cat=3"},"img":{"alt_text":"","src":"https:\/\/i0.wp.com\/historiografija.hr\/wp-content\/uploads\/2026\/04\/Dzino.jpg?fit=980%2C819&ssl=1&resize=350%2C200","width":350,"height":200,"srcset":"https:\/\/i0.wp.com\/historiografija.hr\/wp-content\/uploads\/2026\/04\/Dzino.jpg?fit=980%2C819&ssl=1&resize=350%2C200 1x, https:\/\/i0.wp.com\/historiografija.hr\/wp-content\/uploads\/2026\/04\/Dzino.jpg?fit=980%2C819&ssl=1&resize=525%2C300 1.5x, https:\/\/i0.wp.com\/historiografija.hr\/wp-content\/uploads\/2026\/04\/Dzino.jpg?fit=980%2C819&ssl=1&resize=700%2C400 2x"},"classes":[]},{"id":52502,"url":"https:\/\/historiografija.hr\/?p=52502","url_meta":{"origin":21161,"position":3},"title":"Novi znanstveni projekt Hrvatskog instituta za povijest: \u201c\u017drtve ratova i dr\u017eavnog\/politi\u010dkog nasilja u hrvatskoj povijesti 20. stolje\u0107a\u201d","author":"Branimir Jankovi\u0107","date":"17. travnja 2026.","format":false,"excerpt":"Na redovitoj sjednici Vlade RH, 16. travnja 2026., donijet je Zaklju\u010dak kojim se pokre\u0107e znanstveni projekt \u201c\u017drtve ratova i dr\u017eavnog\/politi\u010dkog nasilja u hrvatskoj povijesti 20. stolje\u0107a\u201d. Projekt \u0107e provoditi i koordinirati Hrvatski institut za povijest u razdoblju trajanja projekta od pet godina. Zakljucak Vlade RH Iz teksta projektnog prijedloga: Problematika\u2026","rel":"","context":"U &quot;Novosti&quot;","block_context":{"text":"Novosti","link":"https:\/\/historiografija.hr\/?cat=3"},"img":{"alt_text":"","src":"https:\/\/i0.wp.com\/historiografija.hr\/wp-content\/uploads\/2026\/04\/Vlada-RH.jpg?fit=1200%2C557&ssl=1&resize=350%2C200","width":350,"height":200,"srcset":"https:\/\/i0.wp.com\/historiografija.hr\/wp-content\/uploads\/2026\/04\/Vlada-RH.jpg?fit=1200%2C557&ssl=1&resize=350%2C200 1x, https:\/\/i0.wp.com\/historiografija.hr\/wp-content\/uploads\/2026\/04\/Vlada-RH.jpg?fit=1200%2C557&ssl=1&resize=525%2C300 1.5x, https:\/\/i0.wp.com\/historiografija.hr\/wp-content\/uploads\/2026\/04\/Vlada-RH.jpg?fit=1200%2C557&ssl=1&resize=700%2C400 2x, https:\/\/i0.wp.com\/historiografija.hr\/wp-content\/uploads\/2026\/04\/Vlada-RH.jpg?fit=1200%2C557&ssl=1&resize=1050%2C600 3x"},"classes":[]},{"id":52592,"url":"https:\/\/historiografija.hr\/?p=52592","url_meta":{"origin":21161,"position":4},"title":"Predstavljanje knjige &#8220;Turska ku\u0107a u Rijeci&#8221; u Zagrebu","author":"Branimir Jankovi\u0107","date":"22. travnja 2026.","format":false,"excerpt":"U prostorijama Turskog kulturnog centra Yunus Emre u Zagrebu, u utorak 21. travnja 2026. godine, odr\u017eano je sve\u010dano predstavljanje dopunjenog izdanja knjige Turska ku\u0107a u Rijeci, u organizaciji Hrvatsko-turskog dru\u0161tva Rijeka i partnerstvu sa Skupinom prijateljstva Hrvatska-Turska Hrvatskog sabora, Veleposlanstvom Republike Turske u Republici Hrvatskoj te Turskim kulturnim centrom Yunus\u2026","rel":"","context":"U &quot;Novosti&quot;","block_context":{"text":"Novosti","link":"https:\/\/historiografija.hr\/?cat=3"},"img":{"alt_text":"","src":"https:\/\/i0.wp.com\/historiografija.hr\/wp-content\/uploads\/2026\/04\/Turska-kuca-ZG.jpg?fit=1200%2C800&ssl=1&resize=350%2C200","width":350,"height":200,"srcset":"https:\/\/i0.wp.com\/historiografija.hr\/wp-content\/uploads\/2026\/04\/Turska-kuca-ZG.jpg?fit=1200%2C800&ssl=1&resize=350%2C200 1x, https:\/\/i0.wp.com\/historiografija.hr\/wp-content\/uploads\/2026\/04\/Turska-kuca-ZG.jpg?fit=1200%2C800&ssl=1&resize=525%2C300 1.5x, https:\/\/i0.wp.com\/historiografija.hr\/wp-content\/uploads\/2026\/04\/Turska-kuca-ZG.jpg?fit=1200%2C800&ssl=1&resize=700%2C400 2x, https:\/\/i0.wp.com\/historiografija.hr\/wp-content\/uploads\/2026\/04\/Turska-kuca-ZG.jpg?fit=1200%2C800&ssl=1&resize=1050%2C600 3x"},"classes":[]},{"id":52613,"url":"https:\/\/historiografija.hr\/?p=52613","url_meta":{"origin":21161,"position":5},"title":"No\u0107 knjige u Hrvatskom dr\u017eavnom arhivu","author":"Branimir Jankovi\u0107","date":"22. travnja 2026.","format":false,"excerpt":"Predstavljanje knjige Rajke Bu\u0107in \u201dLije\u010denje i zbrinjavanje \u017didova u Bolnici sestara milosrdnica u Zagrebu 1941. \u2013 1945.\u201d u \u010detvrtak, 23. travnja 2026. u 13 sati u Hrvatskom dr\u017eavnom arhivu u Zagrebu. Izvor: https:\/\/www.arhiv.hr\/hr-hr\/Kulturno-prosvjetne-aktivnosti\/ArticleId\/1986\/oamid\/1633","rel":"","context":"U &quot;Novosti&quot;","block_context":{"text":"Novosti","link":"https:\/\/historiografija.hr\/?cat=3"},"img":{"alt_text":"","src":"https:\/\/i0.wp.com\/historiografija.hr\/wp-content\/uploads\/2026\/04\/noc_knjige_2026.jpg?fit=680%2C276&ssl=1&resize=350%2C200","width":350,"height":200,"srcset":"https:\/\/i0.wp.com\/historiografija.hr\/wp-content\/uploads\/2026\/04\/noc_knjige_2026.jpg?fit=680%2C276&ssl=1&resize=350%2C200 1x, https:\/\/i0.wp.com\/historiografija.hr\/wp-content\/uploads\/2026\/04\/noc_knjige_2026.jpg?fit=680%2C276&ssl=1&resize=525%2C300 1.5x"},"classes":[]}],"_links":{"self":[{"href":"https:\/\/historiografija.hr\/index.php?rest_route=\/wp\/v2\/posts\/21161","targetHints":{"allow":["GET"]}}],"collection":[{"href":"https:\/\/historiografija.hr\/index.php?rest_route=\/wp\/v2\/posts"}],"about":[{"href":"https:\/\/historiografija.hr\/index.php?rest_route=\/wp\/v2\/types\/post"}],"author":[{"embeddable":true,"href":"https:\/\/historiografija.hr\/index.php?rest_route=\/wp\/v2\/users\/2"}],"replies":[{"embeddable":true,"href":"https:\/\/historiografija.hr\/index.php?rest_route=%2Fwp%2Fv2%2Fcomments&post=21161"}],"version-history":[{"count":1,"href":"https:\/\/historiografija.hr\/index.php?rest_route=\/wp\/v2\/posts\/21161\/revisions"}],"predecessor-version":[{"id":21163,"href":"https:\/\/historiografija.hr\/index.php?rest_route=\/wp\/v2\/posts\/21161\/revisions\/21163"}],"wp:featuredmedia":[{"embeddable":true,"href":"https:\/\/historiografija.hr\/index.php?rest_route=\/wp\/v2\/media\/21162"}],"wp:attachment":[{"href":"https:\/\/historiografija.hr\/index.php?rest_route=%2Fwp%2Fv2%2Fmedia&parent=21161"}],"wp:term":[{"taxonomy":"category","embeddable":true,"href":"https:\/\/historiografija.hr\/index.php?rest_route=%2Fwp%2Fv2%2Fcategories&post=21161"},{"taxonomy":"post_tag","embeddable":true,"href":"https:\/\/historiografija.hr\/index.php?rest_route=%2Fwp%2Fv2%2Ftags&post=21161"}],"curies":[{"name":"wp","href":"https:\/\/api.w.org\/{rel}","templated":true}]}}