{"id":21155,"date":"2020-05-21T15:06:23","date_gmt":"2020-05-21T15:06:23","guid":{"rendered":"http:\/\/historiografija.hr\/?p=21155"},"modified":"2020-05-21T15:06:43","modified_gmt":"2020-05-21T15:06:43","slug":"oliver-jens-schmitt-der-balkan-im-20-jahrhundert-eine-postimperiale-geschichte","status":"publish","type":"post","link":"https:\/\/historiografija.hr\/?p=21155","title":{"rendered":"Oliver Jens Schmitt, &#8220;Der Balkan im 20. Jahrhundert: Eine postimperiale Geschichte\u201c"},"content":{"rendered":"<p>It was around a century ago that the great empires of eastern Europe collapsed. For more than a hundred years, attempts have been made to erase the legacy of empire through assimilation, expulsions and destruction. But the modern national states in the Balkans are still today continuing the tradition of the Byzantine, Ottoman and Habsburg empires.<\/p>\n<p>Against this background, Oliver Schmitt has written a postimperial history of the Balkans. This unusual angle enables him to regard the Balkans as a large region of Europe and point out lines of continuity that persist to the present day. On the basis of recent research, fundamental developments in politics, society, the economy and culture are compared transnationally, so that differences and common elements among the individual Balkan states, as well as across the region as a whole, clearly emerge.<\/p>\n<p>&nbsp;<\/p>\n<p>Oliver Jens Schmitt ist Professor f\u00fcr osteurop\u00e4ische Geschichte an der Universit\u00e4t Wien.<\/p>\n<p>Oliver Jens Schmitt is Professor of East European History at the University of Vienna.<\/p>\n<p>&nbsp;<\/p>\n<p>Ver\u00f6ffentlicht 2019, von Oliver Jens Schmitt bei Kohlhammer<\/p>\n<p><a href=\"https:\/\/www.kohlhammer.de\/wms\/instances\/KOB\/appDE\/Geschichte\/Laendergeschichte\/Der-Balkan-im-20-Jahrhundert\">https:\/\/www.kohlhammer.de\/wms\/instances\/KOB\/appDE\/Geschichte\/Laendergeschichte\/Der-Balkan-im-20-Jahrhundert<\/a><\/p>\n<p><a href=\"https:\/\/www.facultas.at\/list?back=04ffe7de0714c90444ce757a9b91e799&amp;xid=34388904\">https:\/\/www.facultas.at\/list?back=04ffe7de0714c90444ce757a9b91e799&amp;xid=34388904<\/a><\/p>\n<p>&nbsp;<\/p>\n<p>&nbsp;<\/p>\n","protected":false},"excerpt":{"rendered":"","protected":false},"author":2,"featured_media":21156,"comment_status":"open","ping_status":"open","sticky":false,"template":"","format":"standard","meta":{"_acf_changed":false,"jetpack_post_was_ever_published":false,"_jetpack_newsletter_access":"","_jetpack_dont_email_post_to_subs":false,"_jetpack_newsletter_tier_id":0,"_jetpack_memberships_contains_paywalled_content":false,"_jetpack_memberships_contains_paid_content":false,"footnotes":"","jetpack_publicize_message":"","jetpack_publicize_feature_enabled":true,"jetpack_social_post_already_shared":true,"jetpack_social_options":{"image_generator_settings":{"template":"highway","default_image_id":0,"font":"","enabled":false},"version":2}},"categories":[8,3],"tags":[],"class_list":["post-21155","post","type-post","status-publish","format-standard","has-post-thumbnail","hentry","category-knjige","category-novosti"],"acf":{"facebook_opis":""},"jetpack_publicize_connections":[],"jetpack_featured_media_url":"https:\/\/i0.wp.com\/historiografija.hr\/wp-content\/uploads\/2020\/05\/Balkan.jpg?fit=400%2C600&ssl=1","jetpack_sharing_enabled":true,"jetpack-related-posts":[{"id":52688,"url":"https:\/\/historiografija.hr\/?p=52688","url_meta":{"origin":21155,"position":0},"title":"Eleonora Naxidou and Yura Konstantinova \u201eBalkan Perspectives of Europe: Between East and West\u201c","author":"Filip \u0160imunjak","date":"28. travnja 2026.","format":false,"excerpt":"Through the lens of the Balkan nations, this volume makes a valuable and significant contribution to the fields of European and Southeast European studies by reconsidering the East\/West dichotomy \u2013 both in terms of the Orient\u2013Occident divide and the Eastern\u2013Western Europe binary. Balkan Perspectives of Europe focuses on concepts of\u2026","rel":"","context":"U &quot;Knjige&quot;","block_context":{"text":"Knjige","link":"https:\/\/historiografija.hr\/?cat=8"},"img":{"alt_text":"","src":"https:\/\/i0.wp.com\/historiografija.hr\/wp-content\/uploads\/2026\/04\/Balkan-Perspectives-of-Europe-Between-East-and-West.jpg?fit=350%2C525&ssl=1&resize=350%2C200","width":350,"height":200},"classes":[]},{"id":52692,"url":"https:\/\/historiografija.hr\/?p=52692","url_meta":{"origin":21155,"position":1},"title":"Florian Bieber \u201eHvar in the Modern Age: Identity and Change in Southeast Europe\u201c","author":"Filip \u0160imunjak","date":"28. travnja 2026.","format":false,"excerpt":"Description\u00a0 In this open-access book, Florian Bieber traces the history of the Adriatic island of Hvar over half a millennium, from the advent of Venetian rule in the 15th century to the end of Yugoslavia in the late 20th century. The history of Hvar tells a larger story about modernity,\u2026","rel":"","context":"U &quot;Knjige&quot;","block_context":{"text":"Knjige","link":"https:\/\/historiografija.hr\/?cat=8"},"img":{"alt_text":"","src":"https:\/\/i0.wp.com\/historiografija.hr\/wp-content\/uploads\/2026\/04\/Florian-Bieber-Hvar-in-the-Modern-Age-Identity-and-Change-in-Southeast-Europe.webp?fit=540%2C810&ssl=1&resize=350%2C200","width":350,"height":200,"srcset":"https:\/\/i0.wp.com\/historiografija.hr\/wp-content\/uploads\/2026\/04\/Florian-Bieber-Hvar-in-the-Modern-Age-Identity-and-Change-in-Southeast-Europe.webp?fit=540%2C810&ssl=1&resize=350%2C200 1x, https:\/\/i0.wp.com\/historiografija.hr\/wp-content\/uploads\/2026\/04\/Florian-Bieber-Hvar-in-the-Modern-Age-Identity-and-Change-in-Southeast-Europe.webp?fit=540%2C810&ssl=1&resize=525%2C300 1.5x"},"classes":[]},{"id":52580,"url":"https:\/\/historiografija.hr\/?p=52580","url_meta":{"origin":21155,"position":2},"title":"Conference &#8220;Living in the aftermaths: Trauma, politics and survival in Yugoslavia and successor states, 1945 \u2013 present&#8221;","author":"Branimir Jankovi\u0107","date":"21. travnja 2026.","format":false,"excerpt":"The conference aims to explore how war-related psychological distress was experienced, narrated, debated and reframed in Yugoslavia in the second half of the twentieth century. It asks how the theme of wounded psyche and wartime suffering was addressed and acknowledged in political, psychiatric and broader cultural discourses of socialist Yugoslavia,\u2026","rel":"","context":"U &quot;Novosti&quot;","block_context":{"text":"Novosti","link":"https:\/\/historiografija.hr\/?cat=3"},"img":{"alt_text":"","src":"https:\/\/i0.wp.com\/historiografija.hr\/wp-content\/uploads\/2026\/04\/Battle_of_Neretva_Picasso_poster-Conference-Living-in-the-aftermaths.webp?fit=564%2C954&ssl=1&resize=350%2C200","width":350,"height":200,"srcset":"https:\/\/i0.wp.com\/historiografija.hr\/wp-content\/uploads\/2026\/04\/Battle_of_Neretva_Picasso_poster-Conference-Living-in-the-aftermaths.webp?fit=564%2C954&ssl=1&resize=350%2C200 1x, https:\/\/i0.wp.com\/historiografija.hr\/wp-content\/uploads\/2026\/04\/Battle_of_Neretva_Picasso_poster-Conference-Living-in-the-aftermaths.webp?fit=564%2C954&ssl=1&resize=525%2C300 1.5x"},"classes":[]},{"id":52679,"url":"https:\/\/historiografija.hr\/?p=52679","url_meta":{"origin":21155,"position":3},"title":"CfP: CHOSEN NATION(S): HISTORICAL AND CULTURAL INTERPRETATIONS OF EXCEPTIONALISM, BUDAPEST, 10TH\u201311TH JUNE 2026 (DEADLINE: 1ST MAY 2026)","author":"Branimir Jankovi\u0107","date":"27. travnja 2026.","format":false,"excerpt":"The Ludovika University of Public Service (NKE) and the Jewish Theological Seminary \u2013 University of Jewish Studies (OR-ZSE) are pleased to announce a joint academic conference on \u201cChosen Nation(s): Historical and Cultural Interpretations of Exceptionalism\u201d, to be held in Budapest, Hungary. Chosen Nation(s): Historical and Cultural Interpretations of Exceptionalism Keynote\u2026","rel":"","context":"U &quot;Novosti&quot;","block_context":{"text":"Novosti","link":"https:\/\/historiografija.hr\/?cat=3"},"img":{"alt_text":"","src":"https:\/\/i0.wp.com\/historiografija.hr\/wp-content\/uploads\/2017\/10\/hsozkult.png?fit=1006%2C241&ssl=1&resize=350%2C200","width":350,"height":200,"srcset":"https:\/\/i0.wp.com\/historiografija.hr\/wp-content\/uploads\/2017\/10\/hsozkult.png?fit=1006%2C241&ssl=1&resize=350%2C200 1x, https:\/\/i0.wp.com\/historiografija.hr\/wp-content\/uploads\/2017\/10\/hsozkult.png?fit=1006%2C241&ssl=1&resize=525%2C300 1.5x, https:\/\/i0.wp.com\/historiografija.hr\/wp-content\/uploads\/2017\/10\/hsozkult.png?fit=1006%2C241&ssl=1&resize=700%2C400 2x"},"classes":[]},{"id":52673,"url":"https:\/\/historiografija.hr\/?p=52673","url_meta":{"origin":21155,"position":4},"title":"TWO POSTDOCTORAL POSITIONS IN THE &#8220;PROLETGARD ERC STARTING GRANT PROJECT&#8221;, KASS\u00c1K FOUNDATION, BUDAPEST (DEADLINE: 1ST MAY 2026)","author":"Branimir Jankovi\u0107","date":"27. travnja 2026.","format":false,"excerpt":"This five-year ERC-funded project examines how avant-garde art contributed to the formation of a workers\u2019 movement counterculture in East Central Europe after 1918. It argues that socialist and avant-garde periodicals, groups, and figures shaped both avant-garde culture and transnational workers\u2019 movements. Focusing on the successor states of the Austro\u2013Hungarian Empire\u2026","rel":"","context":"U &quot;Novosti&quot;","block_context":{"text":"Novosti","link":"https:\/\/historiografija.hr\/?cat=3"},"img":{"alt_text":"","src":"https:\/\/i0.wp.com\/historiografija.hr\/wp-content\/uploads\/2017\/10\/hsozkult.png?fit=1006%2C241&ssl=1&resize=350%2C200","width":350,"height":200,"srcset":"https:\/\/i0.wp.com\/historiografija.hr\/wp-content\/uploads\/2017\/10\/hsozkult.png?fit=1006%2C241&ssl=1&resize=350%2C200 1x, https:\/\/i0.wp.com\/historiografija.hr\/wp-content\/uploads\/2017\/10\/hsozkult.png?fit=1006%2C241&ssl=1&resize=525%2C300 1.5x, https:\/\/i0.wp.com\/historiografija.hr\/wp-content\/uploads\/2017\/10\/hsozkult.png?fit=1006%2C241&ssl=1&resize=700%2C400 2x"},"classes":[]},{"id":52622,"url":"https:\/\/historiografija.hr\/?p=52622","url_meta":{"origin":21155,"position":5},"title":"Annual CAPONEU conference: Political Novel in Europe Between Democracy and Authoritarianism","author":"Branimir Jankovi\u0107","date":"23. travnja 2026.","format":false,"excerpt":"Caponeu event 22.04.2026 - 24.04.2026 Location: The Faculty of Polish and Classical Philology AMU (Fredry 10, Pozna\u0144)Organized by: Tomasz Mizerkiewicz, Krystyna Pieni\u0105\u017cek-Markovi\u0107, Anna Gawarecka, Ewa Szperlik, Magda Potok, B\u0142a\u017cej Warkocki, Gerard Ronge (all Adam Mickiewicz University in Pozna\u0144)Contact: gerron@amu.edu.pl The Adam Mickiewicz University team, as part of the international CAPONEU\u2026","rel":"","context":"U &quot;Novosti&quot;","block_context":{"text":"Novosti","link":"https:\/\/historiografija.hr\/?cat=3"},"img":{"alt_text":"","src":"https:\/\/i0.wp.com\/historiografija.hr\/wp-content\/uploads\/2026\/04\/Caponeu-political-novel.jpg?fit=500%2C261&ssl=1&resize=350%2C200","width":350,"height":200},"classes":[]}],"_links":{"self":[{"href":"https:\/\/historiografija.hr\/index.php?rest_route=\/wp\/v2\/posts\/21155","targetHints":{"allow":["GET"]}}],"collection":[{"href":"https:\/\/historiografija.hr\/index.php?rest_route=\/wp\/v2\/posts"}],"about":[{"href":"https:\/\/historiografija.hr\/index.php?rest_route=\/wp\/v2\/types\/post"}],"author":[{"embeddable":true,"href":"https:\/\/historiografija.hr\/index.php?rest_route=\/wp\/v2\/users\/2"}],"replies":[{"embeddable":true,"href":"https:\/\/historiografija.hr\/index.php?rest_route=%2Fwp%2Fv2%2Fcomments&post=21155"}],"version-history":[{"count":2,"href":"https:\/\/historiografija.hr\/index.php?rest_route=\/wp\/v2\/posts\/21155\/revisions"}],"predecessor-version":[{"id":21158,"href":"https:\/\/historiografija.hr\/index.php?rest_route=\/wp\/v2\/posts\/21155\/revisions\/21158"}],"wp:featuredmedia":[{"embeddable":true,"href":"https:\/\/historiografija.hr\/index.php?rest_route=\/wp\/v2\/media\/21156"}],"wp:attachment":[{"href":"https:\/\/historiografija.hr\/index.php?rest_route=%2Fwp%2Fv2%2Fmedia&parent=21155"}],"wp:term":[{"taxonomy":"category","embeddable":true,"href":"https:\/\/historiografija.hr\/index.php?rest_route=%2Fwp%2Fv2%2Fcategories&post=21155"},{"taxonomy":"post_tag","embeddable":true,"href":"https:\/\/historiografija.hr\/index.php?rest_route=%2Fwp%2Fv2%2Ftags&post=21155"}],"curies":[{"name":"wp","href":"https:\/\/api.w.org\/{rel}","templated":true}]}}