{"id":21145,"date":"2020-05-21T12:59:32","date_gmt":"2020-05-21T12:59:32","guid":{"rendered":"http:\/\/historiografija.hr\/?p=21145"},"modified":"2020-05-21T13:00:00","modified_gmt":"2020-05-21T13:00:00","slug":"tomislav-oroz-gdje-si-bio-1573-lica-i-nalicja-matije-gupca-u-praksama-sjecanja","status":"publish","type":"post","link":"https:\/\/historiografija.hr\/?p=21145","title":{"rendered":"Tomislav Oroz, &#8220;Gdje si bio 1573? Lica i nali\u010dja Matije Gupca u praksama sje\u0107anja&#8221;"},"content":{"rendered":"<p>Knjiga Tomislava Oroza na znanstveno utemeljen, a \u0161irokom \u010ditateljstvu pristupa\u010dan na\u010din nudi odgovor na pitanje: kako i za\u0161to suvremena dru\u0161tva koriste slike svoje pro\u0161losti? Zasnovana na opse\u017enoj potrazi za razli\u010ditim pojavnostima povijesnih li\u010dnosti, ona nudi inovativan uvid u odnose identiteta, povijesti i aktualnih javnih doga\u0111anja. Autor kriti\u010dku o\u0161tricu pomne kulturnoantropolo\u0161ke analize usmjerava k aktualizacijama Matije Gupca u politi\u010dkoj i popularnoj kulturi. Recentne interpretacije i uporabe tog lika razotkriva kao simptom tranzicijskog i postsocijalisti\u010dkog stanja dana\u0161nje Hrvatske.<br \/>\ndr. sc. Nevena \u0160krbi\u0107 Alempijevi\u0107<\/p>\n<p>&nbsp;<\/p>\n<p>U knjizi Gdje si bio 1573.? Lica i nali\u010dja Matije Gupca u praksama sje\u0107anja autor okuplja i analizira raznovrsne, nepodudarne a \u010desto i me\u0111usobno suprotstavljene \u201cistine\u201d o Matiji Gupcu koje se od po\u010detka 19. stolje\u0107a do danas na razli\u010dite na\u010dine utiskuju u politi\u010dki diskurs i popularnu kulturu. Raznolikosti artikulacija i zna\u010denja koje te refleksije pro\u0161losti odnosno kulturne invencije poprimaju autor tuma\u010di osvjetljavanjem relevantnih mre\u017ea dru\u0161tvenog, kulturnog, politi\u010dkog i ekonomskog konteksta razdoblja u kojima se javljaju. Knjiga predstavlja izniman doprinos doma\u0107oj antropologiji dru\u0161tvenog sje\u0107anja, ali i razumijevanju i nadogradnji postoje\u0107ih spoznaja u \u0161irem, interdisciplinarnom podru\u010dju zanimanja za me\u0111uodnos kulture, ideologije, povijesti i ekonomije.<br \/>\ndr. sc. Ana-Marija Vuku\u0161i\u0107<\/p>\n<p>&nbsp;<\/p>\n<p><strong>Sadr\u017eaj<\/strong><\/p>\n<ol>\n<li>Matija Gubec u novom ruhu2. Interdisciplinarno bratstvo i\/ili disciplinarne razmirice<br \/>\n2.1. Matija Gubec i prakse sje\u0107anja<br \/>\n2.2. Etnografsko i\u0161\u010ditavanje refleksija pro\u0161losti<\/p>\n<p>3. Nove selja\u010dke bune, nova lica Matije Gupca \u2013 historijski imaginariji dugog 19. stolje\u0107a<br \/>\n3.1. Matija Gubec i Selja\u010dka buna u usmenoj predaji Hrvatskog zagorja<br \/>\n3.2. Sje\u0107anje na Matiju Gupca i Selja\u010dku bunu u politi\u010dkom diskursu<br \/>\n3.3. Umjetni\u010dke vizije Matije Gupca<\/p>\n<p>4. Mit o selja\u010dkoj buni i Matiji Gupcu u me\u0111uratnom razdoblju<br \/>\n4.1. Selja\u010dka republika Matije Gupca i bra\u0107e Radi\u0107<br \/>\n4.2. Matija Gubec kao potka dr\u017eavotvornog mita u NDH<br \/>\n4.3. Prvi revolucionar klasne borbe<\/p>\n<p>5. Tito i radni\u010dka klasa u novim selja\u010dkim bunama<br \/>\n5.1. Tito i Gubec \u2013 dva sina Hrvatskog zagorja<br \/>\n5.2. Mjesto okupljanja, mjesto novog stvaranja \u2013 spomenik Matiji Gupcu u Gornjoj Stubici<\/p>\n<p>6. Popularna kultura i povijesni imaginariji<br \/>\n6.1. Matija Gubec kao strip-junak<br \/>\n6.2. Tra\u017ei se Matija Gubec! Filmski \u017eivot renesansnog intelektualca<br \/>\n6.3. \u201eRock\u201d Gubec na pozornici<\/p>\n<p>7. Adresa: postsocijalizam? Matija Gubec i prakse sje\u0107anja u postsocijalizmu<br \/>\n7.1. Matija Gubec i Selja\u010dka buna na \u201eglazbenom nebu\u201d<br \/>\n7.2. Aktivisti\u010dki potencijal Gup\u010deve simbolike<br \/>\n7.3. Gup\u010deva buna 1573 u festivalskom kontekstu<\/p>\n<p>8. Prema zaklju\u010dku\u2026<\/p>\n<p>Bibliografija<br \/>\nZahvala<\/li>\n<\/ol>\n<p>&nbsp;<\/p>\n<p>Izvor:<\/p>\n<p><a href=\"http:\/\/www.jesenski-turk.hr\/?active=knjiga&amp;book=155830\">http:\/\/www.jesenski-turk.hr\/?active=knjiga&amp;book=155830<\/a><\/p>\n<p>&nbsp;<\/p>\n<p>Dodatne informacije:<\/p>\n<p><a href=\"https:\/\/www.academia.edu\/40800038\/Gdje_si_bio_1573_Lica_i_nali%C4%8Dja_Matije_Gupca_u_praksama_sje%C4%87anja\">https:\/\/www.academia.edu\/40800038\/Gdje_si_bio_1573_Lica_i_nali%C4%8Dja_Matije_Gupca_u_praksama_sje%C4%87anja<\/a><\/p>\n<p>&nbsp;<\/p>\n<p>&nbsp;<\/p>\n","protected":false},"excerpt":{"rendered":"","protected":false},"author":2,"featured_media":21146,"comment_status":"open","ping_status":"open","sticky":false,"template":"","format":"standard","meta":{"_acf_changed":false,"jetpack_post_was_ever_published":false,"_jetpack_newsletter_access":"","_jetpack_dont_email_post_to_subs":false,"_jetpack_newsletter_tier_id":0,"_jetpack_memberships_contains_paywalled_content":false,"_jetpack_memberships_contains_paid_content":false,"footnotes":"","jetpack_publicize_message":"","jetpack_publicize_feature_enabled":true,"jetpack_social_post_already_shared":true,"jetpack_social_options":{"image_generator_settings":{"template":"highway","default_image_id":0,"font":"","enabled":false},"version":2}},"categories":[8,3],"tags":[],"class_list":["post-21145","post","type-post","status-publish","format-standard","has-post-thumbnail","hentry","category-knjige","category-novosti"],"acf":{"facebook_opis":""},"jetpack_publicize_connections":[],"jetpack_featured_media_url":"https:\/\/i0.wp.com\/historiografija.hr\/wp-content\/uploads\/2020\/05\/Oroz.jpg?fit=240%2C380&ssl=1","jetpack_sharing_enabled":true,"jetpack-related-posts":[{"id":52536,"url":"https:\/\/historiografija.hr\/?p=52536","url_meta":{"origin":21145,"position":0},"title":"Kader Abdolah, \u201ePrije nego \u0161to bude kasno\u201c","author":"Branimir Jankovi\u0107","date":"20. travnja 2026.","format":false,"excerpt":"Kader Abdolah \u017eeli se vratiti ku\u0107i. Ali povratak je nemogu\u0107: u Iranu bi bio uhap\u0161en. Pod la\u017enim imenom i s krivotvorenim paso\u0161em ipak uspijeva u\u0107i u domovinu i sti\u017ee do roditeljske ku\u0107e, visoko u planinama. Majka ga ne prepoznaje, otac je mrtav, a sve \u0161to je tra\u017eio izmi\u010de mu pred\u2026","rel":"","context":"U &quot;Novosti&quot;","block_context":{"text":"Novosti","link":"https:\/\/historiografija.hr\/?cat=3"},"img":{"alt_text":"","src":"https:\/\/i0.wp.com\/historiografija.hr\/wp-content\/uploads\/2026\/04\/Prije-nego-sto-bude-kasno.webp?fit=566%2C872&ssl=1&resize=350%2C200","width":350,"height":200,"srcset":"https:\/\/i0.wp.com\/historiografija.hr\/wp-content\/uploads\/2026\/04\/Prije-nego-sto-bude-kasno.webp?fit=566%2C872&ssl=1&resize=350%2C200 1x, https:\/\/i0.wp.com\/historiografija.hr\/wp-content\/uploads\/2026\/04\/Prije-nego-sto-bude-kasno.webp?fit=566%2C872&ssl=1&resize=525%2C300 1.5x"},"classes":[]},{"id":52633,"url":"https:\/\/historiografija.hr\/?p=52633","url_meta":{"origin":21145,"position":1},"title":"POVIJEST TRE\u0160NJEVA\u010cKE GLAZBE: prikupljanje virtualnog fundusa Muzeja susjedstva Tre\u0161njevka","author":"Branimir Jankovi\u0107","date":"23. travnja 2026.","format":false,"excerpt":"utorak 28. 4. 2026. 14 - 18 h Nova BAZA, Nova cesta 66, Zagreb Prvi su dani ljeta 1957. godine. Bo\u017eica Kalafati\u0107 poha\u0111a drugi razred Osnovne \u0161kole Bratstvo i jedinstvo, danas kralja Tomislava, a ide i na muzi\u010dke satove u Mo\u0161\u0107eni\u010dkoj ulici. Na fotografiji s harmonikom u rukama stoji u\u2026","rel":"","context":"U &quot;Novosti&quot;","block_context":{"text":"Novosti","link":"https:\/\/historiografija.hr\/?cat=3"},"img":{"alt_text":"","src":"https:\/\/i0.wp.com\/historiografija.hr\/wp-content\/uploads\/2026\/04\/MST_prikupljanje.jpg?fit=380%2C475&ssl=1&resize=350%2C200","width":350,"height":200},"classes":[]},{"id":52603,"url":"https:\/\/historiografija.hr\/?p=52603","url_meta":{"origin":21145,"position":2},"title":"No\u0107 knjige: Carska i kraljevska kuhinja","author":"Branimir Jankovi\u0107","date":"22. travnja 2026.","format":false,"excerpt":"Pozivamo vas da nam se pridru\u017eite 23. travnja 2026. u 18 sati u obilje\u017eavanju No\u0107i knjige u Pivnici Bobi&Rudi na Trgu Ivana Me\u0161trovi\u0107a u Zapru\u0111u u Zagrebu gdje uz kavu \u010ditamo recepte iz zemalja Austro-Ugarske Monarhije iz knjige Carska i kraljevska kuhinja, autora Roberta Mak\u0142owicza, u prijevodu Damira Agi\u010di\u0107a. Izvor:\u2026","rel":"","context":"U &quot;Novosti&quot;","block_context":{"text":"Novosti","link":"https:\/\/historiografija.hr\/?cat=3"},"img":{"alt_text":"","src":"https:\/\/i0.wp.com\/historiografija.hr\/wp-content\/uploads\/2026\/04\/Noc-knjige-Carska-i-kraljevska.jpg?fit=1200%2C1200&ssl=1&resize=350%2C200","width":350,"height":200,"srcset":"https:\/\/i0.wp.com\/historiografija.hr\/wp-content\/uploads\/2026\/04\/Noc-knjige-Carska-i-kraljevska.jpg?fit=1200%2C1200&ssl=1&resize=350%2C200 1x, https:\/\/i0.wp.com\/historiografija.hr\/wp-content\/uploads\/2026\/04\/Noc-knjige-Carska-i-kraljevska.jpg?fit=1200%2C1200&ssl=1&resize=525%2C300 1.5x, https:\/\/i0.wp.com\/historiografija.hr\/wp-content\/uploads\/2026\/04\/Noc-knjige-Carska-i-kraljevska.jpg?fit=1200%2C1200&ssl=1&resize=700%2C400 2x, https:\/\/i0.wp.com\/historiografija.hr\/wp-content\/uploads\/2026\/04\/Noc-knjige-Carska-i-kraljevska.jpg?fit=1200%2C1200&ssl=1&resize=1050%2C600 3x"},"classes":[]},{"id":52505,"url":"https:\/\/historiografija.hr\/?p=52505","url_meta":{"origin":21145,"position":3},"title":"Izlo\u017eba &#8220;Eschenstock \/ Jasenov prut&#8221;","author":"Branimir Jankovi\u0107","date":"17. travnja 2026.","format":false,"excerpt":"Srpsko narodno vije\u0107e (SNV) i Vizura aperta postavljaju izlo\u017ebu \u0161vicarskog slikara Velimira Ili\u0161evi\u0107a: Eschenstock \/ Jasenov prut. Izlo\u017eba se uz prisustvo autora otvara povodom 81. godi\u0161njice proboja logora\u0161a iz usta\u0161kog logora smrti Jasenovac 22. aprila 2026. u 19 sati u Srpskom kulturnom centru (SKC) u Preradovi\u0107evoj ulici 21 u Zagrebu.\u2026","rel":"","context":"U &quot;Izlo\u017ebe&quot;","block_context":{"text":"Izlo\u017ebe","link":"https:\/\/historiografija.hr\/?cat=10"},"img":{"alt_text":"","src":"https:\/\/i0.wp.com\/historiografija.hr\/wp-content\/uploads\/2026\/04\/Jasenov_prut.jpg?fit=1024%2C640&ssl=1&resize=350%2C200","width":350,"height":200,"srcset":"https:\/\/i0.wp.com\/historiografija.hr\/wp-content\/uploads\/2026\/04\/Jasenov_prut.jpg?fit=1024%2C640&ssl=1&resize=350%2C200 1x, https:\/\/i0.wp.com\/historiografija.hr\/wp-content\/uploads\/2026\/04\/Jasenov_prut.jpg?fit=1024%2C640&ssl=1&resize=525%2C300 1.5x, https:\/\/i0.wp.com\/historiografija.hr\/wp-content\/uploads\/2026\/04\/Jasenov_prut.jpg?fit=1024%2C640&ssl=1&resize=700%2C400 2x"},"classes":[]},{"id":52511,"url":"https:\/\/historiografija.hr\/?p=52511","url_meta":{"origin":21145,"position":4},"title":"Izlo\u017eba &#8220;Lica Sljemena&#8221;","author":"Branimir Jankovi\u0107","date":"17. travnja 2026.","format":false,"excerpt":"Srda\u010dno vas pozivamo na otvorenje izlo\u017ebe Lica Sljemena koje \u0107e se odr\u017eati u srijedu 22. travnja 2026. u 18 h ispred Muzeja Prigorja (Trg Dragutina Domjani\u0107a 5, Sesvete). Izlo\u017eba proizlazi iz istra\u017eivanja Nevene \u0160krbi\u0107 Alempijevi\u0107, Petre Kelemen i Sanje Potkonjak te intervjua sa Sljemena\u0161icama i Sljemena\u0161ima, koji su provedeni u\u2026","rel":"","context":"U &quot;Izlo\u017ebe&quot;","block_context":{"text":"Izlo\u017ebe","link":"https:\/\/historiografija.hr\/?cat=10"},"img":{"alt_text":"","src":"https:\/\/i0.wp.com\/historiografija.hr\/wp-content\/uploads\/2026\/04\/Izlozba-Lica-Sljemena.png?fit=1080%2C686&ssl=1&resize=350%2C200","width":350,"height":200,"srcset":"https:\/\/i0.wp.com\/historiografija.hr\/wp-content\/uploads\/2026\/04\/Izlozba-Lica-Sljemena.png?fit=1080%2C686&ssl=1&resize=350%2C200 1x, https:\/\/i0.wp.com\/historiografija.hr\/wp-content\/uploads\/2026\/04\/Izlozba-Lica-Sljemena.png?fit=1080%2C686&ssl=1&resize=525%2C300 1.5x, https:\/\/i0.wp.com\/historiografija.hr\/wp-content\/uploads\/2026\/04\/Izlozba-Lica-Sljemena.png?fit=1080%2C686&ssl=1&resize=700%2C400 2x, https:\/\/i0.wp.com\/historiografija.hr\/wp-content\/uploads\/2026\/04\/Izlozba-Lica-Sljemena.png?fit=1080%2C686&ssl=1&resize=1050%2C600 3x"},"classes":[]},{"id":52528,"url":"https:\/\/historiografija.hr\/?p=52528","url_meta":{"origin":21145,"position":5},"title":"[Promocija knjige] Banja Luka u ratu: Etnopolitika i svakodnevica (1990\u20131995) (ActiveLab, YugoLab)","author":"Branimir Jankovi\u0107","date":"17. travnja 2026.","format":false,"excerpt":"Institut za filozofiju i dru\u0161tvenu teoriju i O\u0161tra Nula organizuju promociju knjige Banja Luka u ratu: Etnopolitika i svakodnevica (1990\u20131995) autorke Armine Galija\u0161, koja \u0107e se odr\u017eati 20. aprila 2026. u 12.00 sati u prostorijama Instituta (Kraljice Natalije 45, Beograd). Re\u010d je o prvom nau\u010dno utemeljenom i sistematskom radu koji\u2026","rel":"","context":"U &quot;Novosti&quot;","block_context":{"text":"Novosti","link":"https:\/\/historiografija.hr\/?cat=3"},"img":{"alt_text":"","src":"https:\/\/i0.wp.com\/historiografija.hr\/wp-content\/uploads\/2026\/04\/20-april-RS.jpg?fit=1200%2C675&ssl=1&resize=350%2C200","width":350,"height":200,"srcset":"https:\/\/i0.wp.com\/historiografija.hr\/wp-content\/uploads\/2026\/04\/20-april-RS.jpg?fit=1200%2C675&ssl=1&resize=350%2C200 1x, https:\/\/i0.wp.com\/historiografija.hr\/wp-content\/uploads\/2026\/04\/20-april-RS.jpg?fit=1200%2C675&ssl=1&resize=525%2C300 1.5x, https:\/\/i0.wp.com\/historiografija.hr\/wp-content\/uploads\/2026\/04\/20-april-RS.jpg?fit=1200%2C675&ssl=1&resize=700%2C400 2x, https:\/\/i0.wp.com\/historiografija.hr\/wp-content\/uploads\/2026\/04\/20-april-RS.jpg?fit=1200%2C675&ssl=1&resize=1050%2C600 3x"},"classes":[]}],"_links":{"self":[{"href":"https:\/\/historiografija.hr\/index.php?rest_route=\/wp\/v2\/posts\/21145","targetHints":{"allow":["GET"]}}],"collection":[{"href":"https:\/\/historiografija.hr\/index.php?rest_route=\/wp\/v2\/posts"}],"about":[{"href":"https:\/\/historiografija.hr\/index.php?rest_route=\/wp\/v2\/types\/post"}],"author":[{"embeddable":true,"href":"https:\/\/historiografija.hr\/index.php?rest_route=\/wp\/v2\/users\/2"}],"replies":[{"embeddable":true,"href":"https:\/\/historiografija.hr\/index.php?rest_route=%2Fwp%2Fv2%2Fcomments&post=21145"}],"version-history":[{"count":2,"href":"https:\/\/historiografija.hr\/index.php?rest_route=\/wp\/v2\/posts\/21145\/revisions"}],"predecessor-version":[{"id":21148,"href":"https:\/\/historiografija.hr\/index.php?rest_route=\/wp\/v2\/posts\/21145\/revisions\/21148"}],"wp:featuredmedia":[{"embeddable":true,"href":"https:\/\/historiografija.hr\/index.php?rest_route=\/wp\/v2\/media\/21146"}],"wp:attachment":[{"href":"https:\/\/historiografija.hr\/index.php?rest_route=%2Fwp%2Fv2%2Fmedia&parent=21145"}],"wp:term":[{"taxonomy":"category","embeddable":true,"href":"https:\/\/historiografija.hr\/index.php?rest_route=%2Fwp%2Fv2%2Fcategories&post=21145"},{"taxonomy":"post_tag","embeddable":true,"href":"https:\/\/historiografija.hr\/index.php?rest_route=%2Fwp%2Fv2%2Ftags&post=21145"}],"curies":[{"name":"wp","href":"https:\/\/api.w.org\/{rel}","templated":true}]}}