{"id":2112,"date":"2016-04-15T22:00:05","date_gmt":"2016-04-15T22:00:05","guid":{"rendered":"http:\/\/historiografija.hr\/?p=2112"},"modified":"2022-09-19T13:45:55","modified_gmt":"2022-09-19T13:45:55","slug":"premijera-handelove-opere-agrippina-zajednicki-projekt-studenata-zagrebackoga-sveucilista-i-hnk-u-zagrebu","status":"publish","type":"post","link":"https:\/\/historiografija.hr\/?p=2112","title":{"rendered":"Premijera H\u00e4ndelove opere Agrippina \u2013 zajedni\u010dki projekt studenata Zagreba\u010dkoga sveu\u010dili\u0161ta i HNK u Zagrebu"},"content":{"rendered":"<p align=\"justify\"><font size=\"3\"><br \/>\n<\/font><\/p>\n<p style=\"margin: 0cm 0cm 10pt;\" align=\"justify\"><font size=\"3\" face=\"Calibri\">Opera Agrippina (http:\/\/www.hnk.hr\/predstave\/agrippina\/) Georga Friedricha H\u00e4ndela, koja \u0107e biti premijerno izvedena 16. travnja, nova je i posljednja ovosezonska premijera u Hrvatskome narodnom kazali\u0161tu u Zagreb, a rije\u010d je o zajedni\u010dkom projektu Muzi\u010dke akademije, Akademije dramske umjetnosti, Akademije likovnih umjetnosti, Tekstilno-tehnolo\u0161kog fakulteta i zagreba\u010dkoga HNK-a. Ve\u0107 sedmu godinu zaredom, vi\u0161e od 100 studenata predstavlja svoje umjetni\u010dko stvarala\u0161tvo, koje je prethodnih godina rezultiralo uspje\u0161nim izvedbama kanonskih glazbeno-scenskih djela: Donizettijeva Ljubavnoga napitka, Mozartove \u010carobne frule, Bizetove Carmen, Prokofjevljeva Ivana Groznoga, Slavuja<span style=\"mso-spacerun: yes;\">&nbsp; <\/span>Igora Stravinskoga, Gluckova Orfeja i Euridike te praizvedbom fantasti\u010dne opere Madame Buffault Borisa Papandopula, za koju je redateljica Dora Ru\u017edjak osvojila Nagradu hrvatskoga glumi\u0161ta za najbolje redateljsko ostvarenje u 2015. godini.<\/font><\/p>\n<p align=\"justify\"><font size=\"3\"><br \/>\n<\/font><\/p>\n<p style=\"margin: 0cm 0cm 10pt;\" align=\"justify\"><font size=\"3\" face=\"Calibri\">&nbsp;<\/font><\/p>\n<p align=\"justify\"><font size=\"3\"><br \/>\n<\/font><\/p>\n<p style=\"margin: 0cm 0cm 10pt;\" align=\"justify\"><font size=\"3\" face=\"Calibri\">Dirigent je Tomislav Fa\u010dini, redateljica Dora Ru\u017edjak, scenograf Zlatko Kauzlari\u0107-Ata\u010d. Kostimografi su studenti TTF-a pod mentorskim vodstvom Barbare Bourek, a oblikovatelj svjetla Marko Mijatovi\u0107 (ADU) pod mentorskim vodstvom Borisa Popovi\u0107a.<\/font><\/p>\n<p align=\"justify\"><font size=\"3\"><br \/>\n<\/font><\/p>\n<p style=\"margin: 0cm 0cm 10pt;\" align=\"justify\"><font size=\"3\" face=\"Calibri\">&nbsp;<\/font><\/p>\n<p align=\"justify\"><font size=\"3\"><br \/>\n<\/font><\/p>\n<p style=\"margin: 0cm 0cm 10pt;\" align=\"justify\"><font size=\"3\" face=\"Calibri\">Opera seria u tri \u010dina koju je H\u00e4ndel skladao na libreto Vincenza Grimanija prati pri\u010du o Agrippini, Neronovoj majci, koja spletkama<span style=\"mso-spacerun: yes;\">&nbsp; <\/span>poku\u0161ava s trona skinuti svojega mu\u017ea, rimskog cara Klaudija, i postaviti sina za cara. Grimanijev libreto smatra se antiherojskom satiri\u010dnom komedijom punom politi\u010dkih aluzija. H\u00e4ndel je tu operu skladao na kraju trogodi\u0161njega boravka u Italiji. Praizvedena je<span style=\"mso-spacerun: yes;\">&nbsp; <\/span>u Veneciji 26. prosinca 1709. i odmah je postigla izvanredan uspjeh. Praizvedbu je slijedilo, za to doba, nevi\u0111enih 27 uzastopnih izvedaba i odli\u010dne kritike. Hvalila se kvaliteta glazbe koja je, u skladu s tada\u0161njim obi\u010dajima, djelomice posu\u0111ena iz drugih autorovih djela, a djelomice i od drugih skladatelja. Unato\u010d javnome priznanju i entuzijazmu publike, H\u00e4ndel nije promicao daljnje izvedbe, a kako je i sam kao skladatelj iza\u0161ao iz mode sredinom 18. stolje\u0107a, Agrippina je pomalo zaboravljena. U 20. stolje\u0107u zapo\u010dela je<span style=\"mso-spacerun: yes;\">&nbsp; <\/span>obnova H\u00e4ndelova repertoara, \u010dime se njegove opere vra\u0107aju na njema\u010dke, britanske i ameri\u010dke pozornice. Moderni kriti\u010dari Agrippinu smatraju prvim H\u00e4ndelovim remek-djelom, punim svje\u017eine i glazbene invencije, \u0161to ju \u010dini jednom od njegovih najpopularnijih opera. Za razliku od kasnijih opera, ova proizlazi iz talijanske tradicije, \u0161to ju \u010dini atipi\u010dnom i jedinstvenom.<\/font><\/p>\n<p align=\"justify\"><font size=\"3\"><br \/>\n<\/font><\/p>\n<p style=\"margin: 0cm 0cm 10pt;\" align=\"justify\"><font size=\"3\" face=\"Calibri\">&nbsp;<\/font><\/p>\n<p align=\"justify\"><font size=\"3\"><br \/>\n<\/font><\/p>\n<p style=\"margin: 0cm 0cm 10pt;\" align=\"justify\"><font size=\"3\" face=\"Calibri\">Opera \u0107e se premijerno izvesti 16. travnja, a reprizne izvedbe \u0107e se odr\u017eati 20. i 22. travnja te 6. i 7. svibnja 2016. godine.<\/font><\/p>\n<p align=\"justify\"><font size=\"3\"><br \/>\n<\/font><\/p>\n<p style=\"margin: 0cm 0cm 10pt;\" align=\"justify\"><font size=\"3\" face=\"Calibri\">&nbsp;<\/font><\/p>\n<p align=\"justify\"><font size=\"3\"><br \/>\n<\/font><\/p>\n<p style=\"margin: 0cm 0cm 10pt;\" align=\"justify\"><font size=\"3\" face=\"Calibri\">https:\/\/www.facebook.com\/events\/835254279910168\/<\/font><\/p>\n<p align=\"justify\"><font size=\"3\"><br \/>\n<\/font><\/p>\n","protected":false},"excerpt":{"rendered":"","protected":false},"author":1,"featured_media":0,"comment_status":"open","ping_status":"open","sticky":false,"template":"","format":"standard","meta":{"_acf_changed":false,"jetpack_post_was_ever_published":false,"_jetpack_newsletter_access":"","_jetpack_dont_email_post_to_subs":false,"_jetpack_newsletter_tier_id":0,"_jetpack_memberships_contains_paywalled_content":false,"_jetpack_memberships_contains_paid_content":false,"footnotes":"","jetpack_publicize_message":"","jetpack_publicize_feature_enabled":true,"jetpack_social_post_already_shared":false,"jetpack_social_options":{"image_generator_settings":{"template":"highway","default_image_id":0,"font":"","enabled":false},"version":2}},"categories":[22,3],"tags":[],"class_list":["post-2112","post","type-post","status-publish","format-standard","hentry","category-kazalisne-predstave","category-novosti"],"acf":{"facebook_opis":""},"jetpack_publicize_connections":[],"jetpack_featured_media_url":"","jetpack_sharing_enabled":true,"jetpack-related-posts":[{"id":52578,"url":"https:\/\/historiografija.hr\/?p=52578","url_meta":{"origin":2112,"position":0},"title":"Poziv za sudjelovanje: XXII. Dani Julija Bene\u0161i\u0107a u Iloku","author":"Branimir Jankovi\u0107","date":"21. travnja 2026.","format":false,"excerpt":"Zavod za lingvisti\u010dka istra\u017eivanja Hrvatske akademije znanosti i umjetnosti, zajedno s Muzejom grada Iloka, organizira XXII. Dane Julija Bene\u0161i\u0107a, koji \u0107e se odr\u017eati od 28. do 30. listopada 2026. u Iloku.\u00a0Teme ovogodi\u0161njih Dana podijeljene su u dvije cjeline: Knji\u017eevno-jezikoslovni d\u00ecv\u0101n s Bene\u0161i\u0107em te Ilok i Srijem u povijesnim stalnicama i\u2026","rel":"","context":"U &quot;Novosti&quot;","block_context":{"text":"Novosti","link":"https:\/\/historiografija.hr\/?cat=3"},"img":{"alt_text":"","src":"https:\/\/i0.wp.com\/historiografija.hr\/wp-content\/uploads\/2019\/10\/HE2_Benesic.jpg?fit=413%2C591&ssl=1&resize=350%2C200","width":350,"height":200},"classes":[]},{"id":52563,"url":"https:\/\/historiografija.hr\/?p=52563","url_meta":{"origin":2112,"position":1},"title":"Predavanje Nenada Fabijani\u0107a o stadionu Poljud u Splitu","author":"Branimir Jankovi\u0107","date":"21. travnja 2026.","format":false,"excerpt":"Znanstveno vije\u0107e za arhitekturu, urbanizam i ure\u0111enje prostora Hrvatske akademije znanosti i umjetnosti organizira predavanje \u201cPo Poljudu\u201d koje \u0107e u srijedu 22. travnja 2026. s po\u010detkom u 14 sati u Knji\u017enici HAZU, Strossmayerov trg 14 u Zagrebu, odr\u017eati\u00a0prof. emerit. dr. art. Nenad Fabijani\u0107,\u00a0\u010dlan suradnik HAZU. Predavanje \u201ePo Poljudu\u201c (Projekt obnove)\u2026","rel":"","context":"U &quot;Novosti&quot;","block_context":{"text":"Novosti","link":"https:\/\/historiografija.hr\/?cat=3"},"img":{"alt_text":"","src":"https:\/\/i0.wp.com\/historiografija.hr\/wp-content\/uploads\/2026\/04\/Poljud-scaled.jpeg?fit=1200%2C800&ssl=1&resize=350%2C200","width":350,"height":200,"srcset":"https:\/\/i0.wp.com\/historiografija.hr\/wp-content\/uploads\/2026\/04\/Poljud-scaled.jpeg?fit=1200%2C800&ssl=1&resize=350%2C200 1x, https:\/\/i0.wp.com\/historiografija.hr\/wp-content\/uploads\/2026\/04\/Poljud-scaled.jpeg?fit=1200%2C800&ssl=1&resize=525%2C300 1.5x, https:\/\/i0.wp.com\/historiografija.hr\/wp-content\/uploads\/2026\/04\/Poljud-scaled.jpeg?fit=1200%2C800&ssl=1&resize=700%2C400 2x, https:\/\/i0.wp.com\/historiografija.hr\/wp-content\/uploads\/2026\/04\/Poljud-scaled.jpeg?fit=1200%2C800&ssl=1&resize=1050%2C600 3x"},"classes":[]},{"id":52628,"url":"https:\/\/historiografija.hr\/?p=52628","url_meta":{"origin":2112,"position":2},"title":"Predavanje dopisnog \u010dlana HAZU Alaina Finkielkrauta Izrael, Europa, antisemitizam","author":"Branimir Jankovi\u0107","date":"23. travnja 2026.","format":false,"excerpt":"Francuski filozof Alain Finkielkraut, redoviti \u010dlan Francuske akademije i dopisni \u010dlan HAZU, odr\u017eat \u0107e predavanje\u00a0Izrael, Europa, antisemitizam u utorak 28. travnja 2026. u 13 sati u Knji\u017enici HAZU,\u00a0Strossmayerov trg 14 u Zagrebu. Uvodne rije\u010di odr\u017eat \u0107e\u00a0akademkinja \u017deljka \u010corak i\u00a0akademik Dra\u017een Katunari\u0107. Predavanje \u0107e se odr\u017eati na francuskom jeziku uz konsekutivno\u2026","rel":"","context":"U &quot;Novosti&quot;","block_context":{"text":"Novosti","link":"https:\/\/historiografija.hr\/?cat=3"},"img":{"alt_text":"","src":"https:\/\/i0.wp.com\/historiografija.hr\/wp-content\/uploads\/2026\/04\/Alain_Finkielkraut.jpg?fit=350%2C407&ssl=1&resize=350%2C200","width":350,"height":200},"classes":[]},{"id":52552,"url":"https:\/\/historiografija.hr\/?p=52552","url_meta":{"origin":2112,"position":3},"title":"Besplatni glazbeni antikvarijat","author":"Branimir Jankovi\u0107","date":"20. travnja 2026.","format":false,"excerpt":"Muzi\u010dka akademija Sveu\u010dili\u0161ta u Zagrebu 23. travnja 2026. od 10 do 17 sati Pozivamo Vas na Besplatni glazbeni antikvarijat, koji u sklopu manifestacije No\u0107 knjige 2026. organizira Hrvatska udruga muzi\u010dkih knji\u017enica, arhiva i dokumentacijskih centara (HUMKAD). Antikvarijat \u0107e se odr\u017eati na Svjetski dan knjige \u2013 u \u010detvrtak 23. travnja 2026.\u2026","rel":"","context":"U &quot;Novosti&quot;","block_context":{"text":"Novosti","link":"https:\/\/historiografija.hr\/?cat=3"},"img":{"alt_text":"","src":"https:\/\/i0.wp.com\/historiografija.hr\/wp-content\/uploads\/2026\/04\/Besplatni-glazbeni-antikvarijat-23.-4.-2026.jpg?fit=1200%2C848&ssl=1&resize=350%2C200","width":350,"height":200,"srcset":"https:\/\/i0.wp.com\/historiografija.hr\/wp-content\/uploads\/2026\/04\/Besplatni-glazbeni-antikvarijat-23.-4.-2026.jpg?fit=1200%2C848&ssl=1&resize=350%2C200 1x, https:\/\/i0.wp.com\/historiografija.hr\/wp-content\/uploads\/2026\/04\/Besplatni-glazbeni-antikvarijat-23.-4.-2026.jpg?fit=1200%2C848&ssl=1&resize=525%2C300 1.5x, https:\/\/i0.wp.com\/historiografija.hr\/wp-content\/uploads\/2026\/04\/Besplatni-glazbeni-antikvarijat-23.-4.-2026.jpg?fit=1200%2C848&ssl=1&resize=700%2C400 2x, https:\/\/i0.wp.com\/historiografija.hr\/wp-content\/uploads\/2026\/04\/Besplatni-glazbeni-antikvarijat-23.-4.-2026.jpg?fit=1200%2C848&ssl=1&resize=1050%2C600 3x"},"classes":[]},{"id":52539,"url":"https:\/\/historiografija.hr\/?p=52539","url_meta":{"origin":2112,"position":4},"title":"Drugi po redu studentski simpozij &#8220;In fonte veritas&#8221;","author":"Branimir Jankovi\u0107","date":"20. travnja 2026.","format":false,"excerpt":"U srijedu, 22. travnja 2026. godine, u dvorani C 0.4 na Hrvatskom katoli\u010dkom sveu\u010dili\u0161tu odr\u017eat \u0107e se drugi studentski simpozij \u201eIn fonte veritas\". Ovogodi\u0161nja sredi\u0161nja tema simpozija je Papinstvo. Kroz istra\u017eiva\u010dko suo\u010davanje s povijesnim izvorima deset \u0107e studenata predstaviti rezultate svojih istra\u017eivanja o instituciji koja je stolje\u0107ima oblikovala europsku i\u2026","rel":"","context":"U &quot;Novosti&quot;","block_context":{"text":"Novosti","link":"https:\/\/historiografija.hr\/?cat=3"},"img":{"alt_text":"","src":"https:\/\/i0.wp.com\/historiografija.hr\/wp-content\/uploads\/2026\/04\/Papinstvo.png?fit=1024%2C500&ssl=1&resize=350%2C200","width":350,"height":200,"srcset":"https:\/\/i0.wp.com\/historiografija.hr\/wp-content\/uploads\/2026\/04\/Papinstvo.png?fit=1024%2C500&ssl=1&resize=350%2C200 1x, https:\/\/i0.wp.com\/historiografija.hr\/wp-content\/uploads\/2026\/04\/Papinstvo.png?fit=1024%2C500&ssl=1&resize=525%2C300 1.5x, https:\/\/i0.wp.com\/historiografija.hr\/wp-content\/uploads\/2026\/04\/Papinstvo.png?fit=1024%2C500&ssl=1&resize=700%2C400 2x"},"classes":[]},{"id":52547,"url":"https:\/\/historiografija.hr\/?p=52547","url_meta":{"origin":2112,"position":5},"title":"ISHA Zagreb \u2013 Filmska ve\u010der: Povratak Martina Guerrea","author":"Branimir Jankovi\u0107","date":"20. travnja 2026.","format":false,"excerpt":"Klub studenata povijesti \u2013 ISHA Zagreb poziva Vas na filmsku ve\u010der na kojoj \u0107e se prikazivati \u201ePovratak Martina Guerrea\u201c, povijesna drama iz 1982. godine s radnjom smje\u0161tenom u 16. stolje\u0107u. Radnja je utemeljena na stvarnoj povijesnoj li\u010dnosti Martina Guerrea koji se nakon mnogo godina izbivanja vra\u0107a u svoje rodno mjesto\u2026","rel":"","context":"U &quot;Filmovi i serije&quot;","block_context":{"text":"Filmovi i serije","link":"https:\/\/historiografija.hr\/?cat=13"},"img":{"alt_text":"","src":"https:\/\/i0.wp.com\/historiografija.hr\/wp-content\/uploads\/2026\/04\/M-Guerre.png?fit=702%2C1006&ssl=1&resize=350%2C200","width":350,"height":200,"srcset":"https:\/\/i0.wp.com\/historiografija.hr\/wp-content\/uploads\/2026\/04\/M-Guerre.png?fit=702%2C1006&ssl=1&resize=350%2C200 1x, https:\/\/i0.wp.com\/historiografija.hr\/wp-content\/uploads\/2026\/04\/M-Guerre.png?fit=702%2C1006&ssl=1&resize=525%2C300 1.5x, https:\/\/i0.wp.com\/historiografija.hr\/wp-content\/uploads\/2026\/04\/M-Guerre.png?fit=702%2C1006&ssl=1&resize=700%2C400 2x"},"classes":[]}],"_links":{"self":[{"href":"https:\/\/historiografija.hr\/index.php?rest_route=\/wp\/v2\/posts\/2112","targetHints":{"allow":["GET"]}}],"collection":[{"href":"https:\/\/historiografija.hr\/index.php?rest_route=\/wp\/v2\/posts"}],"about":[{"href":"https:\/\/historiografija.hr\/index.php?rest_route=\/wp\/v2\/types\/post"}],"author":[{"embeddable":true,"href":"https:\/\/historiografija.hr\/index.php?rest_route=\/wp\/v2\/users\/1"}],"replies":[{"embeddable":true,"href":"https:\/\/historiografija.hr\/index.php?rest_route=%2Fwp%2Fv2%2Fcomments&post=2112"}],"version-history":[{"count":1,"href":"https:\/\/historiografija.hr\/index.php?rest_route=\/wp\/v2\/posts\/2112\/revisions"}],"predecessor-version":[{"id":32682,"href":"https:\/\/historiografija.hr\/index.php?rest_route=\/wp\/v2\/posts\/2112\/revisions\/32682"}],"wp:attachment":[{"href":"https:\/\/historiografija.hr\/index.php?rest_route=%2Fwp%2Fv2%2Fmedia&parent=2112"}],"wp:term":[{"taxonomy":"category","embeddable":true,"href":"https:\/\/historiografija.hr\/index.php?rest_route=%2Fwp%2Fv2%2Fcategories&post=2112"},{"taxonomy":"post_tag","embeddable":true,"href":"https:\/\/historiografija.hr\/index.php?rest_route=%2Fwp%2Fv2%2Ftags&post=2112"}],"curies":[{"name":"wp","href":"https:\/\/api.w.org\/{rel}","templated":true}]}}