{"id":21083,"date":"2020-05-18T20:11:45","date_gmt":"2020-05-18T20:11:45","guid":{"rendered":"http:\/\/historiografija.hr\/?p=21083"},"modified":"2020-05-18T20:11:45","modified_gmt":"2020-05-18T20:11:45","slug":"jubilarni-40-medunarodni-dan-muzeja-u-znaku-jednakosti-razlicitosti-i-ukljucivosti","status":"publish","type":"post","link":"https:\/\/historiografija.hr\/?p=21083","title":{"rendered":"Jubilarni 40. Me\u0111unarodni dan muzeja u znaku jednakosti, razli\u010ditosti i uklju\u010divosti"},"content":{"rendered":"<p>Temom &#8220;Muzeji za jednakost: razli\u010ditost i uklju\u010divost&#8221; muzeji diljem Hrvatske obilje\u017eit \u0107e od 12. do 18. svibnja 2020. raznolikim programima, u nezapam\u0107eno te\u0161kim uvjetima epidemije korona virusa i razornog zagreba\u010dkog potresa, jubilarni 40. put Me\u0111unarodni dan muzeja.<\/p>\n<p>&nbsp;<\/p>\n<p>Nositelj manifestacije je Muzejski dokumentacijski centar (MDC) iz Zagreba na \u010diju se inicijativu Me\u0111unarodni dan muzeja u Hrvatskoj obilje\u017eava od 1980. godine, a ovogodi\u0161nja tema manifestacije koju je odredio Me\u0111unarodni savjet muzeja (ICOM) sa sjedi\u0161tem u Parizu ukazuje na muzeje kao institucije koje igraju va\u017enu ulogu u dru\u0161tvu i njegovu razvoju komuniciraju\u0107i univerzalne humanisti\u010dke vrijednosti, promi\u010du stvaranje inkluzivnog i tolerantnog dru\u0161tva, promoviraju kulturnu razmjenu kao katalizatora mira me\u0111u ljudima te u svom radu primjenjuju UN-ove ciljeve odr\u017eivog razvoja.<\/p>\n<p>&nbsp;<\/p>\n<p>Premda su mnogi muzeji morali odustati od planiranih i ve\u0107 najavljenih doga\u0111anja koja su uklju\u010divala ulazak u muzeje i rad s posjetiteljima, velik broj njih uspje\u0161no je prilagodio svoje programe novonastalim okolnostima ponudiv\u0161i korisnicima virtualne izlo\u017ebe i vodstva, edukativni serijale na dru\u0161tvenim mre\u017eama, digitalna muzejska izdanja i on line radionice posebno osmi\u0161ljene s namjerom podizanja svijesti o tome koliko veliku ulogu muzeji imaju ne samo u sabiranju, \u010duvanju i tuma\u010denju na\u0161eg naslije\u0111a ve\u0107 kao mjesta koja pridonose razvoju razumijevanja, suradnje i mira.<\/p>\n<p>&nbsp;<\/p>\n<p>Hrvatski muzej arhitekture uklju\u010dio se u obilje\u017eavanje Me\u0111unarodnog dana muzeja virtualnom izlo\u017ebom &#8220;Jedanaest arhitektica iz fundusa Hrvatskog muzeja Arhitekture&#8221;, koja putem odabranih skica, crte\u017ea, nacrta i fotografija iz fundusa Muzeja podi\u017ee veo zaborava i podsje\u0107a na stvarala\u0161tvo vrsnih, hrabrih, ma\u0161tovitih i senzibilnih autorica koje pripadaju modernoj arhitekturi i vremenu izgradnje boljega svijeta za svakoga \u010dovjeka.<\/p>\n<p>&nbsp;<\/p>\n<p>Muzej medicine i farmacije HAZU kroz virtualni program Imagine all the people. predstavlja viziju hrvatskih lije\u010dnika koji su se pod vodstvom Andrije \u0160tampara (1888. &#8211; 1958.), jednog od osniva\u010da Svjetske zdravstvene organizacije, zalagali za svijet u kojem svi ljudi ravnopravno ostvaraju pravo na zdravstvenu za\u0161titu, bez obzira na mjesto \u017eivljenja i socijalni status. Publici su\u00a0 predstavljeni objavljeni radovi i \u010dlanci na temu, koja je danas ponovno vrlo aktualna nakon \u0161to je Svjetska zdravstvena organizacija pokrenula inicijativu World Health Coverage, te cjeloviti katalog izlo\u017ebe Od dr\u017eave do javnosti: tuberkuloza u fondovima Hrvatskog dr\u017eavnog arhiva i Odsjeka za povijest medicinskih znanosti HAZU-a.<\/p>\n<p>&nbsp;<\/p>\n<p>Kako uz pomo\u0107 suvremenih tehnologija prilagoditi muzejske sadr\u017eaje osobama s invaliditetom i stvoriti mjesto vi\u0161eosjetilnog do\u017eivljaja i u\u010denja otkrit \u0107e na dru\u0161tvenim mre\u017eama djelatnici Muzeja grada \u0160ibenika. U sklopu projekta&#8221;Kultajmo u \u0160ibeniku&#8221;, sufinanciranog iz Europskog socijalnog fonda, \u0161ibenski muzealci su predmete iz stalnog postava skenirali 3D skenerom, obradili u posebnom ra\u010dunalnom programu i isprintali 3D printerom u plastici tako da ih slijepi i slabovidni mogu istra\u017eiti dodirom. Tako\u0111er, postavljene su tri induktivne petlje namijenjene osobama o\u0161te\u0107enog sluha, instalirane na recepciji Muzeja, dijelu stalnog postava koji prikazuje film o osvajanju \u0160ibenika od strane mleta\u010dkog admirala Vettora Pisanija, te u dijelu koji prikazuje film o kugi koja je poharala grad krajem 17. stolje\u0107a.<\/p>\n<p>&nbsp;<\/p>\n<p>Muzej grada Koprivnice u suradnji s Galerijom Ivan Ve\u010denaj u Goli pripremio je virtualnu izlo\u017ebu radova Ivana Ve\u010denaja koja pokazuje da lokalna pri\u010da mo\u017ee postati globalni fenomen, a &#8220;mali&#8221; \u010dovjek\u00a0 veliki umjetnik koji mijenja sliku svijeta. Izlo\u017eba je realizirana povodom 100. obljetnice ro\u0111enja jednog od najve\u0107ih autora hrvatske naivne umjetnosti, a publika ima priliku vidjeti Ve\u010denajevo slikarstvo koje je u potpunosti inkluzivno i koje u bilje\u017eenju svijeta ne bje\u017ei od ru\u017enog, bolesnog, druga\u010dijeg i nepoznatog. Tu je i izlo\u017eba &#8220;Narodne no\u0161nje kroz objektiv To\u0161e Dabca&#8221; koja kroz izbor od 32 fotografije iz bogate ostav\u0161tine jednog od najistaknutijih zagreba\u010dkih fotografa To\u0161e Dabca prikazuje motive narodnih no\u0161nji raznih krajeva Hrvatske, Bosne i Hercegovine i Makedonije. Izlo\u017ebu dopunjuju originalni dijelovi narodnih no\u0161nji iz zbirke Posudionice i radionice narodnih no\u0161nji koji su tematski vezani za izlo\u017eene fotografije.<\/p>\n<p>&nbsp;<\/p>\n<p>Muzej Me\u0111imurja \u010cakovec povodom Me\u0111unarodnog dana muzeja priprema virtualnu izlo\u017ebu projekta &#8220;Muzej za POGLED&#8221; koja tematizira psiholo\u0161ko kreativni rad \u010dakove\u010dkih muzealaca s djecom koja imaju poreme\u0107aje u spektru autizma. Djeci je u suradnji s Psihologijskim centrom u \u010cakovcu pribli\u017een svijet likovne i kulturne ba\u0161tine, a navedeni sadr\u017eaj poslu\u017eit \u0107e kao motivacijska podloga za daljnji individualni psiholo\u0161ko-kreativni rad u kojem \u0107e djeca realizirati svoj likovni odgovor na sve \u0161to su do\u017eivjela i pro\u017eivjela u dosada\u0161njoj interakciji s muzejom.<\/p>\n<p>&nbsp;<\/p>\n<p>Zanimljiv program pripremili su i u Gradskom muzej Bjelovar u kojemu se na Me\u0111unarodni dan muzeja otvara izlo\u017eba &#8220;Barun Trenk &#8211; novo lice legende&#8221;, realizirana u suradnji s Muzejom grada Brna, Masarykovog sveu\u010dili\u0161ta i Kapucinske grobnice iz Brna, Gradskim muzeja Po\u017eega i Muzejom Slavonije iz Osijeka. Posjetitelji \u0107e imati prilike vidjeti rezultate vi\u0161egodi\u0161njeg rada povjesni\u010dara, forenzi\u010dnih antropologa, radiologa i ra\u010dunalnih stru\u010dnjaka koji, pored Trenkova \u017eivotopisa i njegovog polo\u017eaja i zna\u010daja kao vojskovo\u0111e, uz pomo\u0107 ra\u010dunalne tehnologije i 3D printeva rekonstruiraju kako je barun izgledao u vrijeme kada je do\u0161ao kao uznik u \u0160pilberk, te na temelju CT snimaka njegovih tjelesnih ostataka otkrivaju od kakvih je bolesti bolovao i koja je ozljede\u00a0 zadobio u bitkama.<\/p>\n<p>&nbsp;<\/p>\n<p>Cjelokupni program obilje\u017eavanja Me\u0111unarodnog dana muzeja dostupan je na internetskim stranicama Muzejskog dokumentacijskog centra<\/p>\n<p><a href=\"https:\/\/www.mdc.hr\/hr\/kalendar\/pregled-mjeseca\/medunarodni-dan-muzeja?y=2020\">https:\/\/www.mdc.hr\/hr\/kalendar\/pregled-mjeseca\/medunarodni-dan-muzeja?y=2020<\/a><\/p>\n<p>&nbsp;<\/p>\n<p>&nbsp;<\/p>\n","protected":false},"excerpt":{"rendered":"","protected":false},"author":2,"featured_media":21084,"comment_status":"open","ping_status":"open","sticky":false,"template":"","format":"standard","meta":{"_acf_changed":false,"jetpack_post_was_ever_published":false,"_jetpack_newsletter_access":"","_jetpack_dont_email_post_to_subs":false,"_jetpack_newsletter_tier_id":0,"_jetpack_memberships_contains_paywalled_content":false,"_jetpack_memberships_contains_paid_content":false,"footnotes":"","jetpack_publicize_message":"","jetpack_publicize_feature_enabled":true,"jetpack_social_post_already_shared":true,"jetpack_social_options":{"image_generator_settings":{"template":"highway","default_image_id":0,"font":"","enabled":false},"version":2}},"categories":[10,3],"tags":[],"class_list":["post-21083","post","type-post","status-publish","format-standard","has-post-thumbnail","hentry","category-izlozbe","category-novosti"],"acf":{"facebook_opis":""},"jetpack_publicize_connections":[],"jetpack_featured_media_url":"https:\/\/i0.wp.com\/historiografija.hr\/wp-content\/uploads\/2020\/05\/MDM_vizual2_jpeg.jpg?fit=960%2C624&ssl=1","jetpack_sharing_enabled":true,"jetpack-related-posts":[{"id":52760,"url":"https:\/\/historiografija.hr\/?p=52760","url_meta":{"origin":21083,"position":0},"title":"Izlo\u017eba \u201cLo\u0161injski brodovi, njihove zastave i ljudi\u201d, 4. svibnja u 19h","author":"Filip \u0160imunjak","date":"30. travnja 2026.","format":false,"excerpt":"Hrvatski pomorski muzej Split, Glagolja\u0161a 18 (Tvr\u0111ava Gripe) Nakon \u0161to je u rujnu 2025. godine na otoku Lo\u0161inju, u suradnji Lo\u0161injskog muzeja i Hrvatskog pomorskog muzeja Split, predstavljena izlo\u017eba posve\u0107ena bogatoj pomorskoj ba\u0161tini otoka, njezino pro\u0161ireno izdanje postavlja se u Splitu. Uo\u010di blagdana svetog Dujma splitskoj \u0107e se publici predstaviti\u2026","rel":"","context":"U &quot;Izlo\u017ebe&quot;","block_context":{"text":"Izlo\u017ebe","link":"https:\/\/historiografija.hr\/?cat=10"},"img":{"alt_text":"","src":"https:\/\/i0.wp.com\/historiografija.hr\/wp-content\/uploads\/2026\/04\/Losinjski-brodovi-Izlozba-1-scaled.webp?fit=840%2C1200&ssl=1&resize=350%2C200","width":350,"height":200,"srcset":"https:\/\/i0.wp.com\/historiografija.hr\/wp-content\/uploads\/2026\/04\/Losinjski-brodovi-Izlozba-1-scaled.webp?fit=840%2C1200&ssl=1&resize=350%2C200 1x, https:\/\/i0.wp.com\/historiografija.hr\/wp-content\/uploads\/2026\/04\/Losinjski-brodovi-Izlozba-1-scaled.webp?fit=840%2C1200&ssl=1&resize=525%2C300 1.5x, https:\/\/i0.wp.com\/historiografija.hr\/wp-content\/uploads\/2026\/04\/Losinjski-brodovi-Izlozba-1-scaled.webp?fit=840%2C1200&ssl=1&resize=700%2C400 2x"},"classes":[]},{"id":52633,"url":"https:\/\/historiografija.hr\/?p=52633","url_meta":{"origin":21083,"position":1},"title":"POVIJEST TRE\u0160NJEVA\u010cKE GLAZBE: prikupljanje virtualnog fundusa Muzeja susjedstva Tre\u0161njevka","author":"Branimir Jankovi\u0107","date":"23. travnja 2026.","format":false,"excerpt":"utorak 28. 4. 2026. 14 - 18 h Nova BAZA, Nova cesta 66, Zagreb Prvi su dani ljeta 1957. godine. Bo\u017eica Kalafati\u0107 poha\u0111a drugi razred Osnovne \u0161kole Bratstvo i jedinstvo, danas kralja Tomislava, a ide i na muzi\u010dke satove u Mo\u0161\u0107eni\u010dkoj ulici. Na fotografiji s harmonikom u rukama stoji u\u2026","rel":"","context":"U &quot;Novosti&quot;","block_context":{"text":"Novosti","link":"https:\/\/historiografija.hr\/?cat=3"},"img":{"alt_text":"","src":"https:\/\/i0.wp.com\/historiografija.hr\/wp-content\/uploads\/2026\/04\/MST_prikupljanje.jpg?fit=380%2C475&ssl=1&resize=350%2C200","width":350,"height":200},"classes":[]},{"id":52752,"url":"https:\/\/historiografija.hr\/?p=52752","url_meta":{"origin":21083,"position":2},"title":"Otvaranje izlo\u017ebe &#8220;Hrvati na So\u010danskom frontu&#8221; i predavanje &#8220;So\u010danska fronta u Prvome svjetskom ratu&#8221;","author":"Filip \u0160imunjak","date":"30. travnja 2026.","format":false,"excerpt":"Otvaranje izlo\u017ebe \u201eHrvati na So\u010danskom frontu\u201c, Kobari\u0161ki muzej Prvog svjetskog rata, Kobarid, odr\u017eat \u0107e se u sklopu ovogodi\u0161njega Festivala povijesti Kliofest u Nacionalnoj i sveu\u010dili\u0161noj knji\u017enici u Zagrebu, u utorak 5. svibnja, s po\u010detkom u 10 sati, uz sudjelovanje: Ga\u0161pera Dov\u017eana, veleposlanika Republike Slovenije u RH, te Martina \u0160olara, direktora\u2026","rel":"","context":"U &quot;Izlo\u017ebe&quot;","block_context":{"text":"Izlo\u017ebe","link":"https:\/\/historiografija.hr\/?cat=10"},"img":{"alt_text":"","src":"https:\/\/i0.wp.com\/historiografija.hr\/wp-content\/uploads\/2026\/04\/Kliofest-01-utorak-II-08-P-Socanska-fronta.jpg?fit=1200%2C566&ssl=1&resize=350%2C200","width":350,"height":200,"srcset":"https:\/\/i0.wp.com\/historiografija.hr\/wp-content\/uploads\/2026\/04\/Kliofest-01-utorak-II-08-P-Socanska-fronta.jpg?fit=1200%2C566&ssl=1&resize=350%2C200 1x, https:\/\/i0.wp.com\/historiografija.hr\/wp-content\/uploads\/2026\/04\/Kliofest-01-utorak-II-08-P-Socanska-fronta.jpg?fit=1200%2C566&ssl=1&resize=525%2C300 1.5x, https:\/\/i0.wp.com\/historiografija.hr\/wp-content\/uploads\/2026\/04\/Kliofest-01-utorak-II-08-P-Socanska-fronta.jpg?fit=1200%2C566&ssl=1&resize=700%2C400 2x, https:\/\/i0.wp.com\/historiografija.hr\/wp-content\/uploads\/2026\/04\/Kliofest-01-utorak-II-08-P-Socanska-fronta.jpg?fit=1200%2C566&ssl=1&resize=1050%2C600 3x"},"classes":[]},{"id":52511,"url":"https:\/\/historiografija.hr\/?p=52511","url_meta":{"origin":21083,"position":3},"title":"Izlo\u017eba &#8220;Lica Sljemena&#8221;","author":"Branimir Jankovi\u0107","date":"17. travnja 2026.","format":false,"excerpt":"Srda\u010dno vas pozivamo na otvorenje izlo\u017ebe Lica Sljemena koje \u0107e se odr\u017eati u srijedu 22. travnja 2026. u 18 h ispred Muzeja Prigorja (Trg Dragutina Domjani\u0107a 5, Sesvete). Izlo\u017eba proizlazi iz istra\u017eivanja Nevene \u0160krbi\u0107 Alempijevi\u0107, Petre Kelemen i Sanje Potkonjak te intervjua sa Sljemena\u0161icama i Sljemena\u0161ima, koji su provedeni u\u2026","rel":"","context":"U &quot;Izlo\u017ebe&quot;","block_context":{"text":"Izlo\u017ebe","link":"https:\/\/historiografija.hr\/?cat=10"},"img":{"alt_text":"","src":"https:\/\/i0.wp.com\/historiografija.hr\/wp-content\/uploads\/2026\/04\/Izlozba-Lica-Sljemena.png?fit=1080%2C686&ssl=1&resize=350%2C200","width":350,"height":200,"srcset":"https:\/\/i0.wp.com\/historiografija.hr\/wp-content\/uploads\/2026\/04\/Izlozba-Lica-Sljemena.png?fit=1080%2C686&ssl=1&resize=350%2C200 1x, https:\/\/i0.wp.com\/historiografija.hr\/wp-content\/uploads\/2026\/04\/Izlozba-Lica-Sljemena.png?fit=1080%2C686&ssl=1&resize=525%2C300 1.5x, https:\/\/i0.wp.com\/historiografija.hr\/wp-content\/uploads\/2026\/04\/Izlozba-Lica-Sljemena.png?fit=1080%2C686&ssl=1&resize=700%2C400 2x, https:\/\/i0.wp.com\/historiografija.hr\/wp-content\/uploads\/2026\/04\/Izlozba-Lica-Sljemena.png?fit=1080%2C686&ssl=1&resize=1050%2C600 3x"},"classes":[]},{"id":52768,"url":"https:\/\/historiografija.hr\/?p=52768","url_meta":{"origin":21083,"position":4},"title":"Poziv za prijavu na me\u0111unarodni ljetni kamp za mlade \u201cYouth in Cold-War Europe\u201d","author":"Filip \u0160imunjak","date":"30. travnja 2026.","format":false,"excerpt":"Otvoren je poziv za prijavu na me\u0111unarodni ljetni kamp \"Youth in Cold-War Europe\", koji se odr\u017eava od 28.08. do 06.09. 2026. godine u Weimaru (Njema\u010dka). Kamp se odr\u017eava u organizaciji Europskog centra za obrazovanje mladih (EJBW) iz Weimara i njegovih me\u0111unarodnih partnera, te uz financijsku podr\u0161ku Europske unije i Savezne\u2026","rel":"","context":"U &quot;Novosti&quot;","block_context":{"text":"Novosti","link":"https:\/\/historiografija.hr\/?cat=3"},"img":{"alt_text":"","src":"https:\/\/i0.wp.com\/historiografija.hr\/wp-content\/uploads\/2026\/04\/LJETNI-KAMP-ZA-MLADE-YOUTH-IN-COLD-WAR-EUROPE.jpg?fit=667%2C375&ssl=1&resize=350%2C200","width":350,"height":200,"srcset":"https:\/\/i0.wp.com\/historiografija.hr\/wp-content\/uploads\/2026\/04\/LJETNI-KAMP-ZA-MLADE-YOUTH-IN-COLD-WAR-EUROPE.jpg?fit=667%2C375&ssl=1&resize=350%2C200 1x, https:\/\/i0.wp.com\/historiografija.hr\/wp-content\/uploads\/2026\/04\/LJETNI-KAMP-ZA-MLADE-YOUTH-IN-COLD-WAR-EUROPE.jpg?fit=667%2C375&ssl=1&resize=525%2C300 1.5x"},"classes":[]},{"id":52578,"url":"https:\/\/historiografija.hr\/?p=52578","url_meta":{"origin":21083,"position":5},"title":"Poziv za sudjelovanje: XXII. Dani Julija Bene\u0161i\u0107a u Iloku","author":"Branimir Jankovi\u0107","date":"21. travnja 2026.","format":false,"excerpt":"Zavod za lingvisti\u010dka istra\u017eivanja Hrvatske akademije znanosti i umjetnosti, zajedno s Muzejom grada Iloka, organizira XXII. Dane Julija Bene\u0161i\u0107a, koji \u0107e se odr\u017eati od 28. do 30. listopada 2026. u Iloku.\u00a0Teme ovogodi\u0161njih Dana podijeljene su u dvije cjeline: Knji\u017eevno-jezikoslovni d\u00ecv\u0101n s Bene\u0161i\u0107em te Ilok i Srijem u povijesnim stalnicama i\u2026","rel":"","context":"U &quot;Novosti&quot;","block_context":{"text":"Novosti","link":"https:\/\/historiografija.hr\/?cat=3"},"img":{"alt_text":"","src":"https:\/\/i0.wp.com\/historiografija.hr\/wp-content\/uploads\/2019\/10\/HE2_Benesic.jpg?fit=413%2C591&ssl=1&resize=350%2C200","width":350,"height":200},"classes":[]}],"_links":{"self":[{"href":"https:\/\/historiografija.hr\/index.php?rest_route=\/wp\/v2\/posts\/21083","targetHints":{"allow":["GET"]}}],"collection":[{"href":"https:\/\/historiografija.hr\/index.php?rest_route=\/wp\/v2\/posts"}],"about":[{"href":"https:\/\/historiografija.hr\/index.php?rest_route=\/wp\/v2\/types\/post"}],"author":[{"embeddable":true,"href":"https:\/\/historiografija.hr\/index.php?rest_route=\/wp\/v2\/users\/2"}],"replies":[{"embeddable":true,"href":"https:\/\/historiografija.hr\/index.php?rest_route=%2Fwp%2Fv2%2Fcomments&post=21083"}],"version-history":[{"count":1,"href":"https:\/\/historiografija.hr\/index.php?rest_route=\/wp\/v2\/posts\/21083\/revisions"}],"predecessor-version":[{"id":21085,"href":"https:\/\/historiografija.hr\/index.php?rest_route=\/wp\/v2\/posts\/21083\/revisions\/21085"}],"wp:featuredmedia":[{"embeddable":true,"href":"https:\/\/historiografija.hr\/index.php?rest_route=\/wp\/v2\/media\/21084"}],"wp:attachment":[{"href":"https:\/\/historiografija.hr\/index.php?rest_route=%2Fwp%2Fv2%2Fmedia&parent=21083"}],"wp:term":[{"taxonomy":"category","embeddable":true,"href":"https:\/\/historiografija.hr\/index.php?rest_route=%2Fwp%2Fv2%2Fcategories&post=21083"},{"taxonomy":"post_tag","embeddable":true,"href":"https:\/\/historiografija.hr\/index.php?rest_route=%2Fwp%2Fv2%2Ftags&post=21083"}],"curies":[{"name":"wp","href":"https:\/\/api.w.org\/{rel}","templated":true}]}}