{"id":21034,"date":"2020-05-15T16:04:02","date_gmt":"2020-05-15T16:04:02","guid":{"rendered":"http:\/\/historiografija.hr\/?p=21034"},"modified":"2020-05-15T16:04:02","modified_gmt":"2020-05-15T16:04:02","slug":"hrt-program-obiljezavanja-75-godisnjice-bleiburske-tragedije","status":"publish","type":"post","link":"https:\/\/historiografija.hr\/?p=21034","title":{"rendered":"HRT: program obilje\u017eavanja 75. godi\u0161njice bleibur\u0161ke tragedije"},"content":{"rendered":"<p>HRT \u2013 HTV1 prenosi u subotu, 16. svibnja 2020. komemoraciju na groblju Mirogoj u Zagrebu (11:00) i misu u katedralnoj crkvi u Sarajevu (12:15) te prikazuje dokumentarne filmove \u201c\u010cuvari bleibur\u0161ke uspomene\u201d (13:36) i \u201cNali\u010dje pobjede 15.5.1945. \u2013 Bleiburg\u201d (15:35).<\/p>\n<p>&nbsp;<\/p>\n<p>&#8212;<\/p>\n<p>&nbsp;<\/p>\n<p>HRT &#8211; HTV1\u00a016.05.2020.\u00a011:00<\/p>\n<p><strong>Mirogoj: Komemoracija \u017ertvama Hrvatskog kri\u017enog puta i bleibur\u0161ke tragedije<\/strong><\/p>\n<p>Sredi\u0161nja komemoracija za \u017ertve hrvatskoga kri\u017enog puta i bleibur\u0161ke tragedije u Republici Hrvatskoj odr\u017eat \u0107e se na groblju Mirogoj u Zagrebu. Molitvu, odnosno dovu, za \u017ertve Islamske vjerske zajednice, izre\u0107i \u0107e imam zagreba\u010dke d\u017eamije Mersad efendija Kre\u0161ti\u0107. Za katolike \u0107e moliti mons. Jure Bogdan, vojni ordinarij u Republici Hrvatskoj i predsjednik Komisije HBK i BK BiH za hrvatski martirologij. Kod Kri\u017ea na Mirogoju bit \u0107e polo\u017eeni i vijenci, a dr\u017eavno izaslanstvo predvodit \u0107e predsjednik Hrvatskog Sabora Gordan Jandrokovi\u0107. Pjevat \u0107e klapa &#8220;Janjevo&#8221; iz Zagreba.<\/p>\n<ul>\n<li>Re\u017eija:\u00a0 <strong>Neven Mihael Diane\u017eevi\u0107<\/strong><\/li>\n<li>Komentator:\u00a0 <strong>Mario Ragu\u017e<\/strong><\/li>\n<li>Producent:\u00a0 <strong>Dra\u0161ko Vrgo\u010d<\/strong><\/li>\n<li>Urednici:\u00a0 <strong>Niko Kostani\u0107 i Mario Ragu\u017e<\/strong><\/li>\n<\/ul>\n<p>&nbsp;<\/p>\n<p>&#8212;<\/p>\n<p>&nbsp;<\/p>\n<p>HRT &#8211; HTV1 16.05.2020. 12:15<\/p>\n<p><strong>Sarajevo: Misa u katedralnoj crkvi povodom obilje\u017eavanja 75. obljetnice Bleibur\u0161ke tragedije, prijenos<\/strong><\/p>\n<p>Zbog pojave koronavirusa otkazana je misa na Bleibur\u0161kom polju, a s obzirom da su biskupi biskupskih konferencija Hrvatske i BiH dogovorili kako \u0107e ove godine propovijedati vrhbosanski nadbiskup kardinal Vinko Pulji\u0107, prenosimo misu iz sarajevske katedrale za sve \u017ertve stradale na Bleiburgu i hrvatskim kri\u017enim putevima. U koncelebraciji \u0107e uz kardinala Pulji\u0107a sudjelovati mons. Tomo Vuk\u0161i\u0107, nadbiskup koadjutor, mons. Sla\u0111an \u0106osi\u0107, generalni vikar, mons. Ante Me\u0161trovi\u0107, prepo\u0161t Kaptola vrhbosanskog i rektor katedrale te vi\u0161e sve\u0107enika. Na misi \u0107e pjevati Katedralni mje\u0161oviti zbor &#8220;Josip Stadler&#8221; iz Sarajeva. Hrvatska televizija \u0107e preuzeti prijenos koji \u0107e za nju ostvariti Radiotelevizija Herceg-Bosne.<\/p>\n<ul>\n<li>Komentator:\u00a0 <strong>Mario Ragu\u017e<\/strong><\/li>\n<li>Producent:\u00a0 <strong>Dra\u0161ko Vrgo\u010d<\/strong><\/li>\n<li>Urednik:\u00a0 <strong>Mario Ragu\u017e<\/strong><\/li>\n<\/ul>\n<p>&nbsp;<\/p>\n<p>&#8212;<\/p>\n<p>&nbsp;<\/p>\n<p>HRT &#8211; HTV1\u00a016.05.2020.\u00a013:36<\/p>\n<p><strong>\u010cuvari bleibur\u0161ke uspomene, dokumentarni film (2017.)<\/strong><\/p>\n<p>Nakon \u0161to su u svibnju 1945. godine partizanske jedinice do\u0161le nadomak Zagrebu, nepregledne kolone civila, \u017eena i djece, kao i vojnika, njih oko 700.000 (prema britanskim vojnim izvorima), krenule su u izbjegli\u0161tvo, prema savezni\u010dkim snagama u ju\u017enoj Austriji, pri\u017eeljkuju\u0107i njihovu za\u0161titu. No, na\u017ealost, nisu je dobili. Britanci su ih izru\u010dili partizanima, koji su u zanosu revolucije, bez suda i milosti, u krvavom piru presudili desetinama tisu\u0107a ljudi koji su zavr\u0161ili u stotinama masovnih grobnica od Slovenije do Makedonije. Jedna je to od najve\u0107ih rana u povijesti hrvatskoga naroda, poznata kao Bleibur\u0161ka tragedija, nazvana po mjestu Bleiburgu u Austriji, gdje je po\u010deo Hrvatski kri\u017eni put.<br \/>\n\u010cuvari bleibur\u0161ke uspomene dokumentarni je film koji prati hrabrost i odlu\u010dnost skupine ljudi koji su, iz izbjegli\u010dkih logora, sa sna\u017enom vjerom u pravdu, prije 70 godina po\u010deli odr\u017eavati komemoracije na Bleibur\u0161kom polju. Prije 65 godina u Austriji osnovali su udrugu Po\u010dasni bleibur\u0161ki vod, koja se do danas brine o tome da se ta tragedija otrgne zaboravu. Pre\u017eivjeli sudionici Bleibur\u0161ke tragedije i osniva\u010di Po\u010dasnog bleibur\u0161kog voda u filmu prvi put svjedo\u010de o turbulentnim doga\u0111ajima koji su pratili njihov rad, suo\u010den s jugoslavenskim tajnim slu\u017ebama. Osim njih, o Bleibur\u0161koj tragediji i povijesti njezina komemoriranja govori niz inozemnih i hrvatskih povjesni\u010dara i znanstvenika.<\/p>\n<ul>\n<li>Scenarij:\u00a0 <strong>Bo\u017eena Mihaljevi\u0107<\/strong><\/li>\n<li>Re\u017eija:\u00a0 <strong>Dario Bajurin<\/strong><\/li>\n<li>Producent:\u00a0 <strong>Hrvatski kri\u017eni put<\/strong><\/li>\n<\/ul>\n<p>&nbsp;<\/p>\n<p>&#8212;<\/p>\n<p>&nbsp;<\/p>\n<p>HRT &#8211; HTV1\u00a016.05.2020.\u00a015:35<\/p>\n<p><strong>Nali\u010dje pobjede 15.5.1945. &#8211; Bleiburg, dokumentarni film<\/strong><\/p>\n<p>Nakon trodijelne serije proizvedene 1991. godine napravljena je kra\u0107a verzija koja po\u010dinje zbivanjima u travnju 1945. godine i zavr\u0161ava predajom hrvatske vojske na Bleibur\u0161kom polju.<br \/>\nTijekom istra\u017eivanja otkrivene su mnoge do tada neobjavljivane fotografije i vrijedni filmski materijali koji su, uz izjave, pomogli da se stvori \u0161to vjerodostojnija slika tih zbivanja. U seriji sudjeluju povjesni\u010dari, onda\u0161nji partizanski generali, usta\u0161ki \u010dasnici, engleski \u010dasnici i sudionici kri\u017enih putova. Uz britanske \u010dasnike, koji iskreno otkrivaju kako im je to bio najte\u017ei zadatak koji su morali izvr\u0161iti, razgovarali smo s Tobyjem Lowom, kasnije lordom Aldingtonom, kojeg je Lord Tolstoj optu\u017eio da je izravno odgovoran za izru\u010denja. Materijal je sniman u Austriji na Bleibur\u0161kom polju, u Klagenfurtu, u Londonu i Welsu, Sloveniji, Dravogradu, Ko\u010devskom rogu, u Beogradu te na mnogim mjestima diljem Hrvatske gdje su prema svjedo\u010danstvima prolazile kolone smrti. Mnogi sudionici serije vi\u0161e nisu \u017eivi te su njihova svjedo\u010danstva i komentari tim vredniji.<br \/>\nSerija je \u010desto reprizirana, a zbog obilja dokumentarnoga materijala, potresnih ali istinitih pri\u010da s jedne i druge strane, objektivnost i vjerodostojnost nije naru\u0161ena vremenom te se i danas emitiraju neki njezini dijelovi poput ove skra\u0107ene verzije proizvedene 2007. godine.<\/p>\n<p>HTV, 2007.<\/p>\n<ul>\n<li>Scenarij:\u00a0 <strong>Lada D\u017eidi\u0107<\/strong><\/li>\n<li>Re\u017eija:\u00a0 <strong>Danko Volari\u0107<\/strong><\/li>\n<li>Monta\u017ea:\u00a0 <strong>Nata\u0161a Gjurkovi\u0107, Dubravko Slunjski<\/strong><\/li>\n<li>Producent:\u00a0 <strong>Drago \u0160kobi\u0107<\/strong><\/li>\n<\/ul>\n<p>&nbsp;<\/p>\n<p>Izvor: <a href=\"https:\/\/raspored.hrt.hr\/\">https:\/\/raspored.hrt.hr\/<\/a><\/p>\n<p>&nbsp;<\/p>\n","protected":false},"excerpt":{"rendered":"","protected":false},"author":2,"featured_media":21035,"comment_status":"open","ping_status":"open","sticky":false,"template":"","format":"standard","meta":{"_acf_changed":false,"jetpack_post_was_ever_published":false,"_jetpack_newsletter_access":"","_jetpack_dont_email_post_to_subs":false,"_jetpack_newsletter_tier_id":0,"_jetpack_memberships_contains_paywalled_content":false,"_jetpack_memberships_contains_paid_content":false,"footnotes":"","jetpack_publicize_message":"","jetpack_publicize_feature_enabled":true,"jetpack_social_post_already_shared":true,"jetpack_social_options":{"image_generator_settings":{"template":"highway","default_image_id":0,"font":"","enabled":false},"version":2}},"categories":[13,3],"tags":[],"class_list":["post-21034","post","type-post","status-publish","format-standard","has-post-thumbnail","hentry","category-filmovi-i-serije","category-novosti"],"acf":{"facebook_opis":""},"jetpack_publicize_connections":[],"jetpack_featured_media_url":"https:\/\/i0.wp.com\/historiografija.hr\/wp-content\/uploads\/2020\/05\/NALICJE_POBJEDE_-_BLEIBURG.jpg?fit=2390%2C1361&ssl=1","jetpack_sharing_enabled":true,"jetpack-related-posts":[{"id":52660,"url":"https:\/\/historiografija.hr\/?p=52660","url_meta":{"origin":21034,"position":0},"title":"Medijski odjeci \u010dlanka Steve \u0110ura\u0161kovi\u0107a \u201e\u017dupanovljeva ne\u017eeljena djeca: ideolo\u0161ko pribli\u017eavanje neoliberala i kr\u0161\u0107anske radikalne desnice u Hrvatskoj\u201c","author":"Branimir Jankovi\u0107","date":"24. travnja 2026.","format":false,"excerpt":"U sklopu projekta \u201eIzazovi intelektualne povijesti: recepcije, preobrazbe i upotrebe politi\u010dkih ideja\u201c objavljen je polemi\u010dki \u010dlanak Steve \u0110ura\u0161kovi\u0107a \u201e\u017dupanovljeva ne\u017eeljena djeca: ideolo\u0161ko pribli\u017eavanje neoliberala i kr\u0161\u0107anske radikalne desnice u Hrvatskoj\u201c, koji je izazvao odre\u0111ene medijske reakcije. Stevo \u0110ura\u0161kovi\u0107 \u017dupanovljeva ne\u017eeljena djeca: ideolo\u0161ko pribli\u017eavanje neoliberala i kr\u0161\u0107anske radikalne desnice u Hrvatskoj\u2026","rel":"","context":"U &quot;Novosti&quot;","block_context":{"text":"Novosti","link":"https:\/\/historiografija.hr\/?cat=3"},"img":{"alt_text":"","src":"https:\/\/i0.wp.com\/historiografija.hr\/wp-content\/uploads\/2026\/04\/SD.png?fit=809%2C821&ssl=1&resize=350%2C200","width":350,"height":200,"srcset":"https:\/\/i0.wp.com\/historiografija.hr\/wp-content\/uploads\/2026\/04\/SD.png?fit=809%2C821&ssl=1&resize=350%2C200 1x, https:\/\/i0.wp.com\/historiografija.hr\/wp-content\/uploads\/2026\/04\/SD.png?fit=809%2C821&ssl=1&resize=525%2C300 1.5x, https:\/\/i0.wp.com\/historiografija.hr\/wp-content\/uploads\/2026\/04\/SD.png?fit=809%2C821&ssl=1&resize=700%2C400 2x"},"classes":[]},{"id":52573,"url":"https:\/\/historiografija.hr\/?p=52573","url_meta":{"origin":21034,"position":1},"title":"Znanstvena konferencija &#8220;Filozofija odgoja: povijest, praksa, perspektive&#8221;","author":"Branimir Jankovi\u0107","date":"21. travnja 2026.","format":false,"excerpt":"Znanstvena konferencija \"Filozofija odgoja: povijest, praksa, perspektive\" odr\u017eat \u0107e se 23. i 24. travnja 2026. u Konferencijskoj dvorani Knji\u017enice Filozofskog fakulteta u Zagrebu (2. kat).\u00a0Konferencija je organizirana u okviru projekta\u00a0SUMKOS (voditeljica prof. dr. sc. Ivana Zagorac, financiran\u00a0sredstvima NextGenerationEU), uz potporu Odsjeka za filozofiju.\u00a0 Uz izlaga\u010dki dio, konferencija obuhva\u0107a i izlo\u017ebu\u2026","rel":"","context":"U &quot;Novosti&quot;","block_context":{"text":"Novosti","link":"https:\/\/historiografija.hr\/?cat=3"},"img":{"alt_text":"","src":"","width":0,"height":0},"classes":[]},{"id":52666,"url":"https:\/\/historiografija.hr\/?p=52666","url_meta":{"origin":21034,"position":2},"title":"Najava programa Festivala povijesti Kliofest (5-8. V. 2026)","author":"Branimir Jankovi\u0107","date":"24. travnja 2026.","format":false,"excerpt":"Po trinaesti put odr\u017eava se Festival povijesti Kliofest! Do petka \u0107emo odr\u017eati osam okruglih stolova i dva kolokvija te niz predstavljanja knjiga i projekata razli\u010dite tematike, od antike do suvremenosti. Bit \u0107e predstavljeno i nekoliko izlo\u017ebi te odr\u017ean jedan povijesni kviz. Prikazat \u0107emo i jedan film \u2013 o generalu Boroevi\u0107u.\u2026","rel":"","context":"U &quot;Novosti&quot;","block_context":{"text":"Novosti","link":"https:\/\/historiografija.hr\/?cat=3"},"img":{"alt_text":"","src":"https:\/\/i0.wp.com\/historiografija.hr\/wp-content\/uploads\/2026\/04\/Kliofest-2026.jpg?fit=526%2C526&ssl=1&resize=350%2C200","width":350,"height":200,"srcset":"https:\/\/i0.wp.com\/historiografija.hr\/wp-content\/uploads\/2026\/04\/Kliofest-2026.jpg?fit=526%2C526&ssl=1&resize=350%2C200 1x, https:\/\/i0.wp.com\/historiografija.hr\/wp-content\/uploads\/2026\/04\/Kliofest-2026.jpg?fit=526%2C526&ssl=1&resize=525%2C300 1.5x"},"classes":[]},{"id":52592,"url":"https:\/\/historiografija.hr\/?p=52592","url_meta":{"origin":21034,"position":3},"title":"Predstavljanje knjige &#8220;Turska ku\u0107a u Rijeci&#8221; u Zagrebu","author":"Branimir Jankovi\u0107","date":"22. travnja 2026.","format":false,"excerpt":"U prostorijama Turskog kulturnog centra Yunus Emre u Zagrebu, u utorak 21. travnja 2026. godine, odr\u017eano je sve\u010dano predstavljanje dopunjenog izdanja knjige Turska ku\u0107a u Rijeci, u organizaciji Hrvatsko-turskog dru\u0161tva Rijeka i partnerstvu sa Skupinom prijateljstva Hrvatska-Turska Hrvatskog sabora, Veleposlanstvom Republike Turske u Republici Hrvatskoj te Turskim kulturnim centrom Yunus\u2026","rel":"","context":"U &quot;Novosti&quot;","block_context":{"text":"Novosti","link":"https:\/\/historiografija.hr\/?cat=3"},"img":{"alt_text":"","src":"https:\/\/i0.wp.com\/historiografija.hr\/wp-content\/uploads\/2026\/04\/Turska-kuca-ZG.jpg?fit=1200%2C800&ssl=1&resize=350%2C200","width":350,"height":200,"srcset":"https:\/\/i0.wp.com\/historiografija.hr\/wp-content\/uploads\/2026\/04\/Turska-kuca-ZG.jpg?fit=1200%2C800&ssl=1&resize=350%2C200 1x, https:\/\/i0.wp.com\/historiografija.hr\/wp-content\/uploads\/2026\/04\/Turska-kuca-ZG.jpg?fit=1200%2C800&ssl=1&resize=525%2C300 1.5x, https:\/\/i0.wp.com\/historiografija.hr\/wp-content\/uploads\/2026\/04\/Turska-kuca-ZG.jpg?fit=1200%2C800&ssl=1&resize=700%2C400 2x, https:\/\/i0.wp.com\/historiografija.hr\/wp-content\/uploads\/2026\/04\/Turska-kuca-ZG.jpg?fit=1200%2C800&ssl=1&resize=1050%2C600 3x"},"classes":[]},{"id":52520,"url":"https:\/\/historiografija.hr\/?p=52520","url_meta":{"origin":21034,"position":4},"title":"Predstavljanje knjige &#8220;Socialist Economics in Yugoslavia: A Critical History&#8221; u Zagrebu","author":"Branimir Jankovi\u0107","date":"17. travnja 2026.","format":false,"excerpt":"Pozivamo vas na predstavljanje knjige \"Socialist Economics in Yugoslavia: A Critical History\", autora Mislava \u00a0\u017ditka i Marka Grde\u0161i\u0107a (Routledge, 2026). Na predstavljanju \u0107e govoriti Branko Milanovi\u0107 (CUNY), Milica Uvali\u0107 (EUI), Zdravko Petak (FPZG) te autori.\u00a0 Predstavljanje \u0107e se odr\u017eati u srijedu 22. travnja u 16:00 sati na Fakultetu politi\u010dkih znanosti\u2026","rel":"","context":"U &quot;Novosti&quot;","block_context":{"text":"Novosti","link":"https:\/\/historiografija.hr\/?cat=3"},"img":{"alt_text":"","src":"https:\/\/i0.wp.com\/historiografija.hr\/wp-content\/uploads\/2026\/04\/Poziv-na-predstavljanje.png?fit=800%2C652&ssl=1&resize=350%2C200","width":350,"height":200,"srcset":"https:\/\/i0.wp.com\/historiografija.hr\/wp-content\/uploads\/2026\/04\/Poziv-na-predstavljanje.png?fit=800%2C652&ssl=1&resize=350%2C200 1x, https:\/\/i0.wp.com\/historiografija.hr\/wp-content\/uploads\/2026\/04\/Poziv-na-predstavljanje.png?fit=800%2C652&ssl=1&resize=525%2C300 1.5x, https:\/\/i0.wp.com\/historiografija.hr\/wp-content\/uploads\/2026\/04\/Poziv-na-predstavljanje.png?fit=800%2C652&ssl=1&resize=700%2C400 2x"},"classes":[]},{"id":52439,"url":"https:\/\/historiografija.hr\/?p=52439","url_meta":{"origin":21034,"position":5},"title":"Tribina &#8220;Ahmi\u0107i 33 godine kasnije: Ne u na\u0161e ime&#8221;","author":"Branimir Jankovi\u0107","date":"16. travnja 2026.","format":false,"excerpt":"U \u010detvrtak, 16. travnja 2026. u 17 sati u Knji\u017enici i \u010ditaonici Bogdana Ogrizovi\u0107a u Zagrebu odr\u017eat \u0107e se tribina pod nazivom Ahmi\u0107i 33 godine kasnije: Ne u na\u0161e ime. Na tribini \u0107e govoriti Ivica \u0110iki\u0107, novinar, Mubera Masli\u0107 \u2013 \u017ddralovi\u0107, aktivistikinja, prevoditeljica za arapski, Domagoj Fuk, student politologije, \u010dlan\u2026","rel":"","context":"U &quot;Novosti&quot;","block_context":{"text":"Novosti","link":"https:\/\/historiografija.hr\/?cat=3"},"img":{"alt_text":"","src":"https:\/\/i0.wp.com\/historiografija.hr\/wp-content\/uploads\/2026\/04\/Zagreb_2026.jpeg?fit=1200%2C900&ssl=1&resize=350%2C200","width":350,"height":200,"srcset":"https:\/\/i0.wp.com\/historiografija.hr\/wp-content\/uploads\/2026\/04\/Zagreb_2026.jpeg?fit=1200%2C900&ssl=1&resize=350%2C200 1x, https:\/\/i0.wp.com\/historiografija.hr\/wp-content\/uploads\/2026\/04\/Zagreb_2026.jpeg?fit=1200%2C900&ssl=1&resize=525%2C300 1.5x, https:\/\/i0.wp.com\/historiografija.hr\/wp-content\/uploads\/2026\/04\/Zagreb_2026.jpeg?fit=1200%2C900&ssl=1&resize=700%2C400 2x, https:\/\/i0.wp.com\/historiografija.hr\/wp-content\/uploads\/2026\/04\/Zagreb_2026.jpeg?fit=1200%2C900&ssl=1&resize=1050%2C600 3x"},"classes":[]}],"_links":{"self":[{"href":"https:\/\/historiografija.hr\/index.php?rest_route=\/wp\/v2\/posts\/21034","targetHints":{"allow":["GET"]}}],"collection":[{"href":"https:\/\/historiografija.hr\/index.php?rest_route=\/wp\/v2\/posts"}],"about":[{"href":"https:\/\/historiografija.hr\/index.php?rest_route=\/wp\/v2\/types\/post"}],"author":[{"embeddable":true,"href":"https:\/\/historiografija.hr\/index.php?rest_route=\/wp\/v2\/users\/2"}],"replies":[{"embeddable":true,"href":"https:\/\/historiografija.hr\/index.php?rest_route=%2Fwp%2Fv2%2Fcomments&post=21034"}],"version-history":[{"count":1,"href":"https:\/\/historiografija.hr\/index.php?rest_route=\/wp\/v2\/posts\/21034\/revisions"}],"predecessor-version":[{"id":21036,"href":"https:\/\/historiografija.hr\/index.php?rest_route=\/wp\/v2\/posts\/21034\/revisions\/21036"}],"wp:featuredmedia":[{"embeddable":true,"href":"https:\/\/historiografija.hr\/index.php?rest_route=\/wp\/v2\/media\/21035"}],"wp:attachment":[{"href":"https:\/\/historiografija.hr\/index.php?rest_route=%2Fwp%2Fv2%2Fmedia&parent=21034"}],"wp:term":[{"taxonomy":"category","embeddable":true,"href":"https:\/\/historiografija.hr\/index.php?rest_route=%2Fwp%2Fv2%2Fcategories&post=21034"},{"taxonomy":"post_tag","embeddable":true,"href":"https:\/\/historiografija.hr\/index.php?rest_route=%2Fwp%2Fv2%2Ftags&post=21034"}],"curies":[{"name":"wp","href":"https:\/\/api.w.org\/{rel}","templated":true}]}}