{"id":20926,"date":"2020-05-12T11:40:47","date_gmt":"2020-05-12T11:40:47","guid":{"rendered":"http:\/\/historiografija.hr\/?p=20926"},"modified":"2020-05-13T13:22:27","modified_gmt":"2020-05-13T13:22:27","slug":"arhivi-na-virtualnom-kliofestu","status":"publish","type":"post","link":"https:\/\/historiografija.hr\/?p=20926","title":{"rendered":"Arhivi na virtualnom Kliofestu"},"content":{"rendered":"<p>U sklopu odr\u017eavanja ovogodi\u0161njeg Kliofesta 2020. u virtualnom okru\u017eenju, navedeni dr\u017eavni arhivi su pripremili sljede\u0107e:<\/p>\n<p><strong>\u00a0<\/strong><\/p>\n<p><strong>Dr\u017eavni arhiv u Pazinu<\/strong><\/p>\n<p><strong>Ul. Vladimira Nazora 3, Pazin<\/strong><\/p>\n<p>Povodom odr\u017eavanja sedmog Festivala povijesti Kliofest 2020. Dr\u017eavni arhiv u Pazinu poziva sve zainteresirane na prisustvovanje online predavanju <em>Povratak imperija u Istru: odjeci Etiopskog rata 1935.-1936. u Istarskoj provinciji na temelju arhivskog gradiva Dr\u017eavnog arhiva u Pazinu <\/em>Davida Orlovi\u0107, u petak, 15. svibnja 2020. u 12:00 sati. Predavanje \u0107e biti dostupno na web stranici i dru\u0161tvenim profilima ustanove: <a href=\"https:\/\/www.dapa.hr\/javno-predavanje-davida-orlovica-2\/\">https:\/\/www.dapa.hr\/javno-predavanje-davida-orlovica-2\/<\/a><\/p>\n<p><strong>\u00a0<\/strong><\/p>\n<p><strong>Dr\u017eavni arhiv u Gospi\u0107u<\/strong><\/p>\n<p><strong>Kani\u0161ka ulica 17, Gospi\u0107<\/strong><\/p>\n<p>Dr\u017eavni arhiv u Gospi\u0107u povodom ovogodi\u0161njeg, sedmog Festivala povijesti \u201eKliofest 2020.\u201c poziva sve zainteresirane korisnike, na pregled izvora koje su tijekom godina pripremili. Njihov sadr\u017eaj je dostupan putem poveznica: <a href=\"https:\/\/lika.topoteka.net\/\"><em>Topoteka Lika<\/em><\/a> i <a href=\"http:\/\/www.arhiv-gospic.hr\/dogadanja\/virtualne-izlozbe\"><em>Digitalne izlo\u017ebe arhiva<\/em><\/a><\/p>\n<p>Tako\u0111er, sva izdanja DAGS, su tijekom odr\u017eavanja Kliofesta (12.-15. svibnja 2020.), na popustu od 50%, te se mogu pogledati i naru\u010diti na poveznici: <a href=\"http:\/\/www.arhiv-gospic.hr\/izdavastvo\"><em>Izdanja Dr\u017eavnog arhiva u Gospi\u0107u<\/em><\/a><\/p>\n<p>Navedene obavijesti smo stavili na na\u0161e mre\u017ene stranice (<a href=\"http:\/\/www.arhiv.hr\/hr-hr\/Izlo%C5%BEbe-i-doga%C4%91anja\/Doga%C4%91anja-u-drugim-arhivima\">http:\/\/www.arhiv.hr\/hr-hr\/Izlo%C5%BEbe-i-doga%C4%91anja\/Doga%C4%91anja-u-drugim-arhivima<\/a> )<\/p>\n<p>&nbsp;<\/p>\n<p><strong>Hrvatski dr\u017eavni arhiv<\/strong> je pripremio kola\u017e filmova posve\u0107enih 100. obljetnici ro\u0111enja Lelje Dobroni\u0107 na youtube kanalu (<a href=\"https:\/\/youtu.be\/YWjtNFeXURI\">https:\/\/youtu.be\/YWjtNFeXURI<\/a>) a obavijest je stavljena i na mre\u017ene stranice (<a href=\"http:\/\/www.arhiv.hr\/hr-hr\/Izlozbe-i-dogadjanja\/ArticleId\/1331\/oamid\/1633\">http:\/\/www.arhiv.hr\/hr-hr\/Izlozbe-i-dogadjanja\/ArticleId\/1331\/oamid\/1633<\/a>)<\/p>\n<p>Obavijest je stavljena na FB profil (<a href=\"https:\/\/www.facebook.com\/Hrvatski-dr%C5%BEavni-arhiv-HDA-124359250912928\/\">https:\/\/www.facebook.com\/Hrvatski-dr%C5%BEavni-arhiv-HDA-124359250912928\/<\/a> ), a tijekom dana bit \u0107e objavljena i na instagram profilu (<a href=\"https:\/\/www.instagram.com\/hrvatski_drzavni_arhiv\/\">https:\/\/www.instagram.com\/hrvatski_drzavni_arhiv\/<\/a>)<\/p>\n<p><strong>\u00a0<\/strong><\/p>\n<p><strong>Dr\u017eavni arhiv u Zadru<\/strong><\/p>\n<p><strong>R. Bo\u0161kovi\u0107a 1, Zadar<\/strong><\/p>\n<p>Dr\u017eavni arhiv u Zadru pridru\u017euje se sedmom festivalu povijesti \u2013 Kliofestu koji se ove godine odr\u017eava od 12.-15. svibnja u virtualnom okru\u017eenju. Za tu prigodu, na\u0161 kolega, arhivist Edi Modrini\u0107 priredio je izlo\u017ebu \u201cBakteriolo\u0161ki zavod u Zadru\u201d koja donosi fotografije i novinske \u010dlanke od njegovog osnutka koncem 19. stolje\u0107a do kraja Drugog svjetskog rata. Izlo\u017eba je postavljena na web stranici na\u0161eg arhiva, u Digitalnom arhivu, a mo\u017eete je pogledati na ovom linku. Nadamo se da \u0107ete se zabaviti i pone\u0161to novo nau\u010diti!<\/p>\n<p><a href=\"https:\/\/www.dazd.hr\/hr\/bakterioloski-zavod-u-zadru\">https:\/\/www.dazd.hr\/hr\/bakterioloski-zavod-u-zadru<\/a><\/p>\n<p><a href=\"https:\/\/historiografija.hr\/?p=20922\">https:\/\/historiografija.hr\/?p=20922<\/a><\/p>\n<p>&nbsp;<\/p>\n<p><strong>Dr\u017eavni arhiv u Dubrovniku<\/strong><\/p>\n<p><strong>Sv. Dominika 1, Dubrovnik<\/strong><\/p>\n<p>&nbsp;<\/p>\n<p>Povodom odr\u017eavanja Kliofesta, Dr\u017eavni arhiv u Dubrovniku uklju\u010duje se osvrtom na\u0161e kolegice Paule Zglav, prof. koja je sudjelovala na <strong>Digital Scholary Editions: Manuscripts, Text and TEI Encoding<\/strong> te\u010daju,a isti mo\u017eete pro\u010ditati u prilo\u017eenom dokumentu. (<a href=\"http:\/\/www.dad.hr\/wp-content\/uploads\/2020\/05\/tei-te%C4%8Daj.pdf\">PDF<\/a>)<\/p>\n<p><a href=\"http:\/\/www.dad.hr\/kliofest-2020\/\">http:\/\/www.dad.hr\/kliofest-2020\/<\/a><\/p>\n<p>&nbsp;<\/p>\n<p>Izvor:<\/p>\n<p><a href=\"http:\/\/www.kliofest.org\/2020\/05\/11\/1179\/\">http:\/\/www.kliofest.org\/2020\/05\/11\/1179\/<\/a><\/p>\n<p><a href=\"http:\/\/www.kliofest.org\/popratni-dogadaji-2020\/\">http:\/\/www.kliofest.org\/popratni-dogadaji-2020\/<\/a><\/p>\n<p>&nbsp;<\/p>\n<p>&nbsp;<\/p>\n","protected":false},"excerpt":{"rendered":"","protected":false},"author":2,"featured_media":20927,"comment_status":"open","ping_status":"open","sticky":false,"template":"","format":"standard","meta":{"_acf_changed":false,"jetpack_post_was_ever_published":false,"_jetpack_newsletter_access":"","_jetpack_dont_email_post_to_subs":false,"_jetpack_newsletter_tier_id":0,"_jetpack_memberships_contains_paywalled_content":false,"_jetpack_memberships_contains_paid_content":false,"footnotes":"","jetpack_publicize_message":"","jetpack_publicize_feature_enabled":true,"jetpack_social_post_already_shared":true,"jetpack_social_options":{"image_generator_settings":{"template":"highway","default_image_id":0,"font":"","enabled":false},"version":2}},"categories":[3],"tags":[],"class_list":["post-20926","post","type-post","status-publish","format-standard","has-post-thumbnail","hentry","category-novosti"],"acf":{"facebook_opis":""},"jetpack_publicize_connections":[],"jetpack_featured_media_url":"https:\/\/i0.wp.com\/historiografija.hr\/wp-content\/uploads\/2020\/05\/pozivnica_kliofest-2020.jpg?fit=1241%2C880&ssl=1","jetpack_sharing_enabled":true,"jetpack-related-posts":[{"id":52752,"url":"https:\/\/historiografija.hr\/?p=52752","url_meta":{"origin":20926,"position":0},"title":"Otvaranje izlo\u017ebe &#8220;Hrvati na So\u010danskom frontu&#8221; i predavanje &#8220;So\u010danska fronta u Prvome svjetskom ratu&#8221;","author":"Filip \u0160imunjak","date":"30. travnja 2026.","format":false,"excerpt":"Otvaranje izlo\u017ebe \u201eHrvati na So\u010danskom frontu\u201c, Kobari\u0161ki muzej Prvog svjetskog rata, Kobarid, odr\u017eat \u0107e se u sklopu ovogodi\u0161njega Festivala povijesti Kliofest u Nacionalnoj i sveu\u010dili\u0161noj knji\u017enici u Zagrebu, u utorak 5. svibnja, s po\u010detkom u 10 sati, uz sudjelovanje: Ga\u0161pera Dov\u017eana, veleposlanika Republike Slovenije u RH, te Martina \u0160olara, direktora\u2026","rel":"","context":"U &quot;Izlo\u017ebe&quot;","block_context":{"text":"Izlo\u017ebe","link":"https:\/\/historiografija.hr\/?cat=10"},"img":{"alt_text":"","src":"https:\/\/i0.wp.com\/historiografija.hr\/wp-content\/uploads\/2026\/04\/Kliofest-01-utorak-II-08-P-Socanska-fronta.jpg?fit=1200%2C566&ssl=1&resize=350%2C200","width":350,"height":200,"srcset":"https:\/\/i0.wp.com\/historiografija.hr\/wp-content\/uploads\/2026\/04\/Kliofest-01-utorak-II-08-P-Socanska-fronta.jpg?fit=1200%2C566&ssl=1&resize=350%2C200 1x, https:\/\/i0.wp.com\/historiografija.hr\/wp-content\/uploads\/2026\/04\/Kliofest-01-utorak-II-08-P-Socanska-fronta.jpg?fit=1200%2C566&ssl=1&resize=525%2C300 1.5x, https:\/\/i0.wp.com\/historiografija.hr\/wp-content\/uploads\/2026\/04\/Kliofest-01-utorak-II-08-P-Socanska-fronta.jpg?fit=1200%2C566&ssl=1&resize=700%2C400 2x, https:\/\/i0.wp.com\/historiografija.hr\/wp-content\/uploads\/2026\/04\/Kliofest-01-utorak-II-08-P-Socanska-fronta.jpg?fit=1200%2C566&ssl=1&resize=1050%2C600 3x"},"classes":[]},{"id":52699,"url":"https:\/\/historiografija.hr\/?p=52699","url_meta":{"origin":20926,"position":1},"title":"Sve\u010dano otvaranje Festivala povijesti Kliofest","author":"Filip \u0160imunjak","date":"28. travnja 2026.","format":false,"excerpt":"Pozivamo Vas na sve\u010dano otvaranje XIII. Festivala povijesti Kliofest, u utorak, 5. svibnja 2026. u Nacionalnoj i sveu\u010dili\u0161noj knji\u017enici u Zagrebu, s po\u010detkom u 11 sati. Cijeli program skupa mo\u017eete poglededati na www.kliofest.hr te https:\/\/historiografija.hr\/?p=52681.","rel":"","context":"U &quot;Novosti&quot;","block_context":{"text":"Novosti","link":"https:\/\/historiografija.hr\/?cat=3"},"img":{"alt_text":"","src":"https:\/\/i0.wp.com\/historiografija.hr\/wp-content\/uploads\/2026\/04\/Otvaranje-Kliofest-2026.jpg?fit=1200%2C566&ssl=1&resize=350%2C200","width":350,"height":200,"srcset":"https:\/\/i0.wp.com\/historiografija.hr\/wp-content\/uploads\/2026\/04\/Otvaranje-Kliofest-2026.jpg?fit=1200%2C566&ssl=1&resize=350%2C200 1x, https:\/\/i0.wp.com\/historiografija.hr\/wp-content\/uploads\/2026\/04\/Otvaranje-Kliofest-2026.jpg?fit=1200%2C566&ssl=1&resize=525%2C300 1.5x, https:\/\/i0.wp.com\/historiografija.hr\/wp-content\/uploads\/2026\/04\/Otvaranje-Kliofest-2026.jpg?fit=1200%2C566&ssl=1&resize=700%2C400 2x, https:\/\/i0.wp.com\/historiografija.hr\/wp-content\/uploads\/2026\/04\/Otvaranje-Kliofest-2026.jpg?fit=1200%2C566&ssl=1&resize=1050%2C600 3x"},"classes":[]},{"id":52666,"url":"https:\/\/historiografija.hr\/?p=52666","url_meta":{"origin":20926,"position":2},"title":"Najava programa Festivala povijesti Kliofest (5-8. V. 2026)","author":"Branimir Jankovi\u0107","date":"24. travnja 2026.","format":false,"excerpt":"Po trinaesti put odr\u017eava se Festival povijesti Kliofest! Do petka \u0107emo odr\u017eati osam okruglih stolova i dva kolokvija te niz predstavljanja knjiga i projekata razli\u010dite tematike, od antike do suvremenosti. Bit \u0107e predstavljeno i nekoliko izlo\u017ebi te odr\u017ean jedan povijesni kviz. Prikazat \u0107emo i jedan film \u2013 o generalu Boroevi\u0107u.\u2026","rel":"","context":"U &quot;Novosti&quot;","block_context":{"text":"Novosti","link":"https:\/\/historiografija.hr\/?cat=3"},"img":{"alt_text":"","src":"https:\/\/i0.wp.com\/historiografija.hr\/wp-content\/uploads\/2026\/04\/Kliofest-2026.jpg?fit=526%2C526&ssl=1&resize=350%2C200","width":350,"height":200,"srcset":"https:\/\/i0.wp.com\/historiografija.hr\/wp-content\/uploads\/2026\/04\/Kliofest-2026.jpg?fit=526%2C526&ssl=1&resize=350%2C200 1x, https:\/\/i0.wp.com\/historiografija.hr\/wp-content\/uploads\/2026\/04\/Kliofest-2026.jpg?fit=526%2C526&ssl=1&resize=525%2C300 1.5x"},"classes":[]},{"id":52717,"url":"https:\/\/historiografija.hr\/?p=52717","url_meta":{"origin":20926,"position":3},"title":"Okrugli stol &#8220;Dvjestapedeset godina Sjedinjenih Ameri\u010dkih Dr\u017eava \u2013 od kolonije do prve zemlje svijeta i dalje&#8221;","author":"Filip \u0160imunjak","date":"29. travnja 2026.","format":false,"excerpt":"Ove godine obilje\u017eava se 250. obljetnica osnutka Sjedinjenih Ameri\u010dkih Dr\u017eava, povodom koje je pokrenut niz rasprava o ameri\u010dkoj povijesti, njezinoj globalnoj ulozi i naslje\u0111u koje se prote\u017ee od 1776. do danas. Obljetnica je ujedno prilika za promi\u0161ljanje o tome kako danas tuma\u010dimo ameri\u010dku pro\u0161lost, ali i (aktualnu) ulogu SAD-a u\u2026","rel":"","context":"U &quot;Novosti&quot;","block_context":{"text":"Novosti","link":"https:\/\/historiografija.hr\/?cat=3"},"img":{"alt_text":"","src":"https:\/\/i0.wp.com\/historiografija.hr\/wp-content\/uploads\/2026\/04\/Kliofest-01-utorak-I-02-OS-250-godina-SAD.jpg?fit=1200%2C566&ssl=1&resize=350%2C200","width":350,"height":200,"srcset":"https:\/\/i0.wp.com\/historiografija.hr\/wp-content\/uploads\/2026\/04\/Kliofest-01-utorak-I-02-OS-250-godina-SAD.jpg?fit=1200%2C566&ssl=1&resize=350%2C200 1x, https:\/\/i0.wp.com\/historiografija.hr\/wp-content\/uploads\/2026\/04\/Kliofest-01-utorak-I-02-OS-250-godina-SAD.jpg?fit=1200%2C566&ssl=1&resize=525%2C300 1.5x, https:\/\/i0.wp.com\/historiografija.hr\/wp-content\/uploads\/2026\/04\/Kliofest-01-utorak-I-02-OS-250-godina-SAD.jpg?fit=1200%2C566&ssl=1&resize=700%2C400 2x, https:\/\/i0.wp.com\/historiografija.hr\/wp-content\/uploads\/2026\/04\/Kliofest-01-utorak-I-02-OS-250-godina-SAD.jpg?fit=1200%2C566&ssl=1&resize=1050%2C600 3x"},"classes":[]},{"id":52654,"url":"https:\/\/historiografija.hr\/?p=52654","url_meta":{"origin":20926,"position":4},"title":"Gostuju\u0107e predavanje &#8211; Danijel D\u017eino \u201eKasnoanti\u010dke i ranosrednjovjekovne gra\u0111evine u Brezi: Spomenici nepotpune biografije\u201c","author":"Branimir Jankovi\u0107","date":"24. travnja 2026.","format":false,"excerpt":"Doktorski studij predmoderne povijesti poziva na predavanje \"Kasnoanti\u010dke i ranosrednjovjekovne gra\u0111evine u Brezi: Spomenici nepotpune biografije\u201d koje \u0107e odr\u017eati profesor Danijel D\u017eino sa Sveu\u010dili\u0161ta Macquarie u Sydneyu u\u00a0utorak 28. travnja 2026. u 17h u Konferencijskoj dvorani Knji\u017enice Filozofskog fakulteta u Zagrebu. Predavanje \u0107e predo\u010diti nova saznanja dobivena kroz arhivsko-dokumentarna istra\u017eivanja\u2026","rel":"","context":"U &quot;Novosti&quot;","block_context":{"text":"Novosti","link":"https:\/\/historiografija.hr\/?cat=3"},"img":{"alt_text":"","src":"https:\/\/i0.wp.com\/historiografija.hr\/wp-content\/uploads\/2026\/04\/Dzino.jpg?fit=980%2C819&ssl=1&resize=350%2C200","width":350,"height":200,"srcset":"https:\/\/i0.wp.com\/historiografija.hr\/wp-content\/uploads\/2026\/04\/Dzino.jpg?fit=980%2C819&ssl=1&resize=350%2C200 1x, https:\/\/i0.wp.com\/historiografija.hr\/wp-content\/uploads\/2026\/04\/Dzino.jpg?fit=980%2C819&ssl=1&resize=525%2C300 1.5x, https:\/\/i0.wp.com\/historiografija.hr\/wp-content\/uploads\/2026\/04\/Dzino.jpg?fit=980%2C819&ssl=1&resize=700%2C400 2x"},"classes":[]},{"id":52749,"url":"https:\/\/historiografija.hr\/?p=52749","url_meta":{"origin":20926,"position":5},"title":"Okrugli stol &#8220;Rast mo\u0107i, kalupljenje dru\u0161tva: administrativna rije\u010d i stasanje teritorijalne dr\u017eave u kasnom srednjem vijeku&#8221;","author":"Filip \u0160imunjak","date":"30. travnja 2026.","format":false,"excerpt":"Pozivamo Vas na okrugli stol \u201eRast mo\u0107i, kalupljenje dru\u0161tva: administrativna rije\u010d i stasanje teritorijalne dr\u017eave u kasnom srednjem vijeku\u201d, koji \u0107e se odr\u017eati u sklopu ovogodi\u0161njega Festivala povijesti Kliofest u Nacionalnoj i sveu\u010dili\u0161noj knji\u017enici u Zagrebu, u utorak 5. svibnja, s po\u010detkom u 17 sati. U raspravi \u0107e sudjelovati Zdenka\u2026","rel":"","context":"U &quot;Novosti&quot;","block_context":{"text":"Novosti","link":"https:\/\/historiografija.hr\/?cat=3"},"img":{"alt_text":"","src":"https:\/\/i0.wp.com\/historiografija.hr\/wp-content\/uploads\/2026\/04\/Kliofest-01-utorak-I-04-OS-Rast-moci.jpg?fit=1200%2C566&ssl=1&resize=350%2C200","width":350,"height":200,"srcset":"https:\/\/i0.wp.com\/historiografija.hr\/wp-content\/uploads\/2026\/04\/Kliofest-01-utorak-I-04-OS-Rast-moci.jpg?fit=1200%2C566&ssl=1&resize=350%2C200 1x, https:\/\/i0.wp.com\/historiografija.hr\/wp-content\/uploads\/2026\/04\/Kliofest-01-utorak-I-04-OS-Rast-moci.jpg?fit=1200%2C566&ssl=1&resize=525%2C300 1.5x, https:\/\/i0.wp.com\/historiografija.hr\/wp-content\/uploads\/2026\/04\/Kliofest-01-utorak-I-04-OS-Rast-moci.jpg?fit=1200%2C566&ssl=1&resize=700%2C400 2x, https:\/\/i0.wp.com\/historiografija.hr\/wp-content\/uploads\/2026\/04\/Kliofest-01-utorak-I-04-OS-Rast-moci.jpg?fit=1200%2C566&ssl=1&resize=1050%2C600 3x"},"classes":[]}],"_links":{"self":[{"href":"https:\/\/historiografija.hr\/index.php?rest_route=\/wp\/v2\/posts\/20926","targetHints":{"allow":["GET"]}}],"collection":[{"href":"https:\/\/historiografija.hr\/index.php?rest_route=\/wp\/v2\/posts"}],"about":[{"href":"https:\/\/historiografija.hr\/index.php?rest_route=\/wp\/v2\/types\/post"}],"author":[{"embeddable":true,"href":"https:\/\/historiografija.hr\/index.php?rest_route=\/wp\/v2\/users\/2"}],"replies":[{"embeddable":true,"href":"https:\/\/historiografija.hr\/index.php?rest_route=%2Fwp%2Fv2%2Fcomments&post=20926"}],"version-history":[{"count":3,"href":"https:\/\/historiografija.hr\/index.php?rest_route=\/wp\/v2\/posts\/20926\/revisions"}],"predecessor-version":[{"id":20961,"href":"https:\/\/historiografija.hr\/index.php?rest_route=\/wp\/v2\/posts\/20926\/revisions\/20961"}],"wp:featuredmedia":[{"embeddable":true,"href":"https:\/\/historiografija.hr\/index.php?rest_route=\/wp\/v2\/media\/20927"}],"wp:attachment":[{"href":"https:\/\/historiografija.hr\/index.php?rest_route=%2Fwp%2Fv2%2Fmedia&parent=20926"}],"wp:term":[{"taxonomy":"category","embeddable":true,"href":"https:\/\/historiografija.hr\/index.php?rest_route=%2Fwp%2Fv2%2Fcategories&post=20926"},{"taxonomy":"post_tag","embeddable":true,"href":"https:\/\/historiografija.hr\/index.php?rest_route=%2Fwp%2Fv2%2Ftags&post=20926"}],"curies":[{"name":"wp","href":"https:\/\/api.w.org\/{rel}","templated":true}]}}